{"id":294752,"date":"2021-09-06T11:23:40","date_gmt":"2021-09-06T14:23:40","guid":{"rendered":"https:\/\/quersaberpolitica.com.br\/?p=294752"},"modified":"2021-09-06T10:05:45","modified_gmt":"2021-09-06T13:05:45","slug":"prefeitura-de-juazeiro-ministerio-publico-e-forcas-de-seguranca-combatem-festas-irregulares-durante-a-pandemia","status":"publish","type":"post","link":"https:\/\/blogdofarnesio.com.br\/?p=294752","title":{"rendered":"Prefeitura de Juazeiro, Minist\u00e9rio P\u00fablico e For\u00e7as de Seguran\u00e7a combatem festas irregulares durante a pandemia"},"content":{"rendered":"<p>Uma reuni\u00e3o promovida pela Prefeitura de Juazeiro e realizada sexta-feira (3), na sede da 73\u00aa Companhia Independente de Pol\u00edcia Militar, debateu estrat\u00e9gias para coibir a realiza\u00e7\u00e3o de festas e shows, que est\u00e3o proibidas durante a pandemia.<\/p>\n<p>Estiveram presentes o Procurador Geral do Munic\u00edpio, Thiago Cordeiro, o Promotor de Justi\u00e7a, Alexandre Lamas, o Superintendente de Ordenamento Urbano, Ubirajara Bastos, o Inspetor Chefe da Guarda Civil Municipal, Gilson Santos, o comandante do Centro de Planejamento do Comando de Policiamento Regional Norte, Capit\u00e3o S\u00e1tiro, representantes da Guarda Municipal e Secretaria de Meio Ambiente e Ordenamento Urbano (Semaurb), al\u00e9m dos comandantes das quatro CIPMs de Juazeiro.<\/p>\n<p>De acordo com o Minist\u00e9rio P\u00fablico, a quantidade de den\u00fancias de festas clandestinas e perturba\u00e7\u00e3o do sossego p\u00fablico durante a pandemia v\u00eam aumentando muito na cidade. Por esse motivo, a atua\u00e7\u00e3o em conjunto dos \u00f3rg\u00e3os de seguran\u00e7a ser\u00e1 refor\u00e7ada para combater essa pr\u00e1tica em Juazeiro.<\/p>\n<p>\u201c\u00c9 de fundamental import\u00e2ncia ter todos os \u00f3rg\u00e3os de seguran\u00e7a alinhados em um s\u00f3 sentido, que \u00e9 de promover a ordem. E as delibera\u00e7\u00f5es que foram tomadas hoje nesta reuni\u00e3o s\u00e3o bem importantes, n\u00e3o s\u00f3 para esse feriad\u00e3o que se aproxima, mas no que se refere \u00e0s medidas que v\u00e3o ser tomadas por todas as institui\u00e7\u00f5es em m\u00e9dio e longo prazo a respeito da ordem p\u00fablica e do sossego p\u00fablico. E tamb\u00e9m no que se refere aos decretos que tratam do per\u00edodo de pandemia\u201d, declarou o Promotor de Justi\u00e7a, Alexandre Lamas.<\/p>\n<p><strong>A\u00e7\u00e3o conjunta<\/strong><\/p>\n<p>Durante a reuni\u00e3o de alinhamento ficou determinado que, j\u00e1 a partir do fim de semana (3) at\u00e9 a pr\u00f3xima quarta-feira (8), correspondente ao feriado prolongado da Independ\u00eancia do Brasil e da Padroeira de Juazeiro.<\/p>\n<p>Com a continuidade, nos pr\u00f3ximos finais de semana, as for\u00e7as de seguran\u00e7a ir\u00e3o intensificar a fiscaliza\u00e7\u00e3o a bares, restaurantes, casas de eventos e ch\u00e1caras, das 22h \u00e0s 4h.<\/p>\n<p>O estabelecimento que for flagrado realizando festa e promovendo aglomera\u00e7\u00e3o ter\u00e1 a aparelhagem de som apreendida, o evento ser\u00e1 encerrado e o respons\u00e1vel ser\u00e1 conduzido \u00e0 delegacia de pol\u00edcia.<\/p>\n<p>O estabelecimento ser\u00e1 autuado e, em caso de reincid\u00eancia, poder\u00e1 ter o alvar\u00e1 de funcionamento cassado.<\/p>\n<p>\u201cA partir desse momento algumas a\u00e7\u00f5es ser\u00e3o implementadas para coibir esse tipo de evento, assim como coibir os descumprimentos das medidas sanit\u00e1rias impostas pelos decretos municipais e estaduais.<\/p>\n<p>De acordo com o art. 268, do C\u00f3digo Penal, quem descumprir as medidas sanit\u00e1rias preventivas estar\u00e1 sujeito a ser conduzido \u00e0 delegacia pela Pol\u00edcia Militar.<\/p>\n<p>\u00c9 importante lembrar a todos de que a pandemia n\u00e3o acabou, ela continua. Gra\u00e7as a Deus a Prefeitura de Juazeiro tem conseguido avan\u00e7ar na quantidade de pessoas vacinadas, mas os cuidados precisam ser mantidos e principalmente essa quest\u00e3o de aglomera\u00e7\u00e3o a popula\u00e7\u00e3o precisa evitar\u201d, frisou o Procurador Geral, Thiago Cordeiro.<\/p>\n<p>Texto: Ed\u00edsia Santos \u2013 assessora de imprensa da PGM e Semaurb\/ Ascom PMJ<\/p>\n<p>&nbsp;<\/p>\n","protected":false},"excerpt":{"rendered":"<p>Uma reuni\u00e3o promovida pela Prefeitura de Juazeiro e realizada sexta-feira (3), na sede da 73\u00aa Companhia Independente de Pol\u00edcia Militar, debateu estrat\u00e9gias para coibir a realiza\u00e7\u00e3o de festas e shows, que est\u00e3o proibidas durante a pandemia. Estiveram presentes o Procurador Geral do Munic\u00edpio, Thiago Cordeiro, o Promotor de Justi\u00e7a, Alexandre Lamas, o Superintendente de Ordenamento Urbano, Ubirajara Bastos, o Inspetor Chefe da Guarda Civil Municipal, Gilson Santos, o comandante do Centro de Planejamento do Comando de Policiamento Regional Norte, Capit\u00e3o S\u00e1tiro, representantes da Guarda Municipal e Secretaria de Meio Ambiente e Ordenamento Urbano (Semaurb), al\u00e9m dos comandantes das quatro CIPMs de Juazeiro. De acordo com o Minist\u00e9rio P\u00fablico, a quantidade de den\u00fancias de festas clandestinas e perturba\u00e7\u00e3o do sossego p\u00fablico&hellip; <\/p>\n","protected":false},"author":1,"featured_media":294606,"comment_status":"closed","ping_status":"closed","sticky":false,"template":"","format":"standard","meta":{"_acf_changed":false,"footnotes":""},"categories":[5],"tags":[],"class_list":["post-294752","post","type-post","status-publish","format-standard","has-post-thumbnail","hentry","category-seguranca"],"acf":[],"yoast_head":"<!-- This site is optimized with the Yoast SEO plugin v27.4 - https:\/\/yoast.com\/product\/yoast-seo-wordpress\/ -->\n<title>Prefeitura de Juazeiro, Minist\u00e9rio P\u00fablico e For\u00e7as de Seguran\u00e7a combatem festas irregulares durante a pandemia - Blog do Farn\u00e9sio<\/title>\n<meta name=\"robots\" content=\"index, follow, max-snippet:-1, max-image-preview:large, max-video-preview:-1\" \/>\n<link rel=\"canonical\" href=\"https:\/\/blogdofarnesio.com.br\/?p=294752\" \/>\n<meta property=\"og:locale\" content=\"pt_BR\" \/>\n<meta property=\"og:type\" content=\"article\" \/>\n<meta property=\"og:title\" content=\"Prefeitura de Juazeiro, Minist\u00e9rio P\u00fablico e For\u00e7as de Seguran\u00e7a combatem festas irregulares durante a pandemia - Blog do Farn\u00e9sio\" \/>\n<meta property=\"og:description\" content=\"Uma reuni\u00e3o promovida pela Prefeitura de Juazeiro e realizada sexta-feira (3), na sede da 73\u00aa Companhia Independente de Pol\u00edcia Militar, debateu estrat\u00e9gias para coibir a realiza\u00e7\u00e3o de festas e shows, que est\u00e3o proibidas durante a pandemia. Estiveram presentes o Procurador Geral do Munic\u00edpio, Thiago Cordeiro, o Promotor de Justi\u00e7a, Alexandre Lamas, o Superintendente de Ordenamento Urbano, Ubirajara Bastos, o Inspetor Chefe da Guarda Civil Municipal, Gilson Santos, o comandante do Centro de Planejamento do Comando de Policiamento Regional Norte, Capit\u00e3o S\u00e1tiro, representantes da Guarda Municipal e Secretaria de Meio Ambiente e Ordenamento Urbano (Semaurb), al\u00e9m dos comandantes das quatro CIPMs de Juazeiro. De acordo com o Minist\u00e9rio P\u00fablico, a quantidade de den\u00fancias de festas clandestinas e perturba\u00e7\u00e3o do sossego p\u00fablico&hellip;\" \/>\n<meta property=\"og:url\" content=\"https:\/\/blogdofarnesio.com.br\/?p=294752\" \/>\n<meta property=\"og:site_name\" content=\"Blog do Farn\u00e9sio\" \/>\n<meta property=\"article:publisher\" content=\"https:\/\/www.facebook.com\/BlogQuerSaberPolitica\/\" \/>\n<meta property=\"article:published_time\" content=\"2021-09-06T14:23:40+00:00\" \/>\n<meta property=\"og:image\" content=\"https:\/\/blogdofarnesio.com.br\/wp-content\/uploads\/2021\/09\/blogqspjua-blitz-Fiscalizacao-e1630601729699.jpeg\" \/>\n\t<meta property=\"og:image:width\" content=\"652\" \/>\n\t<meta property=\"og:image:height\" content=\"317\" \/>\n\t<meta property=\"og:image:type\" content=\"image\/jpeg\" \/>\n<meta name=\"author\" content=\"Farn\u00e9sio\" \/>\n<meta name=\"twitter:card\" content=\"summary_large_image\" \/>\n<meta name=\"twitter:label1\" content=\"Escrito por\" \/>\n\t<meta name=\"twitter:data1\" content=\"Farn\u00e9sio\" \/>\n\t<meta name=\"twitter:label2\" content=\"Est. tempo de leitura\" \/>\n\t<meta name=\"twitter:data2\" content=\"3 minutos\" \/>\n<script type=\"application\/ld+json\" class=\"yoast-schema-graph\">{\"@context\":\"https:\\\/\\\/schema.org\",\"@graph\":[{\"@type\":\"Article\",\"@id\":\"https:\\\/\\\/blogdofarnesio.com.br\\\/?p=294752#article\",\"isPartOf\":{\"@id\":\"https:\\\/\\\/blogdofarnesio.com.br\\\/?p=294752\"},\"author\":{\"name\":\"Farn\u00e9sio\",\"@id\":\"https:\\\/\\\/blogdofarnesio.com.br\\\/#\\\/schema\\\/person\\\/301c4acf522bccbfdb45af95b5b906a1\"},\"headline\":\"Prefeitura de Juazeiro, Minist\u00e9rio P\u00fablico e For\u00e7as de Seguran\u00e7a combatem festas irregulares durante a pandemia\",\"datePublished\":\"2021-09-06T14:23:40+00:00\",\"mainEntityOfPage\":{\"@id\":\"https:\\\/\\\/blogdofarnesio.com.br\\\/?p=294752\"},\"wordCount\":536,\"publisher\":{\"@id\":\"https:\\\/\\\/blogdofarnesio.com.br\\\/#organization\"},\"image\":{\"@id\":\"https:\\\/\\\/blogdofarnesio.com.br\\\/?p=294752#primaryimage\"},\"thumbnailUrl\":\"https:\\\/\\\/blogdofarnesio.com.br\\\/wp-content\\\/uploads\\\/2021\\\/09\\\/blogqspjua-blitz-Fiscalizacao-e1630601729699.jpeg\",\"articleSection\":[\"Seguran\u00e7a\"],\"inLanguage\":\"pt-BR\"},{\"@type\":\"WebPage\",\"@id\":\"https:\\\/\\\/blogdofarnesio.com.br\\\/?p=294752\",\"url\":\"https:\\\/\\\/blogdofarnesio.com.br\\\/?p=294752\",\"name\":\"Prefeitura de Juazeiro, Minist\u00e9rio P\u00fablico e For\u00e7as de Seguran\u00e7a combatem festas irregulares durante a pandemia - Blog do Farn\u00e9sio\",\"isPartOf\":{\"@id\":\"https:\\\/\\\/blogdofarnesio.com.br\\\/#website\"},\"primaryImageOfPage\":{\"@id\":\"https:\\\/\\\/blogdofarnesio.com.br\\\/?p=294752#primaryimage\"},\"image\":{\"@id\":\"https:\\\/\\\/blogdofarnesio.com.br\\\/?p=294752#primaryimage\"},\"thumbnailUrl\":\"https:\\\/\\\/blogdofarnesio.com.br\\\/wp-content\\\/uploads\\\/2021\\\/09\\\/blogqspjua-blitz-Fiscalizacao-e1630601729699.jpeg\",\"datePublished\":\"2021-09-06T14:23:40+00:00\",\"breadcrumb\":{\"@id\":\"https:\\\/\\\/blogdofarnesio.com.br\\\/?p=294752#breadcrumb\"},\"inLanguage\":\"pt-BR\",\"potentialAction\":[{\"@type\":\"ReadAction\",\"target\":[\"https:\\\/\\\/blogdofarnesio.com.br\\\/?p=294752\"]}]},{\"@type\":\"ImageObject\",\"inLanguage\":\"pt-BR\",\"@id\":\"https:\\\/\\\/blogdofarnesio.com.br\\\/?p=294752#primaryimage\",\"url\":\"https:\\\/\\\/blogdofarnesio.com.br\\\/wp-content\\\/uploads\\\/2021\\\/09\\\/blogqspjua-blitz-Fiscalizacao-e1630601729699.jpeg\",\"contentUrl\":\"https:\\\/\\\/blogdofarnesio.com.br\\\/wp-content\\\/uploads\\\/2021\\\/09\\\/blogqspjua-blitz-Fiscalizacao-e1630601729699.jpeg\",\"width\":652,\"height\":317},{\"@type\":\"BreadcrumbList\",\"@id\":\"https:\\\/\\\/blogdofarnesio.com.br\\\/?p=294752#breadcrumb\",\"itemListElement\":[{\"@type\":\"ListItem\",\"position\":1,\"name\":\"In\u00edcio\",\"item\":\"https:\\\/\\\/blogdofarnesio.com.br\\\/\"},{\"@type\":\"ListItem\",\"position\":2,\"name\":\"Prefeitura de Juazeiro, Minist\u00e9rio P\u00fablico e For\u00e7as de Seguran\u00e7a combatem festas irregulares durante a pandemia\"}]},{\"@type\":\"WebSite\",\"@id\":\"https:\\\/\\\/blogdofarnesio.com.br\\\/#website\",\"url\":\"https:\\\/\\\/blogdofarnesio.com.br\\\/\",\"name\":\"Blog do Farn\u00e9sio\",\"description\":\"Quer Saber Pol\u00edtica?\",\"publisher\":{\"@id\":\"https:\\\/\\\/blogdofarnesio.com.br\\\/#organization\"},\"potentialAction\":[{\"@type\":\"SearchAction\",\"target\":{\"@type\":\"EntryPoint\",\"urlTemplate\":\"https:\\\/\\\/blogdofarnesio.com.br\\\/?s={search_term_string}\"},\"query-input\":{\"@type\":\"PropertyValueSpecification\",\"valueRequired\":true,\"valueName\":\"search_term_string\"}}],\"inLanguage\":\"pt-BR\"},{\"@type\":\"Organization\",\"@id\":\"https:\\\/\\\/blogdofarnesio.com.br\\\/#organization\",\"name\":\"Blog do Farn\u00e9sio\",\"url\":\"https:\\\/\\\/blogdofarnesio.com.br\\\/\",\"logo\":{\"@type\":\"ImageObject\",\"inLanguage\":\"pt-BR\",\"@id\":\"https:\\\/\\\/blogdofarnesio.com.br\\\/#\\\/schema\\\/logo\\\/image\\\/\",\"url\":\"https:\\\/\\\/blogdofarnesio.com.br\\\/wp-content\\\/uploads\\\/2026\\\/03\\\/cropped-logo_new-1.png\",\"contentUrl\":\"https:\\\/\\\/blogdofarnesio.com.br\\\/wp-content\\\/uploads\\\/2026\\\/03\\\/cropped-logo_new-1.png\",\"width\":881,\"height\":685,\"caption\":\"Blog do Farn\u00e9sio\"},\"image\":{\"@id\":\"https:\\\/\\\/blogdofarnesio.com.br\\\/#\\\/schema\\\/logo\\\/image\\\/\"},\"sameAs\":[\"https:\\\/\\\/www.facebook.com\\\/BlogQuerSaberPolitica\\\/\"]},{\"@type\":\"Person\",\"@id\":\"https:\\\/\\\/blogdofarnesio.com.br\\\/#\\\/schema\\\/person\\\/301c4acf522bccbfdb45af95b5b906a1\",\"name\":\"Farn\u00e9sio\",\"image\":{\"@type\":\"ImageObject\",\"inLanguage\":\"pt-BR\",\"@id\":\"https:\\\/\\\/secure.gravatar.com\\\/avatar\\\/df0c9a14567c056f8ad6876ba5bbd1e3e2c48023eb6807342fc4663adf549f38?s=96&d=mm&r=g\",\"url\":\"https:\\\/\\\/secure.gravatar.com\\\/avatar\\\/df0c9a14567c056f8ad6876ba5bbd1e3e2c48023eb6807342fc4663adf549f38?s=96&d=mm&r=g\",\"contentUrl\":\"https:\\\/\\\/secure.gravatar.com\\\/avatar\\\/df0c9a14567c056f8ad6876ba5bbd1e3e2c48023eb6807342fc4663adf549f38?s=96&d=mm&r=g\",\"caption\":\"Farn\u00e9sio\"},\"sameAs\":[\"https:\\\/\\\/quersaberpolitica.com.br\"],\"url\":\"https:\\\/\\\/blogdofarnesio.com.br\\\/?author=1\"}]}<\/script>\n<!-- \/ Yoast SEO plugin. -->","yoast_head_json":{"title":"Prefeitura de Juazeiro, Minist\u00e9rio P\u00fablico e For\u00e7as de Seguran\u00e7a combatem festas irregulares durante a pandemia - Blog do Farn\u00e9sio","robots":{"index":"index","follow":"follow","max-snippet":"max-snippet:-1","max-image-preview":"max-image-preview:large","max-video-preview":"max-video-preview:-1"},"canonical":"https:\/\/blogdofarnesio.com.br\/?p=294752","og_locale":"pt_BR","og_type":"article","og_title":"Prefeitura de Juazeiro, Minist\u00e9rio P\u00fablico e For\u00e7as de Seguran\u00e7a combatem festas irregulares durante a pandemia - Blog do Farn\u00e9sio","og_description":"Uma reuni\u00e3o promovida pela Prefeitura de Juazeiro e realizada sexta-feira (3), na sede da 73\u00aa Companhia Independente de Pol\u00edcia Militar, debateu estrat\u00e9gias para coibir a realiza\u00e7\u00e3o de festas e shows, que est\u00e3o proibidas durante a pandemia. Estiveram presentes o Procurador Geral do Munic\u00edpio, Thiago Cordeiro, o Promotor de Justi\u00e7a, Alexandre Lamas, o Superintendente de Ordenamento Urbano, Ubirajara Bastos, o Inspetor Chefe da Guarda Civil Municipal, Gilson Santos, o comandante do Centro de Planejamento do Comando de Policiamento Regional Norte, Capit\u00e3o S\u00e1tiro, representantes da Guarda Municipal e Secretaria de Meio Ambiente e Ordenamento Urbano (Semaurb), al\u00e9m dos comandantes das quatro CIPMs de Juazeiro. De acordo com o Minist\u00e9rio P\u00fablico, a quantidade de den\u00fancias de festas clandestinas e perturba\u00e7\u00e3o do sossego p\u00fablico&hellip;","og_url":"https:\/\/blogdofarnesio.com.br\/?p=294752","og_site_name":"Blog do Farn\u00e9sio","article_publisher":"https:\/\/www.facebook.com\/BlogQuerSaberPolitica\/","article_published_time":"2021-09-06T14:23:40+00:00","og_image":[{"width":652,"height":317,"url":"https:\/\/blogdofarnesio.com.br\/wp-content\/uploads\/2021\/09\/blogqspjua-blitz-Fiscalizacao-e1630601729699.jpeg","type":"image\/jpeg"}],"author":"Farn\u00e9sio","twitter_card":"summary_large_image","twitter_misc":{"Escrito por":"Farn\u00e9sio","Est. tempo de leitura":"3 minutos"},"schema":{"@context":"https:\/\/schema.org","@graph":[{"@type":"Article","@id":"https:\/\/blogdofarnesio.com.br\/?p=294752#article","isPartOf":{"@id":"https:\/\/blogdofarnesio.com.br\/?p=294752"},"author":{"name":"Farn\u00e9sio","@id":"https:\/\/blogdofarnesio.com.br\/#\/schema\/person\/301c4acf522bccbfdb45af95b5b906a1"},"headline":"Prefeitura de Juazeiro, Minist\u00e9rio P\u00fablico e For\u00e7as de Seguran\u00e7a combatem festas irregulares durante a pandemia","datePublished":"2021-09-06T14:23:40+00:00","mainEntityOfPage":{"@id":"https:\/\/blogdofarnesio.com.br\/?p=294752"},"wordCount":536,"publisher":{"@id":"https:\/\/blogdofarnesio.com.br\/#organization"},"image":{"@id":"https:\/\/blogdofarnesio.com.br\/?p=294752#primaryimage"},"thumbnailUrl":"https:\/\/blogdofarnesio.com.br\/wp-content\/uploads\/2021\/09\/blogqspjua-blitz-Fiscalizacao-e1630601729699.jpeg","articleSection":["Seguran\u00e7a"],"inLanguage":"pt-BR"},{"@type":"WebPage","@id":"https:\/\/blogdofarnesio.com.br\/?p=294752","url":"https:\/\/blogdofarnesio.com.br\/?p=294752","name":"Prefeitura de Juazeiro, Minist\u00e9rio P\u00fablico e For\u00e7as de Seguran\u00e7a combatem festas irregulares durante a pandemia - Blog do Farn\u00e9sio","isPartOf":{"@id":"https:\/\/blogdofarnesio.com.br\/#website"},"primaryImageOfPage":{"@id":"https:\/\/blogdofarnesio.com.br\/?p=294752#primaryimage"},"image":{"@id":"https:\/\/blogdofarnesio.com.br\/?p=294752#primaryimage"},"thumbnailUrl":"https:\/\/blogdofarnesio.com.br\/wp-content\/uploads\/2021\/09\/blogqspjua-blitz-Fiscalizacao-e1630601729699.jpeg","datePublished":"2021-09-06T14:23:40+00:00","breadcrumb":{"@id":"https:\/\/blogdofarnesio.com.br\/?p=294752#breadcrumb"},"inLanguage":"pt-BR","potentialAction":[{"@type":"ReadAction","target":["https:\/\/blogdofarnesio.com.br\/?p=294752"]}]},{"@type":"ImageObject","inLanguage":"pt-BR","@id":"https:\/\/blogdofarnesio.com.br\/?p=294752#primaryimage","url":"https:\/\/blogdofarnesio.com.br\/wp-content\/uploads\/2021\/09\/blogqspjua-blitz-Fiscalizacao-e1630601729699.jpeg","contentUrl":"https:\/\/blogdofarnesio.com.br\/wp-content\/uploads\/2021\/09\/blogqspjua-blitz-Fiscalizacao-e1630601729699.jpeg","width":652,"height":317},{"@type":"BreadcrumbList","@id":"https:\/\/blogdofarnesio.com.br\/?p=294752#breadcrumb","itemListElement":[{"@type":"ListItem","position":1,"name":"In\u00edcio","item":"https:\/\/blogdofarnesio.com.br\/"},{"@type":"ListItem","position":2,"name":"Prefeitura de Juazeiro, Minist\u00e9rio P\u00fablico e For\u00e7as de Seguran\u00e7a combatem festas irregulares durante a pandemia"}]},{"@type":"WebSite","@id":"https:\/\/blogdofarnesio.com.br\/#website","url":"https:\/\/blogdofarnesio.com.br\/","name":"Blog do Farn\u00e9sio","description":"Quer Saber Pol\u00edtica?","publisher":{"@id":"https:\/\/blogdofarnesio.com.br\/#organization"},"potentialAction":[{"@type":"SearchAction","target":{"@type":"EntryPoint","urlTemplate":"https:\/\/blogdofarnesio.com.br\/?s={search_term_string}"},"query-input":{"@type":"PropertyValueSpecification","valueRequired":true,"valueName":"search_term_string"}}],"inLanguage":"pt-BR"},{"@type":"Organization","@id":"https:\/\/blogdofarnesio.com.br\/#organization","name":"Blog do Farn\u00e9sio","url":"https:\/\/blogdofarnesio.com.br\/","logo":{"@type":"ImageObject","inLanguage":"pt-BR","@id":"https:\/\/blogdofarnesio.com.br\/#\/schema\/logo\/image\/","url":"https:\/\/blogdofarnesio.com.br\/wp-content\/uploads\/2026\/03\/cropped-logo_new-1.png","contentUrl":"https:\/\/blogdofarnesio.com.br\/wp-content\/uploads\/2026\/03\/cropped-logo_new-1.png","width":881,"height":685,"caption":"Blog do Farn\u00e9sio"},"image":{"@id":"https:\/\/blogdofarnesio.com.br\/#\/schema\/logo\/image\/"},"sameAs":["https:\/\/www.facebook.com\/BlogQuerSaberPolitica\/"]},{"@type":"Person","@id":"https:\/\/blogdofarnesio.com.br\/#\/schema\/person\/301c4acf522bccbfdb45af95b5b906a1","name":"Farn\u00e9sio","image":{"@type":"ImageObject","inLanguage":"pt-BR","@id":"https:\/\/secure.gravatar.com\/avatar\/df0c9a14567c056f8ad6876ba5bbd1e3e2c48023eb6807342fc4663adf549f38?s=96&d=mm&r=g","url":"https:\/\/secure.gravatar.com\/avatar\/df0c9a14567c056f8ad6876ba5bbd1e3e2c48023eb6807342fc4663adf549f38?s=96&d=mm&r=g","contentUrl":"https:\/\/secure.gravatar.com\/avatar\/df0c9a14567c056f8ad6876ba5bbd1e3e2c48023eb6807342fc4663adf549f38?s=96&d=mm&r=g","caption":"Farn\u00e9sio"},"sameAs":["https:\/\/quersaberpolitica.com.br"],"url":"https:\/\/blogdofarnesio.com.br\/?author=1"}]}},"_links":{"self":[{"href":"https:\/\/blogdofarnesio.com.br\/index.php?rest_route=\/wp\/v2\/posts\/294752","targetHints":{"allow":["GET"]}}],"collection":[{"href":"https:\/\/blogdofarnesio.com.br\/index.php?rest_route=\/wp\/v2\/posts"}],"about":[{"href":"https:\/\/blogdofarnesio.com.br\/index.php?rest_route=\/wp\/v2\/types\/post"}],"author":[{"embeddable":true,"href":"https:\/\/blogdofarnesio.com.br\/index.php?rest_route=\/wp\/v2\/users\/1"}],"replies":[{"embeddable":true,"href":"https:\/\/blogdofarnesio.com.br\/index.php?rest_route=%2Fwp%2Fv2%2Fcomments&post=294752"}],"version-history":[{"count":0,"href":"https:\/\/blogdofarnesio.com.br\/index.php?rest_route=\/wp\/v2\/posts\/294752\/revisions"}],"wp:featuredmedia":[{"embeddable":true,"href":"https:\/\/blogdofarnesio.com.br\/index.php?rest_route=\/wp\/v2\/media\/294606"}],"wp:attachment":[{"href":"https:\/\/blogdofarnesio.com.br\/index.php?rest_route=%2Fwp%2Fv2%2Fmedia&parent=294752"}],"wp:term":[{"taxonomy":"category","embeddable":true,"href":"https:\/\/blogdofarnesio.com.br\/index.php?rest_route=%2Fwp%2Fv2%2Fcategories&post=294752"},{"taxonomy":"post_tag","embeddable":true,"href":"https:\/\/blogdofarnesio.com.br\/index.php?rest_route=%2Fwp%2Fv2%2Ftags&post=294752"}],"curies":[{"name":"wp","href":"https:\/\/api.w.org\/{rel}","templated":true}]}}