{"id":294729,"date":"2021-09-06T14:00:57","date_gmt":"2021-09-06T17:00:57","guid":{"rendered":"https:\/\/quersaberpolitica.com.br\/?p=294729"},"modified":"2021-09-06T10:21:33","modified_gmt":"2021-09-06T13:21:33","slug":"covid-19-taxa-de-ocupacao-do-hospital-de-campanha-em-juazeiro-e-menor-que-10","status":"publish","type":"post","link":"https:\/\/blogdofarnesio.com.br\/?p=294729","title":{"rendered":"Covid-19: Taxa de ocupa\u00e7\u00e3o do Hospital de Campanha em Juazeiro \u00e9 menor que 10%"},"content":{"rendered":"<p style=\"font-weight: 400;\">O Hospital de Campanha de Juazeiro (HC), unidade de refer\u00eancia para pacientes com Covid-19, vem registrando queda na taxa de ocupa\u00e7\u00e3o de leitos desde o m\u00eas de maio de 2021. Em agosto, foram realizados 370 atendimentos no HC. Desse total, 34 pacientes ficaram internados durante o m\u00eas.<\/p>\n<p style=\"font-weight: 400;\">A redu\u00e7\u00e3o no n\u00famero de atendimentos refletiu na ocupa\u00e7\u00e3o de leitos do hospital. Durante todo o m\u00eas de agosto, a ocupa\u00e7\u00e3o foi de 9% na m\u00e9dia geral. O \u00edndice mais baixo foi da ocupa\u00e7\u00e3o dos leitos de suporte respirat\u00f3rio usados para pacientes graves, com percentual de 2%.<\/p>\n<p style=\"font-weight: 400;\">\u201c<em>Outra mudan\u00e7a significativa foi no perfil dos pacientes. Os casos que est\u00e3o chegando ao hospital \u00e9 de pacientes com sintomas leves, que ficam no m\u00e1ximo tr\u00eas dias internados e saem curados. Durante todo o m\u00eas de agosto n\u00e3o tivemos pacientes intubados e n\u00e3o realizamos nenhuma transfer\u00eancia de pacientes para hospitais com unidade de terapia intensiva<\/em>\u201d, destacou o diretor da UPA e do Hospital de Campanha de Juazeiro, R\u00e9gio Cunha.<\/p>\n<p style=\"font-weight: 400;\">A m\u00e9dia mensal da taxa de ocupa\u00e7\u00e3o do Hospital de Campanha entre os meses de abril e julho deste ano foi de 30%. A maior taxa foi em abril, com 48% dos leitos ocupados.<\/p>\n<p style=\"font-weight: 400;\"><strong>Hospital de Campanha<\/strong><\/p>\n<p style=\"font-weight: 400;\">O hospital de campanha tem 42 leitos para pacientes com Covid-19. Em mar\u00e7o deste ano, a unidade hospitalar foi readequada com aumento na capacidade de leitos ofertados no pico da chamada segunda onda da pandemia do coronav\u00edrus. A Prefeitura de Juazeiro aumentou o n\u00famero de leitos e separou os casos suspeitos dos confirmados.<\/p>\n<p style=\"font-weight: 400;\">Texto: Maria Lima &#8211; Assessora de Imprensa da Secretaria de Sa\u00fade<\/p>\n","protected":false},"excerpt":{"rendered":"<p>O Hospital de Campanha de Juazeiro (HC), unidade de refer\u00eancia para pacientes com Covid-19, vem registrando queda na taxa de ocupa\u00e7\u00e3o de leitos desde o m\u00eas de maio de 2021. Em agosto, foram realizados 370 atendimentos no HC. Desse total, 34 pacientes ficaram internados durante o m\u00eas. A redu\u00e7\u00e3o no n\u00famero de atendimentos refletiu na ocupa\u00e7\u00e3o de leitos do hospital. Durante todo o m\u00eas de agosto, a ocupa\u00e7\u00e3o foi de 9% na m\u00e9dia geral. O \u00edndice mais baixo foi da ocupa\u00e7\u00e3o dos leitos de suporte respirat\u00f3rio usados para pacientes graves, com percentual de 2%. \u201cOutra mudan\u00e7a significativa foi no perfil dos pacientes. Os casos que est\u00e3o chegando ao hospital \u00e9 de pacientes com sintomas leves, que ficam no m\u00e1ximo tr\u00eas&hellip; <\/p>\n","protected":false},"author":1,"featured_media":291145,"comment_status":"closed","ping_status":"closed","sticky":false,"template":"","format":"standard","meta":{"_acf_changed":false,"footnotes":""},"categories":[1,4],"tags":[],"class_list":["post-294729","post","type-post","status-publish","format-standard","has-post-thumbnail","hentry","category-politica","category-saude"],"acf":[],"yoast_head":"<!-- This site is optimized with the Yoast SEO plugin v27.4 - https:\/\/yoast.com\/product\/yoast-seo-wordpress\/ -->\n<title>Covid-19: Taxa de ocupa\u00e7\u00e3o do Hospital de Campanha em Juazeiro \u00e9 menor que 10% - Blog do Farn\u00e9sio<\/title>\n<meta name=\"robots\" content=\"index, follow, max-snippet:-1, max-image-preview:large, max-video-preview:-1\" \/>\n<link rel=\"canonical\" href=\"https:\/\/blogdofarnesio.com.br\/?p=294729\" \/>\n<meta property=\"og:locale\" content=\"pt_BR\" \/>\n<meta property=\"og:type\" content=\"article\" \/>\n<meta property=\"og:title\" content=\"Covid-19: Taxa de ocupa\u00e7\u00e3o do Hospital de Campanha em Juazeiro \u00e9 menor que 10% - Blog do Farn\u00e9sio\" \/>\n<meta property=\"og:description\" content=\"O Hospital de Campanha de Juazeiro (HC), unidade de refer\u00eancia para pacientes com Covid-19, vem registrando queda na taxa de ocupa\u00e7\u00e3o de leitos desde o m\u00eas de maio de 2021. Em agosto, foram realizados 370 atendimentos no HC. Desse total, 34 pacientes ficaram internados durante o m\u00eas. A redu\u00e7\u00e3o no n\u00famero de atendimentos refletiu na ocupa\u00e7\u00e3o de leitos do hospital. Durante todo o m\u00eas de agosto, a ocupa\u00e7\u00e3o foi de 9% na m\u00e9dia geral. O \u00edndice mais baixo foi da ocupa\u00e7\u00e3o dos leitos de suporte respirat\u00f3rio usados para pacientes graves, com percentual de 2%. \u201cOutra mudan\u00e7a significativa foi no perfil dos pacientes. Os casos que est\u00e3o chegando ao hospital \u00e9 de pacientes com sintomas leves, que ficam no m\u00e1ximo tr\u00eas&hellip;\" \/>\n<meta property=\"og:url\" content=\"https:\/\/blogdofarnesio.com.br\/?p=294729\" \/>\n<meta property=\"og:site_name\" content=\"Blog do Farn\u00e9sio\" \/>\n<meta property=\"article:publisher\" content=\"https:\/\/www.facebook.com\/BlogQuerSaberPolitica\/\" \/>\n<meta property=\"article:published_time\" content=\"2021-09-06T17:00:57+00:00\" \/>\n<meta property=\"og:image\" content=\"https:\/\/blogdofarnesio.com.br\/wp-content\/uploads\/2021\/07\/blogqspjua-HOSPITAL-CAMPANHA-1-e1626785683873.jpg\" \/>\n\t<meta property=\"og:image:width\" content=\"650\" \/>\n\t<meta property=\"og:image:height\" content=\"433\" \/>\n\t<meta property=\"og:image:type\" content=\"image\/jpeg\" \/>\n<meta name=\"author\" content=\"Farn\u00e9sio\" \/>\n<meta name=\"twitter:card\" content=\"summary_large_image\" \/>\n<meta name=\"twitter:label1\" content=\"Escrito por\" \/>\n\t<meta name=\"twitter:data1\" content=\"Farn\u00e9sio\" \/>\n\t<meta name=\"twitter:label2\" content=\"Est. tempo de leitura\" \/>\n\t<meta name=\"twitter:data2\" content=\"1 minuto\" \/>\n<script type=\"application\/ld+json\" class=\"yoast-schema-graph\">{\"@context\":\"https:\\\/\\\/schema.org\",\"@graph\":[{\"@type\":\"Article\",\"@id\":\"https:\\\/\\\/blogdofarnesio.com.br\\\/?p=294729#article\",\"isPartOf\":{\"@id\":\"https:\\\/\\\/blogdofarnesio.com.br\\\/?p=294729\"},\"author\":{\"name\":\"Farn\u00e9sio\",\"@id\":\"https:\\\/\\\/blogdofarnesio.com.br\\\/#\\\/schema\\\/person\\\/301c4acf522bccbfdb45af95b5b906a1\"},\"headline\":\"Covid-19: Taxa de ocupa\u00e7\u00e3o do Hospital de Campanha em Juazeiro \u00e9 menor que 10%\",\"datePublished\":\"2021-09-06T17:00:57+00:00\",\"mainEntityOfPage\":{\"@id\":\"https:\\\/\\\/blogdofarnesio.com.br\\\/?p=294729\"},\"wordCount\":295,\"publisher\":{\"@id\":\"https:\\\/\\\/blogdofarnesio.com.br\\\/#organization\"},\"image\":{\"@id\":\"https:\\\/\\\/blogdofarnesio.com.br\\\/?p=294729#primaryimage\"},\"thumbnailUrl\":\"https:\\\/\\\/blogdofarnesio.com.br\\\/wp-content\\\/uploads\\\/2021\\\/07\\\/blogqspjua-HOSPITAL-CAMPANHA-1-e1626785683873.jpg\",\"articleSection\":[\"Pol\u00edtica\",\"Sa\u00fade\"],\"inLanguage\":\"pt-BR\"},{\"@type\":\"WebPage\",\"@id\":\"https:\\\/\\\/blogdofarnesio.com.br\\\/?p=294729\",\"url\":\"https:\\\/\\\/blogdofarnesio.com.br\\\/?p=294729\",\"name\":\"Covid-19: Taxa de ocupa\u00e7\u00e3o do Hospital de Campanha em Juazeiro \u00e9 menor que 10% - Blog do Farn\u00e9sio\",\"isPartOf\":{\"@id\":\"https:\\\/\\\/blogdofarnesio.com.br\\\/#website\"},\"primaryImageOfPage\":{\"@id\":\"https:\\\/\\\/blogdofarnesio.com.br\\\/?p=294729#primaryimage\"},\"image\":{\"@id\":\"https:\\\/\\\/blogdofarnesio.com.br\\\/?p=294729#primaryimage\"},\"thumbnailUrl\":\"https:\\\/\\\/blogdofarnesio.com.br\\\/wp-content\\\/uploads\\\/2021\\\/07\\\/blogqspjua-HOSPITAL-CAMPANHA-1-e1626785683873.jpg\",\"datePublished\":\"2021-09-06T17:00:57+00:00\",\"breadcrumb\":{\"@id\":\"https:\\\/\\\/blogdofarnesio.com.br\\\/?p=294729#breadcrumb\"},\"inLanguage\":\"pt-BR\",\"potentialAction\":[{\"@type\":\"ReadAction\",\"target\":[\"https:\\\/\\\/blogdofarnesio.com.br\\\/?p=294729\"]}]},{\"@type\":\"ImageObject\",\"inLanguage\":\"pt-BR\",\"@id\":\"https:\\\/\\\/blogdofarnesio.com.br\\\/?p=294729#primaryimage\",\"url\":\"https:\\\/\\\/blogdofarnesio.com.br\\\/wp-content\\\/uploads\\\/2021\\\/07\\\/blogqspjua-HOSPITAL-CAMPANHA-1-e1626785683873.jpg\",\"contentUrl\":\"https:\\\/\\\/blogdofarnesio.com.br\\\/wp-content\\\/uploads\\\/2021\\\/07\\\/blogqspjua-HOSPITAL-CAMPANHA-1-e1626785683873.jpg\",\"width\":650,\"height\":433},{\"@type\":\"BreadcrumbList\",\"@id\":\"https:\\\/\\\/blogdofarnesio.com.br\\\/?p=294729#breadcrumb\",\"itemListElement\":[{\"@type\":\"ListItem\",\"position\":1,\"name\":\"In\u00edcio\",\"item\":\"https:\\\/\\\/blogdofarnesio.com.br\\\/\"},{\"@type\":\"ListItem\",\"position\":2,\"name\":\"Covid-19: Taxa de ocupa\u00e7\u00e3o do Hospital de Campanha em Juazeiro \u00e9 menor que 10%\"}]},{\"@type\":\"WebSite\",\"@id\":\"https:\\\/\\\/blogdofarnesio.com.br\\\/#website\",\"url\":\"https:\\\/\\\/blogdofarnesio.com.br\\\/\",\"name\":\"Blog do Farn\u00e9sio\",\"description\":\"Quer Saber Pol\u00edtica?\",\"publisher\":{\"@id\":\"https:\\\/\\\/blogdofarnesio.com.br\\\/#organization\"},\"potentialAction\":[{\"@type\":\"SearchAction\",\"target\":{\"@type\":\"EntryPoint\",\"urlTemplate\":\"https:\\\/\\\/blogdofarnesio.com.br\\\/?s={search_term_string}\"},\"query-input\":{\"@type\":\"PropertyValueSpecification\",\"valueRequired\":true,\"valueName\":\"search_term_string\"}}],\"inLanguage\":\"pt-BR\"},{\"@type\":\"Organization\",\"@id\":\"https:\\\/\\\/blogdofarnesio.com.br\\\/#organization\",\"name\":\"Blog do Farn\u00e9sio\",\"url\":\"https:\\\/\\\/blogdofarnesio.com.br\\\/\",\"logo\":{\"@type\":\"ImageObject\",\"inLanguage\":\"pt-BR\",\"@id\":\"https:\\\/\\\/blogdofarnesio.com.br\\\/#\\\/schema\\\/logo\\\/image\\\/\",\"url\":\"https:\\\/\\\/blogdofarnesio.com.br\\\/wp-content\\\/uploads\\\/2026\\\/03\\\/cropped-logo_new-1.png\",\"contentUrl\":\"https:\\\/\\\/blogdofarnesio.com.br\\\/wp-content\\\/uploads\\\/2026\\\/03\\\/cropped-logo_new-1.png\",\"width\":881,\"height\":685,\"caption\":\"Blog do Farn\u00e9sio\"},\"image\":{\"@id\":\"https:\\\/\\\/blogdofarnesio.com.br\\\/#\\\/schema\\\/logo\\\/image\\\/\"},\"sameAs\":[\"https:\\\/\\\/www.facebook.com\\\/BlogQuerSaberPolitica\\\/\"]},{\"@type\":\"Person\",\"@id\":\"https:\\\/\\\/blogdofarnesio.com.br\\\/#\\\/schema\\\/person\\\/301c4acf522bccbfdb45af95b5b906a1\",\"name\":\"Farn\u00e9sio\",\"image\":{\"@type\":\"ImageObject\",\"inLanguage\":\"pt-BR\",\"@id\":\"https:\\\/\\\/secure.gravatar.com\\\/avatar\\\/df0c9a14567c056f8ad6876ba5bbd1e3e2c48023eb6807342fc4663adf549f38?s=96&d=mm&r=g\",\"url\":\"https:\\\/\\\/secure.gravatar.com\\\/avatar\\\/df0c9a14567c056f8ad6876ba5bbd1e3e2c48023eb6807342fc4663adf549f38?s=96&d=mm&r=g\",\"contentUrl\":\"https:\\\/\\\/secure.gravatar.com\\\/avatar\\\/df0c9a14567c056f8ad6876ba5bbd1e3e2c48023eb6807342fc4663adf549f38?s=96&d=mm&r=g\",\"caption\":\"Farn\u00e9sio\"},\"sameAs\":[\"https:\\\/\\\/quersaberpolitica.com.br\"],\"url\":\"https:\\\/\\\/blogdofarnesio.com.br\\\/?author=1\"}]}<\/script>\n<!-- \/ Yoast SEO plugin. -->","yoast_head_json":{"title":"Covid-19: Taxa de ocupa\u00e7\u00e3o do Hospital de Campanha em Juazeiro \u00e9 menor que 10% - Blog do Farn\u00e9sio","robots":{"index":"index","follow":"follow","max-snippet":"max-snippet:-1","max-image-preview":"max-image-preview:large","max-video-preview":"max-video-preview:-1"},"canonical":"https:\/\/blogdofarnesio.com.br\/?p=294729","og_locale":"pt_BR","og_type":"article","og_title":"Covid-19: Taxa de ocupa\u00e7\u00e3o do Hospital de Campanha em Juazeiro \u00e9 menor que 10% - Blog do Farn\u00e9sio","og_description":"O Hospital de Campanha de Juazeiro (HC), unidade de refer\u00eancia para pacientes com Covid-19, vem registrando queda na taxa de ocupa\u00e7\u00e3o de leitos desde o m\u00eas de maio de 2021. Em agosto, foram realizados 370 atendimentos no HC. Desse total, 34 pacientes ficaram internados durante o m\u00eas. A redu\u00e7\u00e3o no n\u00famero de atendimentos refletiu na ocupa\u00e7\u00e3o de leitos do hospital. Durante todo o m\u00eas de agosto, a ocupa\u00e7\u00e3o foi de 9% na m\u00e9dia geral. O \u00edndice mais baixo foi da ocupa\u00e7\u00e3o dos leitos de suporte respirat\u00f3rio usados para pacientes graves, com percentual de 2%. \u201cOutra mudan\u00e7a significativa foi no perfil dos pacientes. Os casos que est\u00e3o chegando ao hospital \u00e9 de pacientes com sintomas leves, que ficam no m\u00e1ximo tr\u00eas&hellip;","og_url":"https:\/\/blogdofarnesio.com.br\/?p=294729","og_site_name":"Blog do Farn\u00e9sio","article_publisher":"https:\/\/www.facebook.com\/BlogQuerSaberPolitica\/","article_published_time":"2021-09-06T17:00:57+00:00","og_image":[{"width":650,"height":433,"url":"https:\/\/blogdofarnesio.com.br\/wp-content\/uploads\/2021\/07\/blogqspjua-HOSPITAL-CAMPANHA-1-e1626785683873.jpg","type":"image\/jpeg"}],"author":"Farn\u00e9sio","twitter_card":"summary_large_image","twitter_misc":{"Escrito por":"Farn\u00e9sio","Est. tempo de leitura":"1 minuto"},"schema":{"@context":"https:\/\/schema.org","@graph":[{"@type":"Article","@id":"https:\/\/blogdofarnesio.com.br\/?p=294729#article","isPartOf":{"@id":"https:\/\/blogdofarnesio.com.br\/?p=294729"},"author":{"name":"Farn\u00e9sio","@id":"https:\/\/blogdofarnesio.com.br\/#\/schema\/person\/301c4acf522bccbfdb45af95b5b906a1"},"headline":"Covid-19: Taxa de ocupa\u00e7\u00e3o do Hospital de Campanha em Juazeiro \u00e9 menor que 10%","datePublished":"2021-09-06T17:00:57+00:00","mainEntityOfPage":{"@id":"https:\/\/blogdofarnesio.com.br\/?p=294729"},"wordCount":295,"publisher":{"@id":"https:\/\/blogdofarnesio.com.br\/#organization"},"image":{"@id":"https:\/\/blogdofarnesio.com.br\/?p=294729#primaryimage"},"thumbnailUrl":"https:\/\/blogdofarnesio.com.br\/wp-content\/uploads\/2021\/07\/blogqspjua-HOSPITAL-CAMPANHA-1-e1626785683873.jpg","articleSection":["Pol\u00edtica","Sa\u00fade"],"inLanguage":"pt-BR"},{"@type":"WebPage","@id":"https:\/\/blogdofarnesio.com.br\/?p=294729","url":"https:\/\/blogdofarnesio.com.br\/?p=294729","name":"Covid-19: Taxa de ocupa\u00e7\u00e3o do Hospital de Campanha em Juazeiro \u00e9 menor que 10% - Blog do Farn\u00e9sio","isPartOf":{"@id":"https:\/\/blogdofarnesio.com.br\/#website"},"primaryImageOfPage":{"@id":"https:\/\/blogdofarnesio.com.br\/?p=294729#primaryimage"},"image":{"@id":"https:\/\/blogdofarnesio.com.br\/?p=294729#primaryimage"},"thumbnailUrl":"https:\/\/blogdofarnesio.com.br\/wp-content\/uploads\/2021\/07\/blogqspjua-HOSPITAL-CAMPANHA-1-e1626785683873.jpg","datePublished":"2021-09-06T17:00:57+00:00","breadcrumb":{"@id":"https:\/\/blogdofarnesio.com.br\/?p=294729#breadcrumb"},"inLanguage":"pt-BR","potentialAction":[{"@type":"ReadAction","target":["https:\/\/blogdofarnesio.com.br\/?p=294729"]}]},{"@type":"ImageObject","inLanguage":"pt-BR","@id":"https:\/\/blogdofarnesio.com.br\/?p=294729#primaryimage","url":"https:\/\/blogdofarnesio.com.br\/wp-content\/uploads\/2021\/07\/blogqspjua-HOSPITAL-CAMPANHA-1-e1626785683873.jpg","contentUrl":"https:\/\/blogdofarnesio.com.br\/wp-content\/uploads\/2021\/07\/blogqspjua-HOSPITAL-CAMPANHA-1-e1626785683873.jpg","width":650,"height":433},{"@type":"BreadcrumbList","@id":"https:\/\/blogdofarnesio.com.br\/?p=294729#breadcrumb","itemListElement":[{"@type":"ListItem","position":1,"name":"In\u00edcio","item":"https:\/\/blogdofarnesio.com.br\/"},{"@type":"ListItem","position":2,"name":"Covid-19: Taxa de ocupa\u00e7\u00e3o do Hospital de Campanha em Juazeiro \u00e9 menor que 10%"}]},{"@type":"WebSite","@id":"https:\/\/blogdofarnesio.com.br\/#website","url":"https:\/\/blogdofarnesio.com.br\/","name":"Blog do Farn\u00e9sio","description":"Quer Saber Pol\u00edtica?","publisher":{"@id":"https:\/\/blogdofarnesio.com.br\/#organization"},"potentialAction":[{"@type":"SearchAction","target":{"@type":"EntryPoint","urlTemplate":"https:\/\/blogdofarnesio.com.br\/?s={search_term_string}"},"query-input":{"@type":"PropertyValueSpecification","valueRequired":true,"valueName":"search_term_string"}}],"inLanguage":"pt-BR"},{"@type":"Organization","@id":"https:\/\/blogdofarnesio.com.br\/#organization","name":"Blog do Farn\u00e9sio","url":"https:\/\/blogdofarnesio.com.br\/","logo":{"@type":"ImageObject","inLanguage":"pt-BR","@id":"https:\/\/blogdofarnesio.com.br\/#\/schema\/logo\/image\/","url":"https:\/\/blogdofarnesio.com.br\/wp-content\/uploads\/2026\/03\/cropped-logo_new-1.png","contentUrl":"https:\/\/blogdofarnesio.com.br\/wp-content\/uploads\/2026\/03\/cropped-logo_new-1.png","width":881,"height":685,"caption":"Blog do Farn\u00e9sio"},"image":{"@id":"https:\/\/blogdofarnesio.com.br\/#\/schema\/logo\/image\/"},"sameAs":["https:\/\/www.facebook.com\/BlogQuerSaberPolitica\/"]},{"@type":"Person","@id":"https:\/\/blogdofarnesio.com.br\/#\/schema\/person\/301c4acf522bccbfdb45af95b5b906a1","name":"Farn\u00e9sio","image":{"@type":"ImageObject","inLanguage":"pt-BR","@id":"https:\/\/secure.gravatar.com\/avatar\/df0c9a14567c056f8ad6876ba5bbd1e3e2c48023eb6807342fc4663adf549f38?s=96&d=mm&r=g","url":"https:\/\/secure.gravatar.com\/avatar\/df0c9a14567c056f8ad6876ba5bbd1e3e2c48023eb6807342fc4663adf549f38?s=96&d=mm&r=g","contentUrl":"https:\/\/secure.gravatar.com\/avatar\/df0c9a14567c056f8ad6876ba5bbd1e3e2c48023eb6807342fc4663adf549f38?s=96&d=mm&r=g","caption":"Farn\u00e9sio"},"sameAs":["https:\/\/quersaberpolitica.com.br"],"url":"https:\/\/blogdofarnesio.com.br\/?author=1"}]}},"_links":{"self":[{"href":"https:\/\/blogdofarnesio.com.br\/index.php?rest_route=\/wp\/v2\/posts\/294729","targetHints":{"allow":["GET"]}}],"collection":[{"href":"https:\/\/blogdofarnesio.com.br\/index.php?rest_route=\/wp\/v2\/posts"}],"about":[{"href":"https:\/\/blogdofarnesio.com.br\/index.php?rest_route=\/wp\/v2\/types\/post"}],"author":[{"embeddable":true,"href":"https:\/\/blogdofarnesio.com.br\/index.php?rest_route=\/wp\/v2\/users\/1"}],"replies":[{"embeddable":true,"href":"https:\/\/blogdofarnesio.com.br\/index.php?rest_route=%2Fwp%2Fv2%2Fcomments&post=294729"}],"version-history":[{"count":0,"href":"https:\/\/blogdofarnesio.com.br\/index.php?rest_route=\/wp\/v2\/posts\/294729\/revisions"}],"wp:featuredmedia":[{"embeddable":true,"href":"https:\/\/blogdofarnesio.com.br\/index.php?rest_route=\/wp\/v2\/media\/291145"}],"wp:attachment":[{"href":"https:\/\/blogdofarnesio.com.br\/index.php?rest_route=%2Fwp%2Fv2%2Fmedia&parent=294729"}],"wp:term":[{"taxonomy":"category","embeddable":true,"href":"https:\/\/blogdofarnesio.com.br\/index.php?rest_route=%2Fwp%2Fv2%2Fcategories&post=294729"},{"taxonomy":"post_tag","embeddable":true,"href":"https:\/\/blogdofarnesio.com.br\/index.php?rest_route=%2Fwp%2Fv2%2Ftags&post=294729"}],"curies":[{"name":"wp","href":"https:\/\/api.w.org\/{rel}","templated":true}]}}