{"id":294722,"date":"2021-09-06T11:02:54","date_gmt":"2021-09-06T14:02:54","guid":{"rendered":"https:\/\/quersaberpolitica.com.br\/?p=294722"},"modified":"2021-09-06T09:52:48","modified_gmt":"2021-09-06T12:52:48","slug":"bolsonaro-passou-comando-da-rachadinha-para-flavio-e-carlos-apos-descobrir-traicao-de-ana-cristina-diz-ex-empregado","status":"publish","type":"post","link":"https:\/\/blogdofarnesio.com.br\/?p=294722","title":{"rendered":"Bolsonaro passou comando da rachadinha para Fl\u00e1vio e Carlos ap\u00f3s descobrir trai\u00e7\u00e3o de Ana Cristina, diz ex-empregado"},"content":{"rendered":"<p>Segundo Marcelo Luiz, Bolsonaro se divorciou ao descobrir que Ana Cristina o tra\u00eda com o bombeiro que fazia escolta da fam\u00edlia no Rio &#8211;<\/p>\n<p>GUILHERME AMADO,NAOMI MATSUI,BRUNA LIMA,EDOARDO GHIROTTO,EDUARDO BARRETTO &#8211;<\/p>\n<p>Ana Cristina Valle e Jair Bolsonaro<br \/>\nMarcelo Luiz Nogueira dos Santos, o ex-empregado que denunciou \u00e0 coluna uma s\u00e9rie de supostos crimes cometidos pela fam\u00edlia Bolsonaro, afirma que o presidente Jair Bolsonaro decidiu transferir para Fl\u00e1vio e Carlos Bolsonaro o comando do suposto esquema de corrup\u00e7\u00e3o nos gabinetes de ambos ap\u00f3s descobrir que era tra\u00eddo por sua ent\u00e3o mulher, a advogada Ana Cristina Siqueira Valle. O ex-funcion\u00e1rio revelou, em entrevista exclusiva, que ela foi a primeira a controlar todo o recolhimento de parte dos sal\u00e1rios de todos os assessores parlamentares dos dois filhos do presidente, respectivamente primeiro e segundo herdeiros de Bolsonaro.<\/p>\n<p>Nesta parte da entrevista, Marcelo conta ter sido testemunha de diversos golpes praticados por Ana Cristina, de quem o chefe do Executivo federal se separou em 2007. O presidente teria conhecimento de alguns desses supostos crimes. Entretanto, pressionado por Ana Cristina, teria sido conivente em diferentes momentos. Primeiro, durante a vida de casado \u2013 quando ela teria comandado, sob a anu\u00eancia de Bolsonaro, o desvio de dinheiro dos gabinetes dos dois filhos parlamentares. Depois, durante o tumultuado div\u00f3rcio do casal.<\/p>\n<p>Em 2008, segundo Marcelo, a advogada, em meio \u00e0 disputa pela guarda de Jair Renan Bolsonaro, teria simulado o furto de um cofre que o casal mantinha no Banco do Brasil, para acusar o presidente.<\/p>\n<p>O furto ao cofre foi revelado em 2018 pelos rep\u00f3rteres Hugo Marques, Nonato Viegas e Thiago Bronzatto. Mas tudo n\u00e3o teria passado de uma mentira. Ana Cristina moveu uma a\u00e7\u00e3o em abril de 2008 na 1\u00aa Vara de Fam\u00edlia do Tribunal de Justi\u00e7a do Rio de Janeiro acusando Bolsonaro de ter roubado os pertences no Banco do Brasil. Dentro do cofre, havia joias avaliadas em R$ 600 mil, US$ 30 mil em esp\u00e9cie e cerca de R$ 200 mil, tamb\u00e9m em dinheiro vivo \u2013 um montante que, calculado pelos rep\u00f3rteres para valores de 2018, valia cerca de R$ 1,6 milh\u00e3o.<\/p>\n<p>Segundo Marcelo, foi a pr\u00f3pria Ana Cristina quem esvaziou o cofre.<\/p>\n<p>\u201cL\u00e1 tinha joias e dinheiro. Ela entrou com um processo contra o Banco do Brasil, mas quando foi intimada, n\u00e3o foi. Ela viu que fez m\u2026 e nem apareceu. O processo ficou rolando. Ela que limpou o cofre, antes de decidir as coisas\u201d,<\/p>\n<p>disse.<\/p>\n<p>&nbsp;<\/p>\n<p>&nbsp;<\/p>\n<p>&nbsp;<\/p>\n","protected":false},"excerpt":{"rendered":"<p>Segundo Marcelo Luiz, Bolsonaro se divorciou ao descobrir que Ana Cristina o tra\u00eda com o bombeiro que fazia escolta da fam\u00edlia no Rio &#8211; GUILHERME AMADO,NAOMI MATSUI,BRUNA LIMA,EDOARDO GHIROTTO,EDUARDO BARRETTO &#8211; Ana Cristina Valle e Jair Bolsonaro Marcelo Luiz Nogueira dos Santos, o ex-empregado que denunciou \u00e0 coluna uma s\u00e9rie de supostos crimes cometidos pela fam\u00edlia Bolsonaro, afirma que o presidente Jair Bolsonaro decidiu transferir para Fl\u00e1vio e Carlos Bolsonaro o comando do suposto esquema de corrup\u00e7\u00e3o nos gabinetes de ambos ap\u00f3s descobrir que era tra\u00eddo por sua ent\u00e3o mulher, a advogada Ana Cristina Siqueira Valle. O ex-funcion\u00e1rio revelou, em entrevista exclusiva, que ela foi a primeira a controlar todo o recolhimento de parte dos sal\u00e1rios de todos os assessores&hellip; <\/p>\n","protected":false},"author":1,"featured_media":238107,"comment_status":"closed","ping_status":"closed","sticky":false,"template":"","format":"standard","meta":{"_acf_changed":false,"footnotes":""},"categories":[1],"tags":[],"class_list":["post-294722","post","type-post","status-publish","format-standard","has-post-thumbnail","hentry","category-politica"],"acf":[],"yoast_head":"<!-- This site is optimized with the Yoast SEO plugin v27.4 - https:\/\/yoast.com\/product\/yoast-seo-wordpress\/ -->\n<title>Bolsonaro passou comando da rachadinha para Fl\u00e1vio e Carlos ap\u00f3s descobrir trai\u00e7\u00e3o de Ana Cristina, diz ex-empregado - Blog do Farn\u00e9sio<\/title>\n<meta name=\"robots\" content=\"index, follow, max-snippet:-1, max-image-preview:large, max-video-preview:-1\" \/>\n<link rel=\"canonical\" href=\"https:\/\/blogdofarnesio.com.br\/?p=294722\" \/>\n<meta property=\"og:locale\" content=\"pt_BR\" \/>\n<meta property=\"og:type\" content=\"article\" \/>\n<meta property=\"og:title\" content=\"Bolsonaro passou comando da rachadinha para Fl\u00e1vio e Carlos ap\u00f3s descobrir trai\u00e7\u00e3o de Ana Cristina, diz ex-empregado - Blog do Farn\u00e9sio\" \/>\n<meta property=\"og:description\" content=\"Segundo Marcelo Luiz, Bolsonaro se divorciou ao descobrir que Ana Cristina o tra\u00eda com o bombeiro que fazia escolta da fam\u00edlia no Rio &#8211; GUILHERME AMADO,NAOMI MATSUI,BRUNA LIMA,EDOARDO GHIROTTO,EDUARDO BARRETTO &#8211; Ana Cristina Valle e Jair Bolsonaro Marcelo Luiz Nogueira dos Santos, o ex-empregado que denunciou \u00e0 coluna uma s\u00e9rie de supostos crimes cometidos pela fam\u00edlia Bolsonaro, afirma que o presidente Jair Bolsonaro decidiu transferir para Fl\u00e1vio e Carlos Bolsonaro o comando do suposto esquema de corrup\u00e7\u00e3o nos gabinetes de ambos ap\u00f3s descobrir que era tra\u00eddo por sua ent\u00e3o mulher, a advogada Ana Cristina Siqueira Valle. O ex-funcion\u00e1rio revelou, em entrevista exclusiva, que ela foi a primeira a controlar todo o recolhimento de parte dos sal\u00e1rios de todos os assessores&hellip;\" \/>\n<meta property=\"og:url\" content=\"https:\/\/blogdofarnesio.com.br\/?p=294722\" \/>\n<meta property=\"og:site_name\" content=\"Blog do Farn\u00e9sio\" \/>\n<meta property=\"article:publisher\" content=\"https:\/\/www.facebook.com\/BlogQuerSaberPolitica\/\" \/>\n<meta property=\"article:published_time\" content=\"2021-09-06T14:02:54+00:00\" \/>\n<meta property=\"og:image\" content=\"https:\/\/blogdofarnesio.com.br\/wp-content\/uploads\/2019\/09\/blogqspbolsonaro-filhos0.jpg\" \/>\n\t<meta property=\"og:image:width\" content=\"380\" \/>\n\t<meta property=\"og:image:height\" content=\"280\" \/>\n\t<meta property=\"og:image:type\" content=\"image\/jpeg\" \/>\n<meta name=\"author\" content=\"Farn\u00e9sio\" \/>\n<meta name=\"twitter:card\" content=\"summary_large_image\" \/>\n<meta name=\"twitter:label1\" content=\"Escrito por\" \/>\n\t<meta name=\"twitter:data1\" content=\"Farn\u00e9sio\" \/>\n\t<meta name=\"twitter:label2\" content=\"Est. tempo de leitura\" \/>\n\t<meta name=\"twitter:data2\" content=\"2 minutos\" \/>\n<script type=\"application\/ld+json\" class=\"yoast-schema-graph\">{\"@context\":\"https:\\\/\\\/schema.org\",\"@graph\":[{\"@type\":\"Article\",\"@id\":\"https:\\\/\\\/blogdofarnesio.com.br\\\/?p=294722#article\",\"isPartOf\":{\"@id\":\"https:\\\/\\\/blogdofarnesio.com.br\\\/?p=294722\"},\"author\":{\"name\":\"Farn\u00e9sio\",\"@id\":\"https:\\\/\\\/blogdofarnesio.com.br\\\/#\\\/schema\\\/person\\\/301c4acf522bccbfdb45af95b5b906a1\"},\"headline\":\"Bolsonaro passou comando da rachadinha para Fl\u00e1vio e Carlos ap\u00f3s descobrir trai\u00e7\u00e3o de Ana Cristina, diz ex-empregado\",\"datePublished\":\"2021-09-06T14:02:54+00:00\",\"mainEntityOfPage\":{\"@id\":\"https:\\\/\\\/blogdofarnesio.com.br\\\/?p=294722\"},\"wordCount\":440,\"publisher\":{\"@id\":\"https:\\\/\\\/blogdofarnesio.com.br\\\/#organization\"},\"image\":{\"@id\":\"https:\\\/\\\/blogdofarnesio.com.br\\\/?p=294722#primaryimage\"},\"thumbnailUrl\":\"https:\\\/\\\/blogdofarnesio.com.br\\\/wp-content\\\/uploads\\\/2019\\\/09\\\/blogqspbolsonaro-filhos0.jpg\",\"articleSection\":[\"Pol\u00edtica\"],\"inLanguage\":\"pt-BR\"},{\"@type\":\"WebPage\",\"@id\":\"https:\\\/\\\/blogdofarnesio.com.br\\\/?p=294722\",\"url\":\"https:\\\/\\\/blogdofarnesio.com.br\\\/?p=294722\",\"name\":\"Bolsonaro passou comando da rachadinha para Fl\u00e1vio e Carlos ap\u00f3s descobrir trai\u00e7\u00e3o de Ana Cristina, diz ex-empregado - Blog do Farn\u00e9sio\",\"isPartOf\":{\"@id\":\"https:\\\/\\\/blogdofarnesio.com.br\\\/#website\"},\"primaryImageOfPage\":{\"@id\":\"https:\\\/\\\/blogdofarnesio.com.br\\\/?p=294722#primaryimage\"},\"image\":{\"@id\":\"https:\\\/\\\/blogdofarnesio.com.br\\\/?p=294722#primaryimage\"},\"thumbnailUrl\":\"https:\\\/\\\/blogdofarnesio.com.br\\\/wp-content\\\/uploads\\\/2019\\\/09\\\/blogqspbolsonaro-filhos0.jpg\",\"datePublished\":\"2021-09-06T14:02:54+00:00\",\"breadcrumb\":{\"@id\":\"https:\\\/\\\/blogdofarnesio.com.br\\\/?p=294722#breadcrumb\"},\"inLanguage\":\"pt-BR\",\"potentialAction\":[{\"@type\":\"ReadAction\",\"target\":[\"https:\\\/\\\/blogdofarnesio.com.br\\\/?p=294722\"]}]},{\"@type\":\"ImageObject\",\"inLanguage\":\"pt-BR\",\"@id\":\"https:\\\/\\\/blogdofarnesio.com.br\\\/?p=294722#primaryimage\",\"url\":\"https:\\\/\\\/blogdofarnesio.com.br\\\/wp-content\\\/uploads\\\/2019\\\/09\\\/blogqspbolsonaro-filhos0.jpg\",\"contentUrl\":\"https:\\\/\\\/blogdofarnesio.com.br\\\/wp-content\\\/uploads\\\/2019\\\/09\\\/blogqspbolsonaro-filhos0.jpg\",\"width\":380,\"height\":280},{\"@type\":\"BreadcrumbList\",\"@id\":\"https:\\\/\\\/blogdofarnesio.com.br\\\/?p=294722#breadcrumb\",\"itemListElement\":[{\"@type\":\"ListItem\",\"position\":1,\"name\":\"In\u00edcio\",\"item\":\"https:\\\/\\\/blogdofarnesio.com.br\\\/\"},{\"@type\":\"ListItem\",\"position\":2,\"name\":\"Bolsonaro passou comando da rachadinha para Fl\u00e1vio e Carlos ap\u00f3s descobrir trai\u00e7\u00e3o de Ana Cristina, diz ex-empregado\"}]},{\"@type\":\"WebSite\",\"@id\":\"https:\\\/\\\/blogdofarnesio.com.br\\\/#website\",\"url\":\"https:\\\/\\\/blogdofarnesio.com.br\\\/\",\"name\":\"Blog do Farn\u00e9sio\",\"description\":\"Quer Saber Pol\u00edtica?\",\"publisher\":{\"@id\":\"https:\\\/\\\/blogdofarnesio.com.br\\\/#organization\"},\"potentialAction\":[{\"@type\":\"SearchAction\",\"target\":{\"@type\":\"EntryPoint\",\"urlTemplate\":\"https:\\\/\\\/blogdofarnesio.com.br\\\/?s={search_term_string}\"},\"query-input\":{\"@type\":\"PropertyValueSpecification\",\"valueRequired\":true,\"valueName\":\"search_term_string\"}}],\"inLanguage\":\"pt-BR\"},{\"@type\":\"Organization\",\"@id\":\"https:\\\/\\\/blogdofarnesio.com.br\\\/#organization\",\"name\":\"Blog do Farn\u00e9sio\",\"url\":\"https:\\\/\\\/blogdofarnesio.com.br\\\/\",\"logo\":{\"@type\":\"ImageObject\",\"inLanguage\":\"pt-BR\",\"@id\":\"https:\\\/\\\/blogdofarnesio.com.br\\\/#\\\/schema\\\/logo\\\/image\\\/\",\"url\":\"https:\\\/\\\/blogdofarnesio.com.br\\\/wp-content\\\/uploads\\\/2026\\\/03\\\/cropped-logo_new-1.png\",\"contentUrl\":\"https:\\\/\\\/blogdofarnesio.com.br\\\/wp-content\\\/uploads\\\/2026\\\/03\\\/cropped-logo_new-1.png\",\"width\":881,\"height\":685,\"caption\":\"Blog do Farn\u00e9sio\"},\"image\":{\"@id\":\"https:\\\/\\\/blogdofarnesio.com.br\\\/#\\\/schema\\\/logo\\\/image\\\/\"},\"sameAs\":[\"https:\\\/\\\/www.facebook.com\\\/BlogQuerSaberPolitica\\\/\"]},{\"@type\":\"Person\",\"@id\":\"https:\\\/\\\/blogdofarnesio.com.br\\\/#\\\/schema\\\/person\\\/301c4acf522bccbfdb45af95b5b906a1\",\"name\":\"Farn\u00e9sio\",\"image\":{\"@type\":\"ImageObject\",\"inLanguage\":\"pt-BR\",\"@id\":\"https:\\\/\\\/secure.gravatar.com\\\/avatar\\\/df0c9a14567c056f8ad6876ba5bbd1e3e2c48023eb6807342fc4663adf549f38?s=96&d=mm&r=g\",\"url\":\"https:\\\/\\\/secure.gravatar.com\\\/avatar\\\/df0c9a14567c056f8ad6876ba5bbd1e3e2c48023eb6807342fc4663adf549f38?s=96&d=mm&r=g\",\"contentUrl\":\"https:\\\/\\\/secure.gravatar.com\\\/avatar\\\/df0c9a14567c056f8ad6876ba5bbd1e3e2c48023eb6807342fc4663adf549f38?s=96&d=mm&r=g\",\"caption\":\"Farn\u00e9sio\"},\"sameAs\":[\"https:\\\/\\\/quersaberpolitica.com.br\"],\"url\":\"https:\\\/\\\/blogdofarnesio.com.br\\\/?author=1\"}]}<\/script>\n<!-- \/ Yoast SEO plugin. -->","yoast_head_json":{"title":"Bolsonaro passou comando da rachadinha para Fl\u00e1vio e Carlos ap\u00f3s descobrir trai\u00e7\u00e3o de Ana Cristina, diz ex-empregado - Blog do Farn\u00e9sio","robots":{"index":"index","follow":"follow","max-snippet":"max-snippet:-1","max-image-preview":"max-image-preview:large","max-video-preview":"max-video-preview:-1"},"canonical":"https:\/\/blogdofarnesio.com.br\/?p=294722","og_locale":"pt_BR","og_type":"article","og_title":"Bolsonaro passou comando da rachadinha para Fl\u00e1vio e Carlos ap\u00f3s descobrir trai\u00e7\u00e3o de Ana Cristina, diz ex-empregado - Blog do Farn\u00e9sio","og_description":"Segundo Marcelo Luiz, Bolsonaro se divorciou ao descobrir que Ana Cristina o tra\u00eda com o bombeiro que fazia escolta da fam\u00edlia no Rio &#8211; GUILHERME AMADO,NAOMI MATSUI,BRUNA LIMA,EDOARDO GHIROTTO,EDUARDO BARRETTO &#8211; Ana Cristina Valle e Jair Bolsonaro Marcelo Luiz Nogueira dos Santos, o ex-empregado que denunciou \u00e0 coluna uma s\u00e9rie de supostos crimes cometidos pela fam\u00edlia Bolsonaro, afirma que o presidente Jair Bolsonaro decidiu transferir para Fl\u00e1vio e Carlos Bolsonaro o comando do suposto esquema de corrup\u00e7\u00e3o nos gabinetes de ambos ap\u00f3s descobrir que era tra\u00eddo por sua ent\u00e3o mulher, a advogada Ana Cristina Siqueira Valle. O ex-funcion\u00e1rio revelou, em entrevista exclusiva, que ela foi a primeira a controlar todo o recolhimento de parte dos sal\u00e1rios de todos os assessores&hellip;","og_url":"https:\/\/blogdofarnesio.com.br\/?p=294722","og_site_name":"Blog do Farn\u00e9sio","article_publisher":"https:\/\/www.facebook.com\/BlogQuerSaberPolitica\/","article_published_time":"2021-09-06T14:02:54+00:00","og_image":[{"width":380,"height":280,"url":"https:\/\/blogdofarnesio.com.br\/wp-content\/uploads\/2019\/09\/blogqspbolsonaro-filhos0.jpg","type":"image\/jpeg"}],"author":"Farn\u00e9sio","twitter_card":"summary_large_image","twitter_misc":{"Escrito por":"Farn\u00e9sio","Est. tempo de leitura":"2 minutos"},"schema":{"@context":"https:\/\/schema.org","@graph":[{"@type":"Article","@id":"https:\/\/blogdofarnesio.com.br\/?p=294722#article","isPartOf":{"@id":"https:\/\/blogdofarnesio.com.br\/?p=294722"},"author":{"name":"Farn\u00e9sio","@id":"https:\/\/blogdofarnesio.com.br\/#\/schema\/person\/301c4acf522bccbfdb45af95b5b906a1"},"headline":"Bolsonaro passou comando da rachadinha para Fl\u00e1vio e Carlos ap\u00f3s descobrir trai\u00e7\u00e3o de Ana Cristina, diz ex-empregado","datePublished":"2021-09-06T14:02:54+00:00","mainEntityOfPage":{"@id":"https:\/\/blogdofarnesio.com.br\/?p=294722"},"wordCount":440,"publisher":{"@id":"https:\/\/blogdofarnesio.com.br\/#organization"},"image":{"@id":"https:\/\/blogdofarnesio.com.br\/?p=294722#primaryimage"},"thumbnailUrl":"https:\/\/blogdofarnesio.com.br\/wp-content\/uploads\/2019\/09\/blogqspbolsonaro-filhos0.jpg","articleSection":["Pol\u00edtica"],"inLanguage":"pt-BR"},{"@type":"WebPage","@id":"https:\/\/blogdofarnesio.com.br\/?p=294722","url":"https:\/\/blogdofarnesio.com.br\/?p=294722","name":"Bolsonaro passou comando da rachadinha para Fl\u00e1vio e Carlos ap\u00f3s descobrir trai\u00e7\u00e3o de Ana Cristina, diz ex-empregado - Blog do Farn\u00e9sio","isPartOf":{"@id":"https:\/\/blogdofarnesio.com.br\/#website"},"primaryImageOfPage":{"@id":"https:\/\/blogdofarnesio.com.br\/?p=294722#primaryimage"},"image":{"@id":"https:\/\/blogdofarnesio.com.br\/?p=294722#primaryimage"},"thumbnailUrl":"https:\/\/blogdofarnesio.com.br\/wp-content\/uploads\/2019\/09\/blogqspbolsonaro-filhos0.jpg","datePublished":"2021-09-06T14:02:54+00:00","breadcrumb":{"@id":"https:\/\/blogdofarnesio.com.br\/?p=294722#breadcrumb"},"inLanguage":"pt-BR","potentialAction":[{"@type":"ReadAction","target":["https:\/\/blogdofarnesio.com.br\/?p=294722"]}]},{"@type":"ImageObject","inLanguage":"pt-BR","@id":"https:\/\/blogdofarnesio.com.br\/?p=294722#primaryimage","url":"https:\/\/blogdofarnesio.com.br\/wp-content\/uploads\/2019\/09\/blogqspbolsonaro-filhos0.jpg","contentUrl":"https:\/\/blogdofarnesio.com.br\/wp-content\/uploads\/2019\/09\/blogqspbolsonaro-filhos0.jpg","width":380,"height":280},{"@type":"BreadcrumbList","@id":"https:\/\/blogdofarnesio.com.br\/?p=294722#breadcrumb","itemListElement":[{"@type":"ListItem","position":1,"name":"In\u00edcio","item":"https:\/\/blogdofarnesio.com.br\/"},{"@type":"ListItem","position":2,"name":"Bolsonaro passou comando da rachadinha para Fl\u00e1vio e Carlos ap\u00f3s descobrir trai\u00e7\u00e3o de Ana Cristina, diz ex-empregado"}]},{"@type":"WebSite","@id":"https:\/\/blogdofarnesio.com.br\/#website","url":"https:\/\/blogdofarnesio.com.br\/","name":"Blog do Farn\u00e9sio","description":"Quer Saber Pol\u00edtica?","publisher":{"@id":"https:\/\/blogdofarnesio.com.br\/#organization"},"potentialAction":[{"@type":"SearchAction","target":{"@type":"EntryPoint","urlTemplate":"https:\/\/blogdofarnesio.com.br\/?s={search_term_string}"},"query-input":{"@type":"PropertyValueSpecification","valueRequired":true,"valueName":"search_term_string"}}],"inLanguage":"pt-BR"},{"@type":"Organization","@id":"https:\/\/blogdofarnesio.com.br\/#organization","name":"Blog do Farn\u00e9sio","url":"https:\/\/blogdofarnesio.com.br\/","logo":{"@type":"ImageObject","inLanguage":"pt-BR","@id":"https:\/\/blogdofarnesio.com.br\/#\/schema\/logo\/image\/","url":"https:\/\/blogdofarnesio.com.br\/wp-content\/uploads\/2026\/03\/cropped-logo_new-1.png","contentUrl":"https:\/\/blogdofarnesio.com.br\/wp-content\/uploads\/2026\/03\/cropped-logo_new-1.png","width":881,"height":685,"caption":"Blog do Farn\u00e9sio"},"image":{"@id":"https:\/\/blogdofarnesio.com.br\/#\/schema\/logo\/image\/"},"sameAs":["https:\/\/www.facebook.com\/BlogQuerSaberPolitica\/"]},{"@type":"Person","@id":"https:\/\/blogdofarnesio.com.br\/#\/schema\/person\/301c4acf522bccbfdb45af95b5b906a1","name":"Farn\u00e9sio","image":{"@type":"ImageObject","inLanguage":"pt-BR","@id":"https:\/\/secure.gravatar.com\/avatar\/df0c9a14567c056f8ad6876ba5bbd1e3e2c48023eb6807342fc4663adf549f38?s=96&d=mm&r=g","url":"https:\/\/secure.gravatar.com\/avatar\/df0c9a14567c056f8ad6876ba5bbd1e3e2c48023eb6807342fc4663adf549f38?s=96&d=mm&r=g","contentUrl":"https:\/\/secure.gravatar.com\/avatar\/df0c9a14567c056f8ad6876ba5bbd1e3e2c48023eb6807342fc4663adf549f38?s=96&d=mm&r=g","caption":"Farn\u00e9sio"},"sameAs":["https:\/\/quersaberpolitica.com.br"],"url":"https:\/\/blogdofarnesio.com.br\/?author=1"}]}},"_links":{"self":[{"href":"https:\/\/blogdofarnesio.com.br\/index.php?rest_route=\/wp\/v2\/posts\/294722","targetHints":{"allow":["GET"]}}],"collection":[{"href":"https:\/\/blogdofarnesio.com.br\/index.php?rest_route=\/wp\/v2\/posts"}],"about":[{"href":"https:\/\/blogdofarnesio.com.br\/index.php?rest_route=\/wp\/v2\/types\/post"}],"author":[{"embeddable":true,"href":"https:\/\/blogdofarnesio.com.br\/index.php?rest_route=\/wp\/v2\/users\/1"}],"replies":[{"embeddable":true,"href":"https:\/\/blogdofarnesio.com.br\/index.php?rest_route=%2Fwp%2Fv2%2Fcomments&post=294722"}],"version-history":[{"count":0,"href":"https:\/\/blogdofarnesio.com.br\/index.php?rest_route=\/wp\/v2\/posts\/294722\/revisions"}],"wp:featuredmedia":[{"embeddable":true,"href":"https:\/\/blogdofarnesio.com.br\/index.php?rest_route=\/wp\/v2\/media\/238107"}],"wp:attachment":[{"href":"https:\/\/blogdofarnesio.com.br\/index.php?rest_route=%2Fwp%2Fv2%2Fmedia&parent=294722"}],"wp:term":[{"taxonomy":"category","embeddable":true,"href":"https:\/\/blogdofarnesio.com.br\/index.php?rest_route=%2Fwp%2Fv2%2Fcategories&post=294722"},{"taxonomy":"post_tag","embeddable":true,"href":"https:\/\/blogdofarnesio.com.br\/index.php?rest_route=%2Fwp%2Fv2%2Ftags&post=294722"}],"curies":[{"name":"wp","href":"https:\/\/api.w.org\/{rel}","templated":true}]}}