{"id":294720,"date":"2021-09-06T08:34:51","date_gmt":"2021-09-06T11:34:51","guid":{"rendered":"https:\/\/quersaberpolitica.com.br\/?p=294720"},"modified":"2021-09-06T08:20:24","modified_gmt":"2021-09-06T11:20:24","slug":"baixando-o-nivel-maia-diz-que-bolsonaro-e-gay-e-afirma-ele-nao-consegue-assumir-o-que-ele-e","status":"publish","type":"post","link":"https:\/\/blogdofarnesio.com.br\/?p=294720","title":{"rendered":"Baixando o n\u00edvel: Maia diz que Bolsonaro \u00e9 gay e afirma: \u201cele n\u00e3o consegue assumir o que ele \u00e9\u201d"},"content":{"rendered":"<header class=\"slugNoticia__TitleWrapper-ps31xu-0 frdvhk\">\n<h1><strong style=\"font-size: 16px;\">Por Reda\u00e7\u00e3o LDNot\u00edcias\u00a0<\/strong><\/h1>\n<\/header>\n<p>&nbsp;<\/p>\n<article class=\"styles__ArticleContainer-ylgj1b-0 eTLJJJ\">\n<div>\n<p>O ex-presidente da C\u00e2mara Federal, Rodrigo Maia, questionou a orienta\u00e7\u00e3o sexual do presidente da Rep\u00fablica, Jair Bolsonaro (sem partido), durante entrevista ao podcast Derrete Cast, na noite de quinta-feira (2).<\/p>\n<p>O parlamentar disse acreditar que Bolsonaro \u00e9 homossexual. \u201cEu tenho uma grande d\u00favida [se o Bolsonaro \u00e9 gay]. Eu acho que \u00e9. N\u00e3o tem nenhum problema\u201d, opinou Maia, ao acusar o chefe do Executivo de n\u00e3o ter coragem de assumir sua orienta\u00e7\u00e3o sexual.<\/p>\n<p>\u201cN\u00e3o tem uma mulher que ele admire, ele n\u00e3o gosta. Qual \u00e9 o problema? N\u00e3o estou brincando. Acho que esse debate tem que fazer. Ele n\u00e3o consegue assumir o que ele \u00e9. Falo s\u00e9rio. As pessoas acham que falo brincando, mas depois me d\u00e3o raz\u00e3o\u201d, ressaltou o deputado.<\/p>\n<p>Para Maia, a forma\u00e7\u00e3o militar de Bolsonaro seria uma das explica\u00e7\u00f5es. \u201cComo ele tem a forma\u00e7\u00e3o militar, que \u00e9 muito reacion\u00e1ria, muito atrasada neste aspecto da orienta\u00e7\u00e3o sexual, ele prefere dizer que \u00e9 mach\u00e3o\u201d, avaliou.<\/p>\n<p>Veja:<\/p>\n<p>&nbsp;<\/p>\n<p><iframe loading=\"lazy\" title=\"YouTube video player\" src=\"https:\/\/www.youtube.com\/embed\/mV75wAD6Ggs\" width=\"560\" height=\"315\" frameborder=\"0\" allowfullscreen=\"allowfullscreen\" data-mce-fragment=\"1\"><\/iframe><\/p>\n<\/div>\n<\/article>\n<section class=\"styles__RelatedNewsWrapper-xk2o4o-0 sOjUz\">\n<h4>Relacionadas<\/h4>\n<\/section>\n","protected":false},"excerpt":{"rendered":"<p>Por Reda\u00e7\u00e3o LDNot\u00edcias\u00a0 &nbsp; O ex-presidente da C\u00e2mara Federal, Rodrigo Maia, questionou a orienta\u00e7\u00e3o sexual do presidente da Rep\u00fablica, Jair Bolsonaro (sem partido), durante entrevista ao podcast Derrete Cast, na noite de quinta-feira (2). O parlamentar disse acreditar que Bolsonaro \u00e9 homossexual. \u201cEu tenho uma grande d\u00favida [se o Bolsonaro \u00e9 gay]. Eu acho que \u00e9. N\u00e3o tem nenhum problema\u201d, opinou Maia, ao acusar o chefe do Executivo de n\u00e3o ter coragem de assumir sua orienta\u00e7\u00e3o sexual. \u201cN\u00e3o tem uma mulher que ele admire, ele n\u00e3o gosta. Qual \u00e9 o problema? N\u00e3o estou brincando. Acho que esse debate tem que fazer. Ele n\u00e3o consegue assumir o que ele \u00e9. Falo s\u00e9rio. As pessoas acham que falo brincando, mas depois me&hellip; <\/p>\n","protected":false},"author":1,"featured_media":246538,"comment_status":"closed","ping_status":"closed","sticky":false,"template":"","format":"standard","meta":{"_acf_changed":false,"footnotes":""},"categories":[1],"tags":[],"class_list":["post-294720","post","type-post","status-publish","format-standard","has-post-thumbnail","hentry","category-politica"],"acf":[],"yoast_head":"<!-- This site is optimized with the Yoast SEO plugin v27.4 - https:\/\/yoast.com\/product\/yoast-seo-wordpress\/ -->\n<title>Baixando o n\u00edvel: Maia diz que Bolsonaro \u00e9 gay e afirma: \u201cele n\u00e3o consegue assumir o que ele \u00e9\u201d - Blog do Farn\u00e9sio<\/title>\n<meta name=\"robots\" content=\"index, follow, max-snippet:-1, max-image-preview:large, max-video-preview:-1\" \/>\n<link rel=\"canonical\" href=\"http:\/\/blogdofarnesio.com.br\/?p=294720\" \/>\n<meta property=\"og:locale\" content=\"pt_BR\" \/>\n<meta property=\"og:type\" content=\"article\" \/>\n<meta property=\"og:title\" content=\"Baixando o n\u00edvel: Maia diz que Bolsonaro \u00e9 gay e afirma: \u201cele n\u00e3o consegue assumir o que ele \u00e9\u201d - Blog do Farn\u00e9sio\" \/>\n<meta property=\"og:description\" content=\"Por Reda\u00e7\u00e3o LDNot\u00edcias\u00a0 &nbsp; O ex-presidente da C\u00e2mara Federal, Rodrigo Maia, questionou a orienta\u00e7\u00e3o sexual do presidente da Rep\u00fablica, Jair Bolsonaro (sem partido), durante entrevista ao podcast Derrete Cast, na noite de quinta-feira (2). O parlamentar disse acreditar que Bolsonaro \u00e9 homossexual. \u201cEu tenho uma grande d\u00favida [se o Bolsonaro \u00e9 gay]. Eu acho que \u00e9. N\u00e3o tem nenhum problema\u201d, opinou Maia, ao acusar o chefe do Executivo de n\u00e3o ter coragem de assumir sua orienta\u00e7\u00e3o sexual. \u201cN\u00e3o tem uma mulher que ele admire, ele n\u00e3o gosta. Qual \u00e9 o problema? N\u00e3o estou brincando. Acho que esse debate tem que fazer. Ele n\u00e3o consegue assumir o que ele \u00e9. Falo s\u00e9rio. As pessoas acham que falo brincando, mas depois me&hellip;\" \/>\n<meta property=\"og:url\" content=\"http:\/\/blogdofarnesio.com.br\/?p=294720\" \/>\n<meta property=\"og:site_name\" content=\"Blog do Farn\u00e9sio\" \/>\n<meta property=\"article:publisher\" content=\"https:\/\/www.facebook.com\/BlogQuerSaberPolitica\/\" \/>\n<meta property=\"article:published_time\" content=\"2021-09-06T11:34:51+00:00\" \/>\n<meta property=\"og:image\" content=\"http:\/\/blogdofarnesio.com.br\/wp-content\/uploads\/2019\/12\/blogqsprodrigomaia-bolsonaro-.jpg\" \/>\n\t<meta property=\"og:image:width\" content=\"680\" \/>\n\t<meta property=\"og:image:height\" content=\"453\" \/>\n\t<meta property=\"og:image:type\" content=\"image\/jpeg\" \/>\n<meta name=\"author\" content=\"Farn\u00e9sio\" \/>\n<meta name=\"twitter:card\" content=\"summary_large_image\" \/>\n<meta name=\"twitter:label1\" content=\"Escrito por\" \/>\n\t<meta name=\"twitter:data1\" content=\"Farn\u00e9sio\" \/>\n\t<meta name=\"twitter:label2\" content=\"Est. tempo de leitura\" \/>\n\t<meta name=\"twitter:data2\" content=\"1 minuto\" \/>\n<script type=\"application\/ld+json\" class=\"yoast-schema-graph\">{\"@context\":\"https:\\\/\\\/schema.org\",\"@graph\":[{\"@type\":\"Article\",\"@id\":\"http:\\\/\\\/blogdofarnesio.com.br\\\/?p=294720#article\",\"isPartOf\":{\"@id\":\"http:\\\/\\\/blogdofarnesio.com.br\\\/?p=294720\"},\"author\":{\"name\":\"Farn\u00e9sio\",\"@id\":\"https:\\\/\\\/blogdofarnesio.com.br\\\/#\\\/schema\\\/person\\\/301c4acf522bccbfdb45af95b5b906a1\"},\"headline\":\"Baixando o n\u00edvel: Maia diz que Bolsonaro \u00e9 gay e afirma: \u201cele n\u00e3o consegue assumir o que ele \u00e9\u201d\",\"datePublished\":\"2021-09-06T11:34:51+00:00\",\"mainEntityOfPage\":{\"@id\":\"http:\\\/\\\/blogdofarnesio.com.br\\\/?p=294720\"},\"wordCount\":196,\"publisher\":{\"@id\":\"https:\\\/\\\/blogdofarnesio.com.br\\\/#organization\"},\"image\":{\"@id\":\"http:\\\/\\\/blogdofarnesio.com.br\\\/?p=294720#primaryimage\"},\"thumbnailUrl\":\"https:\\\/\\\/blogdofarnesio.com.br\\\/wp-content\\\/uploads\\\/2019\\\/12\\\/blogqsprodrigomaia-bolsonaro-.jpg\",\"articleSection\":[\"Pol\u00edtica\"],\"inLanguage\":\"pt-BR\"},{\"@type\":\"WebPage\",\"@id\":\"http:\\\/\\\/blogdofarnesio.com.br\\\/?p=294720\",\"url\":\"http:\\\/\\\/blogdofarnesio.com.br\\\/?p=294720\",\"name\":\"Baixando o n\u00edvel: Maia diz que Bolsonaro \u00e9 gay e afirma: \u201cele n\u00e3o consegue assumir o que ele \u00e9\u201d - Blog do Farn\u00e9sio\",\"isPartOf\":{\"@id\":\"https:\\\/\\\/blogdofarnesio.com.br\\\/#website\"},\"primaryImageOfPage\":{\"@id\":\"http:\\\/\\\/blogdofarnesio.com.br\\\/?p=294720#primaryimage\"},\"image\":{\"@id\":\"http:\\\/\\\/blogdofarnesio.com.br\\\/?p=294720#primaryimage\"},\"thumbnailUrl\":\"https:\\\/\\\/blogdofarnesio.com.br\\\/wp-content\\\/uploads\\\/2019\\\/12\\\/blogqsprodrigomaia-bolsonaro-.jpg\",\"datePublished\":\"2021-09-06T11:34:51+00:00\",\"breadcrumb\":{\"@id\":\"http:\\\/\\\/blogdofarnesio.com.br\\\/?p=294720#breadcrumb\"},\"inLanguage\":\"pt-BR\",\"potentialAction\":[{\"@type\":\"ReadAction\",\"target\":[\"http:\\\/\\\/blogdofarnesio.com.br\\\/?p=294720\"]}]},{\"@type\":\"ImageObject\",\"inLanguage\":\"pt-BR\",\"@id\":\"http:\\\/\\\/blogdofarnesio.com.br\\\/?p=294720#primaryimage\",\"url\":\"https:\\\/\\\/blogdofarnesio.com.br\\\/wp-content\\\/uploads\\\/2019\\\/12\\\/blogqsprodrigomaia-bolsonaro-.jpg\",\"contentUrl\":\"https:\\\/\\\/blogdofarnesio.com.br\\\/wp-content\\\/uploads\\\/2019\\\/12\\\/blogqsprodrigomaia-bolsonaro-.jpg\",\"width\":680,\"height\":453},{\"@type\":\"BreadcrumbList\",\"@id\":\"http:\\\/\\\/blogdofarnesio.com.br\\\/?p=294720#breadcrumb\",\"itemListElement\":[{\"@type\":\"ListItem\",\"position\":1,\"name\":\"In\u00edcio\",\"item\":\"https:\\\/\\\/blogdofarnesio.com.br\\\/\"},{\"@type\":\"ListItem\",\"position\":2,\"name\":\"Baixando o n\u00edvel: Maia diz que Bolsonaro \u00e9 gay e afirma: \u201cele n\u00e3o consegue assumir o que ele \u00e9\u201d\"}]},{\"@type\":\"WebSite\",\"@id\":\"https:\\\/\\\/blogdofarnesio.com.br\\\/#website\",\"url\":\"https:\\\/\\\/blogdofarnesio.com.br\\\/\",\"name\":\"Blog do Farn\u00e9sio\",\"description\":\"Quer Saber Pol\u00edtica?\",\"publisher\":{\"@id\":\"https:\\\/\\\/blogdofarnesio.com.br\\\/#organization\"},\"potentialAction\":[{\"@type\":\"SearchAction\",\"target\":{\"@type\":\"EntryPoint\",\"urlTemplate\":\"https:\\\/\\\/blogdofarnesio.com.br\\\/?s={search_term_string}\"},\"query-input\":{\"@type\":\"PropertyValueSpecification\",\"valueRequired\":true,\"valueName\":\"search_term_string\"}}],\"inLanguage\":\"pt-BR\"},{\"@type\":\"Organization\",\"@id\":\"https:\\\/\\\/blogdofarnesio.com.br\\\/#organization\",\"name\":\"Blog do Farn\u00e9sio\",\"url\":\"https:\\\/\\\/blogdofarnesio.com.br\\\/\",\"logo\":{\"@type\":\"ImageObject\",\"inLanguage\":\"pt-BR\",\"@id\":\"https:\\\/\\\/blogdofarnesio.com.br\\\/#\\\/schema\\\/logo\\\/image\\\/\",\"url\":\"https:\\\/\\\/blogdofarnesio.com.br\\\/wp-content\\\/uploads\\\/2026\\\/03\\\/cropped-logo_new-1.png\",\"contentUrl\":\"https:\\\/\\\/blogdofarnesio.com.br\\\/wp-content\\\/uploads\\\/2026\\\/03\\\/cropped-logo_new-1.png\",\"width\":881,\"height\":685,\"caption\":\"Blog do Farn\u00e9sio\"},\"image\":{\"@id\":\"https:\\\/\\\/blogdofarnesio.com.br\\\/#\\\/schema\\\/logo\\\/image\\\/\"},\"sameAs\":[\"https:\\\/\\\/www.facebook.com\\\/BlogQuerSaberPolitica\\\/\"]},{\"@type\":\"Person\",\"@id\":\"https:\\\/\\\/blogdofarnesio.com.br\\\/#\\\/schema\\\/person\\\/301c4acf522bccbfdb45af95b5b906a1\",\"name\":\"Farn\u00e9sio\",\"image\":{\"@type\":\"ImageObject\",\"inLanguage\":\"pt-BR\",\"@id\":\"https:\\\/\\\/secure.gravatar.com\\\/avatar\\\/df0c9a14567c056f8ad6876ba5bbd1e3e2c48023eb6807342fc4663adf549f38?s=96&d=mm&r=g\",\"url\":\"https:\\\/\\\/secure.gravatar.com\\\/avatar\\\/df0c9a14567c056f8ad6876ba5bbd1e3e2c48023eb6807342fc4663adf549f38?s=96&d=mm&r=g\",\"contentUrl\":\"https:\\\/\\\/secure.gravatar.com\\\/avatar\\\/df0c9a14567c056f8ad6876ba5bbd1e3e2c48023eb6807342fc4663adf549f38?s=96&d=mm&r=g\",\"caption\":\"Farn\u00e9sio\"},\"sameAs\":[\"https:\\\/\\\/quersaberpolitica.com.br\"],\"url\":\"https:\\\/\\\/blogdofarnesio.com.br\\\/?author=1\"}]}<\/script>\n<!-- \/ Yoast SEO plugin. -->","yoast_head_json":{"title":"Baixando o n\u00edvel: Maia diz que Bolsonaro \u00e9 gay e afirma: \u201cele n\u00e3o consegue assumir o que ele \u00e9\u201d - Blog do Farn\u00e9sio","robots":{"index":"index","follow":"follow","max-snippet":"max-snippet:-1","max-image-preview":"max-image-preview:large","max-video-preview":"max-video-preview:-1"},"canonical":"http:\/\/blogdofarnesio.com.br\/?p=294720","og_locale":"pt_BR","og_type":"article","og_title":"Baixando o n\u00edvel: Maia diz que Bolsonaro \u00e9 gay e afirma: \u201cele n\u00e3o consegue assumir o que ele \u00e9\u201d - Blog do Farn\u00e9sio","og_description":"Por Reda\u00e7\u00e3o LDNot\u00edcias\u00a0 &nbsp; O ex-presidente da C\u00e2mara Federal, Rodrigo Maia, questionou a orienta\u00e7\u00e3o sexual do presidente da Rep\u00fablica, Jair Bolsonaro (sem partido), durante entrevista ao podcast Derrete Cast, na noite de quinta-feira (2). O parlamentar disse acreditar que Bolsonaro \u00e9 homossexual. \u201cEu tenho uma grande d\u00favida [se o Bolsonaro \u00e9 gay]. Eu acho que \u00e9. N\u00e3o tem nenhum problema\u201d, opinou Maia, ao acusar o chefe do Executivo de n\u00e3o ter coragem de assumir sua orienta\u00e7\u00e3o sexual. \u201cN\u00e3o tem uma mulher que ele admire, ele n\u00e3o gosta. Qual \u00e9 o problema? N\u00e3o estou brincando. Acho que esse debate tem que fazer. Ele n\u00e3o consegue assumir o que ele \u00e9. Falo s\u00e9rio. As pessoas acham que falo brincando, mas depois me&hellip;","og_url":"http:\/\/blogdofarnesio.com.br\/?p=294720","og_site_name":"Blog do Farn\u00e9sio","article_publisher":"https:\/\/www.facebook.com\/BlogQuerSaberPolitica\/","article_published_time":"2021-09-06T11:34:51+00:00","og_image":[{"width":680,"height":453,"url":"http:\/\/blogdofarnesio.com.br\/wp-content\/uploads\/2019\/12\/blogqsprodrigomaia-bolsonaro-.jpg","type":"image\/jpeg"}],"author":"Farn\u00e9sio","twitter_card":"summary_large_image","twitter_misc":{"Escrito por":"Farn\u00e9sio","Est. tempo de leitura":"1 minuto"},"schema":{"@context":"https:\/\/schema.org","@graph":[{"@type":"Article","@id":"http:\/\/blogdofarnesio.com.br\/?p=294720#article","isPartOf":{"@id":"http:\/\/blogdofarnesio.com.br\/?p=294720"},"author":{"name":"Farn\u00e9sio","@id":"https:\/\/blogdofarnesio.com.br\/#\/schema\/person\/301c4acf522bccbfdb45af95b5b906a1"},"headline":"Baixando o n\u00edvel: Maia diz que Bolsonaro \u00e9 gay e afirma: \u201cele n\u00e3o consegue assumir o que ele \u00e9\u201d","datePublished":"2021-09-06T11:34:51+00:00","mainEntityOfPage":{"@id":"http:\/\/blogdofarnesio.com.br\/?p=294720"},"wordCount":196,"publisher":{"@id":"https:\/\/blogdofarnesio.com.br\/#organization"},"image":{"@id":"http:\/\/blogdofarnesio.com.br\/?p=294720#primaryimage"},"thumbnailUrl":"https:\/\/blogdofarnesio.com.br\/wp-content\/uploads\/2019\/12\/blogqsprodrigomaia-bolsonaro-.jpg","articleSection":["Pol\u00edtica"],"inLanguage":"pt-BR"},{"@type":"WebPage","@id":"http:\/\/blogdofarnesio.com.br\/?p=294720","url":"http:\/\/blogdofarnesio.com.br\/?p=294720","name":"Baixando o n\u00edvel: Maia diz que Bolsonaro \u00e9 gay e afirma: \u201cele n\u00e3o consegue assumir o que ele \u00e9\u201d - Blog do Farn\u00e9sio","isPartOf":{"@id":"https:\/\/blogdofarnesio.com.br\/#website"},"primaryImageOfPage":{"@id":"http:\/\/blogdofarnesio.com.br\/?p=294720#primaryimage"},"image":{"@id":"http:\/\/blogdofarnesio.com.br\/?p=294720#primaryimage"},"thumbnailUrl":"https:\/\/blogdofarnesio.com.br\/wp-content\/uploads\/2019\/12\/blogqsprodrigomaia-bolsonaro-.jpg","datePublished":"2021-09-06T11:34:51+00:00","breadcrumb":{"@id":"http:\/\/blogdofarnesio.com.br\/?p=294720#breadcrumb"},"inLanguage":"pt-BR","potentialAction":[{"@type":"ReadAction","target":["http:\/\/blogdofarnesio.com.br\/?p=294720"]}]},{"@type":"ImageObject","inLanguage":"pt-BR","@id":"http:\/\/blogdofarnesio.com.br\/?p=294720#primaryimage","url":"https:\/\/blogdofarnesio.com.br\/wp-content\/uploads\/2019\/12\/blogqsprodrigomaia-bolsonaro-.jpg","contentUrl":"https:\/\/blogdofarnesio.com.br\/wp-content\/uploads\/2019\/12\/blogqsprodrigomaia-bolsonaro-.jpg","width":680,"height":453},{"@type":"BreadcrumbList","@id":"http:\/\/blogdofarnesio.com.br\/?p=294720#breadcrumb","itemListElement":[{"@type":"ListItem","position":1,"name":"In\u00edcio","item":"https:\/\/blogdofarnesio.com.br\/"},{"@type":"ListItem","position":2,"name":"Baixando o n\u00edvel: Maia diz que Bolsonaro \u00e9 gay e afirma: \u201cele n\u00e3o consegue assumir o que ele \u00e9\u201d"}]},{"@type":"WebSite","@id":"https:\/\/blogdofarnesio.com.br\/#website","url":"https:\/\/blogdofarnesio.com.br\/","name":"Blog do Farn\u00e9sio","description":"Quer Saber Pol\u00edtica?","publisher":{"@id":"https:\/\/blogdofarnesio.com.br\/#organization"},"potentialAction":[{"@type":"SearchAction","target":{"@type":"EntryPoint","urlTemplate":"https:\/\/blogdofarnesio.com.br\/?s={search_term_string}"},"query-input":{"@type":"PropertyValueSpecification","valueRequired":true,"valueName":"search_term_string"}}],"inLanguage":"pt-BR"},{"@type":"Organization","@id":"https:\/\/blogdofarnesio.com.br\/#organization","name":"Blog do Farn\u00e9sio","url":"https:\/\/blogdofarnesio.com.br\/","logo":{"@type":"ImageObject","inLanguage":"pt-BR","@id":"https:\/\/blogdofarnesio.com.br\/#\/schema\/logo\/image\/","url":"https:\/\/blogdofarnesio.com.br\/wp-content\/uploads\/2026\/03\/cropped-logo_new-1.png","contentUrl":"https:\/\/blogdofarnesio.com.br\/wp-content\/uploads\/2026\/03\/cropped-logo_new-1.png","width":881,"height":685,"caption":"Blog do Farn\u00e9sio"},"image":{"@id":"https:\/\/blogdofarnesio.com.br\/#\/schema\/logo\/image\/"},"sameAs":["https:\/\/www.facebook.com\/BlogQuerSaberPolitica\/"]},{"@type":"Person","@id":"https:\/\/blogdofarnesio.com.br\/#\/schema\/person\/301c4acf522bccbfdb45af95b5b906a1","name":"Farn\u00e9sio","image":{"@type":"ImageObject","inLanguage":"pt-BR","@id":"https:\/\/secure.gravatar.com\/avatar\/df0c9a14567c056f8ad6876ba5bbd1e3e2c48023eb6807342fc4663adf549f38?s=96&d=mm&r=g","url":"https:\/\/secure.gravatar.com\/avatar\/df0c9a14567c056f8ad6876ba5bbd1e3e2c48023eb6807342fc4663adf549f38?s=96&d=mm&r=g","contentUrl":"https:\/\/secure.gravatar.com\/avatar\/df0c9a14567c056f8ad6876ba5bbd1e3e2c48023eb6807342fc4663adf549f38?s=96&d=mm&r=g","caption":"Farn\u00e9sio"},"sameAs":["https:\/\/quersaberpolitica.com.br"],"url":"https:\/\/blogdofarnesio.com.br\/?author=1"}]}},"_links":{"self":[{"href":"https:\/\/blogdofarnesio.com.br\/index.php?rest_route=\/wp\/v2\/posts\/294720","targetHints":{"allow":["GET"]}}],"collection":[{"href":"https:\/\/blogdofarnesio.com.br\/index.php?rest_route=\/wp\/v2\/posts"}],"about":[{"href":"https:\/\/blogdofarnesio.com.br\/index.php?rest_route=\/wp\/v2\/types\/post"}],"author":[{"embeddable":true,"href":"https:\/\/blogdofarnesio.com.br\/index.php?rest_route=\/wp\/v2\/users\/1"}],"replies":[{"embeddable":true,"href":"https:\/\/blogdofarnesio.com.br\/index.php?rest_route=%2Fwp%2Fv2%2Fcomments&post=294720"}],"version-history":[{"count":0,"href":"https:\/\/blogdofarnesio.com.br\/index.php?rest_route=\/wp\/v2\/posts\/294720\/revisions"}],"wp:featuredmedia":[{"embeddable":true,"href":"https:\/\/blogdofarnesio.com.br\/index.php?rest_route=\/wp\/v2\/media\/246538"}],"wp:attachment":[{"href":"https:\/\/blogdofarnesio.com.br\/index.php?rest_route=%2Fwp%2Fv2%2Fmedia&parent=294720"}],"wp:term":[{"taxonomy":"category","embeddable":true,"href":"https:\/\/blogdofarnesio.com.br\/index.php?rest_route=%2Fwp%2Fv2%2Fcategories&post=294720"},{"taxonomy":"post_tag","embeddable":true,"href":"https:\/\/blogdofarnesio.com.br\/index.php?rest_route=%2Fwp%2Fv2%2Ftags&post=294720"}],"curies":[{"name":"wp","href":"https:\/\/api.w.org\/{rel}","templated":true}]}}