{"id":294717,"date":"2021-09-06T08:22:12","date_gmt":"2021-09-06T11:22:12","guid":{"rendered":"https:\/\/quersaberpolitica.com.br\/?p=294717"},"modified":"2021-09-03T18:44:10","modified_gmt":"2021-09-03T21:44:10","slug":"vereador-de-campo-formoso-acusado-de-envolvimento-em-operacao-contra-esquema-de-venda-de-cnhs-na-bahia-e-nomeado-diretor-da-alba","status":"publish","type":"post","link":"https:\/\/blogdofarnesio.com.br\/?p=294717","title":{"rendered":"VEREADOR DE CAMPO FORMOSO ACUSADO DE ENVOLVIMENTO EM OPERA\u00c7\u00c3O CONTRA ESQUEMA DE VENDA DE CNHS NA BAHIA \u00c9 NOMEADO DIRETOR DA ALBA"},"content":{"rendered":"<div class=\"post-header\">\n<div class=\"post-head\">\n<h1 class=\"post-title entry-title\"><span class=\"post-author vcard\" style=\"font-size: 16px;\"><span class=\"fn\"><a class=\"g-profile\" title=\"Netto maravilha\" href=\"https:\/\/www.blogger.com\/profile\/10561055201958299107\" rel=\"author\" data-gapiscan=\"true\" data-onload=\"true\" data-gapiattached=\"true\">Netto maravilha <\/a><\/span><\/span><\/h1>\n<\/div>\n<\/div>\n<article>\n<div id=\"post-body-8842186042239193216\" class=\"post-body entry-content\">\n<p><span>A Assembleia Legislativa da Bahia (AL-BA) nomeou nesta quinta-feira (2) como Diretor Parlamentar o ex-vereador de Campo Farmoso Arlivan Carvalho Gon\u00e7alves, que foi preso com sua esposa em novembro de 2019 por supostamente terem participado de um esquema de venda de carteiras de habilita\u00e7\u00e3o no estado.<\/span><\/p>\n<p><span>O cargo que Arlivan vai lance na AL-BA gera um sal\u00e1rio de mais de R $ 16 mil mensais.\u00a0Antes da era cargo exercido pelo ex-presidente da Casa legislativa Cl\u00f3vis Ferraz, que agora assume a Diretoria de Economia e Finan\u00e7as.<\/span><\/p>\n<p><span>As pris\u00f5es do ex-vereador e da sua esposa, at\u00e9 ent\u00e3o donos de uma autoescola, decorreram da opera\u00e7\u00e3o \u201cCapitiosus\u201d, deflagrada pela Pol\u00edcia Civil, que tamb\u00e9m cumpriu dois mandados de medidas cautelares contra um delegado e um investigador da corpora\u00e7\u00e3o e 20 mandados de busca e apreens\u00e3o na regi\u00e3o.\u00a0Arlivan Carvalho Gon\u00e7alves tamb\u00e9m j\u00e1 foi diretor do Circunscri\u00e7\u00e3o Regional de Tr\u00e2nsito (Ciretran) de Senhor do Bonfim.<\/span><\/p>\n<p><span>BNews<\/span><\/p>\n<\/div>\n<\/article>\n","protected":false},"excerpt":{"rendered":"<p>Netto maravilha A Assembleia Legislativa da Bahia (AL-BA) nomeou nesta quinta-feira (2) como Diretor Parlamentar o ex-vereador de Campo Farmoso Arlivan Carvalho Gon\u00e7alves, que foi preso com sua esposa em novembro de 2019 por supostamente terem participado de um esquema de venda de carteiras de habilita\u00e7\u00e3o no estado. O cargo que Arlivan vai lance na AL-BA gera um sal\u00e1rio de mais de R $ 16 mil mensais.\u00a0Antes da era cargo exercido pelo ex-presidente da Casa legislativa Cl\u00f3vis Ferraz, que agora assume a Diretoria de Economia e Finan\u00e7as. As pris\u00f5es do ex-vereador e da sua esposa, at\u00e9 ent\u00e3o donos de uma autoescola, decorreram da opera\u00e7\u00e3o \u201cCapitiosus\u201d, deflagrada pela Pol\u00edcia Civil, que tamb\u00e9m cumpriu dois mandados de medidas cautelares contra um delegado&hellip; <\/p>\n","protected":false},"author":1,"featured_media":294718,"comment_status":"closed","ping_status":"closed","sticky":false,"template":"","format":"standard","meta":{"_acf_changed":false,"footnotes":""},"categories":[27],"tags":[],"class_list":["post-294717","post","type-post","status-publish","format-standard","has-post-thumbnail","hentry","category-cidades"],"acf":[],"yoast_head":"<!-- This site is optimized with the Yoast SEO plugin v27.4 - https:\/\/yoast.com\/product\/yoast-seo-wordpress\/ -->\n<title>VEREADOR DE CAMPO FORMOSO ACUSADO DE ENVOLVIMENTO EM OPERA\u00c7\u00c3O CONTRA ESQUEMA DE VENDA DE CNHS NA BAHIA \u00c9 NOMEADO DIRETOR DA ALBA - Blog do Farn\u00e9sio<\/title>\n<meta name=\"robots\" content=\"index, follow, max-snippet:-1, max-image-preview:large, max-video-preview:-1\" \/>\n<link rel=\"canonical\" href=\"http:\/\/blogdofarnesio.com.br\/?p=294717\" \/>\n<meta property=\"og:locale\" content=\"pt_BR\" \/>\n<meta property=\"og:type\" content=\"article\" \/>\n<meta property=\"og:title\" content=\"VEREADOR DE CAMPO FORMOSO ACUSADO DE ENVOLVIMENTO EM OPERA\u00c7\u00c3O CONTRA ESQUEMA DE VENDA DE CNHS NA BAHIA \u00c9 NOMEADO DIRETOR DA ALBA - Blog do Farn\u00e9sio\" \/>\n<meta property=\"og:description\" content=\"Netto maravilha A Assembleia Legislativa da Bahia (AL-BA) nomeou nesta quinta-feira (2) como Diretor Parlamentar o ex-vereador de Campo Farmoso Arlivan Carvalho Gon\u00e7alves, que foi preso com sua esposa em novembro de 2019 por supostamente terem participado de um esquema de venda de carteiras de habilita\u00e7\u00e3o no estado. O cargo que Arlivan vai lance na AL-BA gera um sal\u00e1rio de mais de R $ 16 mil mensais.\u00a0Antes da era cargo exercido pelo ex-presidente da Casa legislativa Cl\u00f3vis Ferraz, que agora assume a Diretoria de Economia e Finan\u00e7as. As pris\u00f5es do ex-vereador e da sua esposa, at\u00e9 ent\u00e3o donos de uma autoescola, decorreram da opera\u00e7\u00e3o \u201cCapitiosus\u201d, deflagrada pela Pol\u00edcia Civil, que tamb\u00e9m cumpriu dois mandados de medidas cautelares contra um delegado&hellip;\" \/>\n<meta property=\"og:url\" content=\"http:\/\/blogdofarnesio.com.br\/?p=294717\" \/>\n<meta property=\"og:site_name\" content=\"Blog do Farn\u00e9sio\" \/>\n<meta property=\"article:publisher\" content=\"https:\/\/www.facebook.com\/BlogQuerSaberPolitica\/\" \/>\n<meta property=\"article:published_time\" content=\"2021-09-06T11:22:12+00:00\" \/>\n<meta property=\"og:image\" content=\"http:\/\/blogdofarnesio.com.br\/wp-content\/uploads\/2021\/09\/blogqspex-vereador-de-Campo-Farmoso-Arlivan-Carvalho-Goncalves.jpg\" \/>\n\t<meta property=\"og:image:width\" content=\"640\" \/>\n\t<meta property=\"og:image:height\" content=\"316\" \/>\n\t<meta property=\"og:image:type\" content=\"image\/jpeg\" \/>\n<meta name=\"author\" content=\"Farn\u00e9sio\" \/>\n<meta name=\"twitter:card\" content=\"summary_large_image\" \/>\n<meta name=\"twitter:label1\" content=\"Escrito por\" \/>\n\t<meta name=\"twitter:data1\" content=\"Farn\u00e9sio\" \/>\n\t<meta name=\"twitter:label2\" content=\"Est. tempo de leitura\" \/>\n\t<meta name=\"twitter:data2\" content=\"1 minuto\" \/>\n<script type=\"application\/ld+json\" class=\"yoast-schema-graph\">{\"@context\":\"https:\\\/\\\/schema.org\",\"@graph\":[{\"@type\":\"Article\",\"@id\":\"http:\\\/\\\/blogdofarnesio.com.br\\\/?p=294717#article\",\"isPartOf\":{\"@id\":\"http:\\\/\\\/blogdofarnesio.com.br\\\/?p=294717\"},\"author\":{\"name\":\"Farn\u00e9sio\",\"@id\":\"https:\\\/\\\/blogdofarnesio.com.br\\\/#\\\/schema\\\/person\\\/301c4acf522bccbfdb45af95b5b906a1\"},\"headline\":\"VEREADOR DE CAMPO FORMOSO ACUSADO DE ENVOLVIMENTO EM OPERA\u00c7\u00c3O CONTRA ESQUEMA DE VENDA DE CNHS NA BAHIA \u00c9 NOMEADO DIRETOR DA ALBA\",\"datePublished\":\"2021-09-06T11:22:12+00:00\",\"mainEntityOfPage\":{\"@id\":\"http:\\\/\\\/blogdofarnesio.com.br\\\/?p=294717\"},\"wordCount\":187,\"publisher\":{\"@id\":\"https:\\\/\\\/blogdofarnesio.com.br\\\/#organization\"},\"image\":{\"@id\":\"http:\\\/\\\/blogdofarnesio.com.br\\\/?p=294717#primaryimage\"},\"thumbnailUrl\":\"https:\\\/\\\/blogdofarnesio.com.br\\\/wp-content\\\/uploads\\\/2021\\\/09\\\/blogqspex-vereador-de-Campo-Farmoso-Arlivan-Carvalho-Goncalves.jpg\",\"articleSection\":[\"Cidades\"],\"inLanguage\":\"pt-BR\"},{\"@type\":\"WebPage\",\"@id\":\"http:\\\/\\\/blogdofarnesio.com.br\\\/?p=294717\",\"url\":\"http:\\\/\\\/blogdofarnesio.com.br\\\/?p=294717\",\"name\":\"VEREADOR DE CAMPO FORMOSO ACUSADO DE ENVOLVIMENTO EM OPERA\u00c7\u00c3O CONTRA ESQUEMA DE VENDA DE CNHS NA BAHIA \u00c9 NOMEADO DIRETOR DA ALBA - Blog do Farn\u00e9sio\",\"isPartOf\":{\"@id\":\"https:\\\/\\\/blogdofarnesio.com.br\\\/#website\"},\"primaryImageOfPage\":{\"@id\":\"http:\\\/\\\/blogdofarnesio.com.br\\\/?p=294717#primaryimage\"},\"image\":{\"@id\":\"http:\\\/\\\/blogdofarnesio.com.br\\\/?p=294717#primaryimage\"},\"thumbnailUrl\":\"https:\\\/\\\/blogdofarnesio.com.br\\\/wp-content\\\/uploads\\\/2021\\\/09\\\/blogqspex-vereador-de-Campo-Farmoso-Arlivan-Carvalho-Goncalves.jpg\",\"datePublished\":\"2021-09-06T11:22:12+00:00\",\"breadcrumb\":{\"@id\":\"http:\\\/\\\/blogdofarnesio.com.br\\\/?p=294717#breadcrumb\"},\"inLanguage\":\"pt-BR\",\"potentialAction\":[{\"@type\":\"ReadAction\",\"target\":[\"http:\\\/\\\/blogdofarnesio.com.br\\\/?p=294717\"]}]},{\"@type\":\"ImageObject\",\"inLanguage\":\"pt-BR\",\"@id\":\"http:\\\/\\\/blogdofarnesio.com.br\\\/?p=294717#primaryimage\",\"url\":\"https:\\\/\\\/blogdofarnesio.com.br\\\/wp-content\\\/uploads\\\/2021\\\/09\\\/blogqspex-vereador-de-Campo-Farmoso-Arlivan-Carvalho-Goncalves.jpg\",\"contentUrl\":\"https:\\\/\\\/blogdofarnesio.com.br\\\/wp-content\\\/uploads\\\/2021\\\/09\\\/blogqspex-vereador-de-Campo-Farmoso-Arlivan-Carvalho-Goncalves.jpg\",\"width\":640,\"height\":316},{\"@type\":\"BreadcrumbList\",\"@id\":\"http:\\\/\\\/blogdofarnesio.com.br\\\/?p=294717#breadcrumb\",\"itemListElement\":[{\"@type\":\"ListItem\",\"position\":1,\"name\":\"In\u00edcio\",\"item\":\"https:\\\/\\\/blogdofarnesio.com.br\\\/\"},{\"@type\":\"ListItem\",\"position\":2,\"name\":\"VEREADOR DE CAMPO FORMOSO ACUSADO DE ENVOLVIMENTO EM OPERA\u00c7\u00c3O CONTRA ESQUEMA DE VENDA DE CNHS NA BAHIA \u00c9 NOMEADO DIRETOR DA ALBA\"}]},{\"@type\":\"WebSite\",\"@id\":\"https:\\\/\\\/blogdofarnesio.com.br\\\/#website\",\"url\":\"https:\\\/\\\/blogdofarnesio.com.br\\\/\",\"name\":\"Blog do Farn\u00e9sio\",\"description\":\"Quer Saber Pol\u00edtica?\",\"publisher\":{\"@id\":\"https:\\\/\\\/blogdofarnesio.com.br\\\/#organization\"},\"potentialAction\":[{\"@type\":\"SearchAction\",\"target\":{\"@type\":\"EntryPoint\",\"urlTemplate\":\"https:\\\/\\\/blogdofarnesio.com.br\\\/?s={search_term_string}\"},\"query-input\":{\"@type\":\"PropertyValueSpecification\",\"valueRequired\":true,\"valueName\":\"search_term_string\"}}],\"inLanguage\":\"pt-BR\"},{\"@type\":\"Organization\",\"@id\":\"https:\\\/\\\/blogdofarnesio.com.br\\\/#organization\",\"name\":\"Blog do Farn\u00e9sio\",\"url\":\"https:\\\/\\\/blogdofarnesio.com.br\\\/\",\"logo\":{\"@type\":\"ImageObject\",\"inLanguage\":\"pt-BR\",\"@id\":\"https:\\\/\\\/blogdofarnesio.com.br\\\/#\\\/schema\\\/logo\\\/image\\\/\",\"url\":\"https:\\\/\\\/blogdofarnesio.com.br\\\/wp-content\\\/uploads\\\/2026\\\/03\\\/cropped-logo_new-1.png\",\"contentUrl\":\"https:\\\/\\\/blogdofarnesio.com.br\\\/wp-content\\\/uploads\\\/2026\\\/03\\\/cropped-logo_new-1.png\",\"width\":881,\"height\":685,\"caption\":\"Blog do Farn\u00e9sio\"},\"image\":{\"@id\":\"https:\\\/\\\/blogdofarnesio.com.br\\\/#\\\/schema\\\/logo\\\/image\\\/\"},\"sameAs\":[\"https:\\\/\\\/www.facebook.com\\\/BlogQuerSaberPolitica\\\/\"]},{\"@type\":\"Person\",\"@id\":\"https:\\\/\\\/blogdofarnesio.com.br\\\/#\\\/schema\\\/person\\\/301c4acf522bccbfdb45af95b5b906a1\",\"name\":\"Farn\u00e9sio\",\"image\":{\"@type\":\"ImageObject\",\"inLanguage\":\"pt-BR\",\"@id\":\"https:\\\/\\\/secure.gravatar.com\\\/avatar\\\/df0c9a14567c056f8ad6876ba5bbd1e3e2c48023eb6807342fc4663adf549f38?s=96&d=mm&r=g\",\"url\":\"https:\\\/\\\/secure.gravatar.com\\\/avatar\\\/df0c9a14567c056f8ad6876ba5bbd1e3e2c48023eb6807342fc4663adf549f38?s=96&d=mm&r=g\",\"contentUrl\":\"https:\\\/\\\/secure.gravatar.com\\\/avatar\\\/df0c9a14567c056f8ad6876ba5bbd1e3e2c48023eb6807342fc4663adf549f38?s=96&d=mm&r=g\",\"caption\":\"Farn\u00e9sio\"},\"sameAs\":[\"https:\\\/\\\/quersaberpolitica.com.br\"],\"url\":\"https:\\\/\\\/blogdofarnesio.com.br\\\/?author=1\"}]}<\/script>\n<!-- \/ Yoast SEO plugin. -->","yoast_head_json":{"title":"VEREADOR DE CAMPO FORMOSO ACUSADO DE ENVOLVIMENTO EM OPERA\u00c7\u00c3O CONTRA ESQUEMA DE VENDA DE CNHS NA BAHIA \u00c9 NOMEADO DIRETOR DA ALBA - Blog do Farn\u00e9sio","robots":{"index":"index","follow":"follow","max-snippet":"max-snippet:-1","max-image-preview":"max-image-preview:large","max-video-preview":"max-video-preview:-1"},"canonical":"http:\/\/blogdofarnesio.com.br\/?p=294717","og_locale":"pt_BR","og_type":"article","og_title":"VEREADOR DE CAMPO FORMOSO ACUSADO DE ENVOLVIMENTO EM OPERA\u00c7\u00c3O CONTRA ESQUEMA DE VENDA DE CNHS NA BAHIA \u00c9 NOMEADO DIRETOR DA ALBA - Blog do Farn\u00e9sio","og_description":"Netto maravilha A Assembleia Legislativa da Bahia (AL-BA) nomeou nesta quinta-feira (2) como Diretor Parlamentar o ex-vereador de Campo Farmoso Arlivan Carvalho Gon\u00e7alves, que foi preso com sua esposa em novembro de 2019 por supostamente terem participado de um esquema de venda de carteiras de habilita\u00e7\u00e3o no estado. O cargo que Arlivan vai lance na AL-BA gera um sal\u00e1rio de mais de R $ 16 mil mensais.\u00a0Antes da era cargo exercido pelo ex-presidente da Casa legislativa Cl\u00f3vis Ferraz, que agora assume a Diretoria de Economia e Finan\u00e7as. As pris\u00f5es do ex-vereador e da sua esposa, at\u00e9 ent\u00e3o donos de uma autoescola, decorreram da opera\u00e7\u00e3o \u201cCapitiosus\u201d, deflagrada pela Pol\u00edcia Civil, que tamb\u00e9m cumpriu dois mandados de medidas cautelares contra um delegado&hellip;","og_url":"http:\/\/blogdofarnesio.com.br\/?p=294717","og_site_name":"Blog do Farn\u00e9sio","article_publisher":"https:\/\/www.facebook.com\/BlogQuerSaberPolitica\/","article_published_time":"2021-09-06T11:22:12+00:00","og_image":[{"width":640,"height":316,"url":"http:\/\/blogdofarnesio.com.br\/wp-content\/uploads\/2021\/09\/blogqspex-vereador-de-Campo-Farmoso-Arlivan-Carvalho-Goncalves.jpg","type":"image\/jpeg"}],"author":"Farn\u00e9sio","twitter_card":"summary_large_image","twitter_misc":{"Escrito por":"Farn\u00e9sio","Est. tempo de leitura":"1 minuto"},"schema":{"@context":"https:\/\/schema.org","@graph":[{"@type":"Article","@id":"http:\/\/blogdofarnesio.com.br\/?p=294717#article","isPartOf":{"@id":"http:\/\/blogdofarnesio.com.br\/?p=294717"},"author":{"name":"Farn\u00e9sio","@id":"https:\/\/blogdofarnesio.com.br\/#\/schema\/person\/301c4acf522bccbfdb45af95b5b906a1"},"headline":"VEREADOR DE CAMPO FORMOSO ACUSADO DE ENVOLVIMENTO EM OPERA\u00c7\u00c3O CONTRA ESQUEMA DE VENDA DE CNHS NA BAHIA \u00c9 NOMEADO DIRETOR DA ALBA","datePublished":"2021-09-06T11:22:12+00:00","mainEntityOfPage":{"@id":"http:\/\/blogdofarnesio.com.br\/?p=294717"},"wordCount":187,"publisher":{"@id":"https:\/\/blogdofarnesio.com.br\/#organization"},"image":{"@id":"http:\/\/blogdofarnesio.com.br\/?p=294717#primaryimage"},"thumbnailUrl":"https:\/\/blogdofarnesio.com.br\/wp-content\/uploads\/2021\/09\/blogqspex-vereador-de-Campo-Farmoso-Arlivan-Carvalho-Goncalves.jpg","articleSection":["Cidades"],"inLanguage":"pt-BR"},{"@type":"WebPage","@id":"http:\/\/blogdofarnesio.com.br\/?p=294717","url":"http:\/\/blogdofarnesio.com.br\/?p=294717","name":"VEREADOR DE CAMPO FORMOSO ACUSADO DE ENVOLVIMENTO EM OPERA\u00c7\u00c3O CONTRA ESQUEMA DE VENDA DE CNHS NA BAHIA \u00c9 NOMEADO DIRETOR DA ALBA - Blog do Farn\u00e9sio","isPartOf":{"@id":"https:\/\/blogdofarnesio.com.br\/#website"},"primaryImageOfPage":{"@id":"http:\/\/blogdofarnesio.com.br\/?p=294717#primaryimage"},"image":{"@id":"http:\/\/blogdofarnesio.com.br\/?p=294717#primaryimage"},"thumbnailUrl":"https:\/\/blogdofarnesio.com.br\/wp-content\/uploads\/2021\/09\/blogqspex-vereador-de-Campo-Farmoso-Arlivan-Carvalho-Goncalves.jpg","datePublished":"2021-09-06T11:22:12+00:00","breadcrumb":{"@id":"http:\/\/blogdofarnesio.com.br\/?p=294717#breadcrumb"},"inLanguage":"pt-BR","potentialAction":[{"@type":"ReadAction","target":["http:\/\/blogdofarnesio.com.br\/?p=294717"]}]},{"@type":"ImageObject","inLanguage":"pt-BR","@id":"http:\/\/blogdofarnesio.com.br\/?p=294717#primaryimage","url":"https:\/\/blogdofarnesio.com.br\/wp-content\/uploads\/2021\/09\/blogqspex-vereador-de-Campo-Farmoso-Arlivan-Carvalho-Goncalves.jpg","contentUrl":"https:\/\/blogdofarnesio.com.br\/wp-content\/uploads\/2021\/09\/blogqspex-vereador-de-Campo-Farmoso-Arlivan-Carvalho-Goncalves.jpg","width":640,"height":316},{"@type":"BreadcrumbList","@id":"http:\/\/blogdofarnesio.com.br\/?p=294717#breadcrumb","itemListElement":[{"@type":"ListItem","position":1,"name":"In\u00edcio","item":"https:\/\/blogdofarnesio.com.br\/"},{"@type":"ListItem","position":2,"name":"VEREADOR DE CAMPO FORMOSO ACUSADO DE ENVOLVIMENTO EM OPERA\u00c7\u00c3O CONTRA ESQUEMA DE VENDA DE CNHS NA BAHIA \u00c9 NOMEADO DIRETOR DA ALBA"}]},{"@type":"WebSite","@id":"https:\/\/blogdofarnesio.com.br\/#website","url":"https:\/\/blogdofarnesio.com.br\/","name":"Blog do Farn\u00e9sio","description":"Quer Saber Pol\u00edtica?","publisher":{"@id":"https:\/\/blogdofarnesio.com.br\/#organization"},"potentialAction":[{"@type":"SearchAction","target":{"@type":"EntryPoint","urlTemplate":"https:\/\/blogdofarnesio.com.br\/?s={search_term_string}"},"query-input":{"@type":"PropertyValueSpecification","valueRequired":true,"valueName":"search_term_string"}}],"inLanguage":"pt-BR"},{"@type":"Organization","@id":"https:\/\/blogdofarnesio.com.br\/#organization","name":"Blog do Farn\u00e9sio","url":"https:\/\/blogdofarnesio.com.br\/","logo":{"@type":"ImageObject","inLanguage":"pt-BR","@id":"https:\/\/blogdofarnesio.com.br\/#\/schema\/logo\/image\/","url":"https:\/\/blogdofarnesio.com.br\/wp-content\/uploads\/2026\/03\/cropped-logo_new-1.png","contentUrl":"https:\/\/blogdofarnesio.com.br\/wp-content\/uploads\/2026\/03\/cropped-logo_new-1.png","width":881,"height":685,"caption":"Blog do Farn\u00e9sio"},"image":{"@id":"https:\/\/blogdofarnesio.com.br\/#\/schema\/logo\/image\/"},"sameAs":["https:\/\/www.facebook.com\/BlogQuerSaberPolitica\/"]},{"@type":"Person","@id":"https:\/\/blogdofarnesio.com.br\/#\/schema\/person\/301c4acf522bccbfdb45af95b5b906a1","name":"Farn\u00e9sio","image":{"@type":"ImageObject","inLanguage":"pt-BR","@id":"https:\/\/secure.gravatar.com\/avatar\/df0c9a14567c056f8ad6876ba5bbd1e3e2c48023eb6807342fc4663adf549f38?s=96&d=mm&r=g","url":"https:\/\/secure.gravatar.com\/avatar\/df0c9a14567c056f8ad6876ba5bbd1e3e2c48023eb6807342fc4663adf549f38?s=96&d=mm&r=g","contentUrl":"https:\/\/secure.gravatar.com\/avatar\/df0c9a14567c056f8ad6876ba5bbd1e3e2c48023eb6807342fc4663adf549f38?s=96&d=mm&r=g","caption":"Farn\u00e9sio"},"sameAs":["https:\/\/quersaberpolitica.com.br"],"url":"https:\/\/blogdofarnesio.com.br\/?author=1"}]}},"_links":{"self":[{"href":"https:\/\/blogdofarnesio.com.br\/index.php?rest_route=\/wp\/v2\/posts\/294717","targetHints":{"allow":["GET"]}}],"collection":[{"href":"https:\/\/blogdofarnesio.com.br\/index.php?rest_route=\/wp\/v2\/posts"}],"about":[{"href":"https:\/\/blogdofarnesio.com.br\/index.php?rest_route=\/wp\/v2\/types\/post"}],"author":[{"embeddable":true,"href":"https:\/\/blogdofarnesio.com.br\/index.php?rest_route=\/wp\/v2\/users\/1"}],"replies":[{"embeddable":true,"href":"https:\/\/blogdofarnesio.com.br\/index.php?rest_route=%2Fwp%2Fv2%2Fcomments&post=294717"}],"version-history":[{"count":0,"href":"https:\/\/blogdofarnesio.com.br\/index.php?rest_route=\/wp\/v2\/posts\/294717\/revisions"}],"wp:featuredmedia":[{"embeddable":true,"href":"https:\/\/blogdofarnesio.com.br\/index.php?rest_route=\/wp\/v2\/media\/294718"}],"wp:attachment":[{"href":"https:\/\/blogdofarnesio.com.br\/index.php?rest_route=%2Fwp%2Fv2%2Fmedia&parent=294717"}],"wp:term":[{"taxonomy":"category","embeddable":true,"href":"https:\/\/blogdofarnesio.com.br\/index.php?rest_route=%2Fwp%2Fv2%2Fcategories&post=294717"},{"taxonomy":"post_tag","embeddable":true,"href":"https:\/\/blogdofarnesio.com.br\/index.php?rest_route=%2Fwp%2Fv2%2Ftags&post=294717"}],"curies":[{"name":"wp","href":"https:\/\/api.w.org\/{rel}","templated":true}]}}