{"id":294675,"date":"2021-09-03T10:22:37","date_gmt":"2021-09-03T13:22:37","guid":{"rendered":"https:\/\/quersaberpolitica.com.br\/?p=294675"},"modified":"2021-09-03T09:17:47","modified_gmt":"2021-09-03T12:17:47","slug":"prefeitura-programa-24h-de-vacinacao-em-petrolina-agendamento-a-partir-das-14hs","status":"publish","type":"post","link":"https:\/\/blogdofarnesio.com.br\/?p=294675","title":{"rendered":"Prefeitura programa 24h de vacina\u00e7\u00e3o em Petrolina. Agendamento a partir das 14hs"},"content":{"rendered":"<p>Nesta sexta-feira (3), Petrolina ir\u00e1 receber mais de 12 mil doses da vacina contra a COVID-19, com isso, a Secretaria de Sa\u00fade vai abrir, \u00e0s 14h, o agendamento para imuniza\u00e7\u00e3o do p\u00fablico em geral a partir de 18 anos. Para imunizar este p\u00fablico, o munic\u00edpio vai disponibilizar no dia 8 de setembro, 24h de vacina\u00e7\u00e3o em Petrolina. Para receber o imuno, o p\u00fablico precisa agendar no site <a href=\"http:\/\/vacina.petrolina.pe.gov.br\/\" data-saferedirecturl=\"https:\/\/www.google.com\/url?hl=pt-BR&amp;q=http:\/\/vacina.petrolina.pe.gov.br&amp;source=gmail&amp;ust=1630757351460000&amp;usg=AFQjCNFaE7yq2B2JQKCtL7cr-iLXA9QBxw\">vacina.petrolina.pe.gov.br<\/a>.<\/p>\n<p>A programa\u00e7\u00e3o feita pelo munic\u00edpio visa imunizar, em um \u00fanico dia, a popula\u00e7\u00e3o de a partir de 18 anos. Assim, a vacina\u00e7\u00e3o ter\u00e1 in\u00edcio \u00e0s 9h da pr\u00f3xima quarta-feira (8) e ser\u00e1 finalizada \u00e0s 9h da quinta-feira (9). Est\u00e3o sendo programados nove polos para receber este p\u00fablico durante as 24h de imuniza\u00e7\u00e3o, sendo eles fixos e de drive-thru que ficar\u00e3o\u00a0 dispon\u00edveis na hora do agendamento.<\/p>\n<p>Documentos<\/p>\n<p>Para receber a vacina, al\u00e9m do agendamento, as pessoas precisam portar documento oficial com foto, CPF ou cart\u00e3o do SUS e comprovante de resid\u00eancia.<\/p>\n","protected":false},"excerpt":{"rendered":"<p>Nesta sexta-feira (3), Petrolina ir\u00e1 receber mais de 12 mil doses da vacina contra a COVID-19, com isso, a Secretaria de Sa\u00fade vai abrir, \u00e0s 14h, o agendamento para imuniza\u00e7\u00e3o do p\u00fablico em geral a partir de 18 anos. Para imunizar este p\u00fablico, o munic\u00edpio vai disponibilizar no dia 8 de setembro, 24h de vacina\u00e7\u00e3o em Petrolina. Para receber o imuno, o p\u00fablico precisa agendar no site vacina.petrolina.pe.gov.br. A programa\u00e7\u00e3o feita pelo munic\u00edpio visa imunizar, em um \u00fanico dia, a popula\u00e7\u00e3o de a partir de 18 anos. Assim, a vacina\u00e7\u00e3o ter\u00e1 in\u00edcio \u00e0s 9h da pr\u00f3xima quarta-feira (8) e ser\u00e1 finalizada \u00e0s 9h da quinta-feira (9). Est\u00e3o sendo programados nove polos para receber este p\u00fablico durante as 24h de imuniza\u00e7\u00e3o,&hellip; <\/p>\n","protected":false},"author":1,"featured_media":290539,"comment_status":"closed","ping_status":"closed","sticky":false,"template":"","format":"standard","meta":{"_acf_changed":false,"footnotes":""},"categories":[1],"tags":[],"class_list":["post-294675","post","type-post","status-publish","format-standard","has-post-thumbnail","hentry","category-politica"],"acf":[],"yoast_head":"<!-- This site is optimized with the Yoast SEO plugin v27.4 - https:\/\/yoast.com\/product\/yoast-seo-wordpress\/ -->\n<title>Prefeitura programa 24h de vacina\u00e7\u00e3o em Petrolina. Agendamento a partir das 14hs - Blog do Farn\u00e9sio<\/title>\n<meta name=\"robots\" content=\"index, follow, max-snippet:-1, max-image-preview:large, max-video-preview:-1\" \/>\n<link rel=\"canonical\" href=\"https:\/\/blogdofarnesio.com.br\/?p=294675\" \/>\n<meta property=\"og:locale\" content=\"pt_BR\" \/>\n<meta property=\"og:type\" content=\"article\" \/>\n<meta property=\"og:title\" content=\"Prefeitura programa 24h de vacina\u00e7\u00e3o em Petrolina. Agendamento a partir das 14hs - Blog do Farn\u00e9sio\" \/>\n<meta property=\"og:description\" content=\"Nesta sexta-feira (3), Petrolina ir\u00e1 receber mais de 12 mil doses da vacina contra a COVID-19, com isso, a Secretaria de Sa\u00fade vai abrir, \u00e0s 14h, o agendamento para imuniza\u00e7\u00e3o do p\u00fablico em geral a partir de 18 anos. Para imunizar este p\u00fablico, o munic\u00edpio vai disponibilizar no dia 8 de setembro, 24h de vacina\u00e7\u00e3o em Petrolina. Para receber o imuno, o p\u00fablico precisa agendar no site vacina.petrolina.pe.gov.br. A programa\u00e7\u00e3o feita pelo munic\u00edpio visa imunizar, em um \u00fanico dia, a popula\u00e7\u00e3o de a partir de 18 anos. Assim, a vacina\u00e7\u00e3o ter\u00e1 in\u00edcio \u00e0s 9h da pr\u00f3xima quarta-feira (8) e ser\u00e1 finalizada \u00e0s 9h da quinta-feira (9). Est\u00e3o sendo programados nove polos para receber este p\u00fablico durante as 24h de imuniza\u00e7\u00e3o,&hellip;\" \/>\n<meta property=\"og:url\" content=\"https:\/\/blogdofarnesio.com.br\/?p=294675\" \/>\n<meta property=\"og:site_name\" content=\"Blog do Farn\u00e9sio\" \/>\n<meta property=\"article:publisher\" content=\"https:\/\/www.facebook.com\/BlogQuerSaberPolitica\/\" \/>\n<meta property=\"article:published_time\" content=\"2021-09-03T13:22:37+00:00\" \/>\n<meta property=\"og:image\" content=\"https:\/\/blogdofarnesio.com.br\/wp-content\/uploads\/2021\/07\/blogqsp-vacina-BCG-e1626127874110.jpeg\" \/>\n\t<meta property=\"og:image:width\" content=\"680\" \/>\n\t<meta property=\"og:image:height\" content=\"509\" \/>\n\t<meta property=\"og:image:type\" content=\"image\/jpeg\" \/>\n<meta name=\"author\" content=\"Farn\u00e9sio\" \/>\n<meta name=\"twitter:card\" content=\"summary_large_image\" \/>\n<meta name=\"twitter:label1\" content=\"Escrito por\" \/>\n\t<meta name=\"twitter:data1\" content=\"Farn\u00e9sio\" \/>\n\t<meta name=\"twitter:label2\" content=\"Est. tempo de leitura\" \/>\n\t<meta name=\"twitter:data2\" content=\"1 minuto\" \/>\n<script type=\"application\/ld+json\" class=\"yoast-schema-graph\">{\"@context\":\"https:\\\/\\\/schema.org\",\"@graph\":[{\"@type\":\"Article\",\"@id\":\"https:\\\/\\\/blogdofarnesio.com.br\\\/?p=294675#article\",\"isPartOf\":{\"@id\":\"https:\\\/\\\/blogdofarnesio.com.br\\\/?p=294675\"},\"author\":{\"name\":\"Farn\u00e9sio\",\"@id\":\"https:\\\/\\\/blogdofarnesio.com.br\\\/#\\\/schema\\\/person\\\/301c4acf522bccbfdb45af95b5b906a1\"},\"headline\":\"Prefeitura programa 24h de vacina\u00e7\u00e3o em Petrolina. Agendamento a partir das 14hs\",\"datePublished\":\"2021-09-03T13:22:37+00:00\",\"mainEntityOfPage\":{\"@id\":\"https:\\\/\\\/blogdofarnesio.com.br\\\/?p=294675\"},\"wordCount\":189,\"publisher\":{\"@id\":\"https:\\\/\\\/blogdofarnesio.com.br\\\/#organization\"},\"image\":{\"@id\":\"https:\\\/\\\/blogdofarnesio.com.br\\\/?p=294675#primaryimage\"},\"thumbnailUrl\":\"https:\\\/\\\/blogdofarnesio.com.br\\\/wp-content\\\/uploads\\\/2021\\\/07\\\/blogqsp-vacina-BCG-e1626127874110.jpeg\",\"articleSection\":[\"Pol\u00edtica\"],\"inLanguage\":\"pt-BR\"},{\"@type\":\"WebPage\",\"@id\":\"https:\\\/\\\/blogdofarnesio.com.br\\\/?p=294675\",\"url\":\"https:\\\/\\\/blogdofarnesio.com.br\\\/?p=294675\",\"name\":\"Prefeitura programa 24h de vacina\u00e7\u00e3o em Petrolina. Agendamento a partir das 14hs - Blog do Farn\u00e9sio\",\"isPartOf\":{\"@id\":\"https:\\\/\\\/blogdofarnesio.com.br\\\/#website\"},\"primaryImageOfPage\":{\"@id\":\"https:\\\/\\\/blogdofarnesio.com.br\\\/?p=294675#primaryimage\"},\"image\":{\"@id\":\"https:\\\/\\\/blogdofarnesio.com.br\\\/?p=294675#primaryimage\"},\"thumbnailUrl\":\"https:\\\/\\\/blogdofarnesio.com.br\\\/wp-content\\\/uploads\\\/2021\\\/07\\\/blogqsp-vacina-BCG-e1626127874110.jpeg\",\"datePublished\":\"2021-09-03T13:22:37+00:00\",\"breadcrumb\":{\"@id\":\"https:\\\/\\\/blogdofarnesio.com.br\\\/?p=294675#breadcrumb\"},\"inLanguage\":\"pt-BR\",\"potentialAction\":[{\"@type\":\"ReadAction\",\"target\":[\"https:\\\/\\\/blogdofarnesio.com.br\\\/?p=294675\"]}]},{\"@type\":\"ImageObject\",\"inLanguage\":\"pt-BR\",\"@id\":\"https:\\\/\\\/blogdofarnesio.com.br\\\/?p=294675#primaryimage\",\"url\":\"https:\\\/\\\/blogdofarnesio.com.br\\\/wp-content\\\/uploads\\\/2021\\\/07\\\/blogqsp-vacina-BCG-e1626127874110.jpeg\",\"contentUrl\":\"https:\\\/\\\/blogdofarnesio.com.br\\\/wp-content\\\/uploads\\\/2021\\\/07\\\/blogqsp-vacina-BCG-e1626127874110.jpeg\",\"width\":680,\"height\":509},{\"@type\":\"BreadcrumbList\",\"@id\":\"https:\\\/\\\/blogdofarnesio.com.br\\\/?p=294675#breadcrumb\",\"itemListElement\":[{\"@type\":\"ListItem\",\"position\":1,\"name\":\"In\u00edcio\",\"item\":\"https:\\\/\\\/blogdofarnesio.com.br\\\/\"},{\"@type\":\"ListItem\",\"position\":2,\"name\":\"Prefeitura programa 24h de vacina\u00e7\u00e3o em Petrolina. Agendamento a partir das 14hs\"}]},{\"@type\":\"WebSite\",\"@id\":\"https:\\\/\\\/blogdofarnesio.com.br\\\/#website\",\"url\":\"https:\\\/\\\/blogdofarnesio.com.br\\\/\",\"name\":\"Blog do Farn\u00e9sio\",\"description\":\"Quer Saber Pol\u00edtica?\",\"publisher\":{\"@id\":\"https:\\\/\\\/blogdofarnesio.com.br\\\/#organization\"},\"potentialAction\":[{\"@type\":\"SearchAction\",\"target\":{\"@type\":\"EntryPoint\",\"urlTemplate\":\"https:\\\/\\\/blogdofarnesio.com.br\\\/?s={search_term_string}\"},\"query-input\":{\"@type\":\"PropertyValueSpecification\",\"valueRequired\":true,\"valueName\":\"search_term_string\"}}],\"inLanguage\":\"pt-BR\"},{\"@type\":\"Organization\",\"@id\":\"https:\\\/\\\/blogdofarnesio.com.br\\\/#organization\",\"name\":\"Blog do Farn\u00e9sio\",\"url\":\"https:\\\/\\\/blogdofarnesio.com.br\\\/\",\"logo\":{\"@type\":\"ImageObject\",\"inLanguage\":\"pt-BR\",\"@id\":\"https:\\\/\\\/blogdofarnesio.com.br\\\/#\\\/schema\\\/logo\\\/image\\\/\",\"url\":\"https:\\\/\\\/blogdofarnesio.com.br\\\/wp-content\\\/uploads\\\/2026\\\/03\\\/cropped-logo_new-1.png\",\"contentUrl\":\"https:\\\/\\\/blogdofarnesio.com.br\\\/wp-content\\\/uploads\\\/2026\\\/03\\\/cropped-logo_new-1.png\",\"width\":881,\"height\":685,\"caption\":\"Blog do Farn\u00e9sio\"},\"image\":{\"@id\":\"https:\\\/\\\/blogdofarnesio.com.br\\\/#\\\/schema\\\/logo\\\/image\\\/\"},\"sameAs\":[\"https:\\\/\\\/www.facebook.com\\\/BlogQuerSaberPolitica\\\/\"]},{\"@type\":\"Person\",\"@id\":\"https:\\\/\\\/blogdofarnesio.com.br\\\/#\\\/schema\\\/person\\\/301c4acf522bccbfdb45af95b5b906a1\",\"name\":\"Farn\u00e9sio\",\"image\":{\"@type\":\"ImageObject\",\"inLanguage\":\"pt-BR\",\"@id\":\"https:\\\/\\\/secure.gravatar.com\\\/avatar\\\/df0c9a14567c056f8ad6876ba5bbd1e3e2c48023eb6807342fc4663adf549f38?s=96&d=mm&r=g\",\"url\":\"https:\\\/\\\/secure.gravatar.com\\\/avatar\\\/df0c9a14567c056f8ad6876ba5bbd1e3e2c48023eb6807342fc4663adf549f38?s=96&d=mm&r=g\",\"contentUrl\":\"https:\\\/\\\/secure.gravatar.com\\\/avatar\\\/df0c9a14567c056f8ad6876ba5bbd1e3e2c48023eb6807342fc4663adf549f38?s=96&d=mm&r=g\",\"caption\":\"Farn\u00e9sio\"},\"sameAs\":[\"https:\\\/\\\/quersaberpolitica.com.br\"],\"url\":\"https:\\\/\\\/blogdofarnesio.com.br\\\/?author=1\"}]}<\/script>\n<!-- \/ Yoast SEO plugin. -->","yoast_head_json":{"title":"Prefeitura programa 24h de vacina\u00e7\u00e3o em Petrolina. Agendamento a partir das 14hs - Blog do Farn\u00e9sio","robots":{"index":"index","follow":"follow","max-snippet":"max-snippet:-1","max-image-preview":"max-image-preview:large","max-video-preview":"max-video-preview:-1"},"canonical":"https:\/\/blogdofarnesio.com.br\/?p=294675","og_locale":"pt_BR","og_type":"article","og_title":"Prefeitura programa 24h de vacina\u00e7\u00e3o em Petrolina. Agendamento a partir das 14hs - Blog do Farn\u00e9sio","og_description":"Nesta sexta-feira (3), Petrolina ir\u00e1 receber mais de 12 mil doses da vacina contra a COVID-19, com isso, a Secretaria de Sa\u00fade vai abrir, \u00e0s 14h, o agendamento para imuniza\u00e7\u00e3o do p\u00fablico em geral a partir de 18 anos. Para imunizar este p\u00fablico, o munic\u00edpio vai disponibilizar no dia 8 de setembro, 24h de vacina\u00e7\u00e3o em Petrolina. Para receber o imuno, o p\u00fablico precisa agendar no site vacina.petrolina.pe.gov.br. A programa\u00e7\u00e3o feita pelo munic\u00edpio visa imunizar, em um \u00fanico dia, a popula\u00e7\u00e3o de a partir de 18 anos. Assim, a vacina\u00e7\u00e3o ter\u00e1 in\u00edcio \u00e0s 9h da pr\u00f3xima quarta-feira (8) e ser\u00e1 finalizada \u00e0s 9h da quinta-feira (9). Est\u00e3o sendo programados nove polos para receber este p\u00fablico durante as 24h de imuniza\u00e7\u00e3o,&hellip;","og_url":"https:\/\/blogdofarnesio.com.br\/?p=294675","og_site_name":"Blog do Farn\u00e9sio","article_publisher":"https:\/\/www.facebook.com\/BlogQuerSaberPolitica\/","article_published_time":"2021-09-03T13:22:37+00:00","og_image":[{"width":680,"height":509,"url":"https:\/\/blogdofarnesio.com.br\/wp-content\/uploads\/2021\/07\/blogqsp-vacina-BCG-e1626127874110.jpeg","type":"image\/jpeg"}],"author":"Farn\u00e9sio","twitter_card":"summary_large_image","twitter_misc":{"Escrito por":"Farn\u00e9sio","Est. tempo de leitura":"1 minuto"},"schema":{"@context":"https:\/\/schema.org","@graph":[{"@type":"Article","@id":"https:\/\/blogdofarnesio.com.br\/?p=294675#article","isPartOf":{"@id":"https:\/\/blogdofarnesio.com.br\/?p=294675"},"author":{"name":"Farn\u00e9sio","@id":"https:\/\/blogdofarnesio.com.br\/#\/schema\/person\/301c4acf522bccbfdb45af95b5b906a1"},"headline":"Prefeitura programa 24h de vacina\u00e7\u00e3o em Petrolina. Agendamento a partir das 14hs","datePublished":"2021-09-03T13:22:37+00:00","mainEntityOfPage":{"@id":"https:\/\/blogdofarnesio.com.br\/?p=294675"},"wordCount":189,"publisher":{"@id":"https:\/\/blogdofarnesio.com.br\/#organization"},"image":{"@id":"https:\/\/blogdofarnesio.com.br\/?p=294675#primaryimage"},"thumbnailUrl":"https:\/\/blogdofarnesio.com.br\/wp-content\/uploads\/2021\/07\/blogqsp-vacina-BCG-e1626127874110.jpeg","articleSection":["Pol\u00edtica"],"inLanguage":"pt-BR"},{"@type":"WebPage","@id":"https:\/\/blogdofarnesio.com.br\/?p=294675","url":"https:\/\/blogdofarnesio.com.br\/?p=294675","name":"Prefeitura programa 24h de vacina\u00e7\u00e3o em Petrolina. Agendamento a partir das 14hs - Blog do Farn\u00e9sio","isPartOf":{"@id":"https:\/\/blogdofarnesio.com.br\/#website"},"primaryImageOfPage":{"@id":"https:\/\/blogdofarnesio.com.br\/?p=294675#primaryimage"},"image":{"@id":"https:\/\/blogdofarnesio.com.br\/?p=294675#primaryimage"},"thumbnailUrl":"https:\/\/blogdofarnesio.com.br\/wp-content\/uploads\/2021\/07\/blogqsp-vacina-BCG-e1626127874110.jpeg","datePublished":"2021-09-03T13:22:37+00:00","breadcrumb":{"@id":"https:\/\/blogdofarnesio.com.br\/?p=294675#breadcrumb"},"inLanguage":"pt-BR","potentialAction":[{"@type":"ReadAction","target":["https:\/\/blogdofarnesio.com.br\/?p=294675"]}]},{"@type":"ImageObject","inLanguage":"pt-BR","@id":"https:\/\/blogdofarnesio.com.br\/?p=294675#primaryimage","url":"https:\/\/blogdofarnesio.com.br\/wp-content\/uploads\/2021\/07\/blogqsp-vacina-BCG-e1626127874110.jpeg","contentUrl":"https:\/\/blogdofarnesio.com.br\/wp-content\/uploads\/2021\/07\/blogqsp-vacina-BCG-e1626127874110.jpeg","width":680,"height":509},{"@type":"BreadcrumbList","@id":"https:\/\/blogdofarnesio.com.br\/?p=294675#breadcrumb","itemListElement":[{"@type":"ListItem","position":1,"name":"In\u00edcio","item":"https:\/\/blogdofarnesio.com.br\/"},{"@type":"ListItem","position":2,"name":"Prefeitura programa 24h de vacina\u00e7\u00e3o em Petrolina. Agendamento a partir das 14hs"}]},{"@type":"WebSite","@id":"https:\/\/blogdofarnesio.com.br\/#website","url":"https:\/\/blogdofarnesio.com.br\/","name":"Blog do Farn\u00e9sio","description":"Quer Saber Pol\u00edtica?","publisher":{"@id":"https:\/\/blogdofarnesio.com.br\/#organization"},"potentialAction":[{"@type":"SearchAction","target":{"@type":"EntryPoint","urlTemplate":"https:\/\/blogdofarnesio.com.br\/?s={search_term_string}"},"query-input":{"@type":"PropertyValueSpecification","valueRequired":true,"valueName":"search_term_string"}}],"inLanguage":"pt-BR"},{"@type":"Organization","@id":"https:\/\/blogdofarnesio.com.br\/#organization","name":"Blog do Farn\u00e9sio","url":"https:\/\/blogdofarnesio.com.br\/","logo":{"@type":"ImageObject","inLanguage":"pt-BR","@id":"https:\/\/blogdofarnesio.com.br\/#\/schema\/logo\/image\/","url":"https:\/\/blogdofarnesio.com.br\/wp-content\/uploads\/2026\/03\/cropped-logo_new-1.png","contentUrl":"https:\/\/blogdofarnesio.com.br\/wp-content\/uploads\/2026\/03\/cropped-logo_new-1.png","width":881,"height":685,"caption":"Blog do Farn\u00e9sio"},"image":{"@id":"https:\/\/blogdofarnesio.com.br\/#\/schema\/logo\/image\/"},"sameAs":["https:\/\/www.facebook.com\/BlogQuerSaberPolitica\/"]},{"@type":"Person","@id":"https:\/\/blogdofarnesio.com.br\/#\/schema\/person\/301c4acf522bccbfdb45af95b5b906a1","name":"Farn\u00e9sio","image":{"@type":"ImageObject","inLanguage":"pt-BR","@id":"https:\/\/secure.gravatar.com\/avatar\/df0c9a14567c056f8ad6876ba5bbd1e3e2c48023eb6807342fc4663adf549f38?s=96&d=mm&r=g","url":"https:\/\/secure.gravatar.com\/avatar\/df0c9a14567c056f8ad6876ba5bbd1e3e2c48023eb6807342fc4663adf549f38?s=96&d=mm&r=g","contentUrl":"https:\/\/secure.gravatar.com\/avatar\/df0c9a14567c056f8ad6876ba5bbd1e3e2c48023eb6807342fc4663adf549f38?s=96&d=mm&r=g","caption":"Farn\u00e9sio"},"sameAs":["https:\/\/quersaberpolitica.com.br"],"url":"https:\/\/blogdofarnesio.com.br\/?author=1"}]}},"_links":{"self":[{"href":"https:\/\/blogdofarnesio.com.br\/index.php?rest_route=\/wp\/v2\/posts\/294675","targetHints":{"allow":["GET"]}}],"collection":[{"href":"https:\/\/blogdofarnesio.com.br\/index.php?rest_route=\/wp\/v2\/posts"}],"about":[{"href":"https:\/\/blogdofarnesio.com.br\/index.php?rest_route=\/wp\/v2\/types\/post"}],"author":[{"embeddable":true,"href":"https:\/\/blogdofarnesio.com.br\/index.php?rest_route=\/wp\/v2\/users\/1"}],"replies":[{"embeddable":true,"href":"https:\/\/blogdofarnesio.com.br\/index.php?rest_route=%2Fwp%2Fv2%2Fcomments&post=294675"}],"version-history":[{"count":0,"href":"https:\/\/blogdofarnesio.com.br\/index.php?rest_route=\/wp\/v2\/posts\/294675\/revisions"}],"wp:featuredmedia":[{"embeddable":true,"href":"https:\/\/blogdofarnesio.com.br\/index.php?rest_route=\/wp\/v2\/media\/290539"}],"wp:attachment":[{"href":"https:\/\/blogdofarnesio.com.br\/index.php?rest_route=%2Fwp%2Fv2%2Fmedia&parent=294675"}],"wp:term":[{"taxonomy":"category","embeddable":true,"href":"https:\/\/blogdofarnesio.com.br\/index.php?rest_route=%2Fwp%2Fv2%2Fcategories&post=294675"},{"taxonomy":"post_tag","embeddable":true,"href":"https:\/\/blogdofarnesio.com.br\/index.php?rest_route=%2Fwp%2Fv2%2Ftags&post=294675"}],"curies":[{"name":"wp","href":"https:\/\/api.w.org\/{rel}","templated":true}]}}