{"id":294671,"date":"2021-09-03T13:00:24","date_gmt":"2021-09-03T16:00:24","guid":{"rendered":"https:\/\/quersaberpolitica.com.br\/?p=294671"},"modified":"2021-09-03T11:20:30","modified_gmt":"2021-09-03T14:20:30","slug":"policia-federal-prende-assessor-de-marcos-rogerio-em-operacao-de-combate-ao-trafico-de-drogas","status":"publish","type":"post","link":"https:\/\/blogdofarnesio.com.br\/?p=294671","title":{"rendered":"Pol\u00edcia Federal prende assessor de Marcos Rog\u00e9rio em opera\u00e7\u00e3o de combate ao tr\u00e1fico de drogas"},"content":{"rendered":"<div class=\"col-md-8\">\n<div class=\"article-header\">\n<div class=\"content\"><\/div>\n<\/div>\n<\/div>\n<div class=\"col-md-8\">\n<div class=\"article-content naoSelecionavel\">\n<figure class=\"article-opening\">\n<div class=\"image-opening\">No jornal Globo &#8211;<\/div>\n<\/figure>\n<div class=\"row justify-content-center\">\n<div class=\"col-md-9\">\n<div id=\"textContent\">\n<div id=\"textContentCount\" class=\"\">\n<p class=\"texto\">BRAS\u00cdLIA \u2013 Um assessor parlamentar do senador Marcos Rog\u00e9rio (DEM-RO), integrante da base do governo do presidente Jair Bolsonaro, foi preso na quarta-feira durante a Opera\u00e7\u00e3o Alcance, deflagrada pela Pol\u00edcia Federal em Rond\u00f4nia, Cear\u00e1, Roraima e Minas Gerais.<\/p>\n<p class=\"texto\">Ap\u00f3s o an\u00fancio da pris\u00e3o, o parlamentar anunciou divulgou uma nota afirmando que exonerou o assessor. A pris\u00e3o foi confirmada pela assessoria de imprensa da PF em Rond\u00f4nia.<\/p>\n<p class=\"texto\">O nome do assessor preso \u00e9 Marcelo Guimar\u00e3es Cortez Leite. Ele era lotado no gabinete de Marcos Rog\u00e9rio em Porto Velho, capital de Rond\u00f4nia. A Opera\u00e7\u00e3o Alcance investiga uma organiza\u00e7\u00e3o criminosa que envia drogas da regi\u00e3o Norte para a cidade de Fortaleza (CE).<\/p>\n<p class=\"texto\">Marcelo foi detido e cumpre pris\u00e3o preventiva. Ele tamb\u00e9m foi alvo de um mandado de busca e apreens\u00e3o. Segundo a PF, n\u00e3o h\u00e1 ind\u00edcios de liga\u00e7\u00e3o entre o esquema no qual Marcelo estaria envolvido e o senador Marcos Rog\u00e9rio. Segundo as investiga\u00e7\u00f5es, ele seria casado com uma promotora de Justi\u00e7a de Rond\u00f4nia.<\/p>\n<p class=\"texto\">Al\u00e9m do tr\u00e1fico de drogas, a opera\u00e7\u00e3o investiga um esquema de lavagem de dinheiro utilizado para \u201cesquentar\u201d os recursos oriundos da venda de coca\u00edna. A organiza\u00e7\u00e3o criminosa seria composta por dois n\u00facleos. Um deles era o respons\u00e1vel pela remessa da droga de Rond\u00f4nia ao Cear\u00e1 por meio de carretas. O outro n\u00facleo ficava encarregado de \u201clavar\u201d o dinheiro.<\/p>\n<p class=\"texto\">Foram apreendidas sete remessas de drogas totalizando uma tonelada de coca\u00edna. Ainda segundo as investiga\u00e7\u00f5es, a PF conseguiu detectar que uma empresa sem sede f\u00edsica ligada ao esquema movimentou R$ 85 milh\u00f5es em 2020.<\/p>\n<p class=\"texto\">O dinheiro do grupo era ocultado por meio da utiliza\u00e7\u00e3o de postos de gasolina, im\u00f3veis rurais e de luxo e a compra de equipamentos como jet-skis.<\/p>\n<p class=\"texto\">Pelo Twitter, Marcos Rog\u00e9rio anunciou que exonerou o assessor.<\/p>\n<p class=\"texto\">\u201cFui surpreendido com a not\u00edcia de busca e apreens\u00e3o na casa de um dos meus assessores, lotado no escrit\u00f3rio de apoio parlamentar de Porto Velho. N\u00e3o tenho informa\u00e7\u00f5es se existe ou n\u00e3o envolvimento na pr\u00e1tica de algum il\u00edcito, mas em decorr\u00eancia das investiga\u00e7\u00f5es em curso decidi exoner\u00e1-lo, aguardando maiores esclarecimentos dos fatos.\u201d, disse Marcos Rog\u00e9rio em seu perfil na rede social.<\/p>\n<p class=\"texto\">Rond\u00f4nia \u00e9 um dos principais corredores da regi\u00e3o Norte para o escoamento de drogas produzidas na Bol\u00edvia e no Peru.<\/p>\n<p class=\"texto\">A reportagem n\u00e3o conseguiu localizar a defesa de Marcelo Leite.<\/p>\n<\/div>\n<\/div>\n<\/div>\n<\/div>\n<\/div>\n<div class=\"article-tags\"><\/div>\n<\/div>\n","protected":false},"excerpt":{"rendered":"<p>No jornal Globo &#8211; BRAS\u00cdLIA \u2013 Um assessor parlamentar do senador Marcos Rog\u00e9rio (DEM-RO), integrante da base do governo do presidente Jair Bolsonaro, foi preso na quarta-feira durante a Opera\u00e7\u00e3o Alcance, deflagrada pela Pol\u00edcia Federal em Rond\u00f4nia, Cear\u00e1, Roraima e Minas Gerais. Ap\u00f3s o an\u00fancio da pris\u00e3o, o parlamentar anunciou divulgou uma nota afirmando que exonerou o assessor. A pris\u00e3o foi confirmada pela assessoria de imprensa da PF em Rond\u00f4nia. O nome do assessor preso \u00e9 Marcelo Guimar\u00e3es Cortez Leite. Ele era lotado no gabinete de Marcos Rog\u00e9rio em Porto Velho, capital de Rond\u00f4nia. A Opera\u00e7\u00e3o Alcance investiga uma organiza\u00e7\u00e3o criminosa que envia drogas da regi\u00e3o Norte para a cidade de Fortaleza (CE). Marcelo foi detido e cumpre pris\u00e3o preventiva.&hellip; <\/p>\n","protected":false},"author":1,"featured_media":294672,"comment_status":"closed","ping_status":"closed","sticky":false,"template":"","format":"standard","meta":{"_acf_changed":false,"footnotes":""},"categories":[1],"tags":[],"class_list":["post-294671","post","type-post","status-publish","format-standard","has-post-thumbnail","hentry","category-politica"],"acf":[],"yoast_head":"<!-- This site is optimized with the Yoast SEO plugin v27.4 - https:\/\/yoast.com\/product\/yoast-seo-wordpress\/ -->\n<title>Pol\u00edcia Federal prende assessor de Marcos Rog\u00e9rio em opera\u00e7\u00e3o de combate ao tr\u00e1fico de drogas - Blog do Farn\u00e9sio<\/title>\n<meta name=\"robots\" content=\"index, follow, max-snippet:-1, max-image-preview:large, max-video-preview:-1\" \/>\n<link rel=\"canonical\" href=\"https:\/\/blogdofarnesio.com.br\/?p=294671\" \/>\n<meta property=\"og:locale\" content=\"pt_BR\" \/>\n<meta property=\"og:type\" content=\"article\" \/>\n<meta property=\"og:title\" content=\"Pol\u00edcia Federal prende assessor de Marcos Rog\u00e9rio em opera\u00e7\u00e3o de combate ao tr\u00e1fico de drogas - Blog do Farn\u00e9sio\" \/>\n<meta property=\"og:description\" content=\"No jornal Globo &#8211; BRAS\u00cdLIA \u2013 Um assessor parlamentar do senador Marcos Rog\u00e9rio (DEM-RO), integrante da base do governo do presidente Jair Bolsonaro, foi preso na quarta-feira durante a Opera\u00e7\u00e3o Alcance, deflagrada pela Pol\u00edcia Federal em Rond\u00f4nia, Cear\u00e1, Roraima e Minas Gerais. Ap\u00f3s o an\u00fancio da pris\u00e3o, o parlamentar anunciou divulgou uma nota afirmando que exonerou o assessor. A pris\u00e3o foi confirmada pela assessoria de imprensa da PF em Rond\u00f4nia. O nome do assessor preso \u00e9 Marcelo Guimar\u00e3es Cortez Leite. Ele era lotado no gabinete de Marcos Rog\u00e9rio em Porto Velho, capital de Rond\u00f4nia. A Opera\u00e7\u00e3o Alcance investiga uma organiza\u00e7\u00e3o criminosa que envia drogas da regi\u00e3o Norte para a cidade de Fortaleza (CE). Marcelo foi detido e cumpre pris\u00e3o preventiva.&hellip;\" \/>\n<meta property=\"og:url\" content=\"https:\/\/blogdofarnesio.com.br\/?p=294671\" \/>\n<meta property=\"og:site_name\" content=\"Blog do Farn\u00e9sio\" \/>\n<meta property=\"article:publisher\" content=\"https:\/\/www.facebook.com\/BlogQuerSaberPolitica\/\" \/>\n<meta property=\"article:published_time\" content=\"2021-09-03T16:00:24+00:00\" \/>\n<meta property=\"og:image\" content=\"https:\/\/blogdofarnesio.com.br\/wp-content\/uploads\/2021\/09\/blogqspsen-marcos_rogerio-17505125.jpg\" \/>\n\t<meta property=\"og:image:width\" content=\"806\" \/>\n\t<meta property=\"og:image:height\" content=\"443\" \/>\n\t<meta property=\"og:image:type\" content=\"image\/jpeg\" \/>\n<meta name=\"author\" content=\"Farn\u00e9sio\" \/>\n<meta name=\"twitter:card\" content=\"summary_large_image\" \/>\n<meta name=\"twitter:label1\" content=\"Escrito por\" \/>\n\t<meta name=\"twitter:data1\" content=\"Farn\u00e9sio\" \/>\n\t<meta name=\"twitter:label2\" content=\"Est. tempo de leitura\" \/>\n\t<meta name=\"twitter:data2\" content=\"2 minutos\" \/>\n<script type=\"application\/ld+json\" class=\"yoast-schema-graph\">{\"@context\":\"https:\\\/\\\/schema.org\",\"@graph\":[{\"@type\":\"Article\",\"@id\":\"https:\\\/\\\/blogdofarnesio.com.br\\\/?p=294671#article\",\"isPartOf\":{\"@id\":\"https:\\\/\\\/blogdofarnesio.com.br\\\/?p=294671\"},\"author\":{\"name\":\"Farn\u00e9sio\",\"@id\":\"https:\\\/\\\/blogdofarnesio.com.br\\\/#\\\/schema\\\/person\\\/301c4acf522bccbfdb45af95b5b906a1\"},\"headline\":\"Pol\u00edcia Federal prende assessor de Marcos Rog\u00e9rio em opera\u00e7\u00e3o de combate ao tr\u00e1fico de drogas\",\"datePublished\":\"2021-09-03T16:00:24+00:00\",\"mainEntityOfPage\":{\"@id\":\"https:\\\/\\\/blogdofarnesio.com.br\\\/?p=294671\"},\"wordCount\":455,\"publisher\":{\"@id\":\"https:\\\/\\\/blogdofarnesio.com.br\\\/#organization\"},\"image\":{\"@id\":\"https:\\\/\\\/blogdofarnesio.com.br\\\/?p=294671#primaryimage\"},\"thumbnailUrl\":\"https:\\\/\\\/blogdofarnesio.com.br\\\/wp-content\\\/uploads\\\/2021\\\/09\\\/blogqspsen-marcos_rogerio-17505125.jpg\",\"articleSection\":[\"Pol\u00edtica\"],\"inLanguage\":\"pt-BR\"},{\"@type\":\"WebPage\",\"@id\":\"https:\\\/\\\/blogdofarnesio.com.br\\\/?p=294671\",\"url\":\"https:\\\/\\\/blogdofarnesio.com.br\\\/?p=294671\",\"name\":\"Pol\u00edcia Federal prende assessor de Marcos Rog\u00e9rio em opera\u00e7\u00e3o de combate ao tr\u00e1fico de drogas - Blog do Farn\u00e9sio\",\"isPartOf\":{\"@id\":\"https:\\\/\\\/blogdofarnesio.com.br\\\/#website\"},\"primaryImageOfPage\":{\"@id\":\"https:\\\/\\\/blogdofarnesio.com.br\\\/?p=294671#primaryimage\"},\"image\":{\"@id\":\"https:\\\/\\\/blogdofarnesio.com.br\\\/?p=294671#primaryimage\"},\"thumbnailUrl\":\"https:\\\/\\\/blogdofarnesio.com.br\\\/wp-content\\\/uploads\\\/2021\\\/09\\\/blogqspsen-marcos_rogerio-17505125.jpg\",\"datePublished\":\"2021-09-03T16:00:24+00:00\",\"breadcrumb\":{\"@id\":\"https:\\\/\\\/blogdofarnesio.com.br\\\/?p=294671#breadcrumb\"},\"inLanguage\":\"pt-BR\",\"potentialAction\":[{\"@type\":\"ReadAction\",\"target\":[\"https:\\\/\\\/blogdofarnesio.com.br\\\/?p=294671\"]}]},{\"@type\":\"ImageObject\",\"inLanguage\":\"pt-BR\",\"@id\":\"https:\\\/\\\/blogdofarnesio.com.br\\\/?p=294671#primaryimage\",\"url\":\"https:\\\/\\\/blogdofarnesio.com.br\\\/wp-content\\\/uploads\\\/2021\\\/09\\\/blogqspsen-marcos_rogerio-17505125.jpg\",\"contentUrl\":\"https:\\\/\\\/blogdofarnesio.com.br\\\/wp-content\\\/uploads\\\/2021\\\/09\\\/blogqspsen-marcos_rogerio-17505125.jpg\",\"width\":806,\"height\":443},{\"@type\":\"BreadcrumbList\",\"@id\":\"https:\\\/\\\/blogdofarnesio.com.br\\\/?p=294671#breadcrumb\",\"itemListElement\":[{\"@type\":\"ListItem\",\"position\":1,\"name\":\"In\u00edcio\",\"item\":\"https:\\\/\\\/blogdofarnesio.com.br\\\/\"},{\"@type\":\"ListItem\",\"position\":2,\"name\":\"Pol\u00edcia Federal prende assessor de Marcos Rog\u00e9rio em opera\u00e7\u00e3o de combate ao tr\u00e1fico de drogas\"}]},{\"@type\":\"WebSite\",\"@id\":\"https:\\\/\\\/blogdofarnesio.com.br\\\/#website\",\"url\":\"https:\\\/\\\/blogdofarnesio.com.br\\\/\",\"name\":\"Blog do Farn\u00e9sio\",\"description\":\"Quer Saber Pol\u00edtica?\",\"publisher\":{\"@id\":\"https:\\\/\\\/blogdofarnesio.com.br\\\/#organization\"},\"potentialAction\":[{\"@type\":\"SearchAction\",\"target\":{\"@type\":\"EntryPoint\",\"urlTemplate\":\"https:\\\/\\\/blogdofarnesio.com.br\\\/?s={search_term_string}\"},\"query-input\":{\"@type\":\"PropertyValueSpecification\",\"valueRequired\":true,\"valueName\":\"search_term_string\"}}],\"inLanguage\":\"pt-BR\"},{\"@type\":\"Organization\",\"@id\":\"https:\\\/\\\/blogdofarnesio.com.br\\\/#organization\",\"name\":\"Blog do Farn\u00e9sio\",\"url\":\"https:\\\/\\\/blogdofarnesio.com.br\\\/\",\"logo\":{\"@type\":\"ImageObject\",\"inLanguage\":\"pt-BR\",\"@id\":\"https:\\\/\\\/blogdofarnesio.com.br\\\/#\\\/schema\\\/logo\\\/image\\\/\",\"url\":\"https:\\\/\\\/blogdofarnesio.com.br\\\/wp-content\\\/uploads\\\/2026\\\/03\\\/cropped-logo_new-1.png\",\"contentUrl\":\"https:\\\/\\\/blogdofarnesio.com.br\\\/wp-content\\\/uploads\\\/2026\\\/03\\\/cropped-logo_new-1.png\",\"width\":881,\"height\":685,\"caption\":\"Blog do Farn\u00e9sio\"},\"image\":{\"@id\":\"https:\\\/\\\/blogdofarnesio.com.br\\\/#\\\/schema\\\/logo\\\/image\\\/\"},\"sameAs\":[\"https:\\\/\\\/www.facebook.com\\\/BlogQuerSaberPolitica\\\/\"]},{\"@type\":\"Person\",\"@id\":\"https:\\\/\\\/blogdofarnesio.com.br\\\/#\\\/schema\\\/person\\\/301c4acf522bccbfdb45af95b5b906a1\",\"name\":\"Farn\u00e9sio\",\"image\":{\"@type\":\"ImageObject\",\"inLanguage\":\"pt-BR\",\"@id\":\"https:\\\/\\\/secure.gravatar.com\\\/avatar\\\/df0c9a14567c056f8ad6876ba5bbd1e3e2c48023eb6807342fc4663adf549f38?s=96&d=mm&r=g\",\"url\":\"https:\\\/\\\/secure.gravatar.com\\\/avatar\\\/df0c9a14567c056f8ad6876ba5bbd1e3e2c48023eb6807342fc4663adf549f38?s=96&d=mm&r=g\",\"contentUrl\":\"https:\\\/\\\/secure.gravatar.com\\\/avatar\\\/df0c9a14567c056f8ad6876ba5bbd1e3e2c48023eb6807342fc4663adf549f38?s=96&d=mm&r=g\",\"caption\":\"Farn\u00e9sio\"},\"sameAs\":[\"https:\\\/\\\/quersaberpolitica.com.br\"],\"url\":\"https:\\\/\\\/blogdofarnesio.com.br\\\/?author=1\"}]}<\/script>\n<!-- \/ Yoast SEO plugin. -->","yoast_head_json":{"title":"Pol\u00edcia Federal prende assessor de Marcos Rog\u00e9rio em opera\u00e7\u00e3o de combate ao tr\u00e1fico de drogas - Blog do Farn\u00e9sio","robots":{"index":"index","follow":"follow","max-snippet":"max-snippet:-1","max-image-preview":"max-image-preview:large","max-video-preview":"max-video-preview:-1"},"canonical":"https:\/\/blogdofarnesio.com.br\/?p=294671","og_locale":"pt_BR","og_type":"article","og_title":"Pol\u00edcia Federal prende assessor de Marcos Rog\u00e9rio em opera\u00e7\u00e3o de combate ao tr\u00e1fico de drogas - Blog do Farn\u00e9sio","og_description":"No jornal Globo &#8211; BRAS\u00cdLIA \u2013 Um assessor parlamentar do senador Marcos Rog\u00e9rio (DEM-RO), integrante da base do governo do presidente Jair Bolsonaro, foi preso na quarta-feira durante a Opera\u00e7\u00e3o Alcance, deflagrada pela Pol\u00edcia Federal em Rond\u00f4nia, Cear\u00e1, Roraima e Minas Gerais. Ap\u00f3s o an\u00fancio da pris\u00e3o, o parlamentar anunciou divulgou uma nota afirmando que exonerou o assessor. A pris\u00e3o foi confirmada pela assessoria de imprensa da PF em Rond\u00f4nia. O nome do assessor preso \u00e9 Marcelo Guimar\u00e3es Cortez Leite. Ele era lotado no gabinete de Marcos Rog\u00e9rio em Porto Velho, capital de Rond\u00f4nia. A Opera\u00e7\u00e3o Alcance investiga uma organiza\u00e7\u00e3o criminosa que envia drogas da regi\u00e3o Norte para a cidade de Fortaleza (CE). Marcelo foi detido e cumpre pris\u00e3o preventiva.&hellip;","og_url":"https:\/\/blogdofarnesio.com.br\/?p=294671","og_site_name":"Blog do Farn\u00e9sio","article_publisher":"https:\/\/www.facebook.com\/BlogQuerSaberPolitica\/","article_published_time":"2021-09-03T16:00:24+00:00","og_image":[{"width":806,"height":443,"url":"https:\/\/blogdofarnesio.com.br\/wp-content\/uploads\/2021\/09\/blogqspsen-marcos_rogerio-17505125.jpg","type":"image\/jpeg"}],"author":"Farn\u00e9sio","twitter_card":"summary_large_image","twitter_misc":{"Escrito por":"Farn\u00e9sio","Est. tempo de leitura":"2 minutos"},"schema":{"@context":"https:\/\/schema.org","@graph":[{"@type":"Article","@id":"https:\/\/blogdofarnesio.com.br\/?p=294671#article","isPartOf":{"@id":"https:\/\/blogdofarnesio.com.br\/?p=294671"},"author":{"name":"Farn\u00e9sio","@id":"https:\/\/blogdofarnesio.com.br\/#\/schema\/person\/301c4acf522bccbfdb45af95b5b906a1"},"headline":"Pol\u00edcia Federal prende assessor de Marcos Rog\u00e9rio em opera\u00e7\u00e3o de combate ao tr\u00e1fico de drogas","datePublished":"2021-09-03T16:00:24+00:00","mainEntityOfPage":{"@id":"https:\/\/blogdofarnesio.com.br\/?p=294671"},"wordCount":455,"publisher":{"@id":"https:\/\/blogdofarnesio.com.br\/#organization"},"image":{"@id":"https:\/\/blogdofarnesio.com.br\/?p=294671#primaryimage"},"thumbnailUrl":"https:\/\/blogdofarnesio.com.br\/wp-content\/uploads\/2021\/09\/blogqspsen-marcos_rogerio-17505125.jpg","articleSection":["Pol\u00edtica"],"inLanguage":"pt-BR"},{"@type":"WebPage","@id":"https:\/\/blogdofarnesio.com.br\/?p=294671","url":"https:\/\/blogdofarnesio.com.br\/?p=294671","name":"Pol\u00edcia Federal prende assessor de Marcos Rog\u00e9rio em opera\u00e7\u00e3o de combate ao tr\u00e1fico de drogas - Blog do Farn\u00e9sio","isPartOf":{"@id":"https:\/\/blogdofarnesio.com.br\/#website"},"primaryImageOfPage":{"@id":"https:\/\/blogdofarnesio.com.br\/?p=294671#primaryimage"},"image":{"@id":"https:\/\/blogdofarnesio.com.br\/?p=294671#primaryimage"},"thumbnailUrl":"https:\/\/blogdofarnesio.com.br\/wp-content\/uploads\/2021\/09\/blogqspsen-marcos_rogerio-17505125.jpg","datePublished":"2021-09-03T16:00:24+00:00","breadcrumb":{"@id":"https:\/\/blogdofarnesio.com.br\/?p=294671#breadcrumb"},"inLanguage":"pt-BR","potentialAction":[{"@type":"ReadAction","target":["https:\/\/blogdofarnesio.com.br\/?p=294671"]}]},{"@type":"ImageObject","inLanguage":"pt-BR","@id":"https:\/\/blogdofarnesio.com.br\/?p=294671#primaryimage","url":"https:\/\/blogdofarnesio.com.br\/wp-content\/uploads\/2021\/09\/blogqspsen-marcos_rogerio-17505125.jpg","contentUrl":"https:\/\/blogdofarnesio.com.br\/wp-content\/uploads\/2021\/09\/blogqspsen-marcos_rogerio-17505125.jpg","width":806,"height":443},{"@type":"BreadcrumbList","@id":"https:\/\/blogdofarnesio.com.br\/?p=294671#breadcrumb","itemListElement":[{"@type":"ListItem","position":1,"name":"In\u00edcio","item":"https:\/\/blogdofarnesio.com.br\/"},{"@type":"ListItem","position":2,"name":"Pol\u00edcia Federal prende assessor de Marcos Rog\u00e9rio em opera\u00e7\u00e3o de combate ao tr\u00e1fico de drogas"}]},{"@type":"WebSite","@id":"https:\/\/blogdofarnesio.com.br\/#website","url":"https:\/\/blogdofarnesio.com.br\/","name":"Blog do Farn\u00e9sio","description":"Quer Saber Pol\u00edtica?","publisher":{"@id":"https:\/\/blogdofarnesio.com.br\/#organization"},"potentialAction":[{"@type":"SearchAction","target":{"@type":"EntryPoint","urlTemplate":"https:\/\/blogdofarnesio.com.br\/?s={search_term_string}"},"query-input":{"@type":"PropertyValueSpecification","valueRequired":true,"valueName":"search_term_string"}}],"inLanguage":"pt-BR"},{"@type":"Organization","@id":"https:\/\/blogdofarnesio.com.br\/#organization","name":"Blog do Farn\u00e9sio","url":"https:\/\/blogdofarnesio.com.br\/","logo":{"@type":"ImageObject","inLanguage":"pt-BR","@id":"https:\/\/blogdofarnesio.com.br\/#\/schema\/logo\/image\/","url":"https:\/\/blogdofarnesio.com.br\/wp-content\/uploads\/2026\/03\/cropped-logo_new-1.png","contentUrl":"https:\/\/blogdofarnesio.com.br\/wp-content\/uploads\/2026\/03\/cropped-logo_new-1.png","width":881,"height":685,"caption":"Blog do Farn\u00e9sio"},"image":{"@id":"https:\/\/blogdofarnesio.com.br\/#\/schema\/logo\/image\/"},"sameAs":["https:\/\/www.facebook.com\/BlogQuerSaberPolitica\/"]},{"@type":"Person","@id":"https:\/\/blogdofarnesio.com.br\/#\/schema\/person\/301c4acf522bccbfdb45af95b5b906a1","name":"Farn\u00e9sio","image":{"@type":"ImageObject","inLanguage":"pt-BR","@id":"https:\/\/secure.gravatar.com\/avatar\/df0c9a14567c056f8ad6876ba5bbd1e3e2c48023eb6807342fc4663adf549f38?s=96&d=mm&r=g","url":"https:\/\/secure.gravatar.com\/avatar\/df0c9a14567c056f8ad6876ba5bbd1e3e2c48023eb6807342fc4663adf549f38?s=96&d=mm&r=g","contentUrl":"https:\/\/secure.gravatar.com\/avatar\/df0c9a14567c056f8ad6876ba5bbd1e3e2c48023eb6807342fc4663adf549f38?s=96&d=mm&r=g","caption":"Farn\u00e9sio"},"sameAs":["https:\/\/quersaberpolitica.com.br"],"url":"https:\/\/blogdofarnesio.com.br\/?author=1"}]}},"_links":{"self":[{"href":"https:\/\/blogdofarnesio.com.br\/index.php?rest_route=\/wp\/v2\/posts\/294671","targetHints":{"allow":["GET"]}}],"collection":[{"href":"https:\/\/blogdofarnesio.com.br\/index.php?rest_route=\/wp\/v2\/posts"}],"about":[{"href":"https:\/\/blogdofarnesio.com.br\/index.php?rest_route=\/wp\/v2\/types\/post"}],"author":[{"embeddable":true,"href":"https:\/\/blogdofarnesio.com.br\/index.php?rest_route=\/wp\/v2\/users\/1"}],"replies":[{"embeddable":true,"href":"https:\/\/blogdofarnesio.com.br\/index.php?rest_route=%2Fwp%2Fv2%2Fcomments&post=294671"}],"version-history":[{"count":0,"href":"https:\/\/blogdofarnesio.com.br\/index.php?rest_route=\/wp\/v2\/posts\/294671\/revisions"}],"wp:featuredmedia":[{"embeddable":true,"href":"https:\/\/blogdofarnesio.com.br\/index.php?rest_route=\/wp\/v2\/media\/294672"}],"wp:attachment":[{"href":"https:\/\/blogdofarnesio.com.br\/index.php?rest_route=%2Fwp%2Fv2%2Fmedia&parent=294671"}],"wp:term":[{"taxonomy":"category","embeddable":true,"href":"https:\/\/blogdofarnesio.com.br\/index.php?rest_route=%2Fwp%2Fv2%2Fcategories&post=294671"},{"taxonomy":"post_tag","embeddable":true,"href":"https:\/\/blogdofarnesio.com.br\/index.php?rest_route=%2Fwp%2Fv2%2Ftags&post=294671"}],"curies":[{"name":"wp","href":"https:\/\/api.w.org\/{rel}","templated":true}]}}