{"id":29459,"date":"2013-03-01T09:30:30","date_gmt":"2013-03-01T12:30:30","guid":{"rendered":"http:\/\/www.quersaberpolitica.com.br\/?p=29459"},"modified":"2013-02-28T16:27:04","modified_gmt":"2013-02-28T19:27:04","slug":"encerrado-ontem-prazo-para-entrega-do-comprovante-de-rendimentos","status":"publish","type":"post","link":"https:\/\/blogdofarnesio.com.br\/?p=29459","title":{"rendered":"Encerrado ontem, prazo para entrega do comprovante de rendimentos"},"content":{"rendered":"<h2><a style=\"text-align: justify\" href=\"http:\/\/www.quersaberpolitica.com.br\/2016\/wp-content\/uploads\/2012\/12\/blogqspleao-ir2.jpg\"><img loading=\"lazy\" decoding=\"async\" class=\"alignleft size-medium wp-image-19580\" alt=\"Le\u00e3o Faminto\" src=\"http:\/\/www.quersaberpolitica.com.br\/2016\/wp-content\/uploads\/2012\/12\/blogqspleao-ir2-300x240.jpg\" width=\"300\" height=\"240\" srcset=\"https:\/\/blogdofarnesio.com.br\/wp-content\/uploads\/2012\/12\/blogqspleao-ir2-300x240.jpg 300w, https:\/\/blogdofarnesio.com.br\/wp-content\/uploads\/2012\/12\/blogqspleao-ir2-375x300.jpg 375w, https:\/\/blogdofarnesio.com.br\/wp-content\/uploads\/2012\/12\/blogqspleao-ir2.jpg 400w\" sizes=\"auto, (max-width: 300px) 100vw, 300px\" \/><\/a><\/h2>\n<p style=\"text-align: justify\">Terminou nesta quinta-feira o prazo para as empresas entregarem aos seus funcion\u00e1rios o comprovante de rendimentos, documento que \u00e9 necess\u00e1rio para a realiza\u00e7\u00e3o da declara\u00e7\u00e3o do Imposto de Renda Pessoa F\u00edsica de 2013, ano-base 2012, segundo informa\u00e7\u00f5es da Secretaria da Receita Federal.<\/p>\n<p style=\"text-align: justify\">O comprovante de rendimentos dever\u00e1 trazer as informa\u00e7\u00f5es sobre o total dos rendimentos obtidos pelo trabalhador em 2012 e o do Imposto de Renda Retido na Fonte (IRRF) no per\u00edodo. Neste ano, a multa por n\u00e3o entregar o documento dentro do prazo, ou apresent\u00e1-lo com informa\u00e7\u00f5es incorretas, foi mantida em R$ 41,43 por funcion\u00e1rio.<\/p>\n<p style=\"text-align: justify\">Segundo o Fisco, quem n\u00e3o receber o comprovante deve comunicar o fato a uma unidade da Receita Federal. As declara\u00e7\u00f5es do pr\u00f3ximo ano come\u00e7am a ser recebidas pelo Fisco em 1\u00ba de mar\u00e7o. O prazo se estende at\u00e9 30 de abril, e quem perd\u00ea-lo est\u00e1 sujeito a uma multa m\u00ednima de R$ 165,74. A expectativa do \u00f3rg\u00e3o \u00e9 receber cerca de 25 milh\u00f5es de declara\u00e7\u00f5es neste ano. Leia mais no\u00a0<a href=\"http:\/\/g1.globo.com\/economia\/imposto-de-renda\/2013\/noticia\/2013\/02\/prazo-para-entrega-do-comprovante-de-rendimentos-termina-hoje.html\">G1<\/a>.<\/p>\n","protected":false},"excerpt":{"rendered":"<p>Terminou nesta quinta-feira o prazo para as empresas entregarem aos seus funcion\u00e1rios o comprovante de rendimentos, documento que \u00e9 necess\u00e1rio para a realiza\u00e7\u00e3o da declara\u00e7\u00e3o do Imposto de Renda Pessoa F\u00edsica de 2013, ano-base 2012, segundo informa\u00e7\u00f5es da Secretaria da Receita Federal. O comprovante de rendimentos dever\u00e1 trazer as informa\u00e7\u00f5es sobre o total dos rendimentos obtidos pelo trabalhador em 2012 e o do Imposto de Renda Retido na Fonte (IRRF) no per\u00edodo. Neste ano, a multa por n\u00e3o entregar o documento dentro do prazo, ou apresent\u00e1-lo com informa\u00e7\u00f5es incorretas, foi mantida em R$ 41,43 por funcion\u00e1rio. Segundo o Fisco, quem n\u00e3o receber o comprovante deve comunicar o fato a uma unidade da Receita Federal. As declara\u00e7\u00f5es do pr\u00f3ximo ano come\u00e7am&hellip; <\/p>\n","protected":false},"author":3,"featured_media":0,"comment_status":"open","ping_status":"open","sticky":false,"template":"","format":"standard","meta":{"_acf_changed":false,"footnotes":""},"categories":[20],"tags":[],"class_list":["post-29459","post","type-post","status-publish","format-standard","hentry","category-economia"],"acf":[],"yoast_head":"<!-- This site is optimized with the Yoast SEO plugin v27.4 - https:\/\/yoast.com\/product\/yoast-seo-wordpress\/ -->\n<title>Encerrado ontem, prazo para entrega do comprovante de rendimentos - Blog do Farn\u00e9sio<\/title>\n<meta name=\"robots\" content=\"index, follow, max-snippet:-1, max-image-preview:large, max-video-preview:-1\" \/>\n<link rel=\"canonical\" href=\"https:\/\/blogdofarnesio.com.br\/?p=29459\" \/>\n<meta property=\"og:locale\" content=\"pt_BR\" \/>\n<meta property=\"og:type\" content=\"article\" \/>\n<meta property=\"og:title\" content=\"Encerrado ontem, prazo para entrega do comprovante de rendimentos - Blog do Farn\u00e9sio\" \/>\n<meta property=\"og:description\" content=\"Terminou nesta quinta-feira o prazo para as empresas entregarem aos seus funcion\u00e1rios o comprovante de rendimentos, documento que \u00e9 necess\u00e1rio para a realiza\u00e7\u00e3o da declara\u00e7\u00e3o do Imposto de Renda Pessoa F\u00edsica de 2013, ano-base 2012, segundo informa\u00e7\u00f5es da Secretaria da Receita Federal. O comprovante de rendimentos dever\u00e1 trazer as informa\u00e7\u00f5es sobre o total dos rendimentos obtidos pelo trabalhador em 2012 e o do Imposto de Renda Retido na Fonte (IRRF) no per\u00edodo. Neste ano, a multa por n\u00e3o entregar o documento dentro do prazo, ou apresent\u00e1-lo com informa\u00e7\u00f5es incorretas, foi mantida em R$ 41,43 por funcion\u00e1rio. Segundo o Fisco, quem n\u00e3o receber o comprovante deve comunicar o fato a uma unidade da Receita Federal. As declara\u00e7\u00f5es do pr\u00f3ximo ano come\u00e7am&hellip;\" \/>\n<meta property=\"og:url\" content=\"https:\/\/blogdofarnesio.com.br\/?p=29459\" \/>\n<meta property=\"og:site_name\" content=\"Blog do Farn\u00e9sio\" \/>\n<meta property=\"article:publisher\" content=\"https:\/\/www.facebook.com\/BlogQuerSaberPolitica\/\" \/>\n<meta property=\"article:published_time\" content=\"2013-03-01T12:30:30+00:00\" \/>\n<meta property=\"og:image\" content=\"http:\/\/www.quersaberpolitica.com.br\/2016\/wp-content\/uploads\/2012\/12\/blogqspleao-ir2-300x240.jpg\" \/>\n<meta name=\"author\" content=\"teste\" \/>\n<meta name=\"twitter:card\" content=\"summary_large_image\" \/>\n<meta name=\"twitter:label1\" content=\"Escrito por\" \/>\n\t<meta name=\"twitter:data1\" content=\"teste\" \/>\n\t<meta name=\"twitter:label2\" content=\"Est. tempo de leitura\" \/>\n\t<meta name=\"twitter:data2\" content=\"1 minuto\" \/>\n<script type=\"application\/ld+json\" class=\"yoast-schema-graph\">{\"@context\":\"https:\\\/\\\/schema.org\",\"@graph\":[{\"@type\":\"Article\",\"@id\":\"https:\\\/\\\/blogdofarnesio.com.br\\\/?p=29459#article\",\"isPartOf\":{\"@id\":\"https:\\\/\\\/blogdofarnesio.com.br\\\/?p=29459\"},\"author\":{\"name\":\"teste\",\"@id\":\"https:\\\/\\\/blogdofarnesio.com.br\\\/#\\\/schema\\\/person\\\/dd1bf5eba40b687199ba45ca6b97dff9\"},\"headline\":\"Encerrado ontem, prazo para entrega do comprovante de rendimentos\",\"datePublished\":\"2013-03-01T12:30:30+00:00\",\"mainEntityOfPage\":{\"@id\":\"https:\\\/\\\/blogdofarnesio.com.br\\\/?p=29459\"},\"wordCount\":188,\"commentCount\":0,\"publisher\":{\"@id\":\"https:\\\/\\\/blogdofarnesio.com.br\\\/#organization\"},\"image\":{\"@id\":\"https:\\\/\\\/blogdofarnesio.com.br\\\/?p=29459#primaryimage\"},\"thumbnailUrl\":\"http:\\\/\\\/www.quersaberpolitica.com.br\\\/2016\\\/wp-content\\\/uploads\\\/2012\\\/12\\\/blogqspleao-ir2-300x240.jpg\",\"articleSection\":[\"Economia\"],\"inLanguage\":\"pt-BR\",\"potentialAction\":[{\"@type\":\"CommentAction\",\"name\":\"Comment\",\"target\":[\"https:\\\/\\\/blogdofarnesio.com.br\\\/?p=29459#respond\"]}]},{\"@type\":\"WebPage\",\"@id\":\"https:\\\/\\\/blogdofarnesio.com.br\\\/?p=29459\",\"url\":\"https:\\\/\\\/blogdofarnesio.com.br\\\/?p=29459\",\"name\":\"Encerrado ontem, prazo para entrega do comprovante de rendimentos - Blog do Farn\u00e9sio\",\"isPartOf\":{\"@id\":\"https:\\\/\\\/blogdofarnesio.com.br\\\/#website\"},\"primaryImageOfPage\":{\"@id\":\"https:\\\/\\\/blogdofarnesio.com.br\\\/?p=29459#primaryimage\"},\"image\":{\"@id\":\"https:\\\/\\\/blogdofarnesio.com.br\\\/?p=29459#primaryimage\"},\"thumbnailUrl\":\"http:\\\/\\\/www.quersaberpolitica.com.br\\\/2016\\\/wp-content\\\/uploads\\\/2012\\\/12\\\/blogqspleao-ir2-300x240.jpg\",\"datePublished\":\"2013-03-01T12:30:30+00:00\",\"breadcrumb\":{\"@id\":\"https:\\\/\\\/blogdofarnesio.com.br\\\/?p=29459#breadcrumb\"},\"inLanguage\":\"pt-BR\",\"potentialAction\":[{\"@type\":\"ReadAction\",\"target\":[\"https:\\\/\\\/blogdofarnesio.com.br\\\/?p=29459\"]}]},{\"@type\":\"ImageObject\",\"inLanguage\":\"pt-BR\",\"@id\":\"https:\\\/\\\/blogdofarnesio.com.br\\\/?p=29459#primaryimage\",\"url\":\"http:\\\/\\\/www.quersaberpolitica.com.br\\\/2016\\\/wp-content\\\/uploads\\\/2012\\\/12\\\/blogqspleao-ir2-300x240.jpg\",\"contentUrl\":\"http:\\\/\\\/www.quersaberpolitica.com.br\\\/2016\\\/wp-content\\\/uploads\\\/2012\\\/12\\\/blogqspleao-ir2-300x240.jpg\"},{\"@type\":\"BreadcrumbList\",\"@id\":\"https:\\\/\\\/blogdofarnesio.com.br\\\/?p=29459#breadcrumb\",\"itemListElement\":[{\"@type\":\"ListItem\",\"position\":1,\"name\":\"In\u00edcio\",\"item\":\"https:\\\/\\\/blogdofarnesio.com.br\\\/\"},{\"@type\":\"ListItem\",\"position\":2,\"name\":\"Encerrado ontem, prazo para entrega do comprovante de rendimentos\"}]},{\"@type\":\"WebSite\",\"@id\":\"https:\\\/\\\/blogdofarnesio.com.br\\\/#website\",\"url\":\"https:\\\/\\\/blogdofarnesio.com.br\\\/\",\"name\":\"Blog do Farn\u00e9sio\",\"description\":\"Quer Saber Pol\u00edtica?\",\"publisher\":{\"@id\":\"https:\\\/\\\/blogdofarnesio.com.br\\\/#organization\"},\"potentialAction\":[{\"@type\":\"SearchAction\",\"target\":{\"@type\":\"EntryPoint\",\"urlTemplate\":\"https:\\\/\\\/blogdofarnesio.com.br\\\/?s={search_term_string}\"},\"query-input\":{\"@type\":\"PropertyValueSpecification\",\"valueRequired\":true,\"valueName\":\"search_term_string\"}}],\"inLanguage\":\"pt-BR\"},{\"@type\":\"Organization\",\"@id\":\"https:\\\/\\\/blogdofarnesio.com.br\\\/#organization\",\"name\":\"Blog do Farn\u00e9sio\",\"url\":\"https:\\\/\\\/blogdofarnesio.com.br\\\/\",\"logo\":{\"@type\":\"ImageObject\",\"inLanguage\":\"pt-BR\",\"@id\":\"https:\\\/\\\/blogdofarnesio.com.br\\\/#\\\/schema\\\/logo\\\/image\\\/\",\"url\":\"https:\\\/\\\/blogdofarnesio.com.br\\\/wp-content\\\/uploads\\\/2026\\\/03\\\/cropped-logo_new-1.png\",\"contentUrl\":\"https:\\\/\\\/blogdofarnesio.com.br\\\/wp-content\\\/uploads\\\/2026\\\/03\\\/cropped-logo_new-1.png\",\"width\":881,\"height\":685,\"caption\":\"Blog do Farn\u00e9sio\"},\"image\":{\"@id\":\"https:\\\/\\\/blogdofarnesio.com.br\\\/#\\\/schema\\\/logo\\\/image\\\/\"},\"sameAs\":[\"https:\\\/\\\/www.facebook.com\\\/BlogQuerSaberPolitica\\\/\"]},{\"@type\":\"Person\",\"@id\":\"https:\\\/\\\/blogdofarnesio.com.br\\\/#\\\/schema\\\/person\\\/dd1bf5eba40b687199ba45ca6b97dff9\",\"name\":\"teste\",\"image\":{\"@type\":\"ImageObject\",\"inLanguage\":\"pt-BR\",\"@id\":\"https:\\\/\\\/secure.gravatar.com\\\/avatar\\\/2172498d4914b51e1d89a0f97957b035ac4938723a5cac208135d389b6972a6d?s=96&d=mm&r=g\",\"url\":\"https:\\\/\\\/secure.gravatar.com\\\/avatar\\\/2172498d4914b51e1d89a0f97957b035ac4938723a5cac208135d389b6972a6d?s=96&d=mm&r=g\",\"contentUrl\":\"https:\\\/\\\/secure.gravatar.com\\\/avatar\\\/2172498d4914b51e1d89a0f97957b035ac4938723a5cac208135d389b6972a6d?s=96&d=mm&r=g\",\"caption\":\"teste\"},\"url\":\"https:\\\/\\\/blogdofarnesio.com.br\\\/?author=3\"}]}<\/script>\n<!-- \/ Yoast SEO plugin. -->","yoast_head_json":{"title":"Encerrado ontem, prazo para entrega do comprovante de rendimentos - Blog do Farn\u00e9sio","robots":{"index":"index","follow":"follow","max-snippet":"max-snippet:-1","max-image-preview":"max-image-preview:large","max-video-preview":"max-video-preview:-1"},"canonical":"https:\/\/blogdofarnesio.com.br\/?p=29459","og_locale":"pt_BR","og_type":"article","og_title":"Encerrado ontem, prazo para entrega do comprovante de rendimentos - Blog do Farn\u00e9sio","og_description":"Terminou nesta quinta-feira o prazo para as empresas entregarem aos seus funcion\u00e1rios o comprovante de rendimentos, documento que \u00e9 necess\u00e1rio para a realiza\u00e7\u00e3o da declara\u00e7\u00e3o do Imposto de Renda Pessoa F\u00edsica de 2013, ano-base 2012, segundo informa\u00e7\u00f5es da Secretaria da Receita Federal. O comprovante de rendimentos dever\u00e1 trazer as informa\u00e7\u00f5es sobre o total dos rendimentos obtidos pelo trabalhador em 2012 e o do Imposto de Renda Retido na Fonte (IRRF) no per\u00edodo. Neste ano, a multa por n\u00e3o entregar o documento dentro do prazo, ou apresent\u00e1-lo com informa\u00e7\u00f5es incorretas, foi mantida em R$ 41,43 por funcion\u00e1rio. Segundo o Fisco, quem n\u00e3o receber o comprovante deve comunicar o fato a uma unidade da Receita Federal. As declara\u00e7\u00f5es do pr\u00f3ximo ano come\u00e7am&hellip;","og_url":"https:\/\/blogdofarnesio.com.br\/?p=29459","og_site_name":"Blog do Farn\u00e9sio","article_publisher":"https:\/\/www.facebook.com\/BlogQuerSaberPolitica\/","article_published_time":"2013-03-01T12:30:30+00:00","og_image":[{"url":"http:\/\/www.quersaberpolitica.com.br\/2016\/wp-content\/uploads\/2012\/12\/blogqspleao-ir2-300x240.jpg","type":"","width":"","height":""}],"author":"teste","twitter_card":"summary_large_image","twitter_misc":{"Escrito por":"teste","Est. tempo de leitura":"1 minuto"},"schema":{"@context":"https:\/\/schema.org","@graph":[{"@type":"Article","@id":"https:\/\/blogdofarnesio.com.br\/?p=29459#article","isPartOf":{"@id":"https:\/\/blogdofarnesio.com.br\/?p=29459"},"author":{"name":"teste","@id":"https:\/\/blogdofarnesio.com.br\/#\/schema\/person\/dd1bf5eba40b687199ba45ca6b97dff9"},"headline":"Encerrado ontem, prazo para entrega do comprovante de rendimentos","datePublished":"2013-03-01T12:30:30+00:00","mainEntityOfPage":{"@id":"https:\/\/blogdofarnesio.com.br\/?p=29459"},"wordCount":188,"commentCount":0,"publisher":{"@id":"https:\/\/blogdofarnesio.com.br\/#organization"},"image":{"@id":"https:\/\/blogdofarnesio.com.br\/?p=29459#primaryimage"},"thumbnailUrl":"http:\/\/www.quersaberpolitica.com.br\/2016\/wp-content\/uploads\/2012\/12\/blogqspleao-ir2-300x240.jpg","articleSection":["Economia"],"inLanguage":"pt-BR","potentialAction":[{"@type":"CommentAction","name":"Comment","target":["https:\/\/blogdofarnesio.com.br\/?p=29459#respond"]}]},{"@type":"WebPage","@id":"https:\/\/blogdofarnesio.com.br\/?p=29459","url":"https:\/\/blogdofarnesio.com.br\/?p=29459","name":"Encerrado ontem, prazo para entrega do comprovante de rendimentos - Blog do Farn\u00e9sio","isPartOf":{"@id":"https:\/\/blogdofarnesio.com.br\/#website"},"primaryImageOfPage":{"@id":"https:\/\/blogdofarnesio.com.br\/?p=29459#primaryimage"},"image":{"@id":"https:\/\/blogdofarnesio.com.br\/?p=29459#primaryimage"},"thumbnailUrl":"http:\/\/www.quersaberpolitica.com.br\/2016\/wp-content\/uploads\/2012\/12\/blogqspleao-ir2-300x240.jpg","datePublished":"2013-03-01T12:30:30+00:00","breadcrumb":{"@id":"https:\/\/blogdofarnesio.com.br\/?p=29459#breadcrumb"},"inLanguage":"pt-BR","potentialAction":[{"@type":"ReadAction","target":["https:\/\/blogdofarnesio.com.br\/?p=29459"]}]},{"@type":"ImageObject","inLanguage":"pt-BR","@id":"https:\/\/blogdofarnesio.com.br\/?p=29459#primaryimage","url":"http:\/\/www.quersaberpolitica.com.br\/2016\/wp-content\/uploads\/2012\/12\/blogqspleao-ir2-300x240.jpg","contentUrl":"http:\/\/www.quersaberpolitica.com.br\/2016\/wp-content\/uploads\/2012\/12\/blogqspleao-ir2-300x240.jpg"},{"@type":"BreadcrumbList","@id":"https:\/\/blogdofarnesio.com.br\/?p=29459#breadcrumb","itemListElement":[{"@type":"ListItem","position":1,"name":"In\u00edcio","item":"https:\/\/blogdofarnesio.com.br\/"},{"@type":"ListItem","position":2,"name":"Encerrado ontem, prazo para entrega do comprovante de rendimentos"}]},{"@type":"WebSite","@id":"https:\/\/blogdofarnesio.com.br\/#website","url":"https:\/\/blogdofarnesio.com.br\/","name":"Blog do Farn\u00e9sio","description":"Quer Saber Pol\u00edtica?","publisher":{"@id":"https:\/\/blogdofarnesio.com.br\/#organization"},"potentialAction":[{"@type":"SearchAction","target":{"@type":"EntryPoint","urlTemplate":"https:\/\/blogdofarnesio.com.br\/?s={search_term_string}"},"query-input":{"@type":"PropertyValueSpecification","valueRequired":true,"valueName":"search_term_string"}}],"inLanguage":"pt-BR"},{"@type":"Organization","@id":"https:\/\/blogdofarnesio.com.br\/#organization","name":"Blog do Farn\u00e9sio","url":"https:\/\/blogdofarnesio.com.br\/","logo":{"@type":"ImageObject","inLanguage":"pt-BR","@id":"https:\/\/blogdofarnesio.com.br\/#\/schema\/logo\/image\/","url":"https:\/\/blogdofarnesio.com.br\/wp-content\/uploads\/2026\/03\/cropped-logo_new-1.png","contentUrl":"https:\/\/blogdofarnesio.com.br\/wp-content\/uploads\/2026\/03\/cropped-logo_new-1.png","width":881,"height":685,"caption":"Blog do Farn\u00e9sio"},"image":{"@id":"https:\/\/blogdofarnesio.com.br\/#\/schema\/logo\/image\/"},"sameAs":["https:\/\/www.facebook.com\/BlogQuerSaberPolitica\/"]},{"@type":"Person","@id":"https:\/\/blogdofarnesio.com.br\/#\/schema\/person\/dd1bf5eba40b687199ba45ca6b97dff9","name":"teste","image":{"@type":"ImageObject","inLanguage":"pt-BR","@id":"https:\/\/secure.gravatar.com\/avatar\/2172498d4914b51e1d89a0f97957b035ac4938723a5cac208135d389b6972a6d?s=96&d=mm&r=g","url":"https:\/\/secure.gravatar.com\/avatar\/2172498d4914b51e1d89a0f97957b035ac4938723a5cac208135d389b6972a6d?s=96&d=mm&r=g","contentUrl":"https:\/\/secure.gravatar.com\/avatar\/2172498d4914b51e1d89a0f97957b035ac4938723a5cac208135d389b6972a6d?s=96&d=mm&r=g","caption":"teste"},"url":"https:\/\/blogdofarnesio.com.br\/?author=3"}]}},"_links":{"self":[{"href":"https:\/\/blogdofarnesio.com.br\/index.php?rest_route=\/wp\/v2\/posts\/29459","targetHints":{"allow":["GET"]}}],"collection":[{"href":"https:\/\/blogdofarnesio.com.br\/index.php?rest_route=\/wp\/v2\/posts"}],"about":[{"href":"https:\/\/blogdofarnesio.com.br\/index.php?rest_route=\/wp\/v2\/types\/post"}],"author":[{"embeddable":true,"href":"https:\/\/blogdofarnesio.com.br\/index.php?rest_route=\/wp\/v2\/users\/3"}],"replies":[{"embeddable":true,"href":"https:\/\/blogdofarnesio.com.br\/index.php?rest_route=%2Fwp%2Fv2%2Fcomments&post=29459"}],"version-history":[{"count":0,"href":"https:\/\/blogdofarnesio.com.br\/index.php?rest_route=\/wp\/v2\/posts\/29459\/revisions"}],"wp:attachment":[{"href":"https:\/\/blogdofarnesio.com.br\/index.php?rest_route=%2Fwp%2Fv2%2Fmedia&parent=29459"}],"wp:term":[{"taxonomy":"category","embeddable":true,"href":"https:\/\/blogdofarnesio.com.br\/index.php?rest_route=%2Fwp%2Fv2%2Fcategories&post=29459"},{"taxonomy":"post_tag","embeddable":true,"href":"https:\/\/blogdofarnesio.com.br\/index.php?rest_route=%2Fwp%2Fv2%2Ftags&post=29459"}],"curies":[{"name":"wp","href":"https:\/\/api.w.org\/{rel}","templated":true}]}}