{"id":294563,"date":"2021-09-03T14:00:42","date_gmt":"2021-09-03T17:00:42","guid":{"rendered":"https:\/\/quersaberpolitica.com.br\/?p=294563"},"modified":"2021-09-02T17:28:25","modified_gmt":"2021-09-02T20:28:25","slug":"divulgado-o-resultado-da-etapa-municipal-da-olimpiada-de-lingua-portuguesa","status":"publish","type":"post","link":"https:\/\/blogdofarnesio.com.br\/?p=294563","title":{"rendered":"Divulgado o resultado da etapa municipal da Olimp\u00edada de L\u00edngua Portuguesa"},"content":{"rendered":"<p>Colaborar com a melhoria da qualidade do ensino e da aprendizagem da leitura e escrita dos estudantes, bem como promover e incentivar o uso de novas metodologias pelos professores, \u00e9 o objetivo da Olimp\u00edada de L\u00edngua Portuguesa que est\u00e1 em sua 7\u00aa edi\u00e7\u00e3o. Com o tema \u201cO Lugar onde vivo\u201d, a Olimp\u00edada \u00e9 uma iniciativa do Minist\u00e9rio da Educa\u00e7\u00e3o (MEC), e em Petrolina \u00e9 coordenada pela Prefeitura atrav\u00e9s da Secretaria de Educa\u00e7\u00e3o, Cultura e Esportes.<\/p>\n<p>Participaram professores e alunos do 5\u00ba ano do Ensino Fundamental \u00e0 3\u00aa s\u00e9rie do Ensino M\u00e9dio de escolas p\u00fablicas de Petrolina. Uma comiss\u00e3o selecionou esta semana os relatos de pr\u00e1ticas nas categorias poema, mem\u00f3rias liter\u00e1rias, cr\u00f4nicas, document\u00e1rio e artigo de opini\u00e3o que v\u00e3o representar o munic\u00edpio na etapa estadual, entre os dias 3 de setembro a 1\u00ba de outubro.<\/p>\n<p>A etapa nacional ser\u00e1 realizada no dia 30 de novembro, e o evento de premia\u00e7\u00e3o acontece no dia 10 de dezembro. Os professores vencedores do concurso receber\u00e3o certificado, notebook e mouse. J\u00e1 os estudantes v\u00e3o ganhar certificado e tablete. A escola em que est\u00e3o matriculados receber\u00e1 uma placa de homenagem e acervo para a biblioteca, definido pela organiza\u00e7\u00e3o do concurso.<\/p>\n<p>A coordenadora municipal da Olimp\u00edada em Petrolina, Maria Laurismar Paulino, destacou o grande empenho de todos os professores e alunos, que, mesmo diante das dificuldades impostas pela pandemia, aceitaram o desafio de participar da disputa.<\/p>\n<p>\u201c<em>O importante de participar da Olimp\u00edada n\u00e3o \u00e9 a competi\u00e7\u00e3o em si, mas o incentivo ao estudo e aprendizagem da l\u00edngua portuguesa, al\u00e9m do fortalecimento de v\u00ednculos com a comunidade e o conhecimento sobre a realidade local<\/em>\u201d, disse Laurismar. Ainda de acordo com a coordenadora, Petrolina foi a cidade de Pernambuco com maior n\u00famero de inscri\u00e7\u00f5es na 7\u00aa Olimp\u00edada de L\u00edngua Portuguesa, com 87 escolas inscritas, superando at\u00e9 a capital Recife.<\/p>\n<p><strong>Confira os nomes dos relatos de pr\u00e1tica selecionados por categoria e os respectivos professores autores:<\/strong><\/p>\n<p><strong>POEMA<\/strong><\/p>\n<p>T\u00edtulo do Relato: Ensinando e Aprendendo. Professora: Maria Carleene Rufino Maciel. Escola: Escola Municipal Luiz Rodrigues de Ara\u00fajo. Diretora: Carm\u00e9lia de S\u00e1 Guedes<\/p>\n<p><strong>MEM\u00d3RIAS LITER\u00c1RIAS<\/strong><\/p>\n<p>T\u00edtulo do Relato: Enlinhavando. Reflex\u00f5es aos Fios das Mem\u00f3rias. Professora: Erika Jane Ribeiro. Escola: Escola Estadual Poeta Carlos Drummond de Andrade. Diretora: Thelma Dias da Silva.<\/p>\n<p><strong>CR\u00d4NICA<\/strong><\/p>\n<p>T\u00edtulo do Relato: O Dia em que a Terra Parou, Mas a Escola se Fez Presente. Professora: Gilmara Lacerda dos Reis. Escola: Escola Municipal Jacob Ferreira. Gestora: Vera L\u00facia Oliveira Silva.<\/p>\n<p><strong>DOCUMENT\u00c1RIO<\/strong><\/p>\n<p>T\u00edtulo do Relato: Uma Trajet\u00f3ria Significativa. Professora: Erika Regina do Nascimento Rodrigues. Escola: Escola Erem Ant\u00f4nio Padilha. Diretora: Geuzeli Bispo de Sousa.<\/p>\n<p><strong>ARTIGO DE OPINI\u00c3O<\/strong><\/p>\n<p>T\u00edtulo do Relato: Escrita de Ch\u00e3os e Labutas. Professora: Erika Jane Ribeiro. Escola Estadual Poeta Carlos Drummond de Andrade. Diretora: Thelma Dias da Silva.<\/p>\n<p>&nbsp;<\/p>\n","protected":false},"excerpt":{"rendered":"<p>Colaborar com a melhoria da qualidade do ensino e da aprendizagem da leitura e escrita dos estudantes, bem como promover e incentivar o uso de novas metodologias pelos professores, \u00e9 o objetivo da Olimp\u00edada de L\u00edngua Portuguesa que est\u00e1 em sua 7\u00aa edi\u00e7\u00e3o. Com o tema \u201cO Lugar onde vivo\u201d, a Olimp\u00edada \u00e9 uma iniciativa do Minist\u00e9rio da Educa\u00e7\u00e3o (MEC), e em Petrolina \u00e9 coordenada pela Prefeitura atrav\u00e9s da Secretaria de Educa\u00e7\u00e3o, Cultura e Esportes. Participaram professores e alunos do 5\u00ba ano do Ensino Fundamental \u00e0 3\u00aa s\u00e9rie do Ensino M\u00e9dio de escolas p\u00fablicas de Petrolina. Uma comiss\u00e3o selecionou esta semana os relatos de pr\u00e1ticas nas categorias poema, mem\u00f3rias liter\u00e1rias, cr\u00f4nicas, document\u00e1rio e artigo de opini\u00e3o que v\u00e3o representar o&hellip; <\/p>\n","protected":false},"author":1,"featured_media":292755,"comment_status":"closed","ping_status":"closed","sticky":false,"template":"","format":"standard","meta":{"_acf_changed":false,"footnotes":""},"categories":[1],"tags":[],"class_list":["post-294563","post","type-post","status-publish","format-standard","has-post-thumbnail","hentry","category-politica"],"acf":[],"yoast_head":"<!-- This site is optimized with the Yoast SEO plugin v27.4 - https:\/\/yoast.com\/product\/yoast-seo-wordpress\/ -->\n<title>Divulgado o resultado da etapa municipal da Olimp\u00edada de L\u00edngua Portuguesa - Blog do Farn\u00e9sio<\/title>\n<meta name=\"robots\" content=\"index, follow, max-snippet:-1, max-image-preview:large, max-video-preview:-1\" \/>\n<link rel=\"canonical\" href=\"https:\/\/blogdofarnesio.com.br\/?p=294563\" \/>\n<meta property=\"og:locale\" content=\"pt_BR\" \/>\n<meta property=\"og:type\" content=\"article\" \/>\n<meta property=\"og:title\" content=\"Divulgado o resultado da etapa municipal da Olimp\u00edada de L\u00edngua Portuguesa - Blog do Farn\u00e9sio\" \/>\n<meta property=\"og:description\" content=\"Colaborar com a melhoria da qualidade do ensino e da aprendizagem da leitura e escrita dos estudantes, bem como promover e incentivar o uso de novas metodologias pelos professores, \u00e9 o objetivo da Olimp\u00edada de L\u00edngua Portuguesa que est\u00e1 em sua 7\u00aa edi\u00e7\u00e3o. Com o tema \u201cO Lugar onde vivo\u201d, a Olimp\u00edada \u00e9 uma iniciativa do Minist\u00e9rio da Educa\u00e7\u00e3o (MEC), e em Petrolina \u00e9 coordenada pela Prefeitura atrav\u00e9s da Secretaria de Educa\u00e7\u00e3o, Cultura e Esportes. Participaram professores e alunos do 5\u00ba ano do Ensino Fundamental \u00e0 3\u00aa s\u00e9rie do Ensino M\u00e9dio de escolas p\u00fablicas de Petrolina. Uma comiss\u00e3o selecionou esta semana os relatos de pr\u00e1ticas nas categorias poema, mem\u00f3rias liter\u00e1rias, cr\u00f4nicas, document\u00e1rio e artigo de opini\u00e3o que v\u00e3o representar o&hellip;\" \/>\n<meta property=\"og:url\" content=\"https:\/\/blogdofarnesio.com.br\/?p=294563\" \/>\n<meta property=\"og:site_name\" content=\"Blog do Farn\u00e9sio\" \/>\n<meta property=\"article:publisher\" content=\"https:\/\/www.facebook.com\/BlogQuerSaberPolitica\/\" \/>\n<meta property=\"article:published_time\" content=\"2021-09-03T17:00:42+00:00\" \/>\n<meta property=\"og:image\" content=\"https:\/\/blogdofarnesio.com.br\/wp-content\/uploads\/2021\/08\/blogqsppet-aulas-retorno-2-e1630529881939.jpeg\" \/>\n\t<meta property=\"og:image:width\" content=\"600\" \/>\n\t<meta property=\"og:image:height\" content=\"338\" \/>\n\t<meta property=\"og:image:type\" content=\"image\/jpeg\" \/>\n<meta name=\"author\" content=\"Farn\u00e9sio\" \/>\n<meta name=\"twitter:card\" content=\"summary_large_image\" \/>\n<meta name=\"twitter:label1\" content=\"Escrito por\" \/>\n\t<meta name=\"twitter:data1\" content=\"Farn\u00e9sio\" \/>\n\t<meta name=\"twitter:label2\" content=\"Est. tempo de leitura\" \/>\n\t<meta name=\"twitter:data2\" content=\"2 minutos\" \/>\n<script type=\"application\/ld+json\" class=\"yoast-schema-graph\">{\"@context\":\"https:\\\/\\\/schema.org\",\"@graph\":[{\"@type\":\"Article\",\"@id\":\"https:\\\/\\\/blogdofarnesio.com.br\\\/?p=294563#article\",\"isPartOf\":{\"@id\":\"https:\\\/\\\/blogdofarnesio.com.br\\\/?p=294563\"},\"author\":{\"name\":\"Farn\u00e9sio\",\"@id\":\"https:\\\/\\\/blogdofarnesio.com.br\\\/#\\\/schema\\\/person\\\/301c4acf522bccbfdb45af95b5b906a1\"},\"headline\":\"Divulgado o resultado da etapa municipal da Olimp\u00edada de L\u00edngua Portuguesa\",\"datePublished\":\"2021-09-03T17:00:42+00:00\",\"mainEntityOfPage\":{\"@id\":\"https:\\\/\\\/blogdofarnesio.com.br\\\/?p=294563\"},\"wordCount\":504,\"publisher\":{\"@id\":\"https:\\\/\\\/blogdofarnesio.com.br\\\/#organization\"},\"image\":{\"@id\":\"https:\\\/\\\/blogdofarnesio.com.br\\\/?p=294563#primaryimage\"},\"thumbnailUrl\":\"https:\\\/\\\/blogdofarnesio.com.br\\\/wp-content\\\/uploads\\\/2021\\\/08\\\/blogqsppet-aulas-retorno-2-e1630529881939.jpeg\",\"articleSection\":[\"Pol\u00edtica\"],\"inLanguage\":\"pt-BR\"},{\"@type\":\"WebPage\",\"@id\":\"https:\\\/\\\/blogdofarnesio.com.br\\\/?p=294563\",\"url\":\"https:\\\/\\\/blogdofarnesio.com.br\\\/?p=294563\",\"name\":\"Divulgado o resultado da etapa municipal da Olimp\u00edada de L\u00edngua Portuguesa - Blog do Farn\u00e9sio\",\"isPartOf\":{\"@id\":\"https:\\\/\\\/blogdofarnesio.com.br\\\/#website\"},\"primaryImageOfPage\":{\"@id\":\"https:\\\/\\\/blogdofarnesio.com.br\\\/?p=294563#primaryimage\"},\"image\":{\"@id\":\"https:\\\/\\\/blogdofarnesio.com.br\\\/?p=294563#primaryimage\"},\"thumbnailUrl\":\"https:\\\/\\\/blogdofarnesio.com.br\\\/wp-content\\\/uploads\\\/2021\\\/08\\\/blogqsppet-aulas-retorno-2-e1630529881939.jpeg\",\"datePublished\":\"2021-09-03T17:00:42+00:00\",\"breadcrumb\":{\"@id\":\"https:\\\/\\\/blogdofarnesio.com.br\\\/?p=294563#breadcrumb\"},\"inLanguage\":\"pt-BR\",\"potentialAction\":[{\"@type\":\"ReadAction\",\"target\":[\"https:\\\/\\\/blogdofarnesio.com.br\\\/?p=294563\"]}]},{\"@type\":\"ImageObject\",\"inLanguage\":\"pt-BR\",\"@id\":\"https:\\\/\\\/blogdofarnesio.com.br\\\/?p=294563#primaryimage\",\"url\":\"https:\\\/\\\/blogdofarnesio.com.br\\\/wp-content\\\/uploads\\\/2021\\\/08\\\/blogqsppet-aulas-retorno-2-e1630529881939.jpeg\",\"contentUrl\":\"https:\\\/\\\/blogdofarnesio.com.br\\\/wp-content\\\/uploads\\\/2021\\\/08\\\/blogqsppet-aulas-retorno-2-e1630529881939.jpeg\",\"width\":600,\"height\":338},{\"@type\":\"BreadcrumbList\",\"@id\":\"https:\\\/\\\/blogdofarnesio.com.br\\\/?p=294563#breadcrumb\",\"itemListElement\":[{\"@type\":\"ListItem\",\"position\":1,\"name\":\"In\u00edcio\",\"item\":\"https:\\\/\\\/blogdofarnesio.com.br\\\/\"},{\"@type\":\"ListItem\",\"position\":2,\"name\":\"Divulgado o resultado da etapa municipal da Olimp\u00edada de L\u00edngua Portuguesa\"}]},{\"@type\":\"WebSite\",\"@id\":\"https:\\\/\\\/blogdofarnesio.com.br\\\/#website\",\"url\":\"https:\\\/\\\/blogdofarnesio.com.br\\\/\",\"name\":\"Blog do Farn\u00e9sio\",\"description\":\"Quer Saber Pol\u00edtica?\",\"publisher\":{\"@id\":\"https:\\\/\\\/blogdofarnesio.com.br\\\/#organization\"},\"potentialAction\":[{\"@type\":\"SearchAction\",\"target\":{\"@type\":\"EntryPoint\",\"urlTemplate\":\"https:\\\/\\\/blogdofarnesio.com.br\\\/?s={search_term_string}\"},\"query-input\":{\"@type\":\"PropertyValueSpecification\",\"valueRequired\":true,\"valueName\":\"search_term_string\"}}],\"inLanguage\":\"pt-BR\"},{\"@type\":\"Organization\",\"@id\":\"https:\\\/\\\/blogdofarnesio.com.br\\\/#organization\",\"name\":\"Blog do Farn\u00e9sio\",\"url\":\"https:\\\/\\\/blogdofarnesio.com.br\\\/\",\"logo\":{\"@type\":\"ImageObject\",\"inLanguage\":\"pt-BR\",\"@id\":\"https:\\\/\\\/blogdofarnesio.com.br\\\/#\\\/schema\\\/logo\\\/image\\\/\",\"url\":\"https:\\\/\\\/blogdofarnesio.com.br\\\/wp-content\\\/uploads\\\/2026\\\/03\\\/cropped-logo_new-1.png\",\"contentUrl\":\"https:\\\/\\\/blogdofarnesio.com.br\\\/wp-content\\\/uploads\\\/2026\\\/03\\\/cropped-logo_new-1.png\",\"width\":881,\"height\":685,\"caption\":\"Blog do Farn\u00e9sio\"},\"image\":{\"@id\":\"https:\\\/\\\/blogdofarnesio.com.br\\\/#\\\/schema\\\/logo\\\/image\\\/\"},\"sameAs\":[\"https:\\\/\\\/www.facebook.com\\\/BlogQuerSaberPolitica\\\/\"]},{\"@type\":\"Person\",\"@id\":\"https:\\\/\\\/blogdofarnesio.com.br\\\/#\\\/schema\\\/person\\\/301c4acf522bccbfdb45af95b5b906a1\",\"name\":\"Farn\u00e9sio\",\"image\":{\"@type\":\"ImageObject\",\"inLanguage\":\"pt-BR\",\"@id\":\"https:\\\/\\\/secure.gravatar.com\\\/avatar\\\/df0c9a14567c056f8ad6876ba5bbd1e3e2c48023eb6807342fc4663adf549f38?s=96&d=mm&r=g\",\"url\":\"https:\\\/\\\/secure.gravatar.com\\\/avatar\\\/df0c9a14567c056f8ad6876ba5bbd1e3e2c48023eb6807342fc4663adf549f38?s=96&d=mm&r=g\",\"contentUrl\":\"https:\\\/\\\/secure.gravatar.com\\\/avatar\\\/df0c9a14567c056f8ad6876ba5bbd1e3e2c48023eb6807342fc4663adf549f38?s=96&d=mm&r=g\",\"caption\":\"Farn\u00e9sio\"},\"sameAs\":[\"https:\\\/\\\/quersaberpolitica.com.br\"],\"url\":\"https:\\\/\\\/blogdofarnesio.com.br\\\/?author=1\"}]}<\/script>\n<!-- \/ Yoast SEO plugin. -->","yoast_head_json":{"title":"Divulgado o resultado da etapa municipal da Olimp\u00edada de L\u00edngua Portuguesa - Blog do Farn\u00e9sio","robots":{"index":"index","follow":"follow","max-snippet":"max-snippet:-1","max-image-preview":"max-image-preview:large","max-video-preview":"max-video-preview:-1"},"canonical":"https:\/\/blogdofarnesio.com.br\/?p=294563","og_locale":"pt_BR","og_type":"article","og_title":"Divulgado o resultado da etapa municipal da Olimp\u00edada de L\u00edngua Portuguesa - Blog do Farn\u00e9sio","og_description":"Colaborar com a melhoria da qualidade do ensino e da aprendizagem da leitura e escrita dos estudantes, bem como promover e incentivar o uso de novas metodologias pelos professores, \u00e9 o objetivo da Olimp\u00edada de L\u00edngua Portuguesa que est\u00e1 em sua 7\u00aa edi\u00e7\u00e3o. Com o tema \u201cO Lugar onde vivo\u201d, a Olimp\u00edada \u00e9 uma iniciativa do Minist\u00e9rio da Educa\u00e7\u00e3o (MEC), e em Petrolina \u00e9 coordenada pela Prefeitura atrav\u00e9s da Secretaria de Educa\u00e7\u00e3o, Cultura e Esportes. Participaram professores e alunos do 5\u00ba ano do Ensino Fundamental \u00e0 3\u00aa s\u00e9rie do Ensino M\u00e9dio de escolas p\u00fablicas de Petrolina. Uma comiss\u00e3o selecionou esta semana os relatos de pr\u00e1ticas nas categorias poema, mem\u00f3rias liter\u00e1rias, cr\u00f4nicas, document\u00e1rio e artigo de opini\u00e3o que v\u00e3o representar o&hellip;","og_url":"https:\/\/blogdofarnesio.com.br\/?p=294563","og_site_name":"Blog do Farn\u00e9sio","article_publisher":"https:\/\/www.facebook.com\/BlogQuerSaberPolitica\/","article_published_time":"2021-09-03T17:00:42+00:00","og_image":[{"width":600,"height":338,"url":"https:\/\/blogdofarnesio.com.br\/wp-content\/uploads\/2021\/08\/blogqsppet-aulas-retorno-2-e1630529881939.jpeg","type":"image\/jpeg"}],"author":"Farn\u00e9sio","twitter_card":"summary_large_image","twitter_misc":{"Escrito por":"Farn\u00e9sio","Est. tempo de leitura":"2 minutos"},"schema":{"@context":"https:\/\/schema.org","@graph":[{"@type":"Article","@id":"https:\/\/blogdofarnesio.com.br\/?p=294563#article","isPartOf":{"@id":"https:\/\/blogdofarnesio.com.br\/?p=294563"},"author":{"name":"Farn\u00e9sio","@id":"https:\/\/blogdofarnesio.com.br\/#\/schema\/person\/301c4acf522bccbfdb45af95b5b906a1"},"headline":"Divulgado o resultado da etapa municipal da Olimp\u00edada de L\u00edngua Portuguesa","datePublished":"2021-09-03T17:00:42+00:00","mainEntityOfPage":{"@id":"https:\/\/blogdofarnesio.com.br\/?p=294563"},"wordCount":504,"publisher":{"@id":"https:\/\/blogdofarnesio.com.br\/#organization"},"image":{"@id":"https:\/\/blogdofarnesio.com.br\/?p=294563#primaryimage"},"thumbnailUrl":"https:\/\/blogdofarnesio.com.br\/wp-content\/uploads\/2021\/08\/blogqsppet-aulas-retorno-2-e1630529881939.jpeg","articleSection":["Pol\u00edtica"],"inLanguage":"pt-BR"},{"@type":"WebPage","@id":"https:\/\/blogdofarnesio.com.br\/?p=294563","url":"https:\/\/blogdofarnesio.com.br\/?p=294563","name":"Divulgado o resultado da etapa municipal da Olimp\u00edada de L\u00edngua Portuguesa - Blog do Farn\u00e9sio","isPartOf":{"@id":"https:\/\/blogdofarnesio.com.br\/#website"},"primaryImageOfPage":{"@id":"https:\/\/blogdofarnesio.com.br\/?p=294563#primaryimage"},"image":{"@id":"https:\/\/blogdofarnesio.com.br\/?p=294563#primaryimage"},"thumbnailUrl":"https:\/\/blogdofarnesio.com.br\/wp-content\/uploads\/2021\/08\/blogqsppet-aulas-retorno-2-e1630529881939.jpeg","datePublished":"2021-09-03T17:00:42+00:00","breadcrumb":{"@id":"https:\/\/blogdofarnesio.com.br\/?p=294563#breadcrumb"},"inLanguage":"pt-BR","potentialAction":[{"@type":"ReadAction","target":["https:\/\/blogdofarnesio.com.br\/?p=294563"]}]},{"@type":"ImageObject","inLanguage":"pt-BR","@id":"https:\/\/blogdofarnesio.com.br\/?p=294563#primaryimage","url":"https:\/\/blogdofarnesio.com.br\/wp-content\/uploads\/2021\/08\/blogqsppet-aulas-retorno-2-e1630529881939.jpeg","contentUrl":"https:\/\/blogdofarnesio.com.br\/wp-content\/uploads\/2021\/08\/blogqsppet-aulas-retorno-2-e1630529881939.jpeg","width":600,"height":338},{"@type":"BreadcrumbList","@id":"https:\/\/blogdofarnesio.com.br\/?p=294563#breadcrumb","itemListElement":[{"@type":"ListItem","position":1,"name":"In\u00edcio","item":"https:\/\/blogdofarnesio.com.br\/"},{"@type":"ListItem","position":2,"name":"Divulgado o resultado da etapa municipal da Olimp\u00edada de L\u00edngua Portuguesa"}]},{"@type":"WebSite","@id":"https:\/\/blogdofarnesio.com.br\/#website","url":"https:\/\/blogdofarnesio.com.br\/","name":"Blog do Farn\u00e9sio","description":"Quer Saber Pol\u00edtica?","publisher":{"@id":"https:\/\/blogdofarnesio.com.br\/#organization"},"potentialAction":[{"@type":"SearchAction","target":{"@type":"EntryPoint","urlTemplate":"https:\/\/blogdofarnesio.com.br\/?s={search_term_string}"},"query-input":{"@type":"PropertyValueSpecification","valueRequired":true,"valueName":"search_term_string"}}],"inLanguage":"pt-BR"},{"@type":"Organization","@id":"https:\/\/blogdofarnesio.com.br\/#organization","name":"Blog do Farn\u00e9sio","url":"https:\/\/blogdofarnesio.com.br\/","logo":{"@type":"ImageObject","inLanguage":"pt-BR","@id":"https:\/\/blogdofarnesio.com.br\/#\/schema\/logo\/image\/","url":"https:\/\/blogdofarnesio.com.br\/wp-content\/uploads\/2026\/03\/cropped-logo_new-1.png","contentUrl":"https:\/\/blogdofarnesio.com.br\/wp-content\/uploads\/2026\/03\/cropped-logo_new-1.png","width":881,"height":685,"caption":"Blog do Farn\u00e9sio"},"image":{"@id":"https:\/\/blogdofarnesio.com.br\/#\/schema\/logo\/image\/"},"sameAs":["https:\/\/www.facebook.com\/BlogQuerSaberPolitica\/"]},{"@type":"Person","@id":"https:\/\/blogdofarnesio.com.br\/#\/schema\/person\/301c4acf522bccbfdb45af95b5b906a1","name":"Farn\u00e9sio","image":{"@type":"ImageObject","inLanguage":"pt-BR","@id":"https:\/\/secure.gravatar.com\/avatar\/df0c9a14567c056f8ad6876ba5bbd1e3e2c48023eb6807342fc4663adf549f38?s=96&d=mm&r=g","url":"https:\/\/secure.gravatar.com\/avatar\/df0c9a14567c056f8ad6876ba5bbd1e3e2c48023eb6807342fc4663adf549f38?s=96&d=mm&r=g","contentUrl":"https:\/\/secure.gravatar.com\/avatar\/df0c9a14567c056f8ad6876ba5bbd1e3e2c48023eb6807342fc4663adf549f38?s=96&d=mm&r=g","caption":"Farn\u00e9sio"},"sameAs":["https:\/\/quersaberpolitica.com.br"],"url":"https:\/\/blogdofarnesio.com.br\/?author=1"}]}},"_links":{"self":[{"href":"https:\/\/blogdofarnesio.com.br\/index.php?rest_route=\/wp\/v2\/posts\/294563","targetHints":{"allow":["GET"]}}],"collection":[{"href":"https:\/\/blogdofarnesio.com.br\/index.php?rest_route=\/wp\/v2\/posts"}],"about":[{"href":"https:\/\/blogdofarnesio.com.br\/index.php?rest_route=\/wp\/v2\/types\/post"}],"author":[{"embeddable":true,"href":"https:\/\/blogdofarnesio.com.br\/index.php?rest_route=\/wp\/v2\/users\/1"}],"replies":[{"embeddable":true,"href":"https:\/\/blogdofarnesio.com.br\/index.php?rest_route=%2Fwp%2Fv2%2Fcomments&post=294563"}],"version-history":[{"count":0,"href":"https:\/\/blogdofarnesio.com.br\/index.php?rest_route=\/wp\/v2\/posts\/294563\/revisions"}],"wp:featuredmedia":[{"embeddable":true,"href":"https:\/\/blogdofarnesio.com.br\/index.php?rest_route=\/wp\/v2\/media\/292755"}],"wp:attachment":[{"href":"https:\/\/blogdofarnesio.com.br\/index.php?rest_route=%2Fwp%2Fv2%2Fmedia&parent=294563"}],"wp:term":[{"taxonomy":"category","embeddable":true,"href":"https:\/\/blogdofarnesio.com.br\/index.php?rest_route=%2Fwp%2Fv2%2Fcategories&post=294563"},{"taxonomy":"post_tag","embeddable":true,"href":"https:\/\/blogdofarnesio.com.br\/index.php?rest_route=%2Fwp%2Fv2%2Ftags&post=294563"}],"curies":[{"name":"wp","href":"https:\/\/api.w.org\/{rel}","templated":true}]}}