{"id":294400,"date":"2021-08-31T11:33:43","date_gmt":"2021-08-31T14:33:43","guid":{"rendered":"https:\/\/quersaberpolitica.com.br\/?p=294400"},"modified":"2021-08-31T09:22:20","modified_gmt":"2021-08-31T12:22:20","slug":"coaf-constata-que-ricardo-barros-tem-movimentacao-bancaria-incompativel-com-o-patrimonio-e-a-capacidade-financeira","status":"publish","type":"post","link":"https:\/\/blogdofarnesio.com.br\/?p=294400","title":{"rendered":"Coaf constata que Ricardo Barros tem movimenta\u00e7\u00e3o banc\u00e1ria &#8220;incompat\u00edvel com o patrim\u00f4nio e a capacidade financeira\u201d"},"content":{"rendered":"<div id=\"article_desktop_anchor\" data-google-query-id=\"CNPuiNue2_ICFfEL1Aod47IIdA\">\n<div id=\"google_ads_iframe_\/55115104\/article_desktop_anchor_0__container__\"><b>247\u00a0<\/b>&#8211;\u00a0De acordo com o \u00f3rg\u00e3o do Banco Central, entre 1 de mar\u00e7o de 2021 at\u00e9 31 de mar\u00e7o de 2021, as transfer\u00eancias do l\u00edder do governo na C\u00e2mara dos Deputados, Ricardo Barros, somaram R$ 418 mil, o equivalente a 94% do que o parlamentar disse ter como patrim\u00f4nio l\u00edquido declarado: R$ 446 mil<\/div>\n<\/div>\n<div class=\"row articleSidebar\">\n<div class=\"col-md-9 col-sm-12 col-xs-12\">\n<article>\n<div class=\"article__text marginTop30\">\n<p>O Conselho de Controle de Atividades Financeiras (COAF) apontou em relat\u00f3rio enviado \u00e0 CPI da Covid que o l\u00edder do governo na C\u00e2mara dos Deputados, Ricardo Barros (PP-PR), teve &#8220;movimenta\u00e7\u00e3o financeira incompat\u00edvel com o patrim\u00f4nio, a atividade econ\u00f4mica ou a ocupa\u00e7\u00e3o profissional e a capacidade financeira&#8221;. De acordo com o \u00f3rg\u00e3o do Banco Central, entre primeiro de mar\u00e7o de 2021 at\u00e9 31 de mar\u00e7o de 2021, as transfer\u00eancias dele somaram R$ 418 mil, valor que representou 94% do que o parlamentar disse ter como patrim\u00f4nio l\u00edquido declarado: R$ 446 mil. O teor do relat\u00f3rio foi publicado pelo<a href=\"https:\/\/oglobo.globo.com\/politica\/coaf-aponta-que-movimentacao-financeira-de-ricardo-barros-incompativel-com-patrimonio-25177987\" target=\"_blank\" rel=\"noopener\">\u00a0jornal O Globo<\/a>.<\/p>\n<p>O parlamentar movimentou dinheiro com familiares ou &#8220;estreitos colaboradores&#8221; sem que fossem justificados por eventos econ\u00f4micos, apontou o documento. &#8220;Movimenta\u00e7\u00e3o por meio de saques, os quais dificultam identificar os benefici\u00e1rios finais dos recursos&#8221;, complementou o Coaf no texto.<\/p>\n<p>Nas transfer\u00eancias est\u00e3o pessoas f\u00edsicas e jur\u00eddicas das quais Barros \u00e9 s\u00f3cio. O Coaf analisou 13 pessoas f\u00edsicas e 24 pessoas jur\u00eddicas. Uma mulher apontada como administradora das contas correntes do grupo econ\u00f4mico disse que parte da movimenta\u00e7\u00e3o foi consequ\u00eancia da venda de im\u00f3veis, que foram destinadas a pagamentos de empr\u00e9stimos contratados entre as empresas do grupo.<\/p>\n<p>No documento, o Coaf destacou que Barros \u00e9 investigado por corrup\u00e7\u00e3o passiva, crime eleitoral, lavagem de dinheiro, crimes contra a administra\u00e7\u00e3o p\u00fablica, sonega\u00e7\u00e3o fiscal, forma\u00e7\u00e3o de quadrilha, fraude e lavagem eleitoral.<\/p>\n<p>&#8220;\u00c9 investigado pelo MP-PR, por supostamente aproveitar-se de sua influ\u00eancia pol\u00edtica para adquirir metade de um lote de R$ 56 milh\u00f5es em Marialva (PR), ap\u00f3s ter declarado \u00e0 Justi\u00e7a Eleitoral um patrim\u00f4nio total de apenas R$ 1,8 mil. Barros, que tamb\u00e9m responde por sonega\u00e7\u00e3o fiscal, foi citado na lista dos pol\u00edticos com &#8216;fichas sujas'&#8221;, disse.<\/p>\n<p>O deputado negou irregularidade e disse que suas opera\u00e7\u00f5es est\u00e3o &#8220;dentro da normalidade&#8221;. &#8220;Refor\u00e7o que todas as movimenta\u00e7\u00f5es financeiras pessoais ou referentes \u00e0s minhas empresas s\u00e3o compat\u00edveis com a minha renda e s\u00e3o opera\u00e7\u00f5es dentro da normalidade. N\u00e3o h\u00e1 rela\u00e7\u00e3o entre movimenta\u00e7\u00e3o financeira e patrim\u00f4nio declarado. S\u00e3o coisas incompar\u00e1veis. A Receita Federal inclusive j\u00e1 acatou a minha defesa em processo administrativo que questionava essas movimenta\u00e7\u00f5es. N\u00e3o h\u00e1 nada de irregular&#8221;, afirmou.<\/p>\n<h2><b>CPI da Covid<\/b><\/h2>\n<p>O deputado virou alvo da CPI da Covid ap\u00f3s o deputado federal Luis Miranda (DEM-DF) ter levado \u00e0 Comiss\u00e3o Parlamentar de Inqu\u00e9rito suspeitas de corrup\u00e7\u00e3o na aquisi\u00e7\u00e3o da vacina indiana Covaxin. Em outra ocasi\u00e3o, Jair Bolsonaro teria dito se tratar de um \u201crolo\u201d de Ricardo Barros.<\/p>\n<p>Ap\u00f3s a suspeita de corrup\u00e7\u00e3o vir \u00e0 tona, o Minist\u00e9rio da Sa\u00fade decidiu suspender o contrato de R$ 1,6 bilh\u00e3o com a fabricante do imunizante, a indiana Bharat Biotech.<\/p>\n<p>Antes convocada apenas para prestar depoimento, o parlamentar passou \u00e0 condi\u00e7\u00e3o de investigado pela CPI da Covid, conforme anunciou o relator da comiss\u00e3o, Renan Calheiros (MDB-AL), no dia 18 de agosto.<\/p>\n<\/div>\n<\/article>\n<\/div>\n<\/div>\n","protected":false},"excerpt":{"rendered":"<p>247\u00a0&#8211;\u00a0De acordo com o \u00f3rg\u00e3o do Banco Central, entre 1 de mar\u00e7o de 2021 at\u00e9 31 de mar\u00e7o de 2021, as transfer\u00eancias do l\u00edder do governo na C\u00e2mara dos Deputados, Ricardo Barros, somaram R$ 418 mil, o equivalente a 94% do que o parlamentar disse ter como patrim\u00f4nio l\u00edquido declarado: R$ 446 mil O Conselho de Controle de Atividades Financeiras (COAF) apontou em relat\u00f3rio enviado \u00e0 CPI da Covid que o l\u00edder do governo na C\u00e2mara dos Deputados, Ricardo Barros (PP-PR), teve &#8220;movimenta\u00e7\u00e3o financeira incompat\u00edvel com o patrim\u00f4nio, a atividade econ\u00f4mica ou a ocupa\u00e7\u00e3o profissional e a capacidade financeira&#8221;. De acordo com o \u00f3rg\u00e3o do Banco Central, entre primeiro de mar\u00e7o de 2021 at\u00e9 31 de mar\u00e7o de 2021, as&hellip; <\/p>\n","protected":false},"author":1,"featured_media":294401,"comment_status":"closed","ping_status":"closed","sticky":false,"template":"","format":"standard","meta":{"_acf_changed":false,"footnotes":""},"categories":[1],"tags":[],"class_list":["post-294400","post","type-post","status-publish","format-standard","has-post-thumbnail","hentry","category-politica"],"acf":[],"yoast_head":"<!-- This site is optimized with the Yoast SEO plugin v27.4 - https:\/\/yoast.com\/product\/yoast-seo-wordpress\/ -->\n<title>Coaf constata que Ricardo Barros tem movimenta\u00e7\u00e3o banc\u00e1ria &quot;incompat\u00edvel com o patrim\u00f4nio e a capacidade financeira\u201d - Blog do Farn\u00e9sio<\/title>\n<meta name=\"robots\" content=\"index, follow, max-snippet:-1, max-image-preview:large, max-video-preview:-1\" \/>\n<link rel=\"canonical\" href=\"https:\/\/blogdofarnesio.com.br\/?p=294400\" \/>\n<meta property=\"og:locale\" content=\"pt_BR\" \/>\n<meta property=\"og:type\" content=\"article\" \/>\n<meta property=\"og:title\" content=\"Coaf constata que Ricardo Barros tem movimenta\u00e7\u00e3o banc\u00e1ria &quot;incompat\u00edvel com o patrim\u00f4nio e a capacidade financeira\u201d - Blog do Farn\u00e9sio\" \/>\n<meta property=\"og:description\" content=\"247\u00a0&#8211;\u00a0De acordo com o \u00f3rg\u00e3o do Banco Central, entre 1 de mar\u00e7o de 2021 at\u00e9 31 de mar\u00e7o de 2021, as transfer\u00eancias do l\u00edder do governo na C\u00e2mara dos Deputados, Ricardo Barros, somaram R$ 418 mil, o equivalente a 94% do que o parlamentar disse ter como patrim\u00f4nio l\u00edquido declarado: R$ 446 mil O Conselho de Controle de Atividades Financeiras (COAF) apontou em relat\u00f3rio enviado \u00e0 CPI da Covid que o l\u00edder do governo na C\u00e2mara dos Deputados, Ricardo Barros (PP-PR), teve &#8220;movimenta\u00e7\u00e3o financeira incompat\u00edvel com o patrim\u00f4nio, a atividade econ\u00f4mica ou a ocupa\u00e7\u00e3o profissional e a capacidade financeira&#8221;. De acordo com o \u00f3rg\u00e3o do Banco Central, entre primeiro de mar\u00e7o de 2021 at\u00e9 31 de mar\u00e7o de 2021, as&hellip;\" \/>\n<meta property=\"og:url\" content=\"https:\/\/blogdofarnesio.com.br\/?p=294400\" \/>\n<meta property=\"og:site_name\" content=\"Blog do Farn\u00e9sio\" \/>\n<meta property=\"article:publisher\" content=\"https:\/\/www.facebook.com\/BlogQuerSaberPolitica\/\" \/>\n<meta property=\"article:published_time\" content=\"2021-08-31T14:33:43+00:00\" \/>\n<meta property=\"og:image\" content=\"https:\/\/blogdofarnesio.com.br\/wp-content\/uploads\/2021\/08\/blogqspdep-ricardo-barros.jpg\" \/>\n\t<meta property=\"og:image:width\" content=\"829\" \/>\n\t<meta property=\"og:image:height\" content=\"434\" \/>\n\t<meta property=\"og:image:type\" content=\"image\/jpeg\" \/>\n<meta name=\"author\" content=\"Farn\u00e9sio\" \/>\n<meta name=\"twitter:card\" content=\"summary_large_image\" \/>\n<meta name=\"twitter:label1\" content=\"Escrito por\" \/>\n\t<meta name=\"twitter:data1\" content=\"Farn\u00e9sio\" \/>\n\t<meta name=\"twitter:label2\" content=\"Est. tempo de leitura\" \/>\n\t<meta name=\"twitter:data2\" content=\"3 minutos\" \/>\n<script type=\"application\/ld+json\" class=\"yoast-schema-graph\">{\"@context\":\"https:\\\/\\\/schema.org\",\"@graph\":[{\"@type\":\"Article\",\"@id\":\"https:\\\/\\\/blogdofarnesio.com.br\\\/?p=294400#article\",\"isPartOf\":{\"@id\":\"https:\\\/\\\/blogdofarnesio.com.br\\\/?p=294400\"},\"author\":{\"name\":\"Farn\u00e9sio\",\"@id\":\"https:\\\/\\\/blogdofarnesio.com.br\\\/#\\\/schema\\\/person\\\/301c4acf522bccbfdb45af95b5b906a1\"},\"headline\":\"Coaf constata que Ricardo Barros tem movimenta\u00e7\u00e3o banc\u00e1ria &#8220;incompat\u00edvel com o patrim\u00f4nio e a capacidade financeira\u201d\",\"datePublished\":\"2021-08-31T14:33:43+00:00\",\"mainEntityOfPage\":{\"@id\":\"https:\\\/\\\/blogdofarnesio.com.br\\\/?p=294400\"},\"wordCount\":589,\"publisher\":{\"@id\":\"https:\\\/\\\/blogdofarnesio.com.br\\\/#organization\"},\"image\":{\"@id\":\"https:\\\/\\\/blogdofarnesio.com.br\\\/?p=294400#primaryimage\"},\"thumbnailUrl\":\"https:\\\/\\\/blogdofarnesio.com.br\\\/wp-content\\\/uploads\\\/2021\\\/08\\\/blogqspdep-ricardo-barros.jpg\",\"articleSection\":[\"Pol\u00edtica\"],\"inLanguage\":\"pt-BR\"},{\"@type\":\"WebPage\",\"@id\":\"https:\\\/\\\/blogdofarnesio.com.br\\\/?p=294400\",\"url\":\"https:\\\/\\\/blogdofarnesio.com.br\\\/?p=294400\",\"name\":\"Coaf constata que Ricardo Barros tem movimenta\u00e7\u00e3o banc\u00e1ria \\\"incompat\u00edvel com o patrim\u00f4nio e a capacidade financeira\u201d - Blog do Farn\u00e9sio\",\"isPartOf\":{\"@id\":\"https:\\\/\\\/blogdofarnesio.com.br\\\/#website\"},\"primaryImageOfPage\":{\"@id\":\"https:\\\/\\\/blogdofarnesio.com.br\\\/?p=294400#primaryimage\"},\"image\":{\"@id\":\"https:\\\/\\\/blogdofarnesio.com.br\\\/?p=294400#primaryimage\"},\"thumbnailUrl\":\"https:\\\/\\\/blogdofarnesio.com.br\\\/wp-content\\\/uploads\\\/2021\\\/08\\\/blogqspdep-ricardo-barros.jpg\",\"datePublished\":\"2021-08-31T14:33:43+00:00\",\"breadcrumb\":{\"@id\":\"https:\\\/\\\/blogdofarnesio.com.br\\\/?p=294400#breadcrumb\"},\"inLanguage\":\"pt-BR\",\"potentialAction\":[{\"@type\":\"ReadAction\",\"target\":[\"https:\\\/\\\/blogdofarnesio.com.br\\\/?p=294400\"]}]},{\"@type\":\"ImageObject\",\"inLanguage\":\"pt-BR\",\"@id\":\"https:\\\/\\\/blogdofarnesio.com.br\\\/?p=294400#primaryimage\",\"url\":\"https:\\\/\\\/blogdofarnesio.com.br\\\/wp-content\\\/uploads\\\/2021\\\/08\\\/blogqspdep-ricardo-barros.jpg\",\"contentUrl\":\"https:\\\/\\\/blogdofarnesio.com.br\\\/wp-content\\\/uploads\\\/2021\\\/08\\\/blogqspdep-ricardo-barros.jpg\",\"width\":829,\"height\":434},{\"@type\":\"BreadcrumbList\",\"@id\":\"https:\\\/\\\/blogdofarnesio.com.br\\\/?p=294400#breadcrumb\",\"itemListElement\":[{\"@type\":\"ListItem\",\"position\":1,\"name\":\"In\u00edcio\",\"item\":\"https:\\\/\\\/blogdofarnesio.com.br\\\/\"},{\"@type\":\"ListItem\",\"position\":2,\"name\":\"Coaf constata que Ricardo Barros tem movimenta\u00e7\u00e3o banc\u00e1ria &#8220;incompat\u00edvel com o patrim\u00f4nio e a capacidade financeira\u201d\"}]},{\"@type\":\"WebSite\",\"@id\":\"https:\\\/\\\/blogdofarnesio.com.br\\\/#website\",\"url\":\"https:\\\/\\\/blogdofarnesio.com.br\\\/\",\"name\":\"Blog do Farn\u00e9sio\",\"description\":\"Quer Saber Pol\u00edtica?\",\"publisher\":{\"@id\":\"https:\\\/\\\/blogdofarnesio.com.br\\\/#organization\"},\"potentialAction\":[{\"@type\":\"SearchAction\",\"target\":{\"@type\":\"EntryPoint\",\"urlTemplate\":\"https:\\\/\\\/blogdofarnesio.com.br\\\/?s={search_term_string}\"},\"query-input\":{\"@type\":\"PropertyValueSpecification\",\"valueRequired\":true,\"valueName\":\"search_term_string\"}}],\"inLanguage\":\"pt-BR\"},{\"@type\":\"Organization\",\"@id\":\"https:\\\/\\\/blogdofarnesio.com.br\\\/#organization\",\"name\":\"Blog do Farn\u00e9sio\",\"url\":\"https:\\\/\\\/blogdofarnesio.com.br\\\/\",\"logo\":{\"@type\":\"ImageObject\",\"inLanguage\":\"pt-BR\",\"@id\":\"https:\\\/\\\/blogdofarnesio.com.br\\\/#\\\/schema\\\/logo\\\/image\\\/\",\"url\":\"https:\\\/\\\/blogdofarnesio.com.br\\\/wp-content\\\/uploads\\\/2026\\\/03\\\/cropped-logo_new-1.png\",\"contentUrl\":\"https:\\\/\\\/blogdofarnesio.com.br\\\/wp-content\\\/uploads\\\/2026\\\/03\\\/cropped-logo_new-1.png\",\"width\":881,\"height\":685,\"caption\":\"Blog do Farn\u00e9sio\"},\"image\":{\"@id\":\"https:\\\/\\\/blogdofarnesio.com.br\\\/#\\\/schema\\\/logo\\\/image\\\/\"},\"sameAs\":[\"https:\\\/\\\/www.facebook.com\\\/BlogQuerSaberPolitica\\\/\"]},{\"@type\":\"Person\",\"@id\":\"https:\\\/\\\/blogdofarnesio.com.br\\\/#\\\/schema\\\/person\\\/301c4acf522bccbfdb45af95b5b906a1\",\"name\":\"Farn\u00e9sio\",\"image\":{\"@type\":\"ImageObject\",\"inLanguage\":\"pt-BR\",\"@id\":\"https:\\\/\\\/secure.gravatar.com\\\/avatar\\\/df0c9a14567c056f8ad6876ba5bbd1e3e2c48023eb6807342fc4663adf549f38?s=96&d=mm&r=g\",\"url\":\"https:\\\/\\\/secure.gravatar.com\\\/avatar\\\/df0c9a14567c056f8ad6876ba5bbd1e3e2c48023eb6807342fc4663adf549f38?s=96&d=mm&r=g\",\"contentUrl\":\"https:\\\/\\\/secure.gravatar.com\\\/avatar\\\/df0c9a14567c056f8ad6876ba5bbd1e3e2c48023eb6807342fc4663adf549f38?s=96&d=mm&r=g\",\"caption\":\"Farn\u00e9sio\"},\"sameAs\":[\"https:\\\/\\\/quersaberpolitica.com.br\"],\"url\":\"https:\\\/\\\/blogdofarnesio.com.br\\\/?author=1\"}]}<\/script>\n<!-- \/ Yoast SEO plugin. -->","yoast_head_json":{"title":"Coaf constata que Ricardo Barros tem movimenta\u00e7\u00e3o banc\u00e1ria \"incompat\u00edvel com o patrim\u00f4nio e a capacidade financeira\u201d - Blog do Farn\u00e9sio","robots":{"index":"index","follow":"follow","max-snippet":"max-snippet:-1","max-image-preview":"max-image-preview:large","max-video-preview":"max-video-preview:-1"},"canonical":"https:\/\/blogdofarnesio.com.br\/?p=294400","og_locale":"pt_BR","og_type":"article","og_title":"Coaf constata que Ricardo Barros tem movimenta\u00e7\u00e3o banc\u00e1ria \"incompat\u00edvel com o patrim\u00f4nio e a capacidade financeira\u201d - Blog do Farn\u00e9sio","og_description":"247\u00a0&#8211;\u00a0De acordo com o \u00f3rg\u00e3o do Banco Central, entre 1 de mar\u00e7o de 2021 at\u00e9 31 de mar\u00e7o de 2021, as transfer\u00eancias do l\u00edder do governo na C\u00e2mara dos Deputados, Ricardo Barros, somaram R$ 418 mil, o equivalente a 94% do que o parlamentar disse ter como patrim\u00f4nio l\u00edquido declarado: R$ 446 mil O Conselho de Controle de Atividades Financeiras (COAF) apontou em relat\u00f3rio enviado \u00e0 CPI da Covid que o l\u00edder do governo na C\u00e2mara dos Deputados, Ricardo Barros (PP-PR), teve &#8220;movimenta\u00e7\u00e3o financeira incompat\u00edvel com o patrim\u00f4nio, a atividade econ\u00f4mica ou a ocupa\u00e7\u00e3o profissional e a capacidade financeira&#8221;. De acordo com o \u00f3rg\u00e3o do Banco Central, entre primeiro de mar\u00e7o de 2021 at\u00e9 31 de mar\u00e7o de 2021, as&hellip;","og_url":"https:\/\/blogdofarnesio.com.br\/?p=294400","og_site_name":"Blog do Farn\u00e9sio","article_publisher":"https:\/\/www.facebook.com\/BlogQuerSaberPolitica\/","article_published_time":"2021-08-31T14:33:43+00:00","og_image":[{"width":829,"height":434,"url":"https:\/\/blogdofarnesio.com.br\/wp-content\/uploads\/2021\/08\/blogqspdep-ricardo-barros.jpg","type":"image\/jpeg"}],"author":"Farn\u00e9sio","twitter_card":"summary_large_image","twitter_misc":{"Escrito por":"Farn\u00e9sio","Est. tempo de leitura":"3 minutos"},"schema":{"@context":"https:\/\/schema.org","@graph":[{"@type":"Article","@id":"https:\/\/blogdofarnesio.com.br\/?p=294400#article","isPartOf":{"@id":"https:\/\/blogdofarnesio.com.br\/?p=294400"},"author":{"name":"Farn\u00e9sio","@id":"https:\/\/blogdofarnesio.com.br\/#\/schema\/person\/301c4acf522bccbfdb45af95b5b906a1"},"headline":"Coaf constata que Ricardo Barros tem movimenta\u00e7\u00e3o banc\u00e1ria &#8220;incompat\u00edvel com o patrim\u00f4nio e a capacidade financeira\u201d","datePublished":"2021-08-31T14:33:43+00:00","mainEntityOfPage":{"@id":"https:\/\/blogdofarnesio.com.br\/?p=294400"},"wordCount":589,"publisher":{"@id":"https:\/\/blogdofarnesio.com.br\/#organization"},"image":{"@id":"https:\/\/blogdofarnesio.com.br\/?p=294400#primaryimage"},"thumbnailUrl":"https:\/\/blogdofarnesio.com.br\/wp-content\/uploads\/2021\/08\/blogqspdep-ricardo-barros.jpg","articleSection":["Pol\u00edtica"],"inLanguage":"pt-BR"},{"@type":"WebPage","@id":"https:\/\/blogdofarnesio.com.br\/?p=294400","url":"https:\/\/blogdofarnesio.com.br\/?p=294400","name":"Coaf constata que Ricardo Barros tem movimenta\u00e7\u00e3o banc\u00e1ria \"incompat\u00edvel com o patrim\u00f4nio e a capacidade financeira\u201d - Blog do Farn\u00e9sio","isPartOf":{"@id":"https:\/\/blogdofarnesio.com.br\/#website"},"primaryImageOfPage":{"@id":"https:\/\/blogdofarnesio.com.br\/?p=294400#primaryimage"},"image":{"@id":"https:\/\/blogdofarnesio.com.br\/?p=294400#primaryimage"},"thumbnailUrl":"https:\/\/blogdofarnesio.com.br\/wp-content\/uploads\/2021\/08\/blogqspdep-ricardo-barros.jpg","datePublished":"2021-08-31T14:33:43+00:00","breadcrumb":{"@id":"https:\/\/blogdofarnesio.com.br\/?p=294400#breadcrumb"},"inLanguage":"pt-BR","potentialAction":[{"@type":"ReadAction","target":["https:\/\/blogdofarnesio.com.br\/?p=294400"]}]},{"@type":"ImageObject","inLanguage":"pt-BR","@id":"https:\/\/blogdofarnesio.com.br\/?p=294400#primaryimage","url":"https:\/\/blogdofarnesio.com.br\/wp-content\/uploads\/2021\/08\/blogqspdep-ricardo-barros.jpg","contentUrl":"https:\/\/blogdofarnesio.com.br\/wp-content\/uploads\/2021\/08\/blogqspdep-ricardo-barros.jpg","width":829,"height":434},{"@type":"BreadcrumbList","@id":"https:\/\/blogdofarnesio.com.br\/?p=294400#breadcrumb","itemListElement":[{"@type":"ListItem","position":1,"name":"In\u00edcio","item":"https:\/\/blogdofarnesio.com.br\/"},{"@type":"ListItem","position":2,"name":"Coaf constata que Ricardo Barros tem movimenta\u00e7\u00e3o banc\u00e1ria &#8220;incompat\u00edvel com o patrim\u00f4nio e a capacidade financeira\u201d"}]},{"@type":"WebSite","@id":"https:\/\/blogdofarnesio.com.br\/#website","url":"https:\/\/blogdofarnesio.com.br\/","name":"Blog do Farn\u00e9sio","description":"Quer Saber Pol\u00edtica?","publisher":{"@id":"https:\/\/blogdofarnesio.com.br\/#organization"},"potentialAction":[{"@type":"SearchAction","target":{"@type":"EntryPoint","urlTemplate":"https:\/\/blogdofarnesio.com.br\/?s={search_term_string}"},"query-input":{"@type":"PropertyValueSpecification","valueRequired":true,"valueName":"search_term_string"}}],"inLanguage":"pt-BR"},{"@type":"Organization","@id":"https:\/\/blogdofarnesio.com.br\/#organization","name":"Blog do Farn\u00e9sio","url":"https:\/\/blogdofarnesio.com.br\/","logo":{"@type":"ImageObject","inLanguage":"pt-BR","@id":"https:\/\/blogdofarnesio.com.br\/#\/schema\/logo\/image\/","url":"https:\/\/blogdofarnesio.com.br\/wp-content\/uploads\/2026\/03\/cropped-logo_new-1.png","contentUrl":"https:\/\/blogdofarnesio.com.br\/wp-content\/uploads\/2026\/03\/cropped-logo_new-1.png","width":881,"height":685,"caption":"Blog do Farn\u00e9sio"},"image":{"@id":"https:\/\/blogdofarnesio.com.br\/#\/schema\/logo\/image\/"},"sameAs":["https:\/\/www.facebook.com\/BlogQuerSaberPolitica\/"]},{"@type":"Person","@id":"https:\/\/blogdofarnesio.com.br\/#\/schema\/person\/301c4acf522bccbfdb45af95b5b906a1","name":"Farn\u00e9sio","image":{"@type":"ImageObject","inLanguage":"pt-BR","@id":"https:\/\/secure.gravatar.com\/avatar\/df0c9a14567c056f8ad6876ba5bbd1e3e2c48023eb6807342fc4663adf549f38?s=96&d=mm&r=g","url":"https:\/\/secure.gravatar.com\/avatar\/df0c9a14567c056f8ad6876ba5bbd1e3e2c48023eb6807342fc4663adf549f38?s=96&d=mm&r=g","contentUrl":"https:\/\/secure.gravatar.com\/avatar\/df0c9a14567c056f8ad6876ba5bbd1e3e2c48023eb6807342fc4663adf549f38?s=96&d=mm&r=g","caption":"Farn\u00e9sio"},"sameAs":["https:\/\/quersaberpolitica.com.br"],"url":"https:\/\/blogdofarnesio.com.br\/?author=1"}]}},"_links":{"self":[{"href":"https:\/\/blogdofarnesio.com.br\/index.php?rest_route=\/wp\/v2\/posts\/294400","targetHints":{"allow":["GET"]}}],"collection":[{"href":"https:\/\/blogdofarnesio.com.br\/index.php?rest_route=\/wp\/v2\/posts"}],"about":[{"href":"https:\/\/blogdofarnesio.com.br\/index.php?rest_route=\/wp\/v2\/types\/post"}],"author":[{"embeddable":true,"href":"https:\/\/blogdofarnesio.com.br\/index.php?rest_route=\/wp\/v2\/users\/1"}],"replies":[{"embeddable":true,"href":"https:\/\/blogdofarnesio.com.br\/index.php?rest_route=%2Fwp%2Fv2%2Fcomments&post=294400"}],"version-history":[{"count":0,"href":"https:\/\/blogdofarnesio.com.br\/index.php?rest_route=\/wp\/v2\/posts\/294400\/revisions"}],"wp:featuredmedia":[{"embeddable":true,"href":"https:\/\/blogdofarnesio.com.br\/index.php?rest_route=\/wp\/v2\/media\/294401"}],"wp:attachment":[{"href":"https:\/\/blogdofarnesio.com.br\/index.php?rest_route=%2Fwp%2Fv2%2Fmedia&parent=294400"}],"wp:term":[{"taxonomy":"category","embeddable":true,"href":"https:\/\/blogdofarnesio.com.br\/index.php?rest_route=%2Fwp%2Fv2%2Fcategories&post=294400"},{"taxonomy":"post_tag","embeddable":true,"href":"https:\/\/blogdofarnesio.com.br\/index.php?rest_route=%2Fwp%2Fv2%2Ftags&post=294400"}],"curies":[{"name":"wp","href":"https:\/\/api.w.org\/{rel}","templated":true}]}}