{"id":294336,"date":"2021-08-30T13:00:47","date_gmt":"2021-08-30T16:00:47","guid":{"rendered":"https:\/\/quersaberpolitica.com.br\/?p=294336"},"modified":"2021-08-30T13:00:47","modified_gmt":"2021-08-30T16:00:47","slug":"a-ditadura-de-lula","status":"publish","type":"post","link":"https:\/\/blogdofarnesio.com.br\/?p=294336","title":{"rendered":"A ditadura de Lula"},"content":{"rendered":"<p><b>*Coluna de segunda feira &#8211;<\/b><\/p>\n<p>Lula \u00e9 a vanguarda do atraso, como diria o ex-ministro Fernando Lyra, um dos melhores frasistas que o Pa\u00eds conheceu. N\u00e3o tem proposta para o Pa\u00eds, seu discurso \u00e9 uma cantilena de 89, quando disputou pela primeira vez e perdeu para Collor. Tem hora que fala para agradar ao centro e a direita, outra exagera na dosagem para atender aos radicais de esquerda e aos petistas ra\u00edzes.<\/p>\n<p>Est\u00e1 mais perdido do que cego em tiroteio. Sua mais recente p\u00e9rola foi a regula\u00e7\u00e3o da m\u00eddia, caso venha a ser eleito, tremenda derrapada na tentativa de se apresentar como centro. Regular o qu\u00ea? Lula ainda raciocina no tempo em que a Imprensa era monop\u00f3lio de grupos que detinham a informa\u00e7\u00e3o no Brasil, da Rede Globo aos ent\u00e3o chamados jornal\u00f5es \u2013\u00a0<em>Estad\u00e3o<\/em>,\u00a0<em>Folha<\/em>,\u00a0<em>JB<\/em>\u00a0e\u00a0<em>Globo<\/em>.<\/p>\n<p>Globalizado, o mundo da comunica\u00e7\u00e3o, hoje, \u00e9 da internet, das redes sociais, dos grupos de Whatsapp, de gente que d\u00e1 pitaco e forma opini\u00e3o com liberdade em variadas plataformas, sem precisar recorrer aos ent\u00e3o donos da informa\u00e7\u00e3o. A regula\u00e7\u00e3o dos meios de comunica\u00e7\u00e3o, somada \u00e0 defesa do regime cubano e da Venezuela e \u00e0 ideia de reestatizar a Eletrobras e de revogar a reforma trabalhista, mostra que Lula s\u00f3 caminha para o centro da boca para fora, ou seja, na \u201cnarrativa\u201d.<\/p>\n<p>Na tentativa de deletar a derrapada do ex-presidi\u00e1rio, que tenta calar a m\u00eddia certamente ainda magoado com os tempos de pris\u00e3o pelo maior assalto aos cofres p\u00fablicos da hist\u00f3ria republicana, a opera\u00e7\u00e3o Lava Jato, que resultou numa gatunagem de mais de R$ 40 bilh\u00f5es, interlocutores andaram soprando que n\u00e3o passa pela cabe\u00e7a de Lula censurar ve\u00edculos de comunica\u00e7\u00e3o e que, na verdade, ele defende um modelo regulat\u00f3rio \u201cdemocr\u00e1tico\u201d, como acontece na Inglaterra.<\/p>\n<p>O que os petistas classificam de modelo \u00e9 uma aberra\u00e7\u00e3o. Os ingleses criaram o Press Recognition Panel, painel que supervisiona um \u00f3rg\u00e3o de autorregula\u00e7\u00e3o e tem poder de aplicar multas de at\u00e9 um milh\u00e3o de libras (R$ 4 milh\u00f5es) \u00e0s publica\u00e7\u00f5es, al\u00e9m de impor direito de resposta e corre\u00e7\u00f5es a jornais, revistas e site noticiosos.<\/p>\n<p>A filia\u00e7\u00e3o dos ve\u00edculos ao sistema n\u00e3o \u00e9 obrigat\u00f3ria, mas h\u00e1 diversos \u201cincentivos\u201d para que fa\u00e7am parte. O ve\u00edculo que n\u00e3o integrar o \u00f3rg\u00e3o, \u00e9 bom lembrar, precisa pagar as custas judiciais dos processos de acusa\u00e7\u00e3o, mesmo se sair vencedor. Este \u00e9 o modelo que os petistas ra\u00edzes julgam democr\u00e1tico, mas n\u00e3o \u00e9 ele, na verdade, o que Lula deseja. Se for eleito, Lula vai copiar o modelo chavista ou cubano de Fidel, ou seja, com ele, liberdade de express\u00e3o j\u00e1 era.<\/p>\n<p><strong>Bandeira petista \u2013\u00a0<\/strong>A regula\u00e7\u00e3o da m\u00eddia \u00e9 uma bandeira hist\u00f3rica do PT. J\u00e1 na campanha de Dilma \u00e0 Presid\u00eancia, o partido pressionou para que encampasse a discuss\u00e3o em um eventual segundo mandato. Ap\u00f3s sua reelei\u00e7\u00e3o, a petista deu algumas declara\u00e7\u00f5es defendendo a regula\u00e7\u00e3o econ\u00f4mica da m\u00eddia. Ela negou repetidamente a inten\u00e7\u00e3o de regular conte\u00fado. Dilma chegou a defender a regulamenta\u00e7\u00e3o de alguns artigos da Constitui\u00e7\u00e3o que falam do setor pelo Congresso. Eles pro\u00edbem monop\u00f3lios e oligop\u00f3lios, estabelecem que a programa\u00e7\u00e3o deve atender a crit\u00e9rios regionais e determinam regras para publicidade.<\/p>\n<p><strong><img decoding=\"async\" src=\"https:\/\/imagens.ebc.com.br\/oiLFsICv0gcGglr92dGYM1U39CM=\/1170x700\/smart\/https:\/\/agenciabrasil.ebc.com.br\/sites\/default\/files\/atoms\/image\/1012657-14042016-img_8199.jpg?itok=Jfb3CU8H\" alt=\"\" \/>A primeira tentativa \u2013\u00a0<\/strong>Ent\u00e3o presidente do PT, ligado ao grupo de Lula, Rui Falc\u00e3o (foto) chegou a defender, abertamente, a censura e a regula\u00e7\u00e3o da m\u00eddia. \u201cA democracia se aprofunda em ambientes onde h\u00e1 mais di\u00e1logo, onde a diversidade de ideias, as diferen\u00e7as regionais, t\u00eam espa\u00e7o equilibrado na m\u00eddia em geral. O que n\u00f3s queremos, em resumo, \u00e9 mais democracia. E o caminho \u00e9 a cria\u00e7\u00e3o de um marco regulat\u00f3rio moderno&#8221;, disse. Em 2010, o ent\u00e3o ministro Franklin Martins, hoje um dos principais assessores de Lula, chegou a apresentar um projeto de regula\u00e7\u00e3o da m\u00eddia. Diante da rea\u00e7\u00e3o da sociedade, Dilma engavetou.<\/p>\n<p><strong>*Magno Martins<\/strong><\/p>\n","protected":false},"excerpt":{"rendered":"<p>*Coluna de segunda feira &#8211; Lula \u00e9 a vanguarda do atraso, como diria o ex-ministro Fernando Lyra, um dos melhores frasistas que o Pa\u00eds conheceu. N\u00e3o tem proposta para o Pa\u00eds, seu discurso \u00e9 uma cantilena de 89, quando disputou pela primeira vez e perdeu para Collor. Tem hora que fala para agradar ao centro e a direita, outra exagera na dosagem para atender aos radicais de esquerda e aos petistas ra\u00edzes. Est\u00e1 mais perdido do que cego em tiroteio. Sua mais recente p\u00e9rola foi a regula\u00e7\u00e3o da m\u00eddia, caso venha a ser eleito, tremenda derrapada na tentativa de se apresentar como centro. Regular o qu\u00ea? Lula ainda raciocina no tempo em que a Imprensa era monop\u00f3lio de grupos que&hellip; <\/p>\n","protected":false},"author":1,"featured_media":228467,"comment_status":"closed","ping_status":"closed","sticky":false,"template":"","format":"standard","meta":{"_acf_changed":false,"footnotes":""},"categories":[1],"tags":[],"class_list":["post-294336","post","type-post","status-publish","format-standard","has-post-thumbnail","hentry","category-politica"],"acf":[],"yoast_head":"<!-- This site is optimized with the Yoast SEO plugin v27.4 - https:\/\/yoast.com\/product\/yoast-seo-wordpress\/ -->\n<title>A ditadura de Lula - Blog do Farn\u00e9sio<\/title>\n<meta name=\"robots\" content=\"index, follow, max-snippet:-1, max-image-preview:large, max-video-preview:-1\" \/>\n<link rel=\"canonical\" href=\"https:\/\/blogdofarnesio.com.br\/?p=294336\" \/>\n<meta property=\"og:locale\" content=\"pt_BR\" \/>\n<meta property=\"og:type\" content=\"article\" \/>\n<meta property=\"og:title\" content=\"A ditadura de Lula - Blog do Farn\u00e9sio\" \/>\n<meta property=\"og:description\" content=\"*Coluna de segunda feira &#8211; Lula \u00e9 a vanguarda do atraso, como diria o ex-ministro Fernando Lyra, um dos melhores frasistas que o Pa\u00eds conheceu. N\u00e3o tem proposta para o Pa\u00eds, seu discurso \u00e9 uma cantilena de 89, quando disputou pela primeira vez e perdeu para Collor. Tem hora que fala para agradar ao centro e a direita, outra exagera na dosagem para atender aos radicais de esquerda e aos petistas ra\u00edzes. Est\u00e1 mais perdido do que cego em tiroteio. Sua mais recente p\u00e9rola foi a regula\u00e7\u00e3o da m\u00eddia, caso venha a ser eleito, tremenda derrapada na tentativa de se apresentar como centro. Regular o qu\u00ea? Lula ainda raciocina no tempo em que a Imprensa era monop\u00f3lio de grupos que&hellip;\" \/>\n<meta property=\"og:url\" content=\"https:\/\/blogdofarnesio.com.br\/?p=294336\" \/>\n<meta property=\"og:site_name\" content=\"Blog do Farn\u00e9sio\" \/>\n<meta property=\"article:publisher\" content=\"https:\/\/www.facebook.com\/BlogQuerSaberPolitica\/\" \/>\n<meta property=\"article:published_time\" content=\"2021-08-30T16:00:47+00:00\" \/>\n<meta property=\"og:image\" content=\"https:\/\/blogdofarnesio.com.br\/wp-content\/uploads\/2019\/05\/blogqsp-lula-1.jpg\" \/>\n\t<meta property=\"og:image:width\" content=\"660\" \/>\n\t<meta property=\"og:image:height\" content=\"371\" \/>\n\t<meta property=\"og:image:type\" content=\"image\/jpeg\" \/>\n<meta name=\"author\" content=\"Farn\u00e9sio\" \/>\n<meta name=\"twitter:card\" content=\"summary_large_image\" \/>\n<meta name=\"twitter:label1\" content=\"Escrito por\" \/>\n\t<meta name=\"twitter:data1\" content=\"Farn\u00e9sio\" \/>\n\t<meta name=\"twitter:label2\" content=\"Est. tempo de leitura\" \/>\n\t<meta name=\"twitter:data2\" content=\"3 minutos\" \/>\n<script type=\"application\/ld+json\" class=\"yoast-schema-graph\">{\"@context\":\"https:\\\/\\\/schema.org\",\"@graph\":[{\"@type\":\"Article\",\"@id\":\"https:\\\/\\\/blogdofarnesio.com.br\\\/?p=294336#article\",\"isPartOf\":{\"@id\":\"https:\\\/\\\/blogdofarnesio.com.br\\\/?p=294336\"},\"author\":{\"name\":\"Farn\u00e9sio\",\"@id\":\"https:\\\/\\\/blogdofarnesio.com.br\\\/#\\\/schema\\\/person\\\/301c4acf522bccbfdb45af95b5b906a1\"},\"headline\":\"A ditadura de Lula\",\"datePublished\":\"2021-08-30T16:00:47+00:00\",\"mainEntityOfPage\":{\"@id\":\"https:\\\/\\\/blogdofarnesio.com.br\\\/?p=294336\"},\"wordCount\":695,\"publisher\":{\"@id\":\"https:\\\/\\\/blogdofarnesio.com.br\\\/#organization\"},\"image\":{\"@id\":\"https:\\\/\\\/blogdofarnesio.com.br\\\/?p=294336#primaryimage\"},\"thumbnailUrl\":\"https:\\\/\\\/blogdofarnesio.com.br\\\/wp-content\\\/uploads\\\/2019\\\/05\\\/blogqsp-lula-1.jpg\",\"articleSection\":[\"Pol\u00edtica\"],\"inLanguage\":\"pt-BR\"},{\"@type\":\"WebPage\",\"@id\":\"https:\\\/\\\/blogdofarnesio.com.br\\\/?p=294336\",\"url\":\"https:\\\/\\\/blogdofarnesio.com.br\\\/?p=294336\",\"name\":\"A ditadura de Lula - Blog do Farn\u00e9sio\",\"isPartOf\":{\"@id\":\"https:\\\/\\\/blogdofarnesio.com.br\\\/#website\"},\"primaryImageOfPage\":{\"@id\":\"https:\\\/\\\/blogdofarnesio.com.br\\\/?p=294336#primaryimage\"},\"image\":{\"@id\":\"https:\\\/\\\/blogdofarnesio.com.br\\\/?p=294336#primaryimage\"},\"thumbnailUrl\":\"https:\\\/\\\/blogdofarnesio.com.br\\\/wp-content\\\/uploads\\\/2019\\\/05\\\/blogqsp-lula-1.jpg\",\"datePublished\":\"2021-08-30T16:00:47+00:00\",\"breadcrumb\":{\"@id\":\"https:\\\/\\\/blogdofarnesio.com.br\\\/?p=294336#breadcrumb\"},\"inLanguage\":\"pt-BR\",\"potentialAction\":[{\"@type\":\"ReadAction\",\"target\":[\"https:\\\/\\\/blogdofarnesio.com.br\\\/?p=294336\"]}]},{\"@type\":\"ImageObject\",\"inLanguage\":\"pt-BR\",\"@id\":\"https:\\\/\\\/blogdofarnesio.com.br\\\/?p=294336#primaryimage\",\"url\":\"https:\\\/\\\/blogdofarnesio.com.br\\\/wp-content\\\/uploads\\\/2019\\\/05\\\/blogqsp-lula-1.jpg\",\"contentUrl\":\"https:\\\/\\\/blogdofarnesio.com.br\\\/wp-content\\\/uploads\\\/2019\\\/05\\\/blogqsp-lula-1.jpg\",\"width\":660,\"height\":371},{\"@type\":\"BreadcrumbList\",\"@id\":\"https:\\\/\\\/blogdofarnesio.com.br\\\/?p=294336#breadcrumb\",\"itemListElement\":[{\"@type\":\"ListItem\",\"position\":1,\"name\":\"In\u00edcio\",\"item\":\"https:\\\/\\\/blogdofarnesio.com.br\\\/\"},{\"@type\":\"ListItem\",\"position\":2,\"name\":\"A ditadura de Lula\"}]},{\"@type\":\"WebSite\",\"@id\":\"https:\\\/\\\/blogdofarnesio.com.br\\\/#website\",\"url\":\"https:\\\/\\\/blogdofarnesio.com.br\\\/\",\"name\":\"Blog do Farn\u00e9sio\",\"description\":\"Quer Saber Pol\u00edtica?\",\"publisher\":{\"@id\":\"https:\\\/\\\/blogdofarnesio.com.br\\\/#organization\"},\"potentialAction\":[{\"@type\":\"SearchAction\",\"target\":{\"@type\":\"EntryPoint\",\"urlTemplate\":\"https:\\\/\\\/blogdofarnesio.com.br\\\/?s={search_term_string}\"},\"query-input\":{\"@type\":\"PropertyValueSpecification\",\"valueRequired\":true,\"valueName\":\"search_term_string\"}}],\"inLanguage\":\"pt-BR\"},{\"@type\":\"Organization\",\"@id\":\"https:\\\/\\\/blogdofarnesio.com.br\\\/#organization\",\"name\":\"Blog do Farn\u00e9sio\",\"url\":\"https:\\\/\\\/blogdofarnesio.com.br\\\/\",\"logo\":{\"@type\":\"ImageObject\",\"inLanguage\":\"pt-BR\",\"@id\":\"https:\\\/\\\/blogdofarnesio.com.br\\\/#\\\/schema\\\/logo\\\/image\\\/\",\"url\":\"https:\\\/\\\/blogdofarnesio.com.br\\\/wp-content\\\/uploads\\\/2026\\\/03\\\/cropped-logo_new-1.png\",\"contentUrl\":\"https:\\\/\\\/blogdofarnesio.com.br\\\/wp-content\\\/uploads\\\/2026\\\/03\\\/cropped-logo_new-1.png\",\"width\":881,\"height\":685,\"caption\":\"Blog do Farn\u00e9sio\"},\"image\":{\"@id\":\"https:\\\/\\\/blogdofarnesio.com.br\\\/#\\\/schema\\\/logo\\\/image\\\/\"},\"sameAs\":[\"https:\\\/\\\/www.facebook.com\\\/BlogQuerSaberPolitica\\\/\"]},{\"@type\":\"Person\",\"@id\":\"https:\\\/\\\/blogdofarnesio.com.br\\\/#\\\/schema\\\/person\\\/301c4acf522bccbfdb45af95b5b906a1\",\"name\":\"Farn\u00e9sio\",\"image\":{\"@type\":\"ImageObject\",\"inLanguage\":\"pt-BR\",\"@id\":\"https:\\\/\\\/secure.gravatar.com\\\/avatar\\\/df0c9a14567c056f8ad6876ba5bbd1e3e2c48023eb6807342fc4663adf549f38?s=96&d=mm&r=g\",\"url\":\"https:\\\/\\\/secure.gravatar.com\\\/avatar\\\/df0c9a14567c056f8ad6876ba5bbd1e3e2c48023eb6807342fc4663adf549f38?s=96&d=mm&r=g\",\"contentUrl\":\"https:\\\/\\\/secure.gravatar.com\\\/avatar\\\/df0c9a14567c056f8ad6876ba5bbd1e3e2c48023eb6807342fc4663adf549f38?s=96&d=mm&r=g\",\"caption\":\"Farn\u00e9sio\"},\"sameAs\":[\"https:\\\/\\\/quersaberpolitica.com.br\"],\"url\":\"https:\\\/\\\/blogdofarnesio.com.br\\\/?author=1\"}]}<\/script>\n<!-- \/ Yoast SEO plugin. -->","yoast_head_json":{"title":"A ditadura de Lula - Blog do Farn\u00e9sio","robots":{"index":"index","follow":"follow","max-snippet":"max-snippet:-1","max-image-preview":"max-image-preview:large","max-video-preview":"max-video-preview:-1"},"canonical":"https:\/\/blogdofarnesio.com.br\/?p=294336","og_locale":"pt_BR","og_type":"article","og_title":"A ditadura de Lula - Blog do Farn\u00e9sio","og_description":"*Coluna de segunda feira &#8211; Lula \u00e9 a vanguarda do atraso, como diria o ex-ministro Fernando Lyra, um dos melhores frasistas que o Pa\u00eds conheceu. N\u00e3o tem proposta para o Pa\u00eds, seu discurso \u00e9 uma cantilena de 89, quando disputou pela primeira vez e perdeu para Collor. Tem hora que fala para agradar ao centro e a direita, outra exagera na dosagem para atender aos radicais de esquerda e aos petistas ra\u00edzes. Est\u00e1 mais perdido do que cego em tiroteio. Sua mais recente p\u00e9rola foi a regula\u00e7\u00e3o da m\u00eddia, caso venha a ser eleito, tremenda derrapada na tentativa de se apresentar como centro. Regular o qu\u00ea? Lula ainda raciocina no tempo em que a Imprensa era monop\u00f3lio de grupos que&hellip;","og_url":"https:\/\/blogdofarnesio.com.br\/?p=294336","og_site_name":"Blog do Farn\u00e9sio","article_publisher":"https:\/\/www.facebook.com\/BlogQuerSaberPolitica\/","article_published_time":"2021-08-30T16:00:47+00:00","og_image":[{"width":660,"height":371,"url":"https:\/\/blogdofarnesio.com.br\/wp-content\/uploads\/2019\/05\/blogqsp-lula-1.jpg","type":"image\/jpeg"}],"author":"Farn\u00e9sio","twitter_card":"summary_large_image","twitter_misc":{"Escrito por":"Farn\u00e9sio","Est. tempo de leitura":"3 minutos"},"schema":{"@context":"https:\/\/schema.org","@graph":[{"@type":"Article","@id":"https:\/\/blogdofarnesio.com.br\/?p=294336#article","isPartOf":{"@id":"https:\/\/blogdofarnesio.com.br\/?p=294336"},"author":{"name":"Farn\u00e9sio","@id":"https:\/\/blogdofarnesio.com.br\/#\/schema\/person\/301c4acf522bccbfdb45af95b5b906a1"},"headline":"A ditadura de Lula","datePublished":"2021-08-30T16:00:47+00:00","mainEntityOfPage":{"@id":"https:\/\/blogdofarnesio.com.br\/?p=294336"},"wordCount":695,"publisher":{"@id":"https:\/\/blogdofarnesio.com.br\/#organization"},"image":{"@id":"https:\/\/blogdofarnesio.com.br\/?p=294336#primaryimage"},"thumbnailUrl":"https:\/\/blogdofarnesio.com.br\/wp-content\/uploads\/2019\/05\/blogqsp-lula-1.jpg","articleSection":["Pol\u00edtica"],"inLanguage":"pt-BR"},{"@type":"WebPage","@id":"https:\/\/blogdofarnesio.com.br\/?p=294336","url":"https:\/\/blogdofarnesio.com.br\/?p=294336","name":"A ditadura de Lula - Blog do Farn\u00e9sio","isPartOf":{"@id":"https:\/\/blogdofarnesio.com.br\/#website"},"primaryImageOfPage":{"@id":"https:\/\/blogdofarnesio.com.br\/?p=294336#primaryimage"},"image":{"@id":"https:\/\/blogdofarnesio.com.br\/?p=294336#primaryimage"},"thumbnailUrl":"https:\/\/blogdofarnesio.com.br\/wp-content\/uploads\/2019\/05\/blogqsp-lula-1.jpg","datePublished":"2021-08-30T16:00:47+00:00","breadcrumb":{"@id":"https:\/\/blogdofarnesio.com.br\/?p=294336#breadcrumb"},"inLanguage":"pt-BR","potentialAction":[{"@type":"ReadAction","target":["https:\/\/blogdofarnesio.com.br\/?p=294336"]}]},{"@type":"ImageObject","inLanguage":"pt-BR","@id":"https:\/\/blogdofarnesio.com.br\/?p=294336#primaryimage","url":"https:\/\/blogdofarnesio.com.br\/wp-content\/uploads\/2019\/05\/blogqsp-lula-1.jpg","contentUrl":"https:\/\/blogdofarnesio.com.br\/wp-content\/uploads\/2019\/05\/blogqsp-lula-1.jpg","width":660,"height":371},{"@type":"BreadcrumbList","@id":"https:\/\/blogdofarnesio.com.br\/?p=294336#breadcrumb","itemListElement":[{"@type":"ListItem","position":1,"name":"In\u00edcio","item":"https:\/\/blogdofarnesio.com.br\/"},{"@type":"ListItem","position":2,"name":"A ditadura de Lula"}]},{"@type":"WebSite","@id":"https:\/\/blogdofarnesio.com.br\/#website","url":"https:\/\/blogdofarnesio.com.br\/","name":"Blog do Farn\u00e9sio","description":"Quer Saber Pol\u00edtica?","publisher":{"@id":"https:\/\/blogdofarnesio.com.br\/#organization"},"potentialAction":[{"@type":"SearchAction","target":{"@type":"EntryPoint","urlTemplate":"https:\/\/blogdofarnesio.com.br\/?s={search_term_string}"},"query-input":{"@type":"PropertyValueSpecification","valueRequired":true,"valueName":"search_term_string"}}],"inLanguage":"pt-BR"},{"@type":"Organization","@id":"https:\/\/blogdofarnesio.com.br\/#organization","name":"Blog do Farn\u00e9sio","url":"https:\/\/blogdofarnesio.com.br\/","logo":{"@type":"ImageObject","inLanguage":"pt-BR","@id":"https:\/\/blogdofarnesio.com.br\/#\/schema\/logo\/image\/","url":"https:\/\/blogdofarnesio.com.br\/wp-content\/uploads\/2026\/03\/cropped-logo_new-1.png","contentUrl":"https:\/\/blogdofarnesio.com.br\/wp-content\/uploads\/2026\/03\/cropped-logo_new-1.png","width":881,"height":685,"caption":"Blog do Farn\u00e9sio"},"image":{"@id":"https:\/\/blogdofarnesio.com.br\/#\/schema\/logo\/image\/"},"sameAs":["https:\/\/www.facebook.com\/BlogQuerSaberPolitica\/"]},{"@type":"Person","@id":"https:\/\/blogdofarnesio.com.br\/#\/schema\/person\/301c4acf522bccbfdb45af95b5b906a1","name":"Farn\u00e9sio","image":{"@type":"ImageObject","inLanguage":"pt-BR","@id":"https:\/\/secure.gravatar.com\/avatar\/df0c9a14567c056f8ad6876ba5bbd1e3e2c48023eb6807342fc4663adf549f38?s=96&d=mm&r=g","url":"https:\/\/secure.gravatar.com\/avatar\/df0c9a14567c056f8ad6876ba5bbd1e3e2c48023eb6807342fc4663adf549f38?s=96&d=mm&r=g","contentUrl":"https:\/\/secure.gravatar.com\/avatar\/df0c9a14567c056f8ad6876ba5bbd1e3e2c48023eb6807342fc4663adf549f38?s=96&d=mm&r=g","caption":"Farn\u00e9sio"},"sameAs":["https:\/\/quersaberpolitica.com.br"],"url":"https:\/\/blogdofarnesio.com.br\/?author=1"}]}},"_links":{"self":[{"href":"https:\/\/blogdofarnesio.com.br\/index.php?rest_route=\/wp\/v2\/posts\/294336","targetHints":{"allow":["GET"]}}],"collection":[{"href":"https:\/\/blogdofarnesio.com.br\/index.php?rest_route=\/wp\/v2\/posts"}],"about":[{"href":"https:\/\/blogdofarnesio.com.br\/index.php?rest_route=\/wp\/v2\/types\/post"}],"author":[{"embeddable":true,"href":"https:\/\/blogdofarnesio.com.br\/index.php?rest_route=\/wp\/v2\/users\/1"}],"replies":[{"embeddable":true,"href":"https:\/\/blogdofarnesio.com.br\/index.php?rest_route=%2Fwp%2Fv2%2Fcomments&post=294336"}],"version-history":[{"count":0,"href":"https:\/\/blogdofarnesio.com.br\/index.php?rest_route=\/wp\/v2\/posts\/294336\/revisions"}],"wp:featuredmedia":[{"embeddable":true,"href":"https:\/\/blogdofarnesio.com.br\/index.php?rest_route=\/wp\/v2\/media\/228467"}],"wp:attachment":[{"href":"https:\/\/blogdofarnesio.com.br\/index.php?rest_route=%2Fwp%2Fv2%2Fmedia&parent=294336"}],"wp:term":[{"taxonomy":"category","embeddable":true,"href":"https:\/\/blogdofarnesio.com.br\/index.php?rest_route=%2Fwp%2Fv2%2Fcategories&post=294336"},{"taxonomy":"post_tag","embeddable":true,"href":"https:\/\/blogdofarnesio.com.br\/index.php?rest_route=%2Fwp%2Fv2%2Ftags&post=294336"}],"curies":[{"name":"wp","href":"https:\/\/api.w.org\/{rel}","templated":true}]}}