{"id":294329,"date":"2021-08-30T14:21:10","date_gmt":"2021-08-30T17:21:10","guid":{"rendered":"https:\/\/quersaberpolitica.com.br\/?p=294329"},"modified":"2021-08-30T11:55:45","modified_gmt":"2021-08-30T14:55:45","slug":"prefeitura-inicia-obras-de-recapeamento-da-estrada-de-acesso-a-agrovila-do-km-25-em-petrolina","status":"publish","type":"post","link":"https:\/\/blogdofarnesio.com.br\/?p=294329","title":{"rendered":"Prefeitura inicia obras de recapeamento da estrada de acesso \u00e0 agrovila do KM-25, em Petrolina"},"content":{"rendered":"<p style=\"font-weight: 400;\">Os pr\u00f3ximos seis meses ser\u00e3o de intensa movimenta\u00e7\u00e3o de m\u00e1quinas e de trabalhadores respons\u00e1veis pela obra de recapeamento da estrada do Projeto Maria Tereza, em Petrolina. Ap\u00f3s assinatura da Ordem de Servi\u00e7o, feita pelo prefeito Miguel Coelho no \u00faltimo dia 23, os trabalhos foram iniciados no primeiro trecho da obra, na altura do entroncamento da PE-636 e PE-638.<\/p>\n<p style=\"font-weight: 400;\">No momento, est\u00e1 sendo feita a limpeza das vias laterais e na sequ\u00eancia, as equipes de topografia iniciar\u00e3o seu trabalho para possibilitar que seja realizado o estaqueamento do trecho. A previs\u00e3o \u00e9 que nas pr\u00f3ximas semanas, as m\u00e1quinas de terraplanagem possam entrar em campo.<\/p>\n<p style=\"font-weight: 400;\">O secret\u00e1rio de Infraestrutura e Mobilidade, Fred Machado, ressalta que a decis\u00e3o foi tomada para atender as reivindica\u00e7\u00f5es da comunidade.\u00a0<em>\u201cA Prefeitura de Petrolina assumiu o compromisso de recuperar mais de 14 km de pavimenta\u00e7\u00e3o asf\u00e1ltica de uma das principais rotas de escoamento da produ\u00e7\u00e3o agr\u00edcola da fruticultura irrigada da regi\u00e3o. A iniciativa arrojada do prefeito Miguel Coelho, possibilitar\u00e1 mais seguran\u00e7a e mobilidade para aqueles que trafegam pela estrada de acesso \u00e0 agrovila do KM-25 todos os dias\u201d,\u00a0<\/em>pontua.<\/p>\n<p style=\"font-weight: 400;\">Com investimento de R$ 3,2 milh\u00f5es, a obra \u00e9 uma parceria com o Minist\u00e9rio do Desenvolvimento Regional, coordenada pela Secretaria de Agricultura (Seagri) e Secretaria de Infraestrutura e Mobilidade.<\/p>\n<p style=\"font-weight: 400;\">Ascom\/PMP<\/p>\n","protected":false},"excerpt":{"rendered":"<p>Os pr\u00f3ximos seis meses ser\u00e3o de intensa movimenta\u00e7\u00e3o de m\u00e1quinas e de trabalhadores respons\u00e1veis pela obra de recapeamento da estrada do Projeto Maria Tereza, em Petrolina. Ap\u00f3s assinatura da Ordem de Servi\u00e7o, feita pelo prefeito Miguel Coelho no \u00faltimo dia 23, os trabalhos foram iniciados no primeiro trecho da obra, na altura do entroncamento da PE-636 e PE-638. No momento, est\u00e1 sendo feita a limpeza das vias laterais e na sequ\u00eancia, as equipes de topografia iniciar\u00e3o seu trabalho para possibilitar que seja realizado o estaqueamento do trecho. A previs\u00e3o \u00e9 que nas pr\u00f3ximas semanas, as m\u00e1quinas de terraplanagem possam entrar em campo. O secret\u00e1rio de Infraestrutura e Mobilidade, Fred Machado, ressalta que a decis\u00e3o foi tomada para atender as reivindica\u00e7\u00f5es&hellip; <\/p>\n","protected":false},"author":1,"featured_media":294330,"comment_status":"closed","ping_status":"closed","sticky":false,"template":"","format":"standard","meta":{"_acf_changed":false,"footnotes":""},"categories":[44],"tags":[],"class_list":["post-294329","post","type-post","status-publish","format-standard","has-post-thumbnail","hentry","category-administracao"],"acf":[],"yoast_head":"<!-- This site is optimized with the Yoast SEO plugin v27.4 - https:\/\/yoast.com\/product\/yoast-seo-wordpress\/ -->\n<title>Prefeitura inicia obras de recapeamento da estrada de acesso \u00e0 agrovila do KM-25, em Petrolina - Blog do Farn\u00e9sio<\/title>\n<meta name=\"robots\" content=\"index, follow, max-snippet:-1, max-image-preview:large, max-video-preview:-1\" \/>\n<link rel=\"canonical\" href=\"https:\/\/blogdofarnesio.com.br\/?p=294329\" \/>\n<meta property=\"og:locale\" content=\"pt_BR\" \/>\n<meta property=\"og:type\" content=\"article\" \/>\n<meta property=\"og:title\" content=\"Prefeitura inicia obras de recapeamento da estrada de acesso \u00e0 agrovila do KM-25, em Petrolina - Blog do Farn\u00e9sio\" \/>\n<meta property=\"og:description\" content=\"Os pr\u00f3ximos seis meses ser\u00e3o de intensa movimenta\u00e7\u00e3o de m\u00e1quinas e de trabalhadores respons\u00e1veis pela obra de recapeamento da estrada do Projeto Maria Tereza, em Petrolina. Ap\u00f3s assinatura da Ordem de Servi\u00e7o, feita pelo prefeito Miguel Coelho no \u00faltimo dia 23, os trabalhos foram iniciados no primeiro trecho da obra, na altura do entroncamento da PE-636 e PE-638. No momento, est\u00e1 sendo feita a limpeza das vias laterais e na sequ\u00eancia, as equipes de topografia iniciar\u00e3o seu trabalho para possibilitar que seja realizado o estaqueamento do trecho. A previs\u00e3o \u00e9 que nas pr\u00f3ximas semanas, as m\u00e1quinas de terraplanagem possam entrar em campo. O secret\u00e1rio de Infraestrutura e Mobilidade, Fred Machado, ressalta que a decis\u00e3o foi tomada para atender as reivindica\u00e7\u00f5es&hellip;\" \/>\n<meta property=\"og:url\" content=\"https:\/\/blogdofarnesio.com.br\/?p=294329\" \/>\n<meta property=\"og:site_name\" content=\"Blog do Farn\u00e9sio\" \/>\n<meta property=\"article:publisher\" content=\"https:\/\/www.facebook.com\/BlogQuerSaberPolitica\/\" \/>\n<meta property=\"article:published_time\" content=\"2021-08-30T17:21:10+00:00\" \/>\n<meta property=\"og:image\" content=\"https:\/\/blogdofarnesio.com.br\/wp-content\/uploads\/2021\/08\/blogqsppet-Recapeamento-da-estrada-do-KM-25-e1630335282623.jpeg\" \/>\n\t<meta property=\"og:image:width\" content=\"500\" \/>\n\t<meta property=\"og:image:height\" content=\"281\" \/>\n\t<meta property=\"og:image:type\" content=\"image\/jpeg\" \/>\n<meta name=\"author\" content=\"Farn\u00e9sio\" \/>\n<meta name=\"twitter:card\" content=\"summary_large_image\" \/>\n<meta name=\"twitter:label1\" content=\"Escrito por\" \/>\n\t<meta name=\"twitter:data1\" content=\"Farn\u00e9sio\" \/>\n\t<meta name=\"twitter:label2\" content=\"Est. tempo de leitura\" \/>\n\t<meta name=\"twitter:data2\" content=\"1 minuto\" \/>\n<script type=\"application\/ld+json\" class=\"yoast-schema-graph\">{\"@context\":\"https:\\\/\\\/schema.org\",\"@graph\":[{\"@type\":\"Article\",\"@id\":\"https:\\\/\\\/blogdofarnesio.com.br\\\/?p=294329#article\",\"isPartOf\":{\"@id\":\"https:\\\/\\\/blogdofarnesio.com.br\\\/?p=294329\"},\"author\":{\"name\":\"Farn\u00e9sio\",\"@id\":\"https:\\\/\\\/blogdofarnesio.com.br\\\/#\\\/schema\\\/person\\\/301c4acf522bccbfdb45af95b5b906a1\"},\"headline\":\"Prefeitura inicia obras de recapeamento da estrada de acesso \u00e0 agrovila do KM-25, em Petrolina\",\"datePublished\":\"2021-08-30T17:21:10+00:00\",\"mainEntityOfPage\":{\"@id\":\"https:\\\/\\\/blogdofarnesio.com.br\\\/?p=294329\"},\"wordCount\":243,\"publisher\":{\"@id\":\"https:\\\/\\\/blogdofarnesio.com.br\\\/#organization\"},\"image\":{\"@id\":\"https:\\\/\\\/blogdofarnesio.com.br\\\/?p=294329#primaryimage\"},\"thumbnailUrl\":\"https:\\\/\\\/blogdofarnesio.com.br\\\/wp-content\\\/uploads\\\/2021\\\/08\\\/blogqsppet-Recapeamento-da-estrada-do-KM-25-e1630335282623.jpeg\",\"articleSection\":[\"Administra\u00e7\u00e3o\"],\"inLanguage\":\"pt-BR\"},{\"@type\":\"WebPage\",\"@id\":\"https:\\\/\\\/blogdofarnesio.com.br\\\/?p=294329\",\"url\":\"https:\\\/\\\/blogdofarnesio.com.br\\\/?p=294329\",\"name\":\"Prefeitura inicia obras de recapeamento da estrada de acesso \u00e0 agrovila do KM-25, em Petrolina - Blog do Farn\u00e9sio\",\"isPartOf\":{\"@id\":\"https:\\\/\\\/blogdofarnesio.com.br\\\/#website\"},\"primaryImageOfPage\":{\"@id\":\"https:\\\/\\\/blogdofarnesio.com.br\\\/?p=294329#primaryimage\"},\"image\":{\"@id\":\"https:\\\/\\\/blogdofarnesio.com.br\\\/?p=294329#primaryimage\"},\"thumbnailUrl\":\"https:\\\/\\\/blogdofarnesio.com.br\\\/wp-content\\\/uploads\\\/2021\\\/08\\\/blogqsppet-Recapeamento-da-estrada-do-KM-25-e1630335282623.jpeg\",\"datePublished\":\"2021-08-30T17:21:10+00:00\",\"breadcrumb\":{\"@id\":\"https:\\\/\\\/blogdofarnesio.com.br\\\/?p=294329#breadcrumb\"},\"inLanguage\":\"pt-BR\",\"potentialAction\":[{\"@type\":\"ReadAction\",\"target\":[\"https:\\\/\\\/blogdofarnesio.com.br\\\/?p=294329\"]}]},{\"@type\":\"ImageObject\",\"inLanguage\":\"pt-BR\",\"@id\":\"https:\\\/\\\/blogdofarnesio.com.br\\\/?p=294329#primaryimage\",\"url\":\"https:\\\/\\\/blogdofarnesio.com.br\\\/wp-content\\\/uploads\\\/2021\\\/08\\\/blogqsppet-Recapeamento-da-estrada-do-KM-25-e1630335282623.jpeg\",\"contentUrl\":\"https:\\\/\\\/blogdofarnesio.com.br\\\/wp-content\\\/uploads\\\/2021\\\/08\\\/blogqsppet-Recapeamento-da-estrada-do-KM-25-e1630335282623.jpeg\",\"width\":500,\"height\":281},{\"@type\":\"BreadcrumbList\",\"@id\":\"https:\\\/\\\/blogdofarnesio.com.br\\\/?p=294329#breadcrumb\",\"itemListElement\":[{\"@type\":\"ListItem\",\"position\":1,\"name\":\"In\u00edcio\",\"item\":\"https:\\\/\\\/blogdofarnesio.com.br\\\/\"},{\"@type\":\"ListItem\",\"position\":2,\"name\":\"Prefeitura inicia obras de recapeamento da estrada de acesso \u00e0 agrovila do KM-25, em Petrolina\"}]},{\"@type\":\"WebSite\",\"@id\":\"https:\\\/\\\/blogdofarnesio.com.br\\\/#website\",\"url\":\"https:\\\/\\\/blogdofarnesio.com.br\\\/\",\"name\":\"Blog do Farn\u00e9sio\",\"description\":\"Quer Saber Pol\u00edtica?\",\"publisher\":{\"@id\":\"https:\\\/\\\/blogdofarnesio.com.br\\\/#organization\"},\"potentialAction\":[{\"@type\":\"SearchAction\",\"target\":{\"@type\":\"EntryPoint\",\"urlTemplate\":\"https:\\\/\\\/blogdofarnesio.com.br\\\/?s={search_term_string}\"},\"query-input\":{\"@type\":\"PropertyValueSpecification\",\"valueRequired\":true,\"valueName\":\"search_term_string\"}}],\"inLanguage\":\"pt-BR\"},{\"@type\":\"Organization\",\"@id\":\"https:\\\/\\\/blogdofarnesio.com.br\\\/#organization\",\"name\":\"Blog do Farn\u00e9sio\",\"url\":\"https:\\\/\\\/blogdofarnesio.com.br\\\/\",\"logo\":{\"@type\":\"ImageObject\",\"inLanguage\":\"pt-BR\",\"@id\":\"https:\\\/\\\/blogdofarnesio.com.br\\\/#\\\/schema\\\/logo\\\/image\\\/\",\"url\":\"https:\\\/\\\/blogdofarnesio.com.br\\\/wp-content\\\/uploads\\\/2026\\\/03\\\/cropped-logo_new-1.png\",\"contentUrl\":\"https:\\\/\\\/blogdofarnesio.com.br\\\/wp-content\\\/uploads\\\/2026\\\/03\\\/cropped-logo_new-1.png\",\"width\":881,\"height\":685,\"caption\":\"Blog do Farn\u00e9sio\"},\"image\":{\"@id\":\"https:\\\/\\\/blogdofarnesio.com.br\\\/#\\\/schema\\\/logo\\\/image\\\/\"},\"sameAs\":[\"https:\\\/\\\/www.facebook.com\\\/BlogQuerSaberPolitica\\\/\"]},{\"@type\":\"Person\",\"@id\":\"https:\\\/\\\/blogdofarnesio.com.br\\\/#\\\/schema\\\/person\\\/301c4acf522bccbfdb45af95b5b906a1\",\"name\":\"Farn\u00e9sio\",\"image\":{\"@type\":\"ImageObject\",\"inLanguage\":\"pt-BR\",\"@id\":\"https:\\\/\\\/secure.gravatar.com\\\/avatar\\\/df0c9a14567c056f8ad6876ba5bbd1e3e2c48023eb6807342fc4663adf549f38?s=96&d=mm&r=g\",\"url\":\"https:\\\/\\\/secure.gravatar.com\\\/avatar\\\/df0c9a14567c056f8ad6876ba5bbd1e3e2c48023eb6807342fc4663adf549f38?s=96&d=mm&r=g\",\"contentUrl\":\"https:\\\/\\\/secure.gravatar.com\\\/avatar\\\/df0c9a14567c056f8ad6876ba5bbd1e3e2c48023eb6807342fc4663adf549f38?s=96&d=mm&r=g\",\"caption\":\"Farn\u00e9sio\"},\"sameAs\":[\"https:\\\/\\\/quersaberpolitica.com.br\"],\"url\":\"https:\\\/\\\/blogdofarnesio.com.br\\\/?author=1\"}]}<\/script>\n<!-- \/ Yoast SEO plugin. -->","yoast_head_json":{"title":"Prefeitura inicia obras de recapeamento da estrada de acesso \u00e0 agrovila do KM-25, em Petrolina - Blog do Farn\u00e9sio","robots":{"index":"index","follow":"follow","max-snippet":"max-snippet:-1","max-image-preview":"max-image-preview:large","max-video-preview":"max-video-preview:-1"},"canonical":"https:\/\/blogdofarnesio.com.br\/?p=294329","og_locale":"pt_BR","og_type":"article","og_title":"Prefeitura inicia obras de recapeamento da estrada de acesso \u00e0 agrovila do KM-25, em Petrolina - Blog do Farn\u00e9sio","og_description":"Os pr\u00f3ximos seis meses ser\u00e3o de intensa movimenta\u00e7\u00e3o de m\u00e1quinas e de trabalhadores respons\u00e1veis pela obra de recapeamento da estrada do Projeto Maria Tereza, em Petrolina. Ap\u00f3s assinatura da Ordem de Servi\u00e7o, feita pelo prefeito Miguel Coelho no \u00faltimo dia 23, os trabalhos foram iniciados no primeiro trecho da obra, na altura do entroncamento da PE-636 e PE-638. No momento, est\u00e1 sendo feita a limpeza das vias laterais e na sequ\u00eancia, as equipes de topografia iniciar\u00e3o seu trabalho para possibilitar que seja realizado o estaqueamento do trecho. A previs\u00e3o \u00e9 que nas pr\u00f3ximas semanas, as m\u00e1quinas de terraplanagem possam entrar em campo. O secret\u00e1rio de Infraestrutura e Mobilidade, Fred Machado, ressalta que a decis\u00e3o foi tomada para atender as reivindica\u00e7\u00f5es&hellip;","og_url":"https:\/\/blogdofarnesio.com.br\/?p=294329","og_site_name":"Blog do Farn\u00e9sio","article_publisher":"https:\/\/www.facebook.com\/BlogQuerSaberPolitica\/","article_published_time":"2021-08-30T17:21:10+00:00","og_image":[{"width":500,"height":281,"url":"https:\/\/blogdofarnesio.com.br\/wp-content\/uploads\/2021\/08\/blogqsppet-Recapeamento-da-estrada-do-KM-25-e1630335282623.jpeg","type":"image\/jpeg"}],"author":"Farn\u00e9sio","twitter_card":"summary_large_image","twitter_misc":{"Escrito por":"Farn\u00e9sio","Est. tempo de leitura":"1 minuto"},"schema":{"@context":"https:\/\/schema.org","@graph":[{"@type":"Article","@id":"https:\/\/blogdofarnesio.com.br\/?p=294329#article","isPartOf":{"@id":"https:\/\/blogdofarnesio.com.br\/?p=294329"},"author":{"name":"Farn\u00e9sio","@id":"https:\/\/blogdofarnesio.com.br\/#\/schema\/person\/301c4acf522bccbfdb45af95b5b906a1"},"headline":"Prefeitura inicia obras de recapeamento da estrada de acesso \u00e0 agrovila do KM-25, em Petrolina","datePublished":"2021-08-30T17:21:10+00:00","mainEntityOfPage":{"@id":"https:\/\/blogdofarnesio.com.br\/?p=294329"},"wordCount":243,"publisher":{"@id":"https:\/\/blogdofarnesio.com.br\/#organization"},"image":{"@id":"https:\/\/blogdofarnesio.com.br\/?p=294329#primaryimage"},"thumbnailUrl":"https:\/\/blogdofarnesio.com.br\/wp-content\/uploads\/2021\/08\/blogqsppet-Recapeamento-da-estrada-do-KM-25-e1630335282623.jpeg","articleSection":["Administra\u00e7\u00e3o"],"inLanguage":"pt-BR"},{"@type":"WebPage","@id":"https:\/\/blogdofarnesio.com.br\/?p=294329","url":"https:\/\/blogdofarnesio.com.br\/?p=294329","name":"Prefeitura inicia obras de recapeamento da estrada de acesso \u00e0 agrovila do KM-25, em Petrolina - Blog do Farn\u00e9sio","isPartOf":{"@id":"https:\/\/blogdofarnesio.com.br\/#website"},"primaryImageOfPage":{"@id":"https:\/\/blogdofarnesio.com.br\/?p=294329#primaryimage"},"image":{"@id":"https:\/\/blogdofarnesio.com.br\/?p=294329#primaryimage"},"thumbnailUrl":"https:\/\/blogdofarnesio.com.br\/wp-content\/uploads\/2021\/08\/blogqsppet-Recapeamento-da-estrada-do-KM-25-e1630335282623.jpeg","datePublished":"2021-08-30T17:21:10+00:00","breadcrumb":{"@id":"https:\/\/blogdofarnesio.com.br\/?p=294329#breadcrumb"},"inLanguage":"pt-BR","potentialAction":[{"@type":"ReadAction","target":["https:\/\/blogdofarnesio.com.br\/?p=294329"]}]},{"@type":"ImageObject","inLanguage":"pt-BR","@id":"https:\/\/blogdofarnesio.com.br\/?p=294329#primaryimage","url":"https:\/\/blogdofarnesio.com.br\/wp-content\/uploads\/2021\/08\/blogqsppet-Recapeamento-da-estrada-do-KM-25-e1630335282623.jpeg","contentUrl":"https:\/\/blogdofarnesio.com.br\/wp-content\/uploads\/2021\/08\/blogqsppet-Recapeamento-da-estrada-do-KM-25-e1630335282623.jpeg","width":500,"height":281},{"@type":"BreadcrumbList","@id":"https:\/\/blogdofarnesio.com.br\/?p=294329#breadcrumb","itemListElement":[{"@type":"ListItem","position":1,"name":"In\u00edcio","item":"https:\/\/blogdofarnesio.com.br\/"},{"@type":"ListItem","position":2,"name":"Prefeitura inicia obras de recapeamento da estrada de acesso \u00e0 agrovila do KM-25, em Petrolina"}]},{"@type":"WebSite","@id":"https:\/\/blogdofarnesio.com.br\/#website","url":"https:\/\/blogdofarnesio.com.br\/","name":"Blog do Farn\u00e9sio","description":"Quer Saber Pol\u00edtica?","publisher":{"@id":"https:\/\/blogdofarnesio.com.br\/#organization"},"potentialAction":[{"@type":"SearchAction","target":{"@type":"EntryPoint","urlTemplate":"https:\/\/blogdofarnesio.com.br\/?s={search_term_string}"},"query-input":{"@type":"PropertyValueSpecification","valueRequired":true,"valueName":"search_term_string"}}],"inLanguage":"pt-BR"},{"@type":"Organization","@id":"https:\/\/blogdofarnesio.com.br\/#organization","name":"Blog do Farn\u00e9sio","url":"https:\/\/blogdofarnesio.com.br\/","logo":{"@type":"ImageObject","inLanguage":"pt-BR","@id":"https:\/\/blogdofarnesio.com.br\/#\/schema\/logo\/image\/","url":"https:\/\/blogdofarnesio.com.br\/wp-content\/uploads\/2026\/03\/cropped-logo_new-1.png","contentUrl":"https:\/\/blogdofarnesio.com.br\/wp-content\/uploads\/2026\/03\/cropped-logo_new-1.png","width":881,"height":685,"caption":"Blog do Farn\u00e9sio"},"image":{"@id":"https:\/\/blogdofarnesio.com.br\/#\/schema\/logo\/image\/"},"sameAs":["https:\/\/www.facebook.com\/BlogQuerSaberPolitica\/"]},{"@type":"Person","@id":"https:\/\/blogdofarnesio.com.br\/#\/schema\/person\/301c4acf522bccbfdb45af95b5b906a1","name":"Farn\u00e9sio","image":{"@type":"ImageObject","inLanguage":"pt-BR","@id":"https:\/\/secure.gravatar.com\/avatar\/df0c9a14567c056f8ad6876ba5bbd1e3e2c48023eb6807342fc4663adf549f38?s=96&d=mm&r=g","url":"https:\/\/secure.gravatar.com\/avatar\/df0c9a14567c056f8ad6876ba5bbd1e3e2c48023eb6807342fc4663adf549f38?s=96&d=mm&r=g","contentUrl":"https:\/\/secure.gravatar.com\/avatar\/df0c9a14567c056f8ad6876ba5bbd1e3e2c48023eb6807342fc4663adf549f38?s=96&d=mm&r=g","caption":"Farn\u00e9sio"},"sameAs":["https:\/\/quersaberpolitica.com.br"],"url":"https:\/\/blogdofarnesio.com.br\/?author=1"}]}},"_links":{"self":[{"href":"https:\/\/blogdofarnesio.com.br\/index.php?rest_route=\/wp\/v2\/posts\/294329","targetHints":{"allow":["GET"]}}],"collection":[{"href":"https:\/\/blogdofarnesio.com.br\/index.php?rest_route=\/wp\/v2\/posts"}],"about":[{"href":"https:\/\/blogdofarnesio.com.br\/index.php?rest_route=\/wp\/v2\/types\/post"}],"author":[{"embeddable":true,"href":"https:\/\/blogdofarnesio.com.br\/index.php?rest_route=\/wp\/v2\/users\/1"}],"replies":[{"embeddable":true,"href":"https:\/\/blogdofarnesio.com.br\/index.php?rest_route=%2Fwp%2Fv2%2Fcomments&post=294329"}],"version-history":[{"count":0,"href":"https:\/\/blogdofarnesio.com.br\/index.php?rest_route=\/wp\/v2\/posts\/294329\/revisions"}],"wp:featuredmedia":[{"embeddable":true,"href":"https:\/\/blogdofarnesio.com.br\/index.php?rest_route=\/wp\/v2\/media\/294330"}],"wp:attachment":[{"href":"https:\/\/blogdofarnesio.com.br\/index.php?rest_route=%2Fwp%2Fv2%2Fmedia&parent=294329"}],"wp:term":[{"taxonomy":"category","embeddable":true,"href":"https:\/\/blogdofarnesio.com.br\/index.php?rest_route=%2Fwp%2Fv2%2Fcategories&post=294329"},{"taxonomy":"post_tag","embeddable":true,"href":"https:\/\/blogdofarnesio.com.br\/index.php?rest_route=%2Fwp%2Fv2%2Ftags&post=294329"}],"curies":[{"name":"wp","href":"https:\/\/api.w.org\/{rel}","templated":true}]}}