{"id":294235,"date":"2021-08-30T14:42:43","date_gmt":"2021-08-30T17:42:43","guid":{"rendered":"https:\/\/quersaberpolitica.com.br\/?p=294235"},"modified":"2021-08-30T09:31:07","modified_gmt":"2021-08-30T12:31:07","slug":"festival-opara-reune-artistas-da-musica-independente-de-ba-pe-mg-e-se-em-shows-virtuais","status":"publish","type":"post","link":"https:\/\/blogdofarnesio.com.br\/?p=294235","title":{"rendered":"Festival Opar\u00e1 re\u00fane artistas da m\u00fasica independente de BA, PE, MG E SE em shows virtuais"},"content":{"rendered":"<div>\n<p>Artistas independentes e de ge\u0302neros musicais diversos, representando quatro dos cinco estados brasileiros banhados pelo Rio S\u00e3o Francisco, se apresentar\u00e3o virtualmente na primeira edi\u00e7\u00e3o do Festival Opar\u00e1, nestes dias 30 e 31 de agosto. O evento ser\u00e1 transmitido no canal do Youtube da Opar\u00e1 Produtora Cultural &#8211; <a href=\"http:\/\/youtube.com\/c\/Opar%C3%A1Produtora\" target=\"_blank\" rel=\"noopener\" data-saferedirecturl=\"https:\/\/www.google.com\/url?q=http:\/\/youtube.com\/c\/Opar%25C3%25A1Produtora&amp;source=gmail&amp;ust=1630258069399000&amp;usg=AFQjCNGsYS_Jq6q6b4RAFlV2fLVyXkxpdA\">youtube.com\/c\/Opar\u00e1Produtora<\/a>\u00a0&#8211; sempre \u00e0s 20h.<\/p>\n<p>O rio S\u00e3o Francisco foi batizado de rio \u201cOpar\u00e1\u201d, que significa \u201crio-mar\u201d, pelos ancestrais ind\u00edgenas Caet\u00e9s. O \u201crio da integra\u00e7\u00e3o nacional\u201d \u00e9 fonte de renda, lazer, cultura, tradi\u00e7\u00e3o e vida para comunidades ribeirinhas. Geraldo J\u00fanior, produtor da Opar\u00e1 Produtora, pontua que o festival promove um verdadeiro interc\u00e2mbio cultural a partir da integra\u00e7\u00e3o desses artistas que representam a multiculturalidade presente nesses estados banhados pelo Velho Chico.<\/p>\n<p>\u201cO Festival Opar\u00e1, em sua primeira edi\u00e7\u00e3o, chega forte, se colocando como mais um espa\u00e7o de reprodu\u00e7\u00e3o da m\u00fasica contempor\u00e2nea brasileira, que tem como objetivo tamb\u00e9m a busca pela integra\u00e7\u00e3o entre agentes culturais, do interc\u00e2mbio cultural e do valor da forma\u00e7\u00e3o de conhecimento de mercado, promovendo o desenvolvimento de novos ecossistemas na m\u00fasica. Al\u00e9m de estimular o acesso \u00e0 diversidade de programa\u00e7\u00e3o, como tamb\u00e9m a possibilidade de novas experi\u00eancias nas formas de intera\u00e7\u00e3o entre artista e o p\u00fablico\u201d, diz.<\/p>\n<p>A \u201cline-up\u201d (atra\u00e7\u00f5es) do festival traz os nomes de Dj Werson (BA), Vila Oculta (BA), Afox\u00e9 Filhos de Zaze (BA), Lucas Tavlos (BA), Camila Yasmine (PE), Radiola Serra Alta (PE), Julico (SE) e Black Pantera (MG).<\/p>\n<p>O Festival Opar\u00e1 e\u0301 uma realiza\u00e7\u00e3o da Opara\u0301 Produtora Cultural e tem o apoio financeiro do Estado da Bahia atrave\u0301s da Secretaria de Cultura e da Funda\u00e7\u00e3o Cultural do Estado da Bahia (Programa Aldir Blanc Bahia) via Lei Aldir Blanc, direcionada pela Secretaria Especial da Cultural do Minist\u00e9rio do Turismo, Governo Federal.<\/p>\n<p><b>Forma\u00e7\u00f5es<\/b><\/p>\n<p>Continuam abertas as inscri\u00e7\u00f5es para quatro novas forma\u00e7\u00f5es que est\u00e3o sendo ofertadas gratuitamente pela Opar\u00e1 Produtora: \u201cFaz Teu Beat\u201d, com DJ Werson (domingo, 29, \u00e0s 15h); \u201cProcesso de constru\u00e7\u00e3o em produ\u00e7\u00f5es audiovisuais\u201d, com James \u00a0Jonathan (domingo, 29, \u00e0s 18h); \u201cMercado da M\u00fasica\u201d, com Alex Pinto (segunda, 30, \u00e0s 17h); e \u201cAssessoria de Comunica\u00e7\u00e3o com foco em Cultura\u201d, com Beatriz Braga e Thiago Santos (ter\u00e7a, 31, \u00e0s 17h). As forma\u00e7\u00f5es ser\u00e3o realizadas online atrav\u00e9s da plataforma Sympla, por onde tamb\u00e9m devem ser realizadas as inscri\u00e7\u00f5es &#8211;\u00a0<a href=\"https:\/\/beacons.page\/oparaprodutora\" target=\"_blank\" rel=\"noopener\" data-saferedirecturl=\"https:\/\/www.google.com\/url?q=https:\/\/beacons.page\/oparaprodutora&amp;source=gmail&amp;ust=1630258069399000&amp;usg=AFQjCNFeLvnir5PMwSJYlMkpGY-V4U3Tpw\">https:\/\/beacons.page\/<wbr \/>oparaprodutora<\/a>.<\/p>\n<\/div>\n<p>Fotos: Rubens Henrique<br \/>\nArtes: Vinnicius Morais (Ruma N\u00facleo Criativo)<\/p>\n<div>Ascom\/Opar\u00e1 Produtora Cultural<\/div>\n","protected":false},"excerpt":{"rendered":"<p>Artistas independentes e de ge\u0302neros musicais diversos, representando quatro dos cinco estados brasileiros banhados pelo Rio S\u00e3o Francisco, se apresentar\u00e3o virtualmente na primeira edi\u00e7\u00e3o do Festival Opar\u00e1, nestes dias 30 e 31 de agosto. O evento ser\u00e1 transmitido no canal do Youtube da Opar\u00e1 Produtora Cultural &#8211; youtube.com\/c\/Opar\u00e1Produtora\u00a0&#8211; sempre \u00e0s 20h. O rio S\u00e3o Francisco foi batizado de rio \u201cOpar\u00e1\u201d, que significa \u201crio-mar\u201d, pelos ancestrais ind\u00edgenas Caet\u00e9s. O \u201crio da integra\u00e7\u00e3o nacional\u201d \u00e9 fonte de renda, lazer, cultura, tradi\u00e7\u00e3o e vida para comunidades ribeirinhas. Geraldo J\u00fanior, produtor da Opar\u00e1 Produtora, pontua que o festival promove um verdadeiro interc\u00e2mbio cultural a partir da integra\u00e7\u00e3o desses artistas que representam a multiculturalidade presente nesses estados banhados pelo Velho Chico. \u201cO Festival Opar\u00e1, em&hellip; <\/p>\n","protected":false},"author":1,"featured_media":294149,"comment_status":"closed","ping_status":"closed","sticky":false,"template":"","format":"standard","meta":{"_acf_changed":false,"footnotes":""},"categories":[10],"tags":[],"class_list":["post-294235","post","type-post","status-publish","format-standard","has-post-thumbnail","hentry","category-cultura"],"acf":[],"yoast_head":"<!-- This site is optimized with the Yoast SEO plugin v27.4 - https:\/\/yoast.com\/product\/yoast-seo-wordpress\/ -->\n<title>Festival Opar\u00e1 re\u00fane artistas da m\u00fasica independente de BA, PE, MG E SE em shows virtuais - Blog do Farn\u00e9sio<\/title>\n<meta name=\"robots\" content=\"index, follow, max-snippet:-1, max-image-preview:large, max-video-preview:-1\" \/>\n<link rel=\"canonical\" href=\"https:\/\/blogdofarnesio.com.br\/?p=294235\" \/>\n<meta property=\"og:locale\" content=\"pt_BR\" \/>\n<meta property=\"og:type\" content=\"article\" \/>\n<meta property=\"og:title\" content=\"Festival Opar\u00e1 re\u00fane artistas da m\u00fasica independente de BA, PE, MG E SE em shows virtuais - Blog do Farn\u00e9sio\" \/>\n<meta property=\"og:description\" content=\"Artistas independentes e de ge\u0302neros musicais diversos, representando quatro dos cinco estados brasileiros banhados pelo Rio S\u00e3o Francisco, se apresentar\u00e3o virtualmente na primeira edi\u00e7\u00e3o do Festival Opar\u00e1, nestes dias 30 e 31 de agosto. O evento ser\u00e1 transmitido no canal do Youtube da Opar\u00e1 Produtora Cultural &#8211; youtube.com\/c\/Opar\u00e1Produtora\u00a0&#8211; sempre \u00e0s 20h. O rio S\u00e3o Francisco foi batizado de rio \u201cOpar\u00e1\u201d, que significa \u201crio-mar\u201d, pelos ancestrais ind\u00edgenas Caet\u00e9s. O \u201crio da integra\u00e7\u00e3o nacional\u201d \u00e9 fonte de renda, lazer, cultura, tradi\u00e7\u00e3o e vida para comunidades ribeirinhas. Geraldo J\u00fanior, produtor da Opar\u00e1 Produtora, pontua que o festival promove um verdadeiro interc\u00e2mbio cultural a partir da integra\u00e7\u00e3o desses artistas que representam a multiculturalidade presente nesses estados banhados pelo Velho Chico. \u201cO Festival Opar\u00e1, em&hellip;\" \/>\n<meta property=\"og:url\" content=\"https:\/\/blogdofarnesio.com.br\/?p=294235\" \/>\n<meta property=\"og:site_name\" content=\"Blog do Farn\u00e9sio\" \/>\n<meta property=\"article:publisher\" content=\"https:\/\/www.facebook.com\/BlogQuerSaberPolitica\/\" \/>\n<meta property=\"article:published_time\" content=\"2021-08-30T17:42:43+00:00\" \/>\n<meta property=\"og:image\" content=\"https:\/\/blogdofarnesio.com.br\/wp-content\/uploads\/2021\/08\/OPARAFORMACOES-FEED-e1630024806679.png\" \/>\n\t<meta property=\"og:image:width\" content=\"480\" \/>\n\t<meta property=\"og:image:height\" content=\"439\" \/>\n\t<meta property=\"og:image:type\" content=\"image\/png\" \/>\n<meta name=\"author\" content=\"Farn\u00e9sio\" \/>\n<meta name=\"twitter:card\" content=\"summary_large_image\" \/>\n<meta name=\"twitter:label1\" content=\"Escrito por\" \/>\n\t<meta name=\"twitter:data1\" content=\"Farn\u00e9sio\" \/>\n\t<meta name=\"twitter:label2\" content=\"Est. tempo de leitura\" \/>\n\t<meta name=\"twitter:data2\" content=\"2 minutos\" \/>\n<script type=\"application\/ld+json\" class=\"yoast-schema-graph\">{\"@context\":\"https:\\\/\\\/schema.org\",\"@graph\":[{\"@type\":\"Article\",\"@id\":\"https:\\\/\\\/blogdofarnesio.com.br\\\/?p=294235#article\",\"isPartOf\":{\"@id\":\"https:\\\/\\\/blogdofarnesio.com.br\\\/?p=294235\"},\"author\":{\"name\":\"Farn\u00e9sio\",\"@id\":\"https:\\\/\\\/blogdofarnesio.com.br\\\/#\\\/schema\\\/person\\\/301c4acf522bccbfdb45af95b5b906a1\"},\"headline\":\"Festival Opar\u00e1 re\u00fane artistas da m\u00fasica independente de BA, PE, MG E SE em shows virtuais\",\"datePublished\":\"2021-08-30T17:42:43+00:00\",\"mainEntityOfPage\":{\"@id\":\"https:\\\/\\\/blogdofarnesio.com.br\\\/?p=294235\"},\"wordCount\":449,\"publisher\":{\"@id\":\"https:\\\/\\\/blogdofarnesio.com.br\\\/#organization\"},\"image\":{\"@id\":\"https:\\\/\\\/blogdofarnesio.com.br\\\/?p=294235#primaryimage\"},\"thumbnailUrl\":\"https:\\\/\\\/blogdofarnesio.com.br\\\/wp-content\\\/uploads\\\/2021\\\/08\\\/OPARAFORMACOES-FEED-e1630024806679.png\",\"articleSection\":[\"Cultura\"],\"inLanguage\":\"pt-BR\"},{\"@type\":\"WebPage\",\"@id\":\"https:\\\/\\\/blogdofarnesio.com.br\\\/?p=294235\",\"url\":\"https:\\\/\\\/blogdofarnesio.com.br\\\/?p=294235\",\"name\":\"Festival Opar\u00e1 re\u00fane artistas da m\u00fasica independente de BA, PE, MG E SE em shows virtuais - Blog do Farn\u00e9sio\",\"isPartOf\":{\"@id\":\"https:\\\/\\\/blogdofarnesio.com.br\\\/#website\"},\"primaryImageOfPage\":{\"@id\":\"https:\\\/\\\/blogdofarnesio.com.br\\\/?p=294235#primaryimage\"},\"image\":{\"@id\":\"https:\\\/\\\/blogdofarnesio.com.br\\\/?p=294235#primaryimage\"},\"thumbnailUrl\":\"https:\\\/\\\/blogdofarnesio.com.br\\\/wp-content\\\/uploads\\\/2021\\\/08\\\/OPARAFORMACOES-FEED-e1630024806679.png\",\"datePublished\":\"2021-08-30T17:42:43+00:00\",\"breadcrumb\":{\"@id\":\"https:\\\/\\\/blogdofarnesio.com.br\\\/?p=294235#breadcrumb\"},\"inLanguage\":\"pt-BR\",\"potentialAction\":[{\"@type\":\"ReadAction\",\"target\":[\"https:\\\/\\\/blogdofarnesio.com.br\\\/?p=294235\"]}]},{\"@type\":\"ImageObject\",\"inLanguage\":\"pt-BR\",\"@id\":\"https:\\\/\\\/blogdofarnesio.com.br\\\/?p=294235#primaryimage\",\"url\":\"https:\\\/\\\/blogdofarnesio.com.br\\\/wp-content\\\/uploads\\\/2021\\\/08\\\/OPARAFORMACOES-FEED-e1630024806679.png\",\"contentUrl\":\"https:\\\/\\\/blogdofarnesio.com.br\\\/wp-content\\\/uploads\\\/2021\\\/08\\\/OPARAFORMACOES-FEED-e1630024806679.png\",\"width\":480,\"height\":439},{\"@type\":\"BreadcrumbList\",\"@id\":\"https:\\\/\\\/blogdofarnesio.com.br\\\/?p=294235#breadcrumb\",\"itemListElement\":[{\"@type\":\"ListItem\",\"position\":1,\"name\":\"In\u00edcio\",\"item\":\"https:\\\/\\\/blogdofarnesio.com.br\\\/\"},{\"@type\":\"ListItem\",\"position\":2,\"name\":\"Festival Opar\u00e1 re\u00fane artistas da m\u00fasica independente de BA, PE, MG E SE em shows virtuais\"}]},{\"@type\":\"WebSite\",\"@id\":\"https:\\\/\\\/blogdofarnesio.com.br\\\/#website\",\"url\":\"https:\\\/\\\/blogdofarnesio.com.br\\\/\",\"name\":\"Blog do Farn\u00e9sio\",\"description\":\"Quer Saber Pol\u00edtica?\",\"publisher\":{\"@id\":\"https:\\\/\\\/blogdofarnesio.com.br\\\/#organization\"},\"potentialAction\":[{\"@type\":\"SearchAction\",\"target\":{\"@type\":\"EntryPoint\",\"urlTemplate\":\"https:\\\/\\\/blogdofarnesio.com.br\\\/?s={search_term_string}\"},\"query-input\":{\"@type\":\"PropertyValueSpecification\",\"valueRequired\":true,\"valueName\":\"search_term_string\"}}],\"inLanguage\":\"pt-BR\"},{\"@type\":\"Organization\",\"@id\":\"https:\\\/\\\/blogdofarnesio.com.br\\\/#organization\",\"name\":\"Blog do Farn\u00e9sio\",\"url\":\"https:\\\/\\\/blogdofarnesio.com.br\\\/\",\"logo\":{\"@type\":\"ImageObject\",\"inLanguage\":\"pt-BR\",\"@id\":\"https:\\\/\\\/blogdofarnesio.com.br\\\/#\\\/schema\\\/logo\\\/image\\\/\",\"url\":\"https:\\\/\\\/blogdofarnesio.com.br\\\/wp-content\\\/uploads\\\/2026\\\/03\\\/cropped-logo_new-1.png\",\"contentUrl\":\"https:\\\/\\\/blogdofarnesio.com.br\\\/wp-content\\\/uploads\\\/2026\\\/03\\\/cropped-logo_new-1.png\",\"width\":881,\"height\":685,\"caption\":\"Blog do Farn\u00e9sio\"},\"image\":{\"@id\":\"https:\\\/\\\/blogdofarnesio.com.br\\\/#\\\/schema\\\/logo\\\/image\\\/\"},\"sameAs\":[\"https:\\\/\\\/www.facebook.com\\\/BlogQuerSaberPolitica\\\/\"]},{\"@type\":\"Person\",\"@id\":\"https:\\\/\\\/blogdofarnesio.com.br\\\/#\\\/schema\\\/person\\\/301c4acf522bccbfdb45af95b5b906a1\",\"name\":\"Farn\u00e9sio\",\"image\":{\"@type\":\"ImageObject\",\"inLanguage\":\"pt-BR\",\"@id\":\"https:\\\/\\\/secure.gravatar.com\\\/avatar\\\/df0c9a14567c056f8ad6876ba5bbd1e3e2c48023eb6807342fc4663adf549f38?s=96&d=mm&r=g\",\"url\":\"https:\\\/\\\/secure.gravatar.com\\\/avatar\\\/df0c9a14567c056f8ad6876ba5bbd1e3e2c48023eb6807342fc4663adf549f38?s=96&d=mm&r=g\",\"contentUrl\":\"https:\\\/\\\/secure.gravatar.com\\\/avatar\\\/df0c9a14567c056f8ad6876ba5bbd1e3e2c48023eb6807342fc4663adf549f38?s=96&d=mm&r=g\",\"caption\":\"Farn\u00e9sio\"},\"sameAs\":[\"https:\\\/\\\/quersaberpolitica.com.br\"],\"url\":\"https:\\\/\\\/blogdofarnesio.com.br\\\/?author=1\"}]}<\/script>\n<!-- \/ Yoast SEO plugin. -->","yoast_head_json":{"title":"Festival Opar\u00e1 re\u00fane artistas da m\u00fasica independente de BA, PE, MG E SE em shows virtuais - Blog do Farn\u00e9sio","robots":{"index":"index","follow":"follow","max-snippet":"max-snippet:-1","max-image-preview":"max-image-preview:large","max-video-preview":"max-video-preview:-1"},"canonical":"https:\/\/blogdofarnesio.com.br\/?p=294235","og_locale":"pt_BR","og_type":"article","og_title":"Festival Opar\u00e1 re\u00fane artistas da m\u00fasica independente de BA, PE, MG E SE em shows virtuais - Blog do Farn\u00e9sio","og_description":"Artistas independentes e de ge\u0302neros musicais diversos, representando quatro dos cinco estados brasileiros banhados pelo Rio S\u00e3o Francisco, se apresentar\u00e3o virtualmente na primeira edi\u00e7\u00e3o do Festival Opar\u00e1, nestes dias 30 e 31 de agosto. O evento ser\u00e1 transmitido no canal do Youtube da Opar\u00e1 Produtora Cultural &#8211; youtube.com\/c\/Opar\u00e1Produtora\u00a0&#8211; sempre \u00e0s 20h. O rio S\u00e3o Francisco foi batizado de rio \u201cOpar\u00e1\u201d, que significa \u201crio-mar\u201d, pelos ancestrais ind\u00edgenas Caet\u00e9s. O \u201crio da integra\u00e7\u00e3o nacional\u201d \u00e9 fonte de renda, lazer, cultura, tradi\u00e7\u00e3o e vida para comunidades ribeirinhas. Geraldo J\u00fanior, produtor da Opar\u00e1 Produtora, pontua que o festival promove um verdadeiro interc\u00e2mbio cultural a partir da integra\u00e7\u00e3o desses artistas que representam a multiculturalidade presente nesses estados banhados pelo Velho Chico. \u201cO Festival Opar\u00e1, em&hellip;","og_url":"https:\/\/blogdofarnesio.com.br\/?p=294235","og_site_name":"Blog do Farn\u00e9sio","article_publisher":"https:\/\/www.facebook.com\/BlogQuerSaberPolitica\/","article_published_time":"2021-08-30T17:42:43+00:00","og_image":[{"width":480,"height":439,"url":"https:\/\/blogdofarnesio.com.br\/wp-content\/uploads\/2021\/08\/OPARAFORMACOES-FEED-e1630024806679.png","type":"image\/png"}],"author":"Farn\u00e9sio","twitter_card":"summary_large_image","twitter_misc":{"Escrito por":"Farn\u00e9sio","Est. tempo de leitura":"2 minutos"},"schema":{"@context":"https:\/\/schema.org","@graph":[{"@type":"Article","@id":"https:\/\/blogdofarnesio.com.br\/?p=294235#article","isPartOf":{"@id":"https:\/\/blogdofarnesio.com.br\/?p=294235"},"author":{"name":"Farn\u00e9sio","@id":"https:\/\/blogdofarnesio.com.br\/#\/schema\/person\/301c4acf522bccbfdb45af95b5b906a1"},"headline":"Festival Opar\u00e1 re\u00fane artistas da m\u00fasica independente de BA, PE, MG E SE em shows virtuais","datePublished":"2021-08-30T17:42:43+00:00","mainEntityOfPage":{"@id":"https:\/\/blogdofarnesio.com.br\/?p=294235"},"wordCount":449,"publisher":{"@id":"https:\/\/blogdofarnesio.com.br\/#organization"},"image":{"@id":"https:\/\/blogdofarnesio.com.br\/?p=294235#primaryimage"},"thumbnailUrl":"https:\/\/blogdofarnesio.com.br\/wp-content\/uploads\/2021\/08\/OPARAFORMACOES-FEED-e1630024806679.png","articleSection":["Cultura"],"inLanguage":"pt-BR"},{"@type":"WebPage","@id":"https:\/\/blogdofarnesio.com.br\/?p=294235","url":"https:\/\/blogdofarnesio.com.br\/?p=294235","name":"Festival Opar\u00e1 re\u00fane artistas da m\u00fasica independente de BA, PE, MG E SE em shows virtuais - Blog do Farn\u00e9sio","isPartOf":{"@id":"https:\/\/blogdofarnesio.com.br\/#website"},"primaryImageOfPage":{"@id":"https:\/\/blogdofarnesio.com.br\/?p=294235#primaryimage"},"image":{"@id":"https:\/\/blogdofarnesio.com.br\/?p=294235#primaryimage"},"thumbnailUrl":"https:\/\/blogdofarnesio.com.br\/wp-content\/uploads\/2021\/08\/OPARAFORMACOES-FEED-e1630024806679.png","datePublished":"2021-08-30T17:42:43+00:00","breadcrumb":{"@id":"https:\/\/blogdofarnesio.com.br\/?p=294235#breadcrumb"},"inLanguage":"pt-BR","potentialAction":[{"@type":"ReadAction","target":["https:\/\/blogdofarnesio.com.br\/?p=294235"]}]},{"@type":"ImageObject","inLanguage":"pt-BR","@id":"https:\/\/blogdofarnesio.com.br\/?p=294235#primaryimage","url":"https:\/\/blogdofarnesio.com.br\/wp-content\/uploads\/2021\/08\/OPARAFORMACOES-FEED-e1630024806679.png","contentUrl":"https:\/\/blogdofarnesio.com.br\/wp-content\/uploads\/2021\/08\/OPARAFORMACOES-FEED-e1630024806679.png","width":480,"height":439},{"@type":"BreadcrumbList","@id":"https:\/\/blogdofarnesio.com.br\/?p=294235#breadcrumb","itemListElement":[{"@type":"ListItem","position":1,"name":"In\u00edcio","item":"https:\/\/blogdofarnesio.com.br\/"},{"@type":"ListItem","position":2,"name":"Festival Opar\u00e1 re\u00fane artistas da m\u00fasica independente de BA, PE, MG E SE em shows virtuais"}]},{"@type":"WebSite","@id":"https:\/\/blogdofarnesio.com.br\/#website","url":"https:\/\/blogdofarnesio.com.br\/","name":"Blog do Farn\u00e9sio","description":"Quer Saber Pol\u00edtica?","publisher":{"@id":"https:\/\/blogdofarnesio.com.br\/#organization"},"potentialAction":[{"@type":"SearchAction","target":{"@type":"EntryPoint","urlTemplate":"https:\/\/blogdofarnesio.com.br\/?s={search_term_string}"},"query-input":{"@type":"PropertyValueSpecification","valueRequired":true,"valueName":"search_term_string"}}],"inLanguage":"pt-BR"},{"@type":"Organization","@id":"https:\/\/blogdofarnesio.com.br\/#organization","name":"Blog do Farn\u00e9sio","url":"https:\/\/blogdofarnesio.com.br\/","logo":{"@type":"ImageObject","inLanguage":"pt-BR","@id":"https:\/\/blogdofarnesio.com.br\/#\/schema\/logo\/image\/","url":"https:\/\/blogdofarnesio.com.br\/wp-content\/uploads\/2026\/03\/cropped-logo_new-1.png","contentUrl":"https:\/\/blogdofarnesio.com.br\/wp-content\/uploads\/2026\/03\/cropped-logo_new-1.png","width":881,"height":685,"caption":"Blog do Farn\u00e9sio"},"image":{"@id":"https:\/\/blogdofarnesio.com.br\/#\/schema\/logo\/image\/"},"sameAs":["https:\/\/www.facebook.com\/BlogQuerSaberPolitica\/"]},{"@type":"Person","@id":"https:\/\/blogdofarnesio.com.br\/#\/schema\/person\/301c4acf522bccbfdb45af95b5b906a1","name":"Farn\u00e9sio","image":{"@type":"ImageObject","inLanguage":"pt-BR","@id":"https:\/\/secure.gravatar.com\/avatar\/df0c9a14567c056f8ad6876ba5bbd1e3e2c48023eb6807342fc4663adf549f38?s=96&d=mm&r=g","url":"https:\/\/secure.gravatar.com\/avatar\/df0c9a14567c056f8ad6876ba5bbd1e3e2c48023eb6807342fc4663adf549f38?s=96&d=mm&r=g","contentUrl":"https:\/\/secure.gravatar.com\/avatar\/df0c9a14567c056f8ad6876ba5bbd1e3e2c48023eb6807342fc4663adf549f38?s=96&d=mm&r=g","caption":"Farn\u00e9sio"},"sameAs":["https:\/\/quersaberpolitica.com.br"],"url":"https:\/\/blogdofarnesio.com.br\/?author=1"}]}},"_links":{"self":[{"href":"https:\/\/blogdofarnesio.com.br\/index.php?rest_route=\/wp\/v2\/posts\/294235","targetHints":{"allow":["GET"]}}],"collection":[{"href":"https:\/\/blogdofarnesio.com.br\/index.php?rest_route=\/wp\/v2\/posts"}],"about":[{"href":"https:\/\/blogdofarnesio.com.br\/index.php?rest_route=\/wp\/v2\/types\/post"}],"author":[{"embeddable":true,"href":"https:\/\/blogdofarnesio.com.br\/index.php?rest_route=\/wp\/v2\/users\/1"}],"replies":[{"embeddable":true,"href":"https:\/\/blogdofarnesio.com.br\/index.php?rest_route=%2Fwp%2Fv2%2Fcomments&post=294235"}],"version-history":[{"count":0,"href":"https:\/\/blogdofarnesio.com.br\/index.php?rest_route=\/wp\/v2\/posts\/294235\/revisions"}],"wp:featuredmedia":[{"embeddable":true,"href":"https:\/\/blogdofarnesio.com.br\/index.php?rest_route=\/wp\/v2\/media\/294149"}],"wp:attachment":[{"href":"https:\/\/blogdofarnesio.com.br\/index.php?rest_route=%2Fwp%2Fv2%2Fmedia&parent=294235"}],"wp:term":[{"taxonomy":"category","embeddable":true,"href":"https:\/\/blogdofarnesio.com.br\/index.php?rest_route=%2Fwp%2Fv2%2Fcategories&post=294235"},{"taxonomy":"post_tag","embeddable":true,"href":"https:\/\/blogdofarnesio.com.br\/index.php?rest_route=%2Fwp%2Fv2%2Ftags&post=294235"}],"curies":[{"name":"wp","href":"https:\/\/api.w.org\/{rel}","templated":true}]}}