{"id":293958,"date":"2021-08-24T16:02:08","date_gmt":"2021-08-24T19:02:08","guid":{"rendered":"https:\/\/quersaberpolitica.com.br\/?p=293958"},"modified":"2021-08-24T15:29:29","modified_gmt":"2021-08-24T18:29:29","slug":"em-missa-esta-tarde-memoria-de-osvaldo-coelho-sera-enaltecida-quando-completaria-90-anos","status":"publish","type":"post","link":"https:\/\/blogdofarnesio.com.br\/?p=293958","title":{"rendered":"Em missa esta tarde, mem\u00f3ria de Osvaldo Coelho ser\u00e1 enaltecida, quando completaria 90 anos"},"content":{"rendered":"<p>Familiares, admiradores e amigos participam, nesta ter\u00e7a-feira (24), da missa em mem\u00f3ria ao ex-deputado Osvaldo Coelho, que se vivo estivesse completaria 90 anos. Ele faleceu em 1\u00ba de novembro de 2015, em Recife, na capital pernambucana. A celebra\u00e7\u00e3o ser\u00e1 feita na Igreja Matriz Nossa Senhora Rainha dos Anjos, Zona Central da cidade.<\/p>\n<p>Durante a missa, o legado deixado por Osvaldo Coelho, sobretudo na educa\u00e7\u00e3o e agricultura dever\u00e1 ser enaltecido, lembrado. \u201cUma vida dedicada a melhorar as condi\u00e7\u00f5es de vida das popula\u00e7\u00f5es, principalmente sobre a irriga\u00e7\u00e3o e educa\u00e7\u00e3o. O ed\u00edlico que completa todo o trabalho de Osvaldo foi trazer a universidade federal\u201d, disse o irm\u00e3o do ex-deputado, Adalberto Coelho.<\/p>\n<p>Ao final, as filhas e filho do ex-deputado prestar\u00e3o uma homenagem ao pai. \u201cEle n\u00e3o era s\u00f3 meu pai e dos meus irm\u00e3os, era pai de muitos sertanejos, de muitos petrolinenses, de muitas pessoas carentes. Pessoas que ele acreditava que podiam cuidar delas, melhorar a qualidade de vida delas\u201d, disse certa vez a filha e diretora da TV Grande Rio, Patr\u00edcia Coelho.<\/p>\n<p>\u201cHoje a gente v\u00ea florescer dentro do cora\u00e7\u00e3o de cada um de n\u00f3s, aquela sementinha que ele deixou do bem, da solidariedade, do gesto, da aten\u00e7\u00e3o, do carinho ao pr\u00f3ximo\u201d, lembrou outra filha e e diretora da r\u00e1dio Grande Rio FM, Ana Am\u00e9lia Lemos Coelho.<\/p>\n<p><strong>Osvaldo Coelho<\/strong><br \/>\nOsvaldo Coelho faleceu no dia 1\u00ba de novembro de 2015, aos 84 anos, na casa em que residia em Recife, v\u00edtima de um ataque card\u00edaco. O corpo do ex-deputado foi sepultado no cemit\u00e9rio Campo das Flores, no dia 2 de novembro.<\/p>\n<p>Osvaldo de Souza Coelho nasceu em 24 de agosto de 1931 e dedicou 44 anos da vida \u00e0 pol\u00edtica, com tr\u00eas mandatos na Assembleia Legislativa de Pernambuco e oito na C\u00e2mara dos Deputados Federais. Ele ainda foi Secret\u00e1rio da Fazenda do Estado de Pernambuco.<\/p>\n<p>O ex-deputado era casado com Ana Maria Coelho e deixa seis filhos, Guilherme Cruz de Souza Coelho, Patr\u00edcia Coelho de Medeiros, diretora da TV Grande Rio, Ana Am\u00e9lia Cruz Coelho Lemos, diretora da R\u00e1dio Grande Rio FM, Ana Carolina Cruz de Souza Coelho, Anamaria Cruz Coelho Ara\u00fajo e Ana Josepha Cruz de Souza Coelho.<\/p>\n","protected":false},"excerpt":{"rendered":"<p>Familiares, admiradores e amigos participam, nesta ter\u00e7a-feira (24), da missa em mem\u00f3ria ao ex-deputado Osvaldo Coelho, que se vivo estivesse completaria 90 anos. Ele faleceu em 1\u00ba de novembro de 2015, em Recife, na capital pernambucana. A celebra\u00e7\u00e3o ser\u00e1 feita na Igreja Matriz Nossa Senhora Rainha dos Anjos, Zona Central da cidade. Durante a missa, o legado deixado por Osvaldo Coelho, sobretudo na educa\u00e7\u00e3o e agricultura dever\u00e1 ser enaltecido, lembrado. \u201cUma vida dedicada a melhorar as condi\u00e7\u00f5es de vida das popula\u00e7\u00f5es, principalmente sobre a irriga\u00e7\u00e3o e educa\u00e7\u00e3o. O ed\u00edlico que completa todo o trabalho de Osvaldo foi trazer a universidade federal\u201d, disse o irm\u00e3o do ex-deputado, Adalberto Coelho. Ao final, as filhas e filho do ex-deputado prestar\u00e3o uma homenagem ao&hellip; <\/p>\n","protected":false},"author":1,"featured_media":293959,"comment_status":"closed","ping_status":"closed","sticky":false,"template":"","format":"standard","meta":{"_acf_changed":false,"footnotes":""},"categories":[32],"tags":[],"class_list":["post-293958","post","type-post","status-publish","format-standard","has-post-thumbnail","hentry","category-costumes"],"acf":[],"yoast_head":"<!-- This site is optimized with the Yoast SEO plugin v27.4 - https:\/\/yoast.com\/product\/yoast-seo-wordpress\/ -->\n<title>Em missa esta tarde, mem\u00f3ria de Osvaldo Coelho ser\u00e1 enaltecida, quando completaria 90 anos - Blog do Farn\u00e9sio<\/title>\n<meta name=\"robots\" content=\"index, follow, max-snippet:-1, max-image-preview:large, max-video-preview:-1\" \/>\n<link rel=\"canonical\" href=\"https:\/\/blogdofarnesio.com.br\/?p=293958\" \/>\n<meta property=\"og:locale\" content=\"pt_BR\" \/>\n<meta property=\"og:type\" content=\"article\" \/>\n<meta property=\"og:title\" content=\"Em missa esta tarde, mem\u00f3ria de Osvaldo Coelho ser\u00e1 enaltecida, quando completaria 90 anos - Blog do Farn\u00e9sio\" \/>\n<meta property=\"og:description\" content=\"Familiares, admiradores e amigos participam, nesta ter\u00e7a-feira (24), da missa em mem\u00f3ria ao ex-deputado Osvaldo Coelho, que se vivo estivesse completaria 90 anos. Ele faleceu em 1\u00ba de novembro de 2015, em Recife, na capital pernambucana. A celebra\u00e7\u00e3o ser\u00e1 feita na Igreja Matriz Nossa Senhora Rainha dos Anjos, Zona Central da cidade. Durante a missa, o legado deixado por Osvaldo Coelho, sobretudo na educa\u00e7\u00e3o e agricultura dever\u00e1 ser enaltecido, lembrado. \u201cUma vida dedicada a melhorar as condi\u00e7\u00f5es de vida das popula\u00e7\u00f5es, principalmente sobre a irriga\u00e7\u00e3o e educa\u00e7\u00e3o. O ed\u00edlico que completa todo o trabalho de Osvaldo foi trazer a universidade federal\u201d, disse o irm\u00e3o do ex-deputado, Adalberto Coelho. Ao final, as filhas e filho do ex-deputado prestar\u00e3o uma homenagem ao&hellip;\" \/>\n<meta property=\"og:url\" content=\"https:\/\/blogdofarnesio.com.br\/?p=293958\" \/>\n<meta property=\"og:site_name\" content=\"Blog do Farn\u00e9sio\" \/>\n<meta property=\"article:publisher\" content=\"https:\/\/www.facebook.com\/BlogQuerSaberPolitica\/\" \/>\n<meta property=\"article:published_time\" content=\"2021-08-24T19:02:08+00:00\" \/>\n<meta property=\"og:image\" content=\"http:\/\/blogdofarnesio.com.br\/wp-content\/uploads\/2021\/08\/blogqsposvaldo-coelho-90-anos-e1629829652985.jpg\" \/>\n\t<meta property=\"og:image:width\" content=\"375\" \/>\n\t<meta property=\"og:image:height\" content=\"574\" \/>\n\t<meta property=\"og:image:type\" content=\"image\/jpeg\" \/>\n<meta name=\"author\" content=\"Farn\u00e9sio\" \/>\n<meta name=\"twitter:card\" content=\"summary_large_image\" \/>\n<meta name=\"twitter:label1\" content=\"Escrito por\" \/>\n\t<meta name=\"twitter:data1\" content=\"Farn\u00e9sio\" \/>\n\t<meta name=\"twitter:label2\" content=\"Est. tempo de leitura\" \/>\n\t<meta name=\"twitter:data2\" content=\"2 minutos\" \/>\n<script type=\"application\/ld+json\" class=\"yoast-schema-graph\">{\"@context\":\"https:\\\/\\\/schema.org\",\"@graph\":[{\"@type\":\"Article\",\"@id\":\"https:\\\/\\\/blogdofarnesio.com.br\\\/?p=293958#article\",\"isPartOf\":{\"@id\":\"https:\\\/\\\/blogdofarnesio.com.br\\\/?p=293958\"},\"author\":{\"name\":\"Farn\u00e9sio\",\"@id\":\"https:\\\/\\\/blogdofarnesio.com.br\\\/#\\\/schema\\\/person\\\/301c4acf522bccbfdb45af95b5b906a1\"},\"headline\":\"Em missa esta tarde, mem\u00f3ria de Osvaldo Coelho ser\u00e1 enaltecida, quando completaria 90 anos\",\"datePublished\":\"2021-08-24T19:02:08+00:00\",\"mainEntityOfPage\":{\"@id\":\"https:\\\/\\\/blogdofarnesio.com.br\\\/?p=293958\"},\"wordCount\":389,\"publisher\":{\"@id\":\"https:\\\/\\\/blogdofarnesio.com.br\\\/#organization\"},\"image\":{\"@id\":\"https:\\\/\\\/blogdofarnesio.com.br\\\/?p=293958#primaryimage\"},\"thumbnailUrl\":\"https:\\\/\\\/blogdofarnesio.com.br\\\/wp-content\\\/uploads\\\/2021\\\/08\\\/blogqsposvaldo-coelho-90-anos-e1629829652985.jpg\",\"articleSection\":[\"Costumes\"],\"inLanguage\":\"pt-BR\"},{\"@type\":\"WebPage\",\"@id\":\"https:\\\/\\\/blogdofarnesio.com.br\\\/?p=293958\",\"url\":\"https:\\\/\\\/blogdofarnesio.com.br\\\/?p=293958\",\"name\":\"Em missa esta tarde, mem\u00f3ria de Osvaldo Coelho ser\u00e1 enaltecida, quando completaria 90 anos - Blog do Farn\u00e9sio\",\"isPartOf\":{\"@id\":\"https:\\\/\\\/blogdofarnesio.com.br\\\/#website\"},\"primaryImageOfPage\":{\"@id\":\"https:\\\/\\\/blogdofarnesio.com.br\\\/?p=293958#primaryimage\"},\"image\":{\"@id\":\"https:\\\/\\\/blogdofarnesio.com.br\\\/?p=293958#primaryimage\"},\"thumbnailUrl\":\"https:\\\/\\\/blogdofarnesio.com.br\\\/wp-content\\\/uploads\\\/2021\\\/08\\\/blogqsposvaldo-coelho-90-anos-e1629829652985.jpg\",\"datePublished\":\"2021-08-24T19:02:08+00:00\",\"breadcrumb\":{\"@id\":\"https:\\\/\\\/blogdofarnesio.com.br\\\/?p=293958#breadcrumb\"},\"inLanguage\":\"pt-BR\",\"potentialAction\":[{\"@type\":\"ReadAction\",\"target\":[\"https:\\\/\\\/blogdofarnesio.com.br\\\/?p=293958\"]}]},{\"@type\":\"ImageObject\",\"inLanguage\":\"pt-BR\",\"@id\":\"https:\\\/\\\/blogdofarnesio.com.br\\\/?p=293958#primaryimage\",\"url\":\"https:\\\/\\\/blogdofarnesio.com.br\\\/wp-content\\\/uploads\\\/2021\\\/08\\\/blogqsposvaldo-coelho-90-anos-e1629829652985.jpg\",\"contentUrl\":\"https:\\\/\\\/blogdofarnesio.com.br\\\/wp-content\\\/uploads\\\/2021\\\/08\\\/blogqsposvaldo-coelho-90-anos-e1629829652985.jpg\",\"width\":375,\"height\":574},{\"@type\":\"BreadcrumbList\",\"@id\":\"https:\\\/\\\/blogdofarnesio.com.br\\\/?p=293958#breadcrumb\",\"itemListElement\":[{\"@type\":\"ListItem\",\"position\":1,\"name\":\"In\u00edcio\",\"item\":\"https:\\\/\\\/blogdofarnesio.com.br\\\/\"},{\"@type\":\"ListItem\",\"position\":2,\"name\":\"Em missa esta tarde, mem\u00f3ria de Osvaldo Coelho ser\u00e1 enaltecida, quando completaria 90 anos\"}]},{\"@type\":\"WebSite\",\"@id\":\"https:\\\/\\\/blogdofarnesio.com.br\\\/#website\",\"url\":\"https:\\\/\\\/blogdofarnesio.com.br\\\/\",\"name\":\"Blog do Farn\u00e9sio\",\"description\":\"Quer Saber Pol\u00edtica?\",\"publisher\":{\"@id\":\"https:\\\/\\\/blogdofarnesio.com.br\\\/#organization\"},\"potentialAction\":[{\"@type\":\"SearchAction\",\"target\":{\"@type\":\"EntryPoint\",\"urlTemplate\":\"https:\\\/\\\/blogdofarnesio.com.br\\\/?s={search_term_string}\"},\"query-input\":{\"@type\":\"PropertyValueSpecification\",\"valueRequired\":true,\"valueName\":\"search_term_string\"}}],\"inLanguage\":\"pt-BR\"},{\"@type\":\"Organization\",\"@id\":\"https:\\\/\\\/blogdofarnesio.com.br\\\/#organization\",\"name\":\"Blog do Farn\u00e9sio\",\"url\":\"https:\\\/\\\/blogdofarnesio.com.br\\\/\",\"logo\":{\"@type\":\"ImageObject\",\"inLanguage\":\"pt-BR\",\"@id\":\"https:\\\/\\\/blogdofarnesio.com.br\\\/#\\\/schema\\\/logo\\\/image\\\/\",\"url\":\"https:\\\/\\\/blogdofarnesio.com.br\\\/wp-content\\\/uploads\\\/2026\\\/03\\\/cropped-logo_new-1.png\",\"contentUrl\":\"https:\\\/\\\/blogdofarnesio.com.br\\\/wp-content\\\/uploads\\\/2026\\\/03\\\/cropped-logo_new-1.png\",\"width\":881,\"height\":685,\"caption\":\"Blog do Farn\u00e9sio\"},\"image\":{\"@id\":\"https:\\\/\\\/blogdofarnesio.com.br\\\/#\\\/schema\\\/logo\\\/image\\\/\"},\"sameAs\":[\"https:\\\/\\\/www.facebook.com\\\/BlogQuerSaberPolitica\\\/\"]},{\"@type\":\"Person\",\"@id\":\"https:\\\/\\\/blogdofarnesio.com.br\\\/#\\\/schema\\\/person\\\/301c4acf522bccbfdb45af95b5b906a1\",\"name\":\"Farn\u00e9sio\",\"image\":{\"@type\":\"ImageObject\",\"inLanguage\":\"pt-BR\",\"@id\":\"https:\\\/\\\/secure.gravatar.com\\\/avatar\\\/df0c9a14567c056f8ad6876ba5bbd1e3e2c48023eb6807342fc4663adf549f38?s=96&d=mm&r=g\",\"url\":\"https:\\\/\\\/secure.gravatar.com\\\/avatar\\\/df0c9a14567c056f8ad6876ba5bbd1e3e2c48023eb6807342fc4663adf549f38?s=96&d=mm&r=g\",\"contentUrl\":\"https:\\\/\\\/secure.gravatar.com\\\/avatar\\\/df0c9a14567c056f8ad6876ba5bbd1e3e2c48023eb6807342fc4663adf549f38?s=96&d=mm&r=g\",\"caption\":\"Farn\u00e9sio\"},\"sameAs\":[\"https:\\\/\\\/quersaberpolitica.com.br\"],\"url\":\"https:\\\/\\\/blogdofarnesio.com.br\\\/?author=1\"}]}<\/script>\n<!-- \/ Yoast SEO plugin. -->","yoast_head_json":{"title":"Em missa esta tarde, mem\u00f3ria de Osvaldo Coelho ser\u00e1 enaltecida, quando completaria 90 anos - Blog do Farn\u00e9sio","robots":{"index":"index","follow":"follow","max-snippet":"max-snippet:-1","max-image-preview":"max-image-preview:large","max-video-preview":"max-video-preview:-1"},"canonical":"https:\/\/blogdofarnesio.com.br\/?p=293958","og_locale":"pt_BR","og_type":"article","og_title":"Em missa esta tarde, mem\u00f3ria de Osvaldo Coelho ser\u00e1 enaltecida, quando completaria 90 anos - Blog do Farn\u00e9sio","og_description":"Familiares, admiradores e amigos participam, nesta ter\u00e7a-feira (24), da missa em mem\u00f3ria ao ex-deputado Osvaldo Coelho, que se vivo estivesse completaria 90 anos. Ele faleceu em 1\u00ba de novembro de 2015, em Recife, na capital pernambucana. A celebra\u00e7\u00e3o ser\u00e1 feita na Igreja Matriz Nossa Senhora Rainha dos Anjos, Zona Central da cidade. Durante a missa, o legado deixado por Osvaldo Coelho, sobretudo na educa\u00e7\u00e3o e agricultura dever\u00e1 ser enaltecido, lembrado. \u201cUma vida dedicada a melhorar as condi\u00e7\u00f5es de vida das popula\u00e7\u00f5es, principalmente sobre a irriga\u00e7\u00e3o e educa\u00e7\u00e3o. O ed\u00edlico que completa todo o trabalho de Osvaldo foi trazer a universidade federal\u201d, disse o irm\u00e3o do ex-deputado, Adalberto Coelho. Ao final, as filhas e filho do ex-deputado prestar\u00e3o uma homenagem ao&hellip;","og_url":"https:\/\/blogdofarnesio.com.br\/?p=293958","og_site_name":"Blog do Farn\u00e9sio","article_publisher":"https:\/\/www.facebook.com\/BlogQuerSaberPolitica\/","article_published_time":"2021-08-24T19:02:08+00:00","og_image":[{"width":375,"height":574,"url":"http:\/\/blogdofarnesio.com.br\/wp-content\/uploads\/2021\/08\/blogqsposvaldo-coelho-90-anos-e1629829652985.jpg","type":"image\/jpeg"}],"author":"Farn\u00e9sio","twitter_card":"summary_large_image","twitter_misc":{"Escrito por":"Farn\u00e9sio","Est. tempo de leitura":"2 minutos"},"schema":{"@context":"https:\/\/schema.org","@graph":[{"@type":"Article","@id":"https:\/\/blogdofarnesio.com.br\/?p=293958#article","isPartOf":{"@id":"https:\/\/blogdofarnesio.com.br\/?p=293958"},"author":{"name":"Farn\u00e9sio","@id":"https:\/\/blogdofarnesio.com.br\/#\/schema\/person\/301c4acf522bccbfdb45af95b5b906a1"},"headline":"Em missa esta tarde, mem\u00f3ria de Osvaldo Coelho ser\u00e1 enaltecida, quando completaria 90 anos","datePublished":"2021-08-24T19:02:08+00:00","mainEntityOfPage":{"@id":"https:\/\/blogdofarnesio.com.br\/?p=293958"},"wordCount":389,"publisher":{"@id":"https:\/\/blogdofarnesio.com.br\/#organization"},"image":{"@id":"https:\/\/blogdofarnesio.com.br\/?p=293958#primaryimage"},"thumbnailUrl":"https:\/\/blogdofarnesio.com.br\/wp-content\/uploads\/2021\/08\/blogqsposvaldo-coelho-90-anos-e1629829652985.jpg","articleSection":["Costumes"],"inLanguage":"pt-BR"},{"@type":"WebPage","@id":"https:\/\/blogdofarnesio.com.br\/?p=293958","url":"https:\/\/blogdofarnesio.com.br\/?p=293958","name":"Em missa esta tarde, mem\u00f3ria de Osvaldo Coelho ser\u00e1 enaltecida, quando completaria 90 anos - Blog do Farn\u00e9sio","isPartOf":{"@id":"https:\/\/blogdofarnesio.com.br\/#website"},"primaryImageOfPage":{"@id":"https:\/\/blogdofarnesio.com.br\/?p=293958#primaryimage"},"image":{"@id":"https:\/\/blogdofarnesio.com.br\/?p=293958#primaryimage"},"thumbnailUrl":"https:\/\/blogdofarnesio.com.br\/wp-content\/uploads\/2021\/08\/blogqsposvaldo-coelho-90-anos-e1629829652985.jpg","datePublished":"2021-08-24T19:02:08+00:00","breadcrumb":{"@id":"https:\/\/blogdofarnesio.com.br\/?p=293958#breadcrumb"},"inLanguage":"pt-BR","potentialAction":[{"@type":"ReadAction","target":["https:\/\/blogdofarnesio.com.br\/?p=293958"]}]},{"@type":"ImageObject","inLanguage":"pt-BR","@id":"https:\/\/blogdofarnesio.com.br\/?p=293958#primaryimage","url":"https:\/\/blogdofarnesio.com.br\/wp-content\/uploads\/2021\/08\/blogqsposvaldo-coelho-90-anos-e1629829652985.jpg","contentUrl":"https:\/\/blogdofarnesio.com.br\/wp-content\/uploads\/2021\/08\/blogqsposvaldo-coelho-90-anos-e1629829652985.jpg","width":375,"height":574},{"@type":"BreadcrumbList","@id":"https:\/\/blogdofarnesio.com.br\/?p=293958#breadcrumb","itemListElement":[{"@type":"ListItem","position":1,"name":"In\u00edcio","item":"https:\/\/blogdofarnesio.com.br\/"},{"@type":"ListItem","position":2,"name":"Em missa esta tarde, mem\u00f3ria de Osvaldo Coelho ser\u00e1 enaltecida, quando completaria 90 anos"}]},{"@type":"WebSite","@id":"https:\/\/blogdofarnesio.com.br\/#website","url":"https:\/\/blogdofarnesio.com.br\/","name":"Blog do Farn\u00e9sio","description":"Quer Saber Pol\u00edtica?","publisher":{"@id":"https:\/\/blogdofarnesio.com.br\/#organization"},"potentialAction":[{"@type":"SearchAction","target":{"@type":"EntryPoint","urlTemplate":"https:\/\/blogdofarnesio.com.br\/?s={search_term_string}"},"query-input":{"@type":"PropertyValueSpecification","valueRequired":true,"valueName":"search_term_string"}}],"inLanguage":"pt-BR"},{"@type":"Organization","@id":"https:\/\/blogdofarnesio.com.br\/#organization","name":"Blog do Farn\u00e9sio","url":"https:\/\/blogdofarnesio.com.br\/","logo":{"@type":"ImageObject","inLanguage":"pt-BR","@id":"https:\/\/blogdofarnesio.com.br\/#\/schema\/logo\/image\/","url":"https:\/\/blogdofarnesio.com.br\/wp-content\/uploads\/2026\/03\/cropped-logo_new-1.png","contentUrl":"https:\/\/blogdofarnesio.com.br\/wp-content\/uploads\/2026\/03\/cropped-logo_new-1.png","width":881,"height":685,"caption":"Blog do Farn\u00e9sio"},"image":{"@id":"https:\/\/blogdofarnesio.com.br\/#\/schema\/logo\/image\/"},"sameAs":["https:\/\/www.facebook.com\/BlogQuerSaberPolitica\/"]},{"@type":"Person","@id":"https:\/\/blogdofarnesio.com.br\/#\/schema\/person\/301c4acf522bccbfdb45af95b5b906a1","name":"Farn\u00e9sio","image":{"@type":"ImageObject","inLanguage":"pt-BR","@id":"https:\/\/secure.gravatar.com\/avatar\/df0c9a14567c056f8ad6876ba5bbd1e3e2c48023eb6807342fc4663adf549f38?s=96&d=mm&r=g","url":"https:\/\/secure.gravatar.com\/avatar\/df0c9a14567c056f8ad6876ba5bbd1e3e2c48023eb6807342fc4663adf549f38?s=96&d=mm&r=g","contentUrl":"https:\/\/secure.gravatar.com\/avatar\/df0c9a14567c056f8ad6876ba5bbd1e3e2c48023eb6807342fc4663adf549f38?s=96&d=mm&r=g","caption":"Farn\u00e9sio"},"sameAs":["https:\/\/quersaberpolitica.com.br"],"url":"https:\/\/blogdofarnesio.com.br\/?author=1"}]}},"_links":{"self":[{"href":"https:\/\/blogdofarnesio.com.br\/index.php?rest_route=\/wp\/v2\/posts\/293958","targetHints":{"allow":["GET"]}}],"collection":[{"href":"https:\/\/blogdofarnesio.com.br\/index.php?rest_route=\/wp\/v2\/posts"}],"about":[{"href":"https:\/\/blogdofarnesio.com.br\/index.php?rest_route=\/wp\/v2\/types\/post"}],"author":[{"embeddable":true,"href":"https:\/\/blogdofarnesio.com.br\/index.php?rest_route=\/wp\/v2\/users\/1"}],"replies":[{"embeddable":true,"href":"https:\/\/blogdofarnesio.com.br\/index.php?rest_route=%2Fwp%2Fv2%2Fcomments&post=293958"}],"version-history":[{"count":0,"href":"https:\/\/blogdofarnesio.com.br\/index.php?rest_route=\/wp\/v2\/posts\/293958\/revisions"}],"wp:featuredmedia":[{"embeddable":true,"href":"https:\/\/blogdofarnesio.com.br\/index.php?rest_route=\/wp\/v2\/media\/293959"}],"wp:attachment":[{"href":"https:\/\/blogdofarnesio.com.br\/index.php?rest_route=%2Fwp%2Fv2%2Fmedia&parent=293958"}],"wp:term":[{"taxonomy":"category","embeddable":true,"href":"https:\/\/blogdofarnesio.com.br\/index.php?rest_route=%2Fwp%2Fv2%2Fcategories&post=293958"},{"taxonomy":"post_tag","embeddable":true,"href":"https:\/\/blogdofarnesio.com.br\/index.php?rest_route=%2Fwp%2Fv2%2Ftags&post=293958"}],"curies":[{"name":"wp","href":"https:\/\/api.w.org\/{rel}","templated":true}]}}