{"id":293950,"date":"2021-08-24T15:41:13","date_gmt":"2021-08-24T18:41:13","guid":{"rendered":"https:\/\/quersaberpolitica.com.br\/?p=293950"},"modified":"2021-08-24T14:44:31","modified_gmt":"2021-08-24T17:44:31","slug":"deputado-roberto-carlos-e-prefeita-suzana-ramos-participam-de-audiencia-na-secultba-em-pauta-reforma-do-centro-de-cultura-e-recursos-para-o-festival-edesio-santos","status":"publish","type":"post","link":"https:\/\/blogdofarnesio.com.br\/?p=293950","title":{"rendered":"Deputado Roberto Carlos e prefeita Suzana Ramos participam de audi\u00eancia na SecultBA; em pauta, reforma do Centro de Cultura e recursos para o Festival Ed\u00e9sio Santos"},"content":{"rendered":"<p><span style=\"font-size: x-large;\"><span>O deputado Roberto Carlos (PDT), como vice-l\u00edder do Governo, esteve na Secretaria de Cultura da Bahia \u2013 SecultBA, onde foi recebido pela secret\u00e1ria Arany Santana, acompanhado da prefeita de Juazeiro, Suzana Ramos, do secret\u00e1rio de Cultura do Munic\u00edpio, S\u00e9rgio Fernandes, do consultor e assessor de Turismo Municipal, Edvaldo Franciolli, e do superintendente de Cultura e Turismo, J\u00fanior Mota para apresentar as principais demandas do munic\u00edpio, referente a pasta.<\/span><\/span><\/p>\n<p><span style=\"font-size: x-large;\"><span>Na oportunidade, foi solicitado investimentos para a realiza\u00e7\u00e3o do Festival Ed\u00e9sio Santos da Can\u00e7\u00e3o, que j\u00e1 acontece h\u00e1 24 anos e que possui uma grande relev\u00e2ncia para a cultura, n\u00e3o apenas de Juazeiro e regi\u00e3o, mas de todo o Brasil.<\/span><\/span><\/p>\n<p><span style=\"font-size: x-large;\"><span>Al\u00e9m disso, foi apresentada a necessidade de garantir recursos para a reforma do Centro de Cultura Jo\u00e3o Gilberto, que est\u00e1 fechado h\u00e1 mais de 3 anos e necessita de toda aten\u00e7\u00e3o para ampla reforma.<\/span><\/span><\/p>\n","protected":false},"excerpt":{"rendered":"<p>O deputado Roberto Carlos (PDT), como vice-l\u00edder do Governo, esteve na Secretaria de Cultura da Bahia \u2013 SecultBA, onde foi recebido pela secret\u00e1ria Arany Santana, acompanhado da prefeita de Juazeiro, Suzana Ramos, do secret\u00e1rio de Cultura do Munic\u00edpio, S\u00e9rgio Fernandes, do consultor e assessor de Turismo Municipal, Edvaldo Franciolli, e do superintendente de Cultura e Turismo, J\u00fanior Mota para apresentar as principais demandas do munic\u00edpio, referente a pasta. Na oportunidade, foi solicitado investimentos para a realiza\u00e7\u00e3o do Festival Ed\u00e9sio Santos da Can\u00e7\u00e3o, que j\u00e1 acontece h\u00e1 24 anos e que possui uma grande relev\u00e2ncia para a cultura, n\u00e3o apenas de Juazeiro e regi\u00e3o, mas de todo o Brasil. Al\u00e9m disso, foi apresentada a necessidade de garantir recursos para a reforma&hellip; <\/p>\n","protected":false},"author":1,"featured_media":293951,"comment_status":"closed","ping_status":"closed","sticky":false,"template":"","format":"standard","meta":{"_acf_changed":false,"footnotes":""},"categories":[1],"tags":[],"class_list":["post-293950","post","type-post","status-publish","format-standard","has-post-thumbnail","hentry","category-politica"],"acf":[],"yoast_head":"<!-- This site is optimized with the Yoast SEO plugin v27.4 - https:\/\/yoast.com\/product\/yoast-seo-wordpress\/ -->\n<title>Deputado Roberto Carlos e prefeita Suzana Ramos participam de audi\u00eancia na SecultBA; em pauta, reforma do Centro de Cultura e recursos para o Festival Ed\u00e9sio Santos - Blog do Farn\u00e9sio<\/title>\n<meta name=\"robots\" content=\"index, follow, max-snippet:-1, max-image-preview:large, max-video-preview:-1\" \/>\n<link rel=\"canonical\" href=\"https:\/\/blogdofarnesio.com.br\/?p=293950\" \/>\n<meta property=\"og:locale\" content=\"pt_BR\" \/>\n<meta property=\"og:type\" content=\"article\" \/>\n<meta property=\"og:title\" content=\"Deputado Roberto Carlos e prefeita Suzana Ramos participam de audi\u00eancia na SecultBA; em pauta, reforma do Centro de Cultura e recursos para o Festival Ed\u00e9sio Santos - Blog do Farn\u00e9sio\" \/>\n<meta property=\"og:description\" content=\"O deputado Roberto Carlos (PDT), como vice-l\u00edder do Governo, esteve na Secretaria de Cultura da Bahia \u2013 SecultBA, onde foi recebido pela secret\u00e1ria Arany Santana, acompanhado da prefeita de Juazeiro, Suzana Ramos, do secret\u00e1rio de Cultura do Munic\u00edpio, S\u00e9rgio Fernandes, do consultor e assessor de Turismo Municipal, Edvaldo Franciolli, e do superintendente de Cultura e Turismo, J\u00fanior Mota para apresentar as principais demandas do munic\u00edpio, referente a pasta. Na oportunidade, foi solicitado investimentos para a realiza\u00e7\u00e3o do Festival Ed\u00e9sio Santos da Can\u00e7\u00e3o, que j\u00e1 acontece h\u00e1 24 anos e que possui uma grande relev\u00e2ncia para a cultura, n\u00e3o apenas de Juazeiro e regi\u00e3o, mas de todo o Brasil. Al\u00e9m disso, foi apresentada a necessidade de garantir recursos para a reforma&hellip;\" \/>\n<meta property=\"og:url\" content=\"https:\/\/blogdofarnesio.com.br\/?p=293950\" \/>\n<meta property=\"og:site_name\" content=\"Blog do Farn\u00e9sio\" \/>\n<meta property=\"article:publisher\" content=\"https:\/\/www.facebook.com\/BlogQuerSaberPolitica\/\" \/>\n<meta property=\"article:published_time\" content=\"2021-08-24T18:41:13+00:00\" \/>\n<meta property=\"og:image\" content=\"https:\/\/blogdofarnesio.com.br\/wp-content\/uploads\/2021\/08\/blogqspjua-suzana-rcarlos-secult-ba-e1629827034472.jpeg\" \/>\n\t<meta property=\"og:image:width\" content=\"599\" \/>\n\t<meta property=\"og:image:height\" content=\"398\" \/>\n\t<meta property=\"og:image:type\" content=\"image\/jpeg\" \/>\n<meta name=\"author\" content=\"Farn\u00e9sio\" \/>\n<meta name=\"twitter:card\" content=\"summary_large_image\" \/>\n<meta name=\"twitter:label1\" content=\"Escrito por\" \/>\n\t<meta name=\"twitter:data1\" content=\"Farn\u00e9sio\" \/>\n\t<meta name=\"twitter:label2\" content=\"Est. tempo de leitura\" \/>\n\t<meta name=\"twitter:data2\" content=\"1 minuto\" \/>\n<script type=\"application\/ld+json\" class=\"yoast-schema-graph\">{\"@context\":\"https:\\\/\\\/schema.org\",\"@graph\":[{\"@type\":\"Article\",\"@id\":\"https:\\\/\\\/blogdofarnesio.com.br\\\/?p=293950#article\",\"isPartOf\":{\"@id\":\"https:\\\/\\\/blogdofarnesio.com.br\\\/?p=293950\"},\"author\":{\"name\":\"Farn\u00e9sio\",\"@id\":\"https:\\\/\\\/blogdofarnesio.com.br\\\/#\\\/schema\\\/person\\\/301c4acf522bccbfdb45af95b5b906a1\"},\"headline\":\"Deputado Roberto Carlos e prefeita Suzana Ramos participam de audi\u00eancia na SecultBA; em pauta, reforma do Centro de Cultura e recursos para o Festival Ed\u00e9sio Santos\",\"datePublished\":\"2021-08-24T18:41:13+00:00\",\"mainEntityOfPage\":{\"@id\":\"https:\\\/\\\/blogdofarnesio.com.br\\\/?p=293950\"},\"wordCount\":183,\"publisher\":{\"@id\":\"https:\\\/\\\/blogdofarnesio.com.br\\\/#organization\"},\"image\":{\"@id\":\"https:\\\/\\\/blogdofarnesio.com.br\\\/?p=293950#primaryimage\"},\"thumbnailUrl\":\"https:\\\/\\\/blogdofarnesio.com.br\\\/wp-content\\\/uploads\\\/2021\\\/08\\\/blogqspjua-suzana-rcarlos-secult-ba-e1629827034472.jpeg\",\"articleSection\":[\"Pol\u00edtica\"],\"inLanguage\":\"pt-BR\"},{\"@type\":\"WebPage\",\"@id\":\"https:\\\/\\\/blogdofarnesio.com.br\\\/?p=293950\",\"url\":\"https:\\\/\\\/blogdofarnesio.com.br\\\/?p=293950\",\"name\":\"Deputado Roberto Carlos e prefeita Suzana Ramos participam de audi\u00eancia na SecultBA; em pauta, reforma do Centro de Cultura e recursos para o Festival Ed\u00e9sio Santos - Blog do Farn\u00e9sio\",\"isPartOf\":{\"@id\":\"https:\\\/\\\/blogdofarnesio.com.br\\\/#website\"},\"primaryImageOfPage\":{\"@id\":\"https:\\\/\\\/blogdofarnesio.com.br\\\/?p=293950#primaryimage\"},\"image\":{\"@id\":\"https:\\\/\\\/blogdofarnesio.com.br\\\/?p=293950#primaryimage\"},\"thumbnailUrl\":\"https:\\\/\\\/blogdofarnesio.com.br\\\/wp-content\\\/uploads\\\/2021\\\/08\\\/blogqspjua-suzana-rcarlos-secult-ba-e1629827034472.jpeg\",\"datePublished\":\"2021-08-24T18:41:13+00:00\",\"breadcrumb\":{\"@id\":\"https:\\\/\\\/blogdofarnesio.com.br\\\/?p=293950#breadcrumb\"},\"inLanguage\":\"pt-BR\",\"potentialAction\":[{\"@type\":\"ReadAction\",\"target\":[\"https:\\\/\\\/blogdofarnesio.com.br\\\/?p=293950\"]}]},{\"@type\":\"ImageObject\",\"inLanguage\":\"pt-BR\",\"@id\":\"https:\\\/\\\/blogdofarnesio.com.br\\\/?p=293950#primaryimage\",\"url\":\"https:\\\/\\\/blogdofarnesio.com.br\\\/wp-content\\\/uploads\\\/2021\\\/08\\\/blogqspjua-suzana-rcarlos-secult-ba-e1629827034472.jpeg\",\"contentUrl\":\"https:\\\/\\\/blogdofarnesio.com.br\\\/wp-content\\\/uploads\\\/2021\\\/08\\\/blogqspjua-suzana-rcarlos-secult-ba-e1629827034472.jpeg\",\"width\":599,\"height\":398},{\"@type\":\"BreadcrumbList\",\"@id\":\"https:\\\/\\\/blogdofarnesio.com.br\\\/?p=293950#breadcrumb\",\"itemListElement\":[{\"@type\":\"ListItem\",\"position\":1,\"name\":\"In\u00edcio\",\"item\":\"https:\\\/\\\/blogdofarnesio.com.br\\\/\"},{\"@type\":\"ListItem\",\"position\":2,\"name\":\"Deputado Roberto Carlos e prefeita Suzana Ramos participam de audi\u00eancia na SecultBA; em pauta, reforma do Centro de Cultura e recursos para o Festival Ed\u00e9sio Santos\"}]},{\"@type\":\"WebSite\",\"@id\":\"https:\\\/\\\/blogdofarnesio.com.br\\\/#website\",\"url\":\"https:\\\/\\\/blogdofarnesio.com.br\\\/\",\"name\":\"Blog do Farn\u00e9sio\",\"description\":\"Quer Saber Pol\u00edtica?\",\"publisher\":{\"@id\":\"https:\\\/\\\/blogdofarnesio.com.br\\\/#organization\"},\"potentialAction\":[{\"@type\":\"SearchAction\",\"target\":{\"@type\":\"EntryPoint\",\"urlTemplate\":\"https:\\\/\\\/blogdofarnesio.com.br\\\/?s={search_term_string}\"},\"query-input\":{\"@type\":\"PropertyValueSpecification\",\"valueRequired\":true,\"valueName\":\"search_term_string\"}}],\"inLanguage\":\"pt-BR\"},{\"@type\":\"Organization\",\"@id\":\"https:\\\/\\\/blogdofarnesio.com.br\\\/#organization\",\"name\":\"Blog do Farn\u00e9sio\",\"url\":\"https:\\\/\\\/blogdofarnesio.com.br\\\/\",\"logo\":{\"@type\":\"ImageObject\",\"inLanguage\":\"pt-BR\",\"@id\":\"https:\\\/\\\/blogdofarnesio.com.br\\\/#\\\/schema\\\/logo\\\/image\\\/\",\"url\":\"https:\\\/\\\/blogdofarnesio.com.br\\\/wp-content\\\/uploads\\\/2026\\\/03\\\/cropped-logo_new-1.png\",\"contentUrl\":\"https:\\\/\\\/blogdofarnesio.com.br\\\/wp-content\\\/uploads\\\/2026\\\/03\\\/cropped-logo_new-1.png\",\"width\":881,\"height\":685,\"caption\":\"Blog do Farn\u00e9sio\"},\"image\":{\"@id\":\"https:\\\/\\\/blogdofarnesio.com.br\\\/#\\\/schema\\\/logo\\\/image\\\/\"},\"sameAs\":[\"https:\\\/\\\/www.facebook.com\\\/BlogQuerSaberPolitica\\\/\"]},{\"@type\":\"Person\",\"@id\":\"https:\\\/\\\/blogdofarnesio.com.br\\\/#\\\/schema\\\/person\\\/301c4acf522bccbfdb45af95b5b906a1\",\"name\":\"Farn\u00e9sio\",\"image\":{\"@type\":\"ImageObject\",\"inLanguage\":\"pt-BR\",\"@id\":\"https:\\\/\\\/secure.gravatar.com\\\/avatar\\\/df0c9a14567c056f8ad6876ba5bbd1e3e2c48023eb6807342fc4663adf549f38?s=96&d=mm&r=g\",\"url\":\"https:\\\/\\\/secure.gravatar.com\\\/avatar\\\/df0c9a14567c056f8ad6876ba5bbd1e3e2c48023eb6807342fc4663adf549f38?s=96&d=mm&r=g\",\"contentUrl\":\"https:\\\/\\\/secure.gravatar.com\\\/avatar\\\/df0c9a14567c056f8ad6876ba5bbd1e3e2c48023eb6807342fc4663adf549f38?s=96&d=mm&r=g\",\"caption\":\"Farn\u00e9sio\"},\"sameAs\":[\"https:\\\/\\\/quersaberpolitica.com.br\"],\"url\":\"https:\\\/\\\/blogdofarnesio.com.br\\\/?author=1\"}]}<\/script>\n<!-- \/ Yoast SEO plugin. -->","yoast_head_json":{"title":"Deputado Roberto Carlos e prefeita Suzana Ramos participam de audi\u00eancia na SecultBA; em pauta, reforma do Centro de Cultura e recursos para o Festival Ed\u00e9sio Santos - Blog do Farn\u00e9sio","robots":{"index":"index","follow":"follow","max-snippet":"max-snippet:-1","max-image-preview":"max-image-preview:large","max-video-preview":"max-video-preview:-1"},"canonical":"https:\/\/blogdofarnesio.com.br\/?p=293950","og_locale":"pt_BR","og_type":"article","og_title":"Deputado Roberto Carlos e prefeita Suzana Ramos participam de audi\u00eancia na SecultBA; em pauta, reforma do Centro de Cultura e recursos para o Festival Ed\u00e9sio Santos - Blog do Farn\u00e9sio","og_description":"O deputado Roberto Carlos (PDT), como vice-l\u00edder do Governo, esteve na Secretaria de Cultura da Bahia \u2013 SecultBA, onde foi recebido pela secret\u00e1ria Arany Santana, acompanhado da prefeita de Juazeiro, Suzana Ramos, do secret\u00e1rio de Cultura do Munic\u00edpio, S\u00e9rgio Fernandes, do consultor e assessor de Turismo Municipal, Edvaldo Franciolli, e do superintendente de Cultura e Turismo, J\u00fanior Mota para apresentar as principais demandas do munic\u00edpio, referente a pasta. Na oportunidade, foi solicitado investimentos para a realiza\u00e7\u00e3o do Festival Ed\u00e9sio Santos da Can\u00e7\u00e3o, que j\u00e1 acontece h\u00e1 24 anos e que possui uma grande relev\u00e2ncia para a cultura, n\u00e3o apenas de Juazeiro e regi\u00e3o, mas de todo o Brasil. Al\u00e9m disso, foi apresentada a necessidade de garantir recursos para a reforma&hellip;","og_url":"https:\/\/blogdofarnesio.com.br\/?p=293950","og_site_name":"Blog do Farn\u00e9sio","article_publisher":"https:\/\/www.facebook.com\/BlogQuerSaberPolitica\/","article_published_time":"2021-08-24T18:41:13+00:00","og_image":[{"width":599,"height":398,"url":"https:\/\/blogdofarnesio.com.br\/wp-content\/uploads\/2021\/08\/blogqspjua-suzana-rcarlos-secult-ba-e1629827034472.jpeg","type":"image\/jpeg"}],"author":"Farn\u00e9sio","twitter_card":"summary_large_image","twitter_misc":{"Escrito por":"Farn\u00e9sio","Est. tempo de leitura":"1 minuto"},"schema":{"@context":"https:\/\/schema.org","@graph":[{"@type":"Article","@id":"https:\/\/blogdofarnesio.com.br\/?p=293950#article","isPartOf":{"@id":"https:\/\/blogdofarnesio.com.br\/?p=293950"},"author":{"name":"Farn\u00e9sio","@id":"https:\/\/blogdofarnesio.com.br\/#\/schema\/person\/301c4acf522bccbfdb45af95b5b906a1"},"headline":"Deputado Roberto Carlos e prefeita Suzana Ramos participam de audi\u00eancia na SecultBA; em pauta, reforma do Centro de Cultura e recursos para o Festival Ed\u00e9sio Santos","datePublished":"2021-08-24T18:41:13+00:00","mainEntityOfPage":{"@id":"https:\/\/blogdofarnesio.com.br\/?p=293950"},"wordCount":183,"publisher":{"@id":"https:\/\/blogdofarnesio.com.br\/#organization"},"image":{"@id":"https:\/\/blogdofarnesio.com.br\/?p=293950#primaryimage"},"thumbnailUrl":"https:\/\/blogdofarnesio.com.br\/wp-content\/uploads\/2021\/08\/blogqspjua-suzana-rcarlos-secult-ba-e1629827034472.jpeg","articleSection":["Pol\u00edtica"],"inLanguage":"pt-BR"},{"@type":"WebPage","@id":"https:\/\/blogdofarnesio.com.br\/?p=293950","url":"https:\/\/blogdofarnesio.com.br\/?p=293950","name":"Deputado Roberto Carlos e prefeita Suzana Ramos participam de audi\u00eancia na SecultBA; em pauta, reforma do Centro de Cultura e recursos para o Festival Ed\u00e9sio Santos - Blog do Farn\u00e9sio","isPartOf":{"@id":"https:\/\/blogdofarnesio.com.br\/#website"},"primaryImageOfPage":{"@id":"https:\/\/blogdofarnesio.com.br\/?p=293950#primaryimage"},"image":{"@id":"https:\/\/blogdofarnesio.com.br\/?p=293950#primaryimage"},"thumbnailUrl":"https:\/\/blogdofarnesio.com.br\/wp-content\/uploads\/2021\/08\/blogqspjua-suzana-rcarlos-secult-ba-e1629827034472.jpeg","datePublished":"2021-08-24T18:41:13+00:00","breadcrumb":{"@id":"https:\/\/blogdofarnesio.com.br\/?p=293950#breadcrumb"},"inLanguage":"pt-BR","potentialAction":[{"@type":"ReadAction","target":["https:\/\/blogdofarnesio.com.br\/?p=293950"]}]},{"@type":"ImageObject","inLanguage":"pt-BR","@id":"https:\/\/blogdofarnesio.com.br\/?p=293950#primaryimage","url":"https:\/\/blogdofarnesio.com.br\/wp-content\/uploads\/2021\/08\/blogqspjua-suzana-rcarlos-secult-ba-e1629827034472.jpeg","contentUrl":"https:\/\/blogdofarnesio.com.br\/wp-content\/uploads\/2021\/08\/blogqspjua-suzana-rcarlos-secult-ba-e1629827034472.jpeg","width":599,"height":398},{"@type":"BreadcrumbList","@id":"https:\/\/blogdofarnesio.com.br\/?p=293950#breadcrumb","itemListElement":[{"@type":"ListItem","position":1,"name":"In\u00edcio","item":"https:\/\/blogdofarnesio.com.br\/"},{"@type":"ListItem","position":2,"name":"Deputado Roberto Carlos e prefeita Suzana Ramos participam de audi\u00eancia na SecultBA; em pauta, reforma do Centro de Cultura e recursos para o Festival Ed\u00e9sio Santos"}]},{"@type":"WebSite","@id":"https:\/\/blogdofarnesio.com.br\/#website","url":"https:\/\/blogdofarnesio.com.br\/","name":"Blog do Farn\u00e9sio","description":"Quer Saber Pol\u00edtica?","publisher":{"@id":"https:\/\/blogdofarnesio.com.br\/#organization"},"potentialAction":[{"@type":"SearchAction","target":{"@type":"EntryPoint","urlTemplate":"https:\/\/blogdofarnesio.com.br\/?s={search_term_string}"},"query-input":{"@type":"PropertyValueSpecification","valueRequired":true,"valueName":"search_term_string"}}],"inLanguage":"pt-BR"},{"@type":"Organization","@id":"https:\/\/blogdofarnesio.com.br\/#organization","name":"Blog do Farn\u00e9sio","url":"https:\/\/blogdofarnesio.com.br\/","logo":{"@type":"ImageObject","inLanguage":"pt-BR","@id":"https:\/\/blogdofarnesio.com.br\/#\/schema\/logo\/image\/","url":"https:\/\/blogdofarnesio.com.br\/wp-content\/uploads\/2026\/03\/cropped-logo_new-1.png","contentUrl":"https:\/\/blogdofarnesio.com.br\/wp-content\/uploads\/2026\/03\/cropped-logo_new-1.png","width":881,"height":685,"caption":"Blog do Farn\u00e9sio"},"image":{"@id":"https:\/\/blogdofarnesio.com.br\/#\/schema\/logo\/image\/"},"sameAs":["https:\/\/www.facebook.com\/BlogQuerSaberPolitica\/"]},{"@type":"Person","@id":"https:\/\/blogdofarnesio.com.br\/#\/schema\/person\/301c4acf522bccbfdb45af95b5b906a1","name":"Farn\u00e9sio","image":{"@type":"ImageObject","inLanguage":"pt-BR","@id":"https:\/\/secure.gravatar.com\/avatar\/df0c9a14567c056f8ad6876ba5bbd1e3e2c48023eb6807342fc4663adf549f38?s=96&d=mm&r=g","url":"https:\/\/secure.gravatar.com\/avatar\/df0c9a14567c056f8ad6876ba5bbd1e3e2c48023eb6807342fc4663adf549f38?s=96&d=mm&r=g","contentUrl":"https:\/\/secure.gravatar.com\/avatar\/df0c9a14567c056f8ad6876ba5bbd1e3e2c48023eb6807342fc4663adf549f38?s=96&d=mm&r=g","caption":"Farn\u00e9sio"},"sameAs":["https:\/\/quersaberpolitica.com.br"],"url":"https:\/\/blogdofarnesio.com.br\/?author=1"}]}},"_links":{"self":[{"href":"https:\/\/blogdofarnesio.com.br\/index.php?rest_route=\/wp\/v2\/posts\/293950","targetHints":{"allow":["GET"]}}],"collection":[{"href":"https:\/\/blogdofarnesio.com.br\/index.php?rest_route=\/wp\/v2\/posts"}],"about":[{"href":"https:\/\/blogdofarnesio.com.br\/index.php?rest_route=\/wp\/v2\/types\/post"}],"author":[{"embeddable":true,"href":"https:\/\/blogdofarnesio.com.br\/index.php?rest_route=\/wp\/v2\/users\/1"}],"replies":[{"embeddable":true,"href":"https:\/\/blogdofarnesio.com.br\/index.php?rest_route=%2Fwp%2Fv2%2Fcomments&post=293950"}],"version-history":[{"count":0,"href":"https:\/\/blogdofarnesio.com.br\/index.php?rest_route=\/wp\/v2\/posts\/293950\/revisions"}],"wp:featuredmedia":[{"embeddable":true,"href":"https:\/\/blogdofarnesio.com.br\/index.php?rest_route=\/wp\/v2\/media\/293951"}],"wp:attachment":[{"href":"https:\/\/blogdofarnesio.com.br\/index.php?rest_route=%2Fwp%2Fv2%2Fmedia&parent=293950"}],"wp:term":[{"taxonomy":"category","embeddable":true,"href":"https:\/\/blogdofarnesio.com.br\/index.php?rest_route=%2Fwp%2Fv2%2Fcategories&post=293950"},{"taxonomy":"post_tag","embeddable":true,"href":"https:\/\/blogdofarnesio.com.br\/index.php?rest_route=%2Fwp%2Fv2%2Ftags&post=293950"}],"curies":[{"name":"wp","href":"https:\/\/api.w.org\/{rel}","templated":true}]}}