{"id":293609,"date":"2021-08-19T17:02:53","date_gmt":"2021-08-19T20:02:53","guid":{"rendered":"https:\/\/quersaberpolitica.com.br\/?p=293609"},"modified":"2021-08-19T16:37:44","modified_gmt":"2021-08-19T19:37:44","slug":"sessoes-do-tribunal-do-juri-em-juazeiro-voltam-ao-modo-presencial-com-12-sessoes-em-apenas-15-dias","status":"publish","type":"post","link":"https:\/\/blogdofarnesio.com.br\/?p=293609","title":{"rendered":"Sess\u00f5es do tribunal do j\u00fari em Juazeiro voltam ao modo presencial, com 12 sess\u00f5es em apenas 15 dias"},"content":{"rendered":"<div class=\"single-post-header\">\n<div class=\"single-title post-title entry-title is-size-1\"><\/div>\n<\/div>\n<div class=\"single-post-body\">\n<div class=\"single-content-wrap\">\n<div class=\"single-entry-wrap\">\n<div class=\"entry single-entry clearfix iframe-loaded\">\n<p>As sess\u00f5es presenciais do Tribunal do J\u00fari da comarca de Juazeiro foram retomadas ontem, dia 18, com a realiza\u00e7\u00e3o de dois j\u00faris. Em um deles, Israel Ferreira da Cruz foi condenado pelo crime de homic\u00eddio simples a seis anos de reclus\u00e3o em regime semiaberto.<\/p>\n<p>Amanh\u00e3, dia 20, e na sexta-feira, dia 21, o promotor de Justi\u00e7a Raimundo Moinhos dar\u00e1 prosseguimento \u00e0s atividades de acusa\u00e7\u00e3o e atuar\u00e1 em outros quatro j\u00faris presenciais, que estavam suspensos por conta da pandemia. At\u00e9 o final do m\u00eas, ser\u00e3o 12 j\u00faris realizados em 15 dias na comarca, que estabeleceu normas de seguran\u00e7a para o retorno presencial das atividades.<\/p>\n<p>As sess\u00f5es, explica o promotor de Justi\u00e7a, t\u00eam previs\u00e3o de uso obrigat\u00f3rio de m\u00e1scaras, constante higieniza\u00e7\u00e3o das m\u00e3os de todos os presentes, bem como a manuten\u00e7\u00e3o de janelas e portas abertas para a circula\u00e7\u00e3o do ar, quando poss\u00edvel.<\/p>\n<p>Tudo est\u00e1 previsto em ato normativo do Tribunal de Justi\u00e7a. Raimundo Moinhos lembra que o Tribunal do J\u00fari \u00e9 o espa\u00e7o adequado para a aprecia\u00e7\u00e3o dos crimes dolosos contra a vida e que os j\u00faris permitem o exerc\u00edcio da cidadania, por assegurar a participa\u00e7\u00e3o popular direta nos julgamentos proferidos pelo Poder Judici\u00e1rio. Ele acredita que a retomada gradual das sess\u00f5es plen\u00e1rias s\u00e3o uma forma de assegurar uma resposta estatal aos delitos de maior gravidade.<\/p>\n<p>MPBA<\/p>\n<\/div>\n<\/div>\n<\/div>\n<\/div>\n","protected":false},"excerpt":{"rendered":"<p>As sess\u00f5es presenciais do Tribunal do J\u00fari da comarca de Juazeiro foram retomadas ontem, dia 18, com a realiza\u00e7\u00e3o de dois j\u00faris. Em um deles, Israel Ferreira da Cruz foi condenado pelo crime de homic\u00eddio simples a seis anos de reclus\u00e3o em regime semiaberto. Amanh\u00e3, dia 20, e na sexta-feira, dia 21, o promotor de Justi\u00e7a Raimundo Moinhos dar\u00e1 prosseguimento \u00e0s atividades de acusa\u00e7\u00e3o e atuar\u00e1 em outros quatro j\u00faris presenciais, que estavam suspensos por conta da pandemia. At\u00e9 o final do m\u00eas, ser\u00e3o 12 j\u00faris realizados em 15 dias na comarca, que estabeleceu normas de seguran\u00e7a para o retorno presencial das atividades. As sess\u00f5es, explica o promotor de Justi\u00e7a, t\u00eam previs\u00e3o de uso obrigat\u00f3rio de m\u00e1scaras, constante higieniza\u00e7\u00e3o das&hellip; <\/p>\n","protected":false},"author":1,"featured_media":128611,"comment_status":"closed","ping_status":"closed","sticky":false,"template":"","format":"standard","meta":{"_acf_changed":false,"footnotes":""},"categories":[23],"tags":[],"class_list":["post-293609","post","type-post","status-publish","format-standard","has-post-thumbnail","hentry","category-justica"],"acf":[],"yoast_head":"<!-- This site is optimized with the Yoast SEO plugin v27.4 - https:\/\/yoast.com\/product\/yoast-seo-wordpress\/ -->\n<title>Sess\u00f5es do tribunal do j\u00fari em Juazeiro voltam ao modo presencial, com 12 sess\u00f5es em apenas 15 dias - Blog do Farn\u00e9sio<\/title>\n<meta name=\"robots\" content=\"index, follow, max-snippet:-1, max-image-preview:large, max-video-preview:-1\" \/>\n<link rel=\"canonical\" href=\"https:\/\/blogdofarnesio.com.br\/?p=293609\" \/>\n<meta property=\"og:locale\" content=\"pt_BR\" \/>\n<meta property=\"og:type\" content=\"article\" \/>\n<meta property=\"og:title\" content=\"Sess\u00f5es do tribunal do j\u00fari em Juazeiro voltam ao modo presencial, com 12 sess\u00f5es em apenas 15 dias - Blog do Farn\u00e9sio\" \/>\n<meta property=\"og:description\" content=\"As sess\u00f5es presenciais do Tribunal do J\u00fari da comarca de Juazeiro foram retomadas ontem, dia 18, com a realiza\u00e7\u00e3o de dois j\u00faris. Em um deles, Israel Ferreira da Cruz foi condenado pelo crime de homic\u00eddio simples a seis anos de reclus\u00e3o em regime semiaberto. Amanh\u00e3, dia 20, e na sexta-feira, dia 21, o promotor de Justi\u00e7a Raimundo Moinhos dar\u00e1 prosseguimento \u00e0s atividades de acusa\u00e7\u00e3o e atuar\u00e1 em outros quatro j\u00faris presenciais, que estavam suspensos por conta da pandemia. At\u00e9 o final do m\u00eas, ser\u00e3o 12 j\u00faris realizados em 15 dias na comarca, que estabeleceu normas de seguran\u00e7a para o retorno presencial das atividades. As sess\u00f5es, explica o promotor de Justi\u00e7a, t\u00eam previs\u00e3o de uso obrigat\u00f3rio de m\u00e1scaras, constante higieniza\u00e7\u00e3o das&hellip;\" \/>\n<meta property=\"og:url\" content=\"https:\/\/blogdofarnesio.com.br\/?p=293609\" \/>\n<meta property=\"og:site_name\" content=\"Blog do Farn\u00e9sio\" \/>\n<meta property=\"article:publisher\" content=\"https:\/\/www.facebook.com\/BlogQuerSaberPolitica\/\" \/>\n<meta property=\"article:published_time\" content=\"2021-08-19T20:02:53+00:00\" \/>\n<meta property=\"og:image\" content=\"https:\/\/blogdofarnesio.com.br\/wp-content\/uploads\/2015\/08\/blogqsp-forum-de-juazeiro.jpg\" \/>\n\t<meta property=\"og:image:width\" content=\"500\" \/>\n\t<meta property=\"og:image:height\" content=\"376\" \/>\n\t<meta property=\"og:image:type\" content=\"image\/jpeg\" \/>\n<meta name=\"author\" content=\"Farn\u00e9sio\" \/>\n<meta name=\"twitter:card\" content=\"summary_large_image\" \/>\n<meta name=\"twitter:label1\" content=\"Escrito por\" \/>\n\t<meta name=\"twitter:data1\" content=\"Farn\u00e9sio\" \/>\n\t<meta name=\"twitter:label2\" content=\"Est. tempo de leitura\" \/>\n\t<meta name=\"twitter:data2\" content=\"1 minuto\" \/>\n<script type=\"application\/ld+json\" class=\"yoast-schema-graph\">{\"@context\":\"https:\\\/\\\/schema.org\",\"@graph\":[{\"@type\":\"Article\",\"@id\":\"https:\\\/\\\/blogdofarnesio.com.br\\\/?p=293609#article\",\"isPartOf\":{\"@id\":\"https:\\\/\\\/blogdofarnesio.com.br\\\/?p=293609\"},\"author\":{\"name\":\"Farn\u00e9sio\",\"@id\":\"https:\\\/\\\/blogdofarnesio.com.br\\\/#\\\/schema\\\/person\\\/301c4acf522bccbfdb45af95b5b906a1\"},\"headline\":\"Sess\u00f5es do tribunal do j\u00fari em Juazeiro voltam ao modo presencial, com 12 sess\u00f5es em apenas 15 dias\",\"datePublished\":\"2021-08-19T20:02:53+00:00\",\"mainEntityOfPage\":{\"@id\":\"https:\\\/\\\/blogdofarnesio.com.br\\\/?p=293609\"},\"wordCount\":264,\"publisher\":{\"@id\":\"https:\\\/\\\/blogdofarnesio.com.br\\\/#organization\"},\"image\":{\"@id\":\"https:\\\/\\\/blogdofarnesio.com.br\\\/?p=293609#primaryimage\"},\"thumbnailUrl\":\"https:\\\/\\\/blogdofarnesio.com.br\\\/wp-content\\\/uploads\\\/2015\\\/08\\\/blogqsp-forum-de-juazeiro.jpg\",\"articleSection\":[\"Justi\u00e7a\"],\"inLanguage\":\"pt-BR\"},{\"@type\":\"WebPage\",\"@id\":\"https:\\\/\\\/blogdofarnesio.com.br\\\/?p=293609\",\"url\":\"https:\\\/\\\/blogdofarnesio.com.br\\\/?p=293609\",\"name\":\"Sess\u00f5es do tribunal do j\u00fari em Juazeiro voltam ao modo presencial, com 12 sess\u00f5es em apenas 15 dias - Blog do Farn\u00e9sio\",\"isPartOf\":{\"@id\":\"https:\\\/\\\/blogdofarnesio.com.br\\\/#website\"},\"primaryImageOfPage\":{\"@id\":\"https:\\\/\\\/blogdofarnesio.com.br\\\/?p=293609#primaryimage\"},\"image\":{\"@id\":\"https:\\\/\\\/blogdofarnesio.com.br\\\/?p=293609#primaryimage\"},\"thumbnailUrl\":\"https:\\\/\\\/blogdofarnesio.com.br\\\/wp-content\\\/uploads\\\/2015\\\/08\\\/blogqsp-forum-de-juazeiro.jpg\",\"datePublished\":\"2021-08-19T20:02:53+00:00\",\"breadcrumb\":{\"@id\":\"https:\\\/\\\/blogdofarnesio.com.br\\\/?p=293609#breadcrumb\"},\"inLanguage\":\"pt-BR\",\"potentialAction\":[{\"@type\":\"ReadAction\",\"target\":[\"https:\\\/\\\/blogdofarnesio.com.br\\\/?p=293609\"]}]},{\"@type\":\"ImageObject\",\"inLanguage\":\"pt-BR\",\"@id\":\"https:\\\/\\\/blogdofarnesio.com.br\\\/?p=293609#primaryimage\",\"url\":\"https:\\\/\\\/blogdofarnesio.com.br\\\/wp-content\\\/uploads\\\/2015\\\/08\\\/blogqsp-forum-de-juazeiro.jpg\",\"contentUrl\":\"https:\\\/\\\/blogdofarnesio.com.br\\\/wp-content\\\/uploads\\\/2015\\\/08\\\/blogqsp-forum-de-juazeiro.jpg\",\"width\":500,\"height\":376},{\"@type\":\"BreadcrumbList\",\"@id\":\"https:\\\/\\\/blogdofarnesio.com.br\\\/?p=293609#breadcrumb\",\"itemListElement\":[{\"@type\":\"ListItem\",\"position\":1,\"name\":\"In\u00edcio\",\"item\":\"https:\\\/\\\/blogdofarnesio.com.br\\\/\"},{\"@type\":\"ListItem\",\"position\":2,\"name\":\"Sess\u00f5es do tribunal do j\u00fari em Juazeiro voltam ao modo presencial, com 12 sess\u00f5es em apenas 15 dias\"}]},{\"@type\":\"WebSite\",\"@id\":\"https:\\\/\\\/blogdofarnesio.com.br\\\/#website\",\"url\":\"https:\\\/\\\/blogdofarnesio.com.br\\\/\",\"name\":\"Blog do Farn\u00e9sio\",\"description\":\"Quer Saber Pol\u00edtica?\",\"publisher\":{\"@id\":\"https:\\\/\\\/blogdofarnesio.com.br\\\/#organization\"},\"potentialAction\":[{\"@type\":\"SearchAction\",\"target\":{\"@type\":\"EntryPoint\",\"urlTemplate\":\"https:\\\/\\\/blogdofarnesio.com.br\\\/?s={search_term_string}\"},\"query-input\":{\"@type\":\"PropertyValueSpecification\",\"valueRequired\":true,\"valueName\":\"search_term_string\"}}],\"inLanguage\":\"pt-BR\"},{\"@type\":\"Organization\",\"@id\":\"https:\\\/\\\/blogdofarnesio.com.br\\\/#organization\",\"name\":\"Blog do Farn\u00e9sio\",\"url\":\"https:\\\/\\\/blogdofarnesio.com.br\\\/\",\"logo\":{\"@type\":\"ImageObject\",\"inLanguage\":\"pt-BR\",\"@id\":\"https:\\\/\\\/blogdofarnesio.com.br\\\/#\\\/schema\\\/logo\\\/image\\\/\",\"url\":\"https:\\\/\\\/blogdofarnesio.com.br\\\/wp-content\\\/uploads\\\/2026\\\/03\\\/cropped-logo_new-1.png\",\"contentUrl\":\"https:\\\/\\\/blogdofarnesio.com.br\\\/wp-content\\\/uploads\\\/2026\\\/03\\\/cropped-logo_new-1.png\",\"width\":881,\"height\":685,\"caption\":\"Blog do Farn\u00e9sio\"},\"image\":{\"@id\":\"https:\\\/\\\/blogdofarnesio.com.br\\\/#\\\/schema\\\/logo\\\/image\\\/\"},\"sameAs\":[\"https:\\\/\\\/www.facebook.com\\\/BlogQuerSaberPolitica\\\/\"]},{\"@type\":\"Person\",\"@id\":\"https:\\\/\\\/blogdofarnesio.com.br\\\/#\\\/schema\\\/person\\\/301c4acf522bccbfdb45af95b5b906a1\",\"name\":\"Farn\u00e9sio\",\"image\":{\"@type\":\"ImageObject\",\"inLanguage\":\"pt-BR\",\"@id\":\"https:\\\/\\\/secure.gravatar.com\\\/avatar\\\/df0c9a14567c056f8ad6876ba5bbd1e3e2c48023eb6807342fc4663adf549f38?s=96&d=mm&r=g\",\"url\":\"https:\\\/\\\/secure.gravatar.com\\\/avatar\\\/df0c9a14567c056f8ad6876ba5bbd1e3e2c48023eb6807342fc4663adf549f38?s=96&d=mm&r=g\",\"contentUrl\":\"https:\\\/\\\/secure.gravatar.com\\\/avatar\\\/df0c9a14567c056f8ad6876ba5bbd1e3e2c48023eb6807342fc4663adf549f38?s=96&d=mm&r=g\",\"caption\":\"Farn\u00e9sio\"},\"sameAs\":[\"https:\\\/\\\/quersaberpolitica.com.br\"],\"url\":\"https:\\\/\\\/blogdofarnesio.com.br\\\/?author=1\"}]}<\/script>\n<!-- \/ Yoast SEO plugin. -->","yoast_head_json":{"title":"Sess\u00f5es do tribunal do j\u00fari em Juazeiro voltam ao modo presencial, com 12 sess\u00f5es em apenas 15 dias - Blog do Farn\u00e9sio","robots":{"index":"index","follow":"follow","max-snippet":"max-snippet:-1","max-image-preview":"max-image-preview:large","max-video-preview":"max-video-preview:-1"},"canonical":"https:\/\/blogdofarnesio.com.br\/?p=293609","og_locale":"pt_BR","og_type":"article","og_title":"Sess\u00f5es do tribunal do j\u00fari em Juazeiro voltam ao modo presencial, com 12 sess\u00f5es em apenas 15 dias - Blog do Farn\u00e9sio","og_description":"As sess\u00f5es presenciais do Tribunal do J\u00fari da comarca de Juazeiro foram retomadas ontem, dia 18, com a realiza\u00e7\u00e3o de dois j\u00faris. Em um deles, Israel Ferreira da Cruz foi condenado pelo crime de homic\u00eddio simples a seis anos de reclus\u00e3o em regime semiaberto. Amanh\u00e3, dia 20, e na sexta-feira, dia 21, o promotor de Justi\u00e7a Raimundo Moinhos dar\u00e1 prosseguimento \u00e0s atividades de acusa\u00e7\u00e3o e atuar\u00e1 em outros quatro j\u00faris presenciais, que estavam suspensos por conta da pandemia. At\u00e9 o final do m\u00eas, ser\u00e3o 12 j\u00faris realizados em 15 dias na comarca, que estabeleceu normas de seguran\u00e7a para o retorno presencial das atividades. As sess\u00f5es, explica o promotor de Justi\u00e7a, t\u00eam previs\u00e3o de uso obrigat\u00f3rio de m\u00e1scaras, constante higieniza\u00e7\u00e3o das&hellip;","og_url":"https:\/\/blogdofarnesio.com.br\/?p=293609","og_site_name":"Blog do Farn\u00e9sio","article_publisher":"https:\/\/www.facebook.com\/BlogQuerSaberPolitica\/","article_published_time":"2021-08-19T20:02:53+00:00","og_image":[{"width":500,"height":376,"url":"https:\/\/blogdofarnesio.com.br\/wp-content\/uploads\/2015\/08\/blogqsp-forum-de-juazeiro.jpg","type":"image\/jpeg"}],"author":"Farn\u00e9sio","twitter_card":"summary_large_image","twitter_misc":{"Escrito por":"Farn\u00e9sio","Est. tempo de leitura":"1 minuto"},"schema":{"@context":"https:\/\/schema.org","@graph":[{"@type":"Article","@id":"https:\/\/blogdofarnesio.com.br\/?p=293609#article","isPartOf":{"@id":"https:\/\/blogdofarnesio.com.br\/?p=293609"},"author":{"name":"Farn\u00e9sio","@id":"https:\/\/blogdofarnesio.com.br\/#\/schema\/person\/301c4acf522bccbfdb45af95b5b906a1"},"headline":"Sess\u00f5es do tribunal do j\u00fari em Juazeiro voltam ao modo presencial, com 12 sess\u00f5es em apenas 15 dias","datePublished":"2021-08-19T20:02:53+00:00","mainEntityOfPage":{"@id":"https:\/\/blogdofarnesio.com.br\/?p=293609"},"wordCount":264,"publisher":{"@id":"https:\/\/blogdofarnesio.com.br\/#organization"},"image":{"@id":"https:\/\/blogdofarnesio.com.br\/?p=293609#primaryimage"},"thumbnailUrl":"https:\/\/blogdofarnesio.com.br\/wp-content\/uploads\/2015\/08\/blogqsp-forum-de-juazeiro.jpg","articleSection":["Justi\u00e7a"],"inLanguage":"pt-BR"},{"@type":"WebPage","@id":"https:\/\/blogdofarnesio.com.br\/?p=293609","url":"https:\/\/blogdofarnesio.com.br\/?p=293609","name":"Sess\u00f5es do tribunal do j\u00fari em Juazeiro voltam ao modo presencial, com 12 sess\u00f5es em apenas 15 dias - Blog do Farn\u00e9sio","isPartOf":{"@id":"https:\/\/blogdofarnesio.com.br\/#website"},"primaryImageOfPage":{"@id":"https:\/\/blogdofarnesio.com.br\/?p=293609#primaryimage"},"image":{"@id":"https:\/\/blogdofarnesio.com.br\/?p=293609#primaryimage"},"thumbnailUrl":"https:\/\/blogdofarnesio.com.br\/wp-content\/uploads\/2015\/08\/blogqsp-forum-de-juazeiro.jpg","datePublished":"2021-08-19T20:02:53+00:00","breadcrumb":{"@id":"https:\/\/blogdofarnesio.com.br\/?p=293609#breadcrumb"},"inLanguage":"pt-BR","potentialAction":[{"@type":"ReadAction","target":["https:\/\/blogdofarnesio.com.br\/?p=293609"]}]},{"@type":"ImageObject","inLanguage":"pt-BR","@id":"https:\/\/blogdofarnesio.com.br\/?p=293609#primaryimage","url":"https:\/\/blogdofarnesio.com.br\/wp-content\/uploads\/2015\/08\/blogqsp-forum-de-juazeiro.jpg","contentUrl":"https:\/\/blogdofarnesio.com.br\/wp-content\/uploads\/2015\/08\/blogqsp-forum-de-juazeiro.jpg","width":500,"height":376},{"@type":"BreadcrumbList","@id":"https:\/\/blogdofarnesio.com.br\/?p=293609#breadcrumb","itemListElement":[{"@type":"ListItem","position":1,"name":"In\u00edcio","item":"https:\/\/blogdofarnesio.com.br\/"},{"@type":"ListItem","position":2,"name":"Sess\u00f5es do tribunal do j\u00fari em Juazeiro voltam ao modo presencial, com 12 sess\u00f5es em apenas 15 dias"}]},{"@type":"WebSite","@id":"https:\/\/blogdofarnesio.com.br\/#website","url":"https:\/\/blogdofarnesio.com.br\/","name":"Blog do Farn\u00e9sio","description":"Quer Saber Pol\u00edtica?","publisher":{"@id":"https:\/\/blogdofarnesio.com.br\/#organization"},"potentialAction":[{"@type":"SearchAction","target":{"@type":"EntryPoint","urlTemplate":"https:\/\/blogdofarnesio.com.br\/?s={search_term_string}"},"query-input":{"@type":"PropertyValueSpecification","valueRequired":true,"valueName":"search_term_string"}}],"inLanguage":"pt-BR"},{"@type":"Organization","@id":"https:\/\/blogdofarnesio.com.br\/#organization","name":"Blog do Farn\u00e9sio","url":"https:\/\/blogdofarnesio.com.br\/","logo":{"@type":"ImageObject","inLanguage":"pt-BR","@id":"https:\/\/blogdofarnesio.com.br\/#\/schema\/logo\/image\/","url":"https:\/\/blogdofarnesio.com.br\/wp-content\/uploads\/2026\/03\/cropped-logo_new-1.png","contentUrl":"https:\/\/blogdofarnesio.com.br\/wp-content\/uploads\/2026\/03\/cropped-logo_new-1.png","width":881,"height":685,"caption":"Blog do Farn\u00e9sio"},"image":{"@id":"https:\/\/blogdofarnesio.com.br\/#\/schema\/logo\/image\/"},"sameAs":["https:\/\/www.facebook.com\/BlogQuerSaberPolitica\/"]},{"@type":"Person","@id":"https:\/\/blogdofarnesio.com.br\/#\/schema\/person\/301c4acf522bccbfdb45af95b5b906a1","name":"Farn\u00e9sio","image":{"@type":"ImageObject","inLanguage":"pt-BR","@id":"https:\/\/secure.gravatar.com\/avatar\/df0c9a14567c056f8ad6876ba5bbd1e3e2c48023eb6807342fc4663adf549f38?s=96&d=mm&r=g","url":"https:\/\/secure.gravatar.com\/avatar\/df0c9a14567c056f8ad6876ba5bbd1e3e2c48023eb6807342fc4663adf549f38?s=96&d=mm&r=g","contentUrl":"https:\/\/secure.gravatar.com\/avatar\/df0c9a14567c056f8ad6876ba5bbd1e3e2c48023eb6807342fc4663adf549f38?s=96&d=mm&r=g","caption":"Farn\u00e9sio"},"sameAs":["https:\/\/quersaberpolitica.com.br"],"url":"https:\/\/blogdofarnesio.com.br\/?author=1"}]}},"_links":{"self":[{"href":"https:\/\/blogdofarnesio.com.br\/index.php?rest_route=\/wp\/v2\/posts\/293609","targetHints":{"allow":["GET"]}}],"collection":[{"href":"https:\/\/blogdofarnesio.com.br\/index.php?rest_route=\/wp\/v2\/posts"}],"about":[{"href":"https:\/\/blogdofarnesio.com.br\/index.php?rest_route=\/wp\/v2\/types\/post"}],"author":[{"embeddable":true,"href":"https:\/\/blogdofarnesio.com.br\/index.php?rest_route=\/wp\/v2\/users\/1"}],"replies":[{"embeddable":true,"href":"https:\/\/blogdofarnesio.com.br\/index.php?rest_route=%2Fwp%2Fv2%2Fcomments&post=293609"}],"version-history":[{"count":0,"href":"https:\/\/blogdofarnesio.com.br\/index.php?rest_route=\/wp\/v2\/posts\/293609\/revisions"}],"wp:featuredmedia":[{"embeddable":true,"href":"https:\/\/blogdofarnesio.com.br\/index.php?rest_route=\/wp\/v2\/media\/128611"}],"wp:attachment":[{"href":"https:\/\/blogdofarnesio.com.br\/index.php?rest_route=%2Fwp%2Fv2%2Fmedia&parent=293609"}],"wp:term":[{"taxonomy":"category","embeddable":true,"href":"https:\/\/blogdofarnesio.com.br\/index.php?rest_route=%2Fwp%2Fv2%2Fcategories&post=293609"},{"taxonomy":"post_tag","embeddable":true,"href":"https:\/\/blogdofarnesio.com.br\/index.php?rest_route=%2Fwp%2Fv2%2Ftags&post=293609"}],"curies":[{"name":"wp","href":"https:\/\/api.w.org\/{rel}","templated":true}]}}