{"id":293597,"date":"2021-08-19T16:02:00","date_gmt":"2021-08-19T19:02:00","guid":{"rendered":"https:\/\/quersaberpolitica.com.br\/?p=293597"},"modified":"2021-08-19T15:04:25","modified_gmt":"2021-08-19T18:04:25","slug":"marilia-e-raquel-lideram-pesquisa-de-intencao-de-voto-para-governo-de-pernambuco-diz-plural","status":"publish","type":"post","link":"https:\/\/blogdofarnesio.com.br\/?p=293597","title":{"rendered":"Mar\u00edlia e Raquel lideram pesquisa de inten\u00e7\u00e3o de voto para governo de Pernambuco, diz Plural"},"content":{"rendered":"<h2 class=\"post-title\"><\/h2>\n<p><b><a href=\"https:\/\/i0.wp.com\/nilljunior.com.br\/wp-content\/uploads\/2021\/08\/marilia-raquel.jpg?ssl=1\"><img loading=\"lazy\" decoding=\"async\" class=\"alignleft wp-image-210837\" src=\"https:\/\/i0.wp.com\/nilljunior.com.br\/wp-content\/uploads\/2021\/08\/marilia-raquel.jpg?resize=400%2C219&amp;ssl=1\" sizes=\"auto, (max-width: 400px) 100vw, 400px\" srcset=\"https:\/\/i0.wp.com\/nilljunior.com.br\/wp-content\/uploads\/2021\/08\/marilia-raquel.jpg?w=626&amp;ssl=1 626w, https:\/\/i0.wp.com\/nilljunior.com.br\/wp-content\/uploads\/2021\/08\/marilia-raquel.jpg?resize=300%2C164&amp;ssl=1 300w, https:\/\/i0.wp.com\/nilljunior.com.br\/wp-content\/uploads\/2021\/08\/marilia-raquel.jpg?resize=600%2C328&amp;ssl=1 600w\" alt=\"\" width=\"320\" height=\"175\" data-attachment-id=\"210837\" data-permalink=\"https:\/\/nilljunior.com.br\/marilia-e-raquel-lideram-pesquisa-de-intencao-de-voto-para-governo-de-pernambuco-diz-plural\/marilia-raquel\/\" data-orig-file=\"https:\/\/i0.wp.com\/nilljunior.com.br\/wp-content\/uploads\/2021\/08\/marilia-raquel.jpg?fit=626%2C342&amp;ssl=1\" data-orig-size=\"626,342\" data-comments-opened=\"1\" data-image-meta=\"{&quot;aperture&quot;:&quot;0&quot;,&quot;credit&quot;:&quot;&quot;,&quot;camera&quot;:&quot;&quot;,&quot;caption&quot;:&quot;&quot;,&quot;created_timestamp&quot;:&quot;0&quot;,&quot;copyright&quot;:&quot;&quot;,&quot;focal_length&quot;:&quot;0&quot;,&quot;iso&quot;:&quot;0&quot;,&quot;shutter_speed&quot;:&quot;0&quot;,&quot;title&quot;:&quot;&quot;,&quot;orientation&quot;:&quot;0&quot;}\" data-image-title=\"marilia-raquel\" data-image-description=\"\" data-medium-file=\"https:\/\/i0.wp.com\/nilljunior.com.br\/wp-content\/uploads\/2021\/08\/marilia-raquel.jpg?fit=300%2C164&amp;ssl=1\" data-large-file=\"https:\/\/i0.wp.com\/nilljunior.com.br\/wp-content\/uploads\/2021\/08\/marilia-raquel.jpg?fit=600%2C328&amp;ssl=1\" \/><\/a>Blog de Jamildo<\/b><\/p>\n<p>O instituto de pesquisas Plural, de Olinda, testou cinco cen\u00e1rios com os v\u00e1rios nomes que j\u00e1 se apresentaram para a disputa do governo do Estado, nas elei\u00e7\u00f5es de 2022.<\/p>\n<p>Em todos eles, a deputada federal Mar\u00edlia Arraes, do PT, aparece na lideran\u00e7a, com mais ou menos folga a depender dos competidores.<\/p>\n<p>No cen\u00e1rio em que todos os postulantes s\u00e3o apresentados ao eleitor, Mar\u00edlia Arraes aparece com 25% das inten\u00e7\u00f5es de voto e \u00e9 seguida por outra mulher, a prefeita de Caruaru Raquel Lyra, com 11% das inten\u00e7\u00f5es de voto.<\/p>\n<p>Neste mesmo cen\u00e1rio, Humberto Costa teria 9% e Geraldo Julio 8%, seguidos por Miguel Coelho com 7% e Anderson Ferreira com iguais 7%. Clarissa T\u00e9rcio, do PSC, aparece com 3%, enquanto 11% disse n\u00e3o votar em nenhum deles, 8% disse votar nulo e 13% n\u00e3o soube ou n\u00e3o respondeu.<\/p>\n<p>Em outro cen\u00e1rio, mesmo com Raquel Lyra na disputa, mantendo o segundo lugar com 11%, Mar\u00edlia Arraes chegaria a 36% das inten\u00e7\u00f5es de voto, em um cen\u00e1rio em que n\u00e3o haveria nem Anderson Ferreira nem Miguel Coelho em jogo.<\/p>\n<p>Neste cen\u00e1rio, o ex-prefeito do Recife Geraldo Julio aparece com os mesmos 11% de Raquel Lyra e Clarissa Tercio sobe para 4% das inten\u00e7\u00f5es de voto. 15% n\u00e3o votaria em nenhum dos nomes. 9% iria de branco ou nulo. N\u00e3o sabe ou n\u00e3o respondeu teria 14%.<\/p>\n<p>A pesquisa da Plural aponta mais tr\u00eas embates diretos entre Mar\u00edlia Arraes e Geraldo Julio.<\/p>\n<p>No melhor deles, a petista iria a 42% das inten\u00e7\u00f5es de voto contra 12% de Geraldo Julio, em um cen\u00e1rio em que n\u00e3o haveria nem Anderson Ferreira, nem Raquel Lyra nem Miguel Coelho. Clarissa T\u00e9rcio teria os mesmos 4% das inten\u00e7\u00f5es de voto neste cen\u00e1rio. 18% n\u00e3o votaria em nenhum deles, 10% iria de branco ou nulo e 15% n\u00e3o sabe n\u00e3o respondeu.<\/p>\n<p>Em um cen\u00e1rio em que Anderson Ferreira participaria da disputa, mas sem Raquel Lyra no p\u00e1reo, a petista Mar\u00edlia Arraes aparece na frente com 41% e Geraldo Julio teria 11%. Neste cen\u00e1rio, Anderson Ferreira, do PL, teria 6% das inten\u00e7\u00f5es de voto e Clarissa T\u00e9rcio manteria os mesmos 4% dos outros cen\u00e1rios.<\/p>\n<p>O cen\u00e1rio em que a petista reduz sua vantagem contra o socialista Geraldo Julio, do PSB, \u00e9 aquele com a entrada do prefeito de Petrolina, Miguel Coelho. Nesta situa\u00e7\u00e3o, a petista aparece com 37% das inten\u00e7\u00f5es de voto e Geraldo Julio teria os mesmos 11%.<\/p>\n<p>J\u00e1 o prefeito Miguel Coelho pontuaria 10% neste cen\u00e1rio, quatro pontos acima do que Anderson Ferreira no cen\u00e1rio anterior.<\/p>\n<p>Neste m\u00eas de agosto, o filho do senador FBC jogou a campanha na rua. O prefeito de Jaboat\u00e3o, do PL, s\u00f3 deve fazer movimento semelhante em janeiro<\/p>\n","protected":false},"excerpt":{"rendered":"<p>Blog de Jamildo O instituto de pesquisas Plural, de Olinda, testou cinco cen\u00e1rios com os v\u00e1rios nomes que j\u00e1 se apresentaram para a disputa do governo do Estado, nas elei\u00e7\u00f5es de 2022. Em todos eles, a deputada federal Mar\u00edlia Arraes, do PT, aparece na lideran\u00e7a, com mais ou menos folga a depender dos competidores. No cen\u00e1rio em que todos os postulantes s\u00e3o apresentados ao eleitor, Mar\u00edlia Arraes aparece com 25% das inten\u00e7\u00f5es de voto e \u00e9 seguida por outra mulher, a prefeita de Caruaru Raquel Lyra, com 11% das inten\u00e7\u00f5es de voto. Neste mesmo cen\u00e1rio, Humberto Costa teria 9% e Geraldo Julio 8%, seguidos por Miguel Coelho com 7% e Anderson Ferreira com iguais 7%. Clarissa T\u00e9rcio, do PSC, aparece&hellip; <\/p>\n","protected":false},"author":1,"featured_media":0,"comment_status":"closed","ping_status":"closed","sticky":false,"template":"","format":"standard","meta":{"_acf_changed":false,"footnotes":""},"categories":[34],"tags":[],"class_list":["post-293597","post","type-post","status-publish","format-standard","hentry","category-eleicoes"],"acf":[],"yoast_head":"<!-- This site is optimized with the Yoast SEO plugin v27.4 - https:\/\/yoast.com\/product\/yoast-seo-wordpress\/ -->\n<title>Mar\u00edlia e Raquel lideram pesquisa de inten\u00e7\u00e3o de voto para governo de Pernambuco, diz Plural - Blog do Farn\u00e9sio<\/title>\n<meta name=\"robots\" content=\"index, follow, max-snippet:-1, max-image-preview:large, max-video-preview:-1\" \/>\n<link rel=\"canonical\" href=\"https:\/\/blogdofarnesio.com.br\/?p=293597\" \/>\n<meta property=\"og:locale\" content=\"pt_BR\" \/>\n<meta property=\"og:type\" content=\"article\" \/>\n<meta property=\"og:title\" content=\"Mar\u00edlia e Raquel lideram pesquisa de inten\u00e7\u00e3o de voto para governo de Pernambuco, diz Plural - Blog do Farn\u00e9sio\" \/>\n<meta property=\"og:description\" content=\"Blog de Jamildo O instituto de pesquisas Plural, de Olinda, testou cinco cen\u00e1rios com os v\u00e1rios nomes que j\u00e1 se apresentaram para a disputa do governo do Estado, nas elei\u00e7\u00f5es de 2022. Em todos eles, a deputada federal Mar\u00edlia Arraes, do PT, aparece na lideran\u00e7a, com mais ou menos folga a depender dos competidores. No cen\u00e1rio em que todos os postulantes s\u00e3o apresentados ao eleitor, Mar\u00edlia Arraes aparece com 25% das inten\u00e7\u00f5es de voto e \u00e9 seguida por outra mulher, a prefeita de Caruaru Raquel Lyra, com 11% das inten\u00e7\u00f5es de voto. Neste mesmo cen\u00e1rio, Humberto Costa teria 9% e Geraldo Julio 8%, seguidos por Miguel Coelho com 7% e Anderson Ferreira com iguais 7%. Clarissa T\u00e9rcio, do PSC, aparece&hellip;\" \/>\n<meta property=\"og:url\" content=\"https:\/\/blogdofarnesio.com.br\/?p=293597\" \/>\n<meta property=\"og:site_name\" content=\"Blog do Farn\u00e9sio\" \/>\n<meta property=\"article:publisher\" content=\"https:\/\/www.facebook.com\/BlogQuerSaberPolitica\/\" \/>\n<meta property=\"article:published_time\" content=\"2021-08-19T19:02:00+00:00\" \/>\n<meta property=\"og:image\" content=\"https:\/\/i0.wp.com\/nilljunior.com.br\/wp-content\/uploads\/2021\/08\/marilia-raquel.jpg?resize=400%2C219&amp;ssl=1\" \/>\n<meta name=\"author\" content=\"Farn\u00e9sio\" \/>\n<meta name=\"twitter:card\" content=\"summary_large_image\" \/>\n<meta name=\"twitter:label1\" content=\"Escrito por\" \/>\n\t<meta name=\"twitter:data1\" content=\"Farn\u00e9sio\" \/>\n\t<meta name=\"twitter:label2\" content=\"Est. tempo de leitura\" \/>\n\t<meta name=\"twitter:data2\" content=\"2 minutos\" \/>\n<script type=\"application\/ld+json\" class=\"yoast-schema-graph\">{\"@context\":\"https:\\\/\\\/schema.org\",\"@graph\":[{\"@type\":\"Article\",\"@id\":\"https:\\\/\\\/blogdofarnesio.com.br\\\/?p=293597#article\",\"isPartOf\":{\"@id\":\"https:\\\/\\\/blogdofarnesio.com.br\\\/?p=293597\"},\"author\":{\"name\":\"Farn\u00e9sio\",\"@id\":\"https:\\\/\\\/blogdofarnesio.com.br\\\/#\\\/schema\\\/person\\\/301c4acf522bccbfdb45af95b5b906a1\"},\"headline\":\"Mar\u00edlia e Raquel lideram pesquisa de inten\u00e7\u00e3o de voto para governo de Pernambuco, diz Plural\",\"datePublished\":\"2021-08-19T19:02:00+00:00\",\"mainEntityOfPage\":{\"@id\":\"https:\\\/\\\/blogdofarnesio.com.br\\\/?p=293597\"},\"wordCount\":481,\"publisher\":{\"@id\":\"https:\\\/\\\/blogdofarnesio.com.br\\\/#organization\"},\"image\":{\"@id\":\"https:\\\/\\\/blogdofarnesio.com.br\\\/?p=293597#primaryimage\"},\"thumbnailUrl\":\"https:\\\/\\\/i0.wp.com\\\/nilljunior.com.br\\\/wp-content\\\/uploads\\\/2021\\\/08\\\/marilia-raquel.jpg?resize=400%2C219&amp;ssl=1\",\"articleSection\":[\"Elei\u00e7\u00f5es\"],\"inLanguage\":\"pt-BR\"},{\"@type\":\"WebPage\",\"@id\":\"https:\\\/\\\/blogdofarnesio.com.br\\\/?p=293597\",\"url\":\"https:\\\/\\\/blogdofarnesio.com.br\\\/?p=293597\",\"name\":\"Mar\u00edlia e Raquel lideram pesquisa de inten\u00e7\u00e3o de voto para governo de Pernambuco, diz Plural - Blog do Farn\u00e9sio\",\"isPartOf\":{\"@id\":\"https:\\\/\\\/blogdofarnesio.com.br\\\/#website\"},\"primaryImageOfPage\":{\"@id\":\"https:\\\/\\\/blogdofarnesio.com.br\\\/?p=293597#primaryimage\"},\"image\":{\"@id\":\"https:\\\/\\\/blogdofarnesio.com.br\\\/?p=293597#primaryimage\"},\"thumbnailUrl\":\"https:\\\/\\\/i0.wp.com\\\/nilljunior.com.br\\\/wp-content\\\/uploads\\\/2021\\\/08\\\/marilia-raquel.jpg?resize=400%2C219&amp;ssl=1\",\"datePublished\":\"2021-08-19T19:02:00+00:00\",\"breadcrumb\":{\"@id\":\"https:\\\/\\\/blogdofarnesio.com.br\\\/?p=293597#breadcrumb\"},\"inLanguage\":\"pt-BR\",\"potentialAction\":[{\"@type\":\"ReadAction\",\"target\":[\"https:\\\/\\\/blogdofarnesio.com.br\\\/?p=293597\"]}]},{\"@type\":\"ImageObject\",\"inLanguage\":\"pt-BR\",\"@id\":\"https:\\\/\\\/blogdofarnesio.com.br\\\/?p=293597#primaryimage\",\"url\":\"https:\\\/\\\/i0.wp.com\\\/nilljunior.com.br\\\/wp-content\\\/uploads\\\/2021\\\/08\\\/marilia-raquel.jpg?resize=400%2C219&amp;ssl=1\",\"contentUrl\":\"https:\\\/\\\/i0.wp.com\\\/nilljunior.com.br\\\/wp-content\\\/uploads\\\/2021\\\/08\\\/marilia-raquel.jpg?resize=400%2C219&amp;ssl=1\"},{\"@type\":\"BreadcrumbList\",\"@id\":\"https:\\\/\\\/blogdofarnesio.com.br\\\/?p=293597#breadcrumb\",\"itemListElement\":[{\"@type\":\"ListItem\",\"position\":1,\"name\":\"In\u00edcio\",\"item\":\"https:\\\/\\\/blogdofarnesio.com.br\\\/\"},{\"@type\":\"ListItem\",\"position\":2,\"name\":\"Mar\u00edlia e Raquel lideram pesquisa de inten\u00e7\u00e3o de voto para governo de Pernambuco, diz Plural\"}]},{\"@type\":\"WebSite\",\"@id\":\"https:\\\/\\\/blogdofarnesio.com.br\\\/#website\",\"url\":\"https:\\\/\\\/blogdofarnesio.com.br\\\/\",\"name\":\"Blog do Farn\u00e9sio\",\"description\":\"Quer Saber Pol\u00edtica?\",\"publisher\":{\"@id\":\"https:\\\/\\\/blogdofarnesio.com.br\\\/#organization\"},\"potentialAction\":[{\"@type\":\"SearchAction\",\"target\":{\"@type\":\"EntryPoint\",\"urlTemplate\":\"https:\\\/\\\/blogdofarnesio.com.br\\\/?s={search_term_string}\"},\"query-input\":{\"@type\":\"PropertyValueSpecification\",\"valueRequired\":true,\"valueName\":\"search_term_string\"}}],\"inLanguage\":\"pt-BR\"},{\"@type\":\"Organization\",\"@id\":\"https:\\\/\\\/blogdofarnesio.com.br\\\/#organization\",\"name\":\"Blog do Farn\u00e9sio\",\"url\":\"https:\\\/\\\/blogdofarnesio.com.br\\\/\",\"logo\":{\"@type\":\"ImageObject\",\"inLanguage\":\"pt-BR\",\"@id\":\"https:\\\/\\\/blogdofarnesio.com.br\\\/#\\\/schema\\\/logo\\\/image\\\/\",\"url\":\"https:\\\/\\\/blogdofarnesio.com.br\\\/wp-content\\\/uploads\\\/2026\\\/03\\\/cropped-logo_new-1.png\",\"contentUrl\":\"https:\\\/\\\/blogdofarnesio.com.br\\\/wp-content\\\/uploads\\\/2026\\\/03\\\/cropped-logo_new-1.png\",\"width\":881,\"height\":685,\"caption\":\"Blog do Farn\u00e9sio\"},\"image\":{\"@id\":\"https:\\\/\\\/blogdofarnesio.com.br\\\/#\\\/schema\\\/logo\\\/image\\\/\"},\"sameAs\":[\"https:\\\/\\\/www.facebook.com\\\/BlogQuerSaberPolitica\\\/\"]},{\"@type\":\"Person\",\"@id\":\"https:\\\/\\\/blogdofarnesio.com.br\\\/#\\\/schema\\\/person\\\/301c4acf522bccbfdb45af95b5b906a1\",\"name\":\"Farn\u00e9sio\",\"image\":{\"@type\":\"ImageObject\",\"inLanguage\":\"pt-BR\",\"@id\":\"https:\\\/\\\/secure.gravatar.com\\\/avatar\\\/df0c9a14567c056f8ad6876ba5bbd1e3e2c48023eb6807342fc4663adf549f38?s=96&d=mm&r=g\",\"url\":\"https:\\\/\\\/secure.gravatar.com\\\/avatar\\\/df0c9a14567c056f8ad6876ba5bbd1e3e2c48023eb6807342fc4663adf549f38?s=96&d=mm&r=g\",\"contentUrl\":\"https:\\\/\\\/secure.gravatar.com\\\/avatar\\\/df0c9a14567c056f8ad6876ba5bbd1e3e2c48023eb6807342fc4663adf549f38?s=96&d=mm&r=g\",\"caption\":\"Farn\u00e9sio\"},\"sameAs\":[\"https:\\\/\\\/quersaberpolitica.com.br\"],\"url\":\"https:\\\/\\\/blogdofarnesio.com.br\\\/?author=1\"}]}<\/script>\n<!-- \/ Yoast SEO plugin. -->","yoast_head_json":{"title":"Mar\u00edlia e Raquel lideram pesquisa de inten\u00e7\u00e3o de voto para governo de Pernambuco, diz Plural - Blog do Farn\u00e9sio","robots":{"index":"index","follow":"follow","max-snippet":"max-snippet:-1","max-image-preview":"max-image-preview:large","max-video-preview":"max-video-preview:-1"},"canonical":"https:\/\/blogdofarnesio.com.br\/?p=293597","og_locale":"pt_BR","og_type":"article","og_title":"Mar\u00edlia e Raquel lideram pesquisa de inten\u00e7\u00e3o de voto para governo de Pernambuco, diz Plural - Blog do Farn\u00e9sio","og_description":"Blog de Jamildo O instituto de pesquisas Plural, de Olinda, testou cinco cen\u00e1rios com os v\u00e1rios nomes que j\u00e1 se apresentaram para a disputa do governo do Estado, nas elei\u00e7\u00f5es de 2022. Em todos eles, a deputada federal Mar\u00edlia Arraes, do PT, aparece na lideran\u00e7a, com mais ou menos folga a depender dos competidores. No cen\u00e1rio em que todos os postulantes s\u00e3o apresentados ao eleitor, Mar\u00edlia Arraes aparece com 25% das inten\u00e7\u00f5es de voto e \u00e9 seguida por outra mulher, a prefeita de Caruaru Raquel Lyra, com 11% das inten\u00e7\u00f5es de voto. Neste mesmo cen\u00e1rio, Humberto Costa teria 9% e Geraldo Julio 8%, seguidos por Miguel Coelho com 7% e Anderson Ferreira com iguais 7%. Clarissa T\u00e9rcio, do PSC, aparece&hellip;","og_url":"https:\/\/blogdofarnesio.com.br\/?p=293597","og_site_name":"Blog do Farn\u00e9sio","article_publisher":"https:\/\/www.facebook.com\/BlogQuerSaberPolitica\/","article_published_time":"2021-08-19T19:02:00+00:00","og_image":[{"url":"https:\/\/i0.wp.com\/nilljunior.com.br\/wp-content\/uploads\/2021\/08\/marilia-raquel.jpg?resize=400%2C219&amp;ssl=1","type":"","width":"","height":""}],"author":"Farn\u00e9sio","twitter_card":"summary_large_image","twitter_misc":{"Escrito por":"Farn\u00e9sio","Est. tempo de leitura":"2 minutos"},"schema":{"@context":"https:\/\/schema.org","@graph":[{"@type":"Article","@id":"https:\/\/blogdofarnesio.com.br\/?p=293597#article","isPartOf":{"@id":"https:\/\/blogdofarnesio.com.br\/?p=293597"},"author":{"name":"Farn\u00e9sio","@id":"https:\/\/blogdofarnesio.com.br\/#\/schema\/person\/301c4acf522bccbfdb45af95b5b906a1"},"headline":"Mar\u00edlia e Raquel lideram pesquisa de inten\u00e7\u00e3o de voto para governo de Pernambuco, diz Plural","datePublished":"2021-08-19T19:02:00+00:00","mainEntityOfPage":{"@id":"https:\/\/blogdofarnesio.com.br\/?p=293597"},"wordCount":481,"publisher":{"@id":"https:\/\/blogdofarnesio.com.br\/#organization"},"image":{"@id":"https:\/\/blogdofarnesio.com.br\/?p=293597#primaryimage"},"thumbnailUrl":"https:\/\/i0.wp.com\/nilljunior.com.br\/wp-content\/uploads\/2021\/08\/marilia-raquel.jpg?resize=400%2C219&amp;ssl=1","articleSection":["Elei\u00e7\u00f5es"],"inLanguage":"pt-BR"},{"@type":"WebPage","@id":"https:\/\/blogdofarnesio.com.br\/?p=293597","url":"https:\/\/blogdofarnesio.com.br\/?p=293597","name":"Mar\u00edlia e Raquel lideram pesquisa de inten\u00e7\u00e3o de voto para governo de Pernambuco, diz Plural - Blog do Farn\u00e9sio","isPartOf":{"@id":"https:\/\/blogdofarnesio.com.br\/#website"},"primaryImageOfPage":{"@id":"https:\/\/blogdofarnesio.com.br\/?p=293597#primaryimage"},"image":{"@id":"https:\/\/blogdofarnesio.com.br\/?p=293597#primaryimage"},"thumbnailUrl":"https:\/\/i0.wp.com\/nilljunior.com.br\/wp-content\/uploads\/2021\/08\/marilia-raquel.jpg?resize=400%2C219&amp;ssl=1","datePublished":"2021-08-19T19:02:00+00:00","breadcrumb":{"@id":"https:\/\/blogdofarnesio.com.br\/?p=293597#breadcrumb"},"inLanguage":"pt-BR","potentialAction":[{"@type":"ReadAction","target":["https:\/\/blogdofarnesio.com.br\/?p=293597"]}]},{"@type":"ImageObject","inLanguage":"pt-BR","@id":"https:\/\/blogdofarnesio.com.br\/?p=293597#primaryimage","url":"https:\/\/i0.wp.com\/nilljunior.com.br\/wp-content\/uploads\/2021\/08\/marilia-raquel.jpg?resize=400%2C219&amp;ssl=1","contentUrl":"https:\/\/i0.wp.com\/nilljunior.com.br\/wp-content\/uploads\/2021\/08\/marilia-raquel.jpg?resize=400%2C219&amp;ssl=1"},{"@type":"BreadcrumbList","@id":"https:\/\/blogdofarnesio.com.br\/?p=293597#breadcrumb","itemListElement":[{"@type":"ListItem","position":1,"name":"In\u00edcio","item":"https:\/\/blogdofarnesio.com.br\/"},{"@type":"ListItem","position":2,"name":"Mar\u00edlia e Raquel lideram pesquisa de inten\u00e7\u00e3o de voto para governo de Pernambuco, diz Plural"}]},{"@type":"WebSite","@id":"https:\/\/blogdofarnesio.com.br\/#website","url":"https:\/\/blogdofarnesio.com.br\/","name":"Blog do Farn\u00e9sio","description":"Quer Saber Pol\u00edtica?","publisher":{"@id":"https:\/\/blogdofarnesio.com.br\/#organization"},"potentialAction":[{"@type":"SearchAction","target":{"@type":"EntryPoint","urlTemplate":"https:\/\/blogdofarnesio.com.br\/?s={search_term_string}"},"query-input":{"@type":"PropertyValueSpecification","valueRequired":true,"valueName":"search_term_string"}}],"inLanguage":"pt-BR"},{"@type":"Organization","@id":"https:\/\/blogdofarnesio.com.br\/#organization","name":"Blog do Farn\u00e9sio","url":"https:\/\/blogdofarnesio.com.br\/","logo":{"@type":"ImageObject","inLanguage":"pt-BR","@id":"https:\/\/blogdofarnesio.com.br\/#\/schema\/logo\/image\/","url":"https:\/\/blogdofarnesio.com.br\/wp-content\/uploads\/2026\/03\/cropped-logo_new-1.png","contentUrl":"https:\/\/blogdofarnesio.com.br\/wp-content\/uploads\/2026\/03\/cropped-logo_new-1.png","width":881,"height":685,"caption":"Blog do Farn\u00e9sio"},"image":{"@id":"https:\/\/blogdofarnesio.com.br\/#\/schema\/logo\/image\/"},"sameAs":["https:\/\/www.facebook.com\/BlogQuerSaberPolitica\/"]},{"@type":"Person","@id":"https:\/\/blogdofarnesio.com.br\/#\/schema\/person\/301c4acf522bccbfdb45af95b5b906a1","name":"Farn\u00e9sio","image":{"@type":"ImageObject","inLanguage":"pt-BR","@id":"https:\/\/secure.gravatar.com\/avatar\/df0c9a14567c056f8ad6876ba5bbd1e3e2c48023eb6807342fc4663adf549f38?s=96&d=mm&r=g","url":"https:\/\/secure.gravatar.com\/avatar\/df0c9a14567c056f8ad6876ba5bbd1e3e2c48023eb6807342fc4663adf549f38?s=96&d=mm&r=g","contentUrl":"https:\/\/secure.gravatar.com\/avatar\/df0c9a14567c056f8ad6876ba5bbd1e3e2c48023eb6807342fc4663adf549f38?s=96&d=mm&r=g","caption":"Farn\u00e9sio"},"sameAs":["https:\/\/quersaberpolitica.com.br"],"url":"https:\/\/blogdofarnesio.com.br\/?author=1"}]}},"_links":{"self":[{"href":"https:\/\/blogdofarnesio.com.br\/index.php?rest_route=\/wp\/v2\/posts\/293597","targetHints":{"allow":["GET"]}}],"collection":[{"href":"https:\/\/blogdofarnesio.com.br\/index.php?rest_route=\/wp\/v2\/posts"}],"about":[{"href":"https:\/\/blogdofarnesio.com.br\/index.php?rest_route=\/wp\/v2\/types\/post"}],"author":[{"embeddable":true,"href":"https:\/\/blogdofarnesio.com.br\/index.php?rest_route=\/wp\/v2\/users\/1"}],"replies":[{"embeddable":true,"href":"https:\/\/blogdofarnesio.com.br\/index.php?rest_route=%2Fwp%2Fv2%2Fcomments&post=293597"}],"version-history":[{"count":0,"href":"https:\/\/blogdofarnesio.com.br\/index.php?rest_route=\/wp\/v2\/posts\/293597\/revisions"}],"wp:attachment":[{"href":"https:\/\/blogdofarnesio.com.br\/index.php?rest_route=%2Fwp%2Fv2%2Fmedia&parent=293597"}],"wp:term":[{"taxonomy":"category","embeddable":true,"href":"https:\/\/blogdofarnesio.com.br\/index.php?rest_route=%2Fwp%2Fv2%2Fcategories&post=293597"},{"taxonomy":"post_tag","embeddable":true,"href":"https:\/\/blogdofarnesio.com.br\/index.php?rest_route=%2Fwp%2Fv2%2Ftags&post=293597"}],"curies":[{"name":"wp","href":"https:\/\/api.w.org\/{rel}","templated":true}]}}