{"id":293580,"date":"2021-08-19T15:42:04","date_gmt":"2021-08-19T18:42:04","guid":{"rendered":"https:\/\/quersaberpolitica.com.br\/?p=293580"},"modified":"2021-08-19T14:38:44","modified_gmt":"2021-08-19T17:38:44","slug":"iniciada-recuperacao-de-barragens-na-zona-rural-de-petrolina","status":"publish","type":"post","link":"https:\/\/blogdofarnesio.com.br\/?p=293580","title":{"rendered":"Iniciada recupera\u00e7\u00e3o de barragens na zona rural de Petrolina"},"content":{"rendered":"<p><strong>\u00a0<\/strong>A\u00e7\u00f5es que visam proporcionar melhor qualidade de vida para a popula\u00e7\u00e3o, sobretudo as que s\u00e3o voltadas ao acesso \u00e0 \u00e1gua na \u00e1rea rural de Petrolina, s\u00e3o uma das principais demandas que a prefeitura tem priorizado na gest\u00e3o do prefeito Miguel Coelho.<\/p>\n<p>Agora, equipes da Secretaria de Agricultura est\u00e3o desenvolvendo o trabalho de recupera\u00e7\u00e3o de sangradouros em barragens de comunidades da zona rural, as a\u00e7\u00f5es foram iniciadas pela barragem de S\u00edtio Santo Ant\u00f4nio, na regi\u00e3o de Rajada, distrito de Petrolina.<\/p>\n<p>De acordo com o secret\u00e1rio da pasta, Gilberto Melo, o objetivo \u00e9 melhorar e ampliar sistemas simplificados de abastecimento de \u00e1gua no interior do munic\u00edpio, em especial, nas localidades da \u00e1rea de sequeiro, onde a oferta de \u00e1gua \u00e9 muito mais reduzida, dada a longa dist\u00e2ncia que se encontram das margens do rio S\u00e3o Francisco.<\/p>\n<p>Dessa forma, \u00e9 preciso tamb\u00e9m recuperar as barragens para que tenham condi\u00e7\u00f5es de armazenar \u00e1gua advinda dos per\u00edodos chuvosos.<\/p>\n<p>\u201cEstamos cumprindo com muito empenho a miss\u00e3o que nos foi confiada pelo prefeito Miguel Coelho e buscamos atender ao homem e \u00e0 mulher do campo para que, cada vez mais, possam ter melhor qualidade de vida, principalmente, quando o assunto \u00e9 acesso \u00e0 \u00e1gua.<\/p>\n<p>Nossas equipes t\u00eam se desdobrado para atender \u00e0s demandas que as comunidades nos passam e inserimos tudo num grande relat\u00f3rio onde seguimos um cronograma de a\u00e7\u00f5es.<\/p>\n<p>Aos poucos, a gente v\u00ea os frutos dessas obras que temos realizado e ficamos felizes de poder contribuir com o sorriso no rosto dessas pessoas da zona rural!\u201d, ressaltou o secret\u00e1rio de Agricultura, Gilberto Melo.<\/p>\n<p>&nbsp;<\/p>\n","protected":false},"excerpt":{"rendered":"<p>\u00a0A\u00e7\u00f5es que visam proporcionar melhor qualidade de vida para a popula\u00e7\u00e3o, sobretudo as que s\u00e3o voltadas ao acesso \u00e0 \u00e1gua na \u00e1rea rural de Petrolina, s\u00e3o uma das principais demandas que a prefeitura tem priorizado na gest\u00e3o do prefeito Miguel Coelho. Agora, equipes da Secretaria de Agricultura est\u00e3o desenvolvendo o trabalho de recupera\u00e7\u00e3o de sangradouros em barragens de comunidades da zona rural, as a\u00e7\u00f5es foram iniciadas pela barragem de S\u00edtio Santo Ant\u00f4nio, na regi\u00e3o de Rajada, distrito de Petrolina. De acordo com o secret\u00e1rio da pasta, Gilberto Melo, o objetivo \u00e9 melhorar e ampliar sistemas simplificados de abastecimento de \u00e1gua no interior do munic\u00edpio, em especial, nas localidades da \u00e1rea de sequeiro, onde a oferta de \u00e1gua \u00e9 muito mais&hellip; <\/p>\n","protected":false},"author":1,"featured_media":293581,"comment_status":"closed","ping_status":"closed","sticky":false,"template":"","format":"standard","meta":{"_acf_changed":false,"footnotes":""},"categories":[56],"tags":[],"class_list":["post-293580","post","type-post","status-publish","format-standard","has-post-thumbnail","hentry","category-agua"],"acf":[],"yoast_head":"<!-- This site is optimized with the Yoast SEO plugin v27.4 - https:\/\/yoast.com\/product\/yoast-seo-wordpress\/ -->\n<title>Iniciada recupera\u00e7\u00e3o de barragens na zona rural de Petrolina - Blog do Farn\u00e9sio<\/title>\n<meta name=\"robots\" content=\"index, follow, max-snippet:-1, max-image-preview:large, max-video-preview:-1\" \/>\n<link rel=\"canonical\" href=\"https:\/\/blogdofarnesio.com.br\/?p=293580\" \/>\n<meta property=\"og:locale\" content=\"pt_BR\" \/>\n<meta property=\"og:type\" content=\"article\" \/>\n<meta property=\"og:title\" content=\"Iniciada recupera\u00e7\u00e3o de barragens na zona rural de Petrolina - Blog do Farn\u00e9sio\" \/>\n<meta property=\"og:description\" content=\"\u00a0A\u00e7\u00f5es que visam proporcionar melhor qualidade de vida para a popula\u00e7\u00e3o, sobretudo as que s\u00e3o voltadas ao acesso \u00e0 \u00e1gua na \u00e1rea rural de Petrolina, s\u00e3o uma das principais demandas que a prefeitura tem priorizado na gest\u00e3o do prefeito Miguel Coelho. Agora, equipes da Secretaria de Agricultura est\u00e3o desenvolvendo o trabalho de recupera\u00e7\u00e3o de sangradouros em barragens de comunidades da zona rural, as a\u00e7\u00f5es foram iniciadas pela barragem de S\u00edtio Santo Ant\u00f4nio, na regi\u00e3o de Rajada, distrito de Petrolina. De acordo com o secret\u00e1rio da pasta, Gilberto Melo, o objetivo \u00e9 melhorar e ampliar sistemas simplificados de abastecimento de \u00e1gua no interior do munic\u00edpio, em especial, nas localidades da \u00e1rea de sequeiro, onde a oferta de \u00e1gua \u00e9 muito mais&hellip;\" \/>\n<meta property=\"og:url\" content=\"https:\/\/blogdofarnesio.com.br\/?p=293580\" \/>\n<meta property=\"og:site_name\" content=\"Blog do Farn\u00e9sio\" \/>\n<meta property=\"article:publisher\" content=\"https:\/\/www.facebook.com\/BlogQuerSaberPolitica\/\" \/>\n<meta property=\"article:published_time\" content=\"2021-08-19T18:42:04+00:00\" \/>\n<meta property=\"og:image\" content=\"https:\/\/blogdofarnesio.com.br\/wp-content\/uploads\/2021\/08\/Reparo-de-barragem-01-e1629385941747.jpeg\" \/>\n\t<meta property=\"og:image:width\" content=\"600\" \/>\n\t<meta property=\"og:image:height\" content=\"450\" \/>\n\t<meta property=\"og:image:type\" content=\"image\/jpeg\" \/>\n<meta name=\"author\" content=\"Farn\u00e9sio\" \/>\n<meta name=\"twitter:card\" content=\"summary_large_image\" \/>\n<meta name=\"twitter:label1\" content=\"Escrito por\" \/>\n\t<meta name=\"twitter:data1\" content=\"Farn\u00e9sio\" \/>\n\t<meta name=\"twitter:label2\" content=\"Est. tempo de leitura\" \/>\n\t<meta name=\"twitter:data2\" content=\"1 minuto\" \/>\n<script type=\"application\/ld+json\" class=\"yoast-schema-graph\">{\"@context\":\"https:\\\/\\\/schema.org\",\"@graph\":[{\"@type\":\"Article\",\"@id\":\"https:\\\/\\\/blogdofarnesio.com.br\\\/?p=293580#article\",\"isPartOf\":{\"@id\":\"https:\\\/\\\/blogdofarnesio.com.br\\\/?p=293580\"},\"author\":{\"name\":\"Farn\u00e9sio\",\"@id\":\"https:\\\/\\\/blogdofarnesio.com.br\\\/#\\\/schema\\\/person\\\/301c4acf522bccbfdb45af95b5b906a1\"},\"headline\":\"Iniciada recupera\u00e7\u00e3o de barragens na zona rural de Petrolina\",\"datePublished\":\"2021-08-19T18:42:04+00:00\",\"mainEntityOfPage\":{\"@id\":\"https:\\\/\\\/blogdofarnesio.com.br\\\/?p=293580\"},\"wordCount\":285,\"publisher\":{\"@id\":\"https:\\\/\\\/blogdofarnesio.com.br\\\/#organization\"},\"image\":{\"@id\":\"https:\\\/\\\/blogdofarnesio.com.br\\\/?p=293580#primaryimage\"},\"thumbnailUrl\":\"https:\\\/\\\/blogdofarnesio.com.br\\\/wp-content\\\/uploads\\\/2021\\\/08\\\/Reparo-de-barragem-01-e1629385941747.jpeg\",\"articleSection\":[\"\u00c1gua\"],\"inLanguage\":\"pt-BR\"},{\"@type\":\"WebPage\",\"@id\":\"https:\\\/\\\/blogdofarnesio.com.br\\\/?p=293580\",\"url\":\"https:\\\/\\\/blogdofarnesio.com.br\\\/?p=293580\",\"name\":\"Iniciada recupera\u00e7\u00e3o de barragens na zona rural de Petrolina - Blog do Farn\u00e9sio\",\"isPartOf\":{\"@id\":\"https:\\\/\\\/blogdofarnesio.com.br\\\/#website\"},\"primaryImageOfPage\":{\"@id\":\"https:\\\/\\\/blogdofarnesio.com.br\\\/?p=293580#primaryimage\"},\"image\":{\"@id\":\"https:\\\/\\\/blogdofarnesio.com.br\\\/?p=293580#primaryimage\"},\"thumbnailUrl\":\"https:\\\/\\\/blogdofarnesio.com.br\\\/wp-content\\\/uploads\\\/2021\\\/08\\\/Reparo-de-barragem-01-e1629385941747.jpeg\",\"datePublished\":\"2021-08-19T18:42:04+00:00\",\"breadcrumb\":{\"@id\":\"https:\\\/\\\/blogdofarnesio.com.br\\\/?p=293580#breadcrumb\"},\"inLanguage\":\"pt-BR\",\"potentialAction\":[{\"@type\":\"ReadAction\",\"target\":[\"https:\\\/\\\/blogdofarnesio.com.br\\\/?p=293580\"]}]},{\"@type\":\"ImageObject\",\"inLanguage\":\"pt-BR\",\"@id\":\"https:\\\/\\\/blogdofarnesio.com.br\\\/?p=293580#primaryimage\",\"url\":\"https:\\\/\\\/blogdofarnesio.com.br\\\/wp-content\\\/uploads\\\/2021\\\/08\\\/Reparo-de-barragem-01-e1629385941747.jpeg\",\"contentUrl\":\"https:\\\/\\\/blogdofarnesio.com.br\\\/wp-content\\\/uploads\\\/2021\\\/08\\\/Reparo-de-barragem-01-e1629385941747.jpeg\",\"width\":600,\"height\":450},{\"@type\":\"BreadcrumbList\",\"@id\":\"https:\\\/\\\/blogdofarnesio.com.br\\\/?p=293580#breadcrumb\",\"itemListElement\":[{\"@type\":\"ListItem\",\"position\":1,\"name\":\"In\u00edcio\",\"item\":\"https:\\\/\\\/blogdofarnesio.com.br\\\/\"},{\"@type\":\"ListItem\",\"position\":2,\"name\":\"Iniciada recupera\u00e7\u00e3o de barragens na zona rural de Petrolina\"}]},{\"@type\":\"WebSite\",\"@id\":\"https:\\\/\\\/blogdofarnesio.com.br\\\/#website\",\"url\":\"https:\\\/\\\/blogdofarnesio.com.br\\\/\",\"name\":\"Blog do Farn\u00e9sio\",\"description\":\"Quer Saber Pol\u00edtica?\",\"publisher\":{\"@id\":\"https:\\\/\\\/blogdofarnesio.com.br\\\/#organization\"},\"potentialAction\":[{\"@type\":\"SearchAction\",\"target\":{\"@type\":\"EntryPoint\",\"urlTemplate\":\"https:\\\/\\\/blogdofarnesio.com.br\\\/?s={search_term_string}\"},\"query-input\":{\"@type\":\"PropertyValueSpecification\",\"valueRequired\":true,\"valueName\":\"search_term_string\"}}],\"inLanguage\":\"pt-BR\"},{\"@type\":\"Organization\",\"@id\":\"https:\\\/\\\/blogdofarnesio.com.br\\\/#organization\",\"name\":\"Blog do Farn\u00e9sio\",\"url\":\"https:\\\/\\\/blogdofarnesio.com.br\\\/\",\"logo\":{\"@type\":\"ImageObject\",\"inLanguage\":\"pt-BR\",\"@id\":\"https:\\\/\\\/blogdofarnesio.com.br\\\/#\\\/schema\\\/logo\\\/image\\\/\",\"url\":\"https:\\\/\\\/blogdofarnesio.com.br\\\/wp-content\\\/uploads\\\/2026\\\/03\\\/cropped-logo_new-1.png\",\"contentUrl\":\"https:\\\/\\\/blogdofarnesio.com.br\\\/wp-content\\\/uploads\\\/2026\\\/03\\\/cropped-logo_new-1.png\",\"width\":881,\"height\":685,\"caption\":\"Blog do Farn\u00e9sio\"},\"image\":{\"@id\":\"https:\\\/\\\/blogdofarnesio.com.br\\\/#\\\/schema\\\/logo\\\/image\\\/\"},\"sameAs\":[\"https:\\\/\\\/www.facebook.com\\\/BlogQuerSaberPolitica\\\/\"]},{\"@type\":\"Person\",\"@id\":\"https:\\\/\\\/blogdofarnesio.com.br\\\/#\\\/schema\\\/person\\\/301c4acf522bccbfdb45af95b5b906a1\",\"name\":\"Farn\u00e9sio\",\"image\":{\"@type\":\"ImageObject\",\"inLanguage\":\"pt-BR\",\"@id\":\"https:\\\/\\\/secure.gravatar.com\\\/avatar\\\/df0c9a14567c056f8ad6876ba5bbd1e3e2c48023eb6807342fc4663adf549f38?s=96&d=mm&r=g\",\"url\":\"https:\\\/\\\/secure.gravatar.com\\\/avatar\\\/df0c9a14567c056f8ad6876ba5bbd1e3e2c48023eb6807342fc4663adf549f38?s=96&d=mm&r=g\",\"contentUrl\":\"https:\\\/\\\/secure.gravatar.com\\\/avatar\\\/df0c9a14567c056f8ad6876ba5bbd1e3e2c48023eb6807342fc4663adf549f38?s=96&d=mm&r=g\",\"caption\":\"Farn\u00e9sio\"},\"sameAs\":[\"https:\\\/\\\/quersaberpolitica.com.br\"],\"url\":\"https:\\\/\\\/blogdofarnesio.com.br\\\/?author=1\"}]}<\/script>\n<!-- \/ Yoast SEO plugin. -->","yoast_head_json":{"title":"Iniciada recupera\u00e7\u00e3o de barragens na zona rural de Petrolina - Blog do Farn\u00e9sio","robots":{"index":"index","follow":"follow","max-snippet":"max-snippet:-1","max-image-preview":"max-image-preview:large","max-video-preview":"max-video-preview:-1"},"canonical":"https:\/\/blogdofarnesio.com.br\/?p=293580","og_locale":"pt_BR","og_type":"article","og_title":"Iniciada recupera\u00e7\u00e3o de barragens na zona rural de Petrolina - Blog do Farn\u00e9sio","og_description":"\u00a0A\u00e7\u00f5es que visam proporcionar melhor qualidade de vida para a popula\u00e7\u00e3o, sobretudo as que s\u00e3o voltadas ao acesso \u00e0 \u00e1gua na \u00e1rea rural de Petrolina, s\u00e3o uma das principais demandas que a prefeitura tem priorizado na gest\u00e3o do prefeito Miguel Coelho. Agora, equipes da Secretaria de Agricultura est\u00e3o desenvolvendo o trabalho de recupera\u00e7\u00e3o de sangradouros em barragens de comunidades da zona rural, as a\u00e7\u00f5es foram iniciadas pela barragem de S\u00edtio Santo Ant\u00f4nio, na regi\u00e3o de Rajada, distrito de Petrolina. De acordo com o secret\u00e1rio da pasta, Gilberto Melo, o objetivo \u00e9 melhorar e ampliar sistemas simplificados de abastecimento de \u00e1gua no interior do munic\u00edpio, em especial, nas localidades da \u00e1rea de sequeiro, onde a oferta de \u00e1gua \u00e9 muito mais&hellip;","og_url":"https:\/\/blogdofarnesio.com.br\/?p=293580","og_site_name":"Blog do Farn\u00e9sio","article_publisher":"https:\/\/www.facebook.com\/BlogQuerSaberPolitica\/","article_published_time":"2021-08-19T18:42:04+00:00","og_image":[{"width":600,"height":450,"url":"https:\/\/blogdofarnesio.com.br\/wp-content\/uploads\/2021\/08\/Reparo-de-barragem-01-e1629385941747.jpeg","type":"image\/jpeg"}],"author":"Farn\u00e9sio","twitter_card":"summary_large_image","twitter_misc":{"Escrito por":"Farn\u00e9sio","Est. tempo de leitura":"1 minuto"},"schema":{"@context":"https:\/\/schema.org","@graph":[{"@type":"Article","@id":"https:\/\/blogdofarnesio.com.br\/?p=293580#article","isPartOf":{"@id":"https:\/\/blogdofarnesio.com.br\/?p=293580"},"author":{"name":"Farn\u00e9sio","@id":"https:\/\/blogdofarnesio.com.br\/#\/schema\/person\/301c4acf522bccbfdb45af95b5b906a1"},"headline":"Iniciada recupera\u00e7\u00e3o de barragens na zona rural de Petrolina","datePublished":"2021-08-19T18:42:04+00:00","mainEntityOfPage":{"@id":"https:\/\/blogdofarnesio.com.br\/?p=293580"},"wordCount":285,"publisher":{"@id":"https:\/\/blogdofarnesio.com.br\/#organization"},"image":{"@id":"https:\/\/blogdofarnesio.com.br\/?p=293580#primaryimage"},"thumbnailUrl":"https:\/\/blogdofarnesio.com.br\/wp-content\/uploads\/2021\/08\/Reparo-de-barragem-01-e1629385941747.jpeg","articleSection":["\u00c1gua"],"inLanguage":"pt-BR"},{"@type":"WebPage","@id":"https:\/\/blogdofarnesio.com.br\/?p=293580","url":"https:\/\/blogdofarnesio.com.br\/?p=293580","name":"Iniciada recupera\u00e7\u00e3o de barragens na zona rural de Petrolina - Blog do Farn\u00e9sio","isPartOf":{"@id":"https:\/\/blogdofarnesio.com.br\/#website"},"primaryImageOfPage":{"@id":"https:\/\/blogdofarnesio.com.br\/?p=293580#primaryimage"},"image":{"@id":"https:\/\/blogdofarnesio.com.br\/?p=293580#primaryimage"},"thumbnailUrl":"https:\/\/blogdofarnesio.com.br\/wp-content\/uploads\/2021\/08\/Reparo-de-barragem-01-e1629385941747.jpeg","datePublished":"2021-08-19T18:42:04+00:00","breadcrumb":{"@id":"https:\/\/blogdofarnesio.com.br\/?p=293580#breadcrumb"},"inLanguage":"pt-BR","potentialAction":[{"@type":"ReadAction","target":["https:\/\/blogdofarnesio.com.br\/?p=293580"]}]},{"@type":"ImageObject","inLanguage":"pt-BR","@id":"https:\/\/blogdofarnesio.com.br\/?p=293580#primaryimage","url":"https:\/\/blogdofarnesio.com.br\/wp-content\/uploads\/2021\/08\/Reparo-de-barragem-01-e1629385941747.jpeg","contentUrl":"https:\/\/blogdofarnesio.com.br\/wp-content\/uploads\/2021\/08\/Reparo-de-barragem-01-e1629385941747.jpeg","width":600,"height":450},{"@type":"BreadcrumbList","@id":"https:\/\/blogdofarnesio.com.br\/?p=293580#breadcrumb","itemListElement":[{"@type":"ListItem","position":1,"name":"In\u00edcio","item":"https:\/\/blogdofarnesio.com.br\/"},{"@type":"ListItem","position":2,"name":"Iniciada recupera\u00e7\u00e3o de barragens na zona rural de Petrolina"}]},{"@type":"WebSite","@id":"https:\/\/blogdofarnesio.com.br\/#website","url":"https:\/\/blogdofarnesio.com.br\/","name":"Blog do Farn\u00e9sio","description":"Quer Saber Pol\u00edtica?","publisher":{"@id":"https:\/\/blogdofarnesio.com.br\/#organization"},"potentialAction":[{"@type":"SearchAction","target":{"@type":"EntryPoint","urlTemplate":"https:\/\/blogdofarnesio.com.br\/?s={search_term_string}"},"query-input":{"@type":"PropertyValueSpecification","valueRequired":true,"valueName":"search_term_string"}}],"inLanguage":"pt-BR"},{"@type":"Organization","@id":"https:\/\/blogdofarnesio.com.br\/#organization","name":"Blog do Farn\u00e9sio","url":"https:\/\/blogdofarnesio.com.br\/","logo":{"@type":"ImageObject","inLanguage":"pt-BR","@id":"https:\/\/blogdofarnesio.com.br\/#\/schema\/logo\/image\/","url":"https:\/\/blogdofarnesio.com.br\/wp-content\/uploads\/2026\/03\/cropped-logo_new-1.png","contentUrl":"https:\/\/blogdofarnesio.com.br\/wp-content\/uploads\/2026\/03\/cropped-logo_new-1.png","width":881,"height":685,"caption":"Blog do Farn\u00e9sio"},"image":{"@id":"https:\/\/blogdofarnesio.com.br\/#\/schema\/logo\/image\/"},"sameAs":["https:\/\/www.facebook.com\/BlogQuerSaberPolitica\/"]},{"@type":"Person","@id":"https:\/\/blogdofarnesio.com.br\/#\/schema\/person\/301c4acf522bccbfdb45af95b5b906a1","name":"Farn\u00e9sio","image":{"@type":"ImageObject","inLanguage":"pt-BR","@id":"https:\/\/secure.gravatar.com\/avatar\/df0c9a14567c056f8ad6876ba5bbd1e3e2c48023eb6807342fc4663adf549f38?s=96&d=mm&r=g","url":"https:\/\/secure.gravatar.com\/avatar\/df0c9a14567c056f8ad6876ba5bbd1e3e2c48023eb6807342fc4663adf549f38?s=96&d=mm&r=g","contentUrl":"https:\/\/secure.gravatar.com\/avatar\/df0c9a14567c056f8ad6876ba5bbd1e3e2c48023eb6807342fc4663adf549f38?s=96&d=mm&r=g","caption":"Farn\u00e9sio"},"sameAs":["https:\/\/quersaberpolitica.com.br"],"url":"https:\/\/blogdofarnesio.com.br\/?author=1"}]}},"_links":{"self":[{"href":"https:\/\/blogdofarnesio.com.br\/index.php?rest_route=\/wp\/v2\/posts\/293580","targetHints":{"allow":["GET"]}}],"collection":[{"href":"https:\/\/blogdofarnesio.com.br\/index.php?rest_route=\/wp\/v2\/posts"}],"about":[{"href":"https:\/\/blogdofarnesio.com.br\/index.php?rest_route=\/wp\/v2\/types\/post"}],"author":[{"embeddable":true,"href":"https:\/\/blogdofarnesio.com.br\/index.php?rest_route=\/wp\/v2\/users\/1"}],"replies":[{"embeddable":true,"href":"https:\/\/blogdofarnesio.com.br\/index.php?rest_route=%2Fwp%2Fv2%2Fcomments&post=293580"}],"version-history":[{"count":0,"href":"https:\/\/blogdofarnesio.com.br\/index.php?rest_route=\/wp\/v2\/posts\/293580\/revisions"}],"wp:featuredmedia":[{"embeddable":true,"href":"https:\/\/blogdofarnesio.com.br\/index.php?rest_route=\/wp\/v2\/media\/293581"}],"wp:attachment":[{"href":"https:\/\/blogdofarnesio.com.br\/index.php?rest_route=%2Fwp%2Fv2%2Fmedia&parent=293580"}],"wp:term":[{"taxonomy":"category","embeddable":true,"href":"https:\/\/blogdofarnesio.com.br\/index.php?rest_route=%2Fwp%2Fv2%2Fcategories&post=293580"},{"taxonomy":"post_tag","embeddable":true,"href":"https:\/\/blogdofarnesio.com.br\/index.php?rest_route=%2Fwp%2Fv2%2Ftags&post=293580"}],"curies":[{"name":"wp","href":"https:\/\/api.w.org\/{rel}","templated":true}]}}