{"id":293437,"date":"2021-08-17T17:33:50","date_gmt":"2021-08-17T20:33:50","guid":{"rendered":"https:\/\/quersaberpolitica.com.br\/?p=293437"},"modified":"2021-08-17T14:49:00","modified_gmt":"2021-08-17T17:49:00","slug":"alerta-vermelho-governador-da-bahia-fala-que-numero-de-infectados-pela-covid-19-parou-de-cair-ha-quatro-dias-virus-ganhou-um-folego-novo","status":"publish","type":"post","link":"https:\/\/blogdofarnesio.com.br\/?p=293437","title":{"rendered":"Alerta vermelho: Governador da Bahia fala que n\u00famero de infectados pela Covid-19 parou de cair h\u00e1 quatro dias: &#8216;V\u00edrus ganhou um f\u00f4lego novo&#8217;"},"content":{"rendered":"<div class=\"row content-head non-featured \">\n<div class=\"title\">\n<h1 class=\"content-head__title\"><span style=\"font-size: 16px;\">Por TV Bahia &#8211;\u00a0<\/span><\/h1>\n<\/div>\n<\/div>\n<div class=\"mc-article-body\">\n<article>\n<div class=\"bs-video-block mc-column  content-media content-video\" data-block-type=\"backstage-video\" data-block-id=\"0\">\n<div class=\"content-media__container\">\n<p class=\"content-media__description\">O governador da Bahia, Rui Costa, disse nesta segunda-feira (16), que h\u00e1 quatro dias o n\u00famero de infectados pela Covid-19 no estado parou de cair. Por causa da situa\u00e7\u00e3o, o gestor, durante a inaugura\u00e7\u00e3o de um servi\u00e7o de hemodin\u00e2mica, na cidade de Barreiras, no oeste da Bahia, afirmou que a situa\u00e7\u00e3o mostra que o <span class=\"highlight highlighted\">&#8220;v\u00edrus ganhou um novo f\u00f4lego&#8221;<\/span>\u00a0e\u00a0<span class=\"highlight highlighted\">pediu para que as pessoas evitassem fazer aglomera\u00e7\u00f5es.<\/span><\/p>\n<\/div>\n<\/div>\n<div class=\"wall protected-content\">\n<div class=\"mc-column content-text active-extra-styles\" data-block-type=\"raw\" data-block-weight=\"34\" data-block-id=\"5\">\n<blockquote class=\"content-blockquote theme-border-color-primary-before\"><p>&#8220;Queremos alertar as pessoas. Por mais que os n\u00fameros estejam caindo, e est\u00e3o na Bahia, nos preocupa, porque n\u00f3s v\u00ednhamos em queda bastante substantiva, mas h\u00e1 quatro dias paramos de cair&#8221;, disse o governador.<\/p><\/blockquote>\n<\/div>\n<div class=\"mc-column content-text active-extra-styles \" data-block-type=\"unstyled\" data-block-weight=\"32\" data-block-id=\"6\">\n<p class=\"content-text__container \" data-track-category=\"Link no Texto\" data-track-links=\"\">Rui Costa tamb\u00e9m revelou que outro dado de an\u00e1lise importante e que vinha registrando queda nos \u00faltimos dias, a taxa de ocupa\u00e7\u00e3o de leitos de UTI, tamb\u00e9m se estabilizou h\u00e1 quatro dias.<\/p>\n<\/div>\n<div class=\"mc-column content-text active-extra-styles \" data-block-type=\"unstyled\" data-block-weight=\"36\" data-block-id=\"7\">\n<p class=\"content-text__container \" data-track-category=\"Link no Texto\" data-track-links=\"\">&#8220;N\u00f3s estamos com 528 pacientes internados na Bahia, gra\u00e7as a Deus o n\u00famero caiu, mas h\u00e1 quatro dias que n\u00e3o cai mais. Ca\u00edmos a taxa de ocupa\u00e7\u00e3o, mas h\u00e1 quatro dias que tamb\u00e9m parou de cair&#8221;.<\/p>\n<\/div>\n<div class=\"row medium-uncollapsed content-media content-photo\" data-block-type=\"backstage-photo\" data-block-id=\"8\">\n<div class=\"mc-column content-media__container\">\n<div class=\"content-media-container glb-skeleton-box\">\n<figure class=\"content-media-figure\"><img decoding=\"async\" class=\"i-amphtml-fill-content i-amphtml-replaced-content\" src=\"https:\/\/s2.glbimg.com\/yNBxFzGc_BaJlcJ_ff_svyetXQg=\/0x0:1150x585\/984x0\/smart\/filters:strip_icc()\/i.s3.glbimg.com\/v1\/AUTH_59edd422c0c84a879bd37670ae4f538a\/internal_photos\/bs\/2021\/2\/0\/FV40CjSpKUj6SLh0Zr2A\/whatsapp-image-2021-08-16-at-14.13.27.jpg\" sizes=\"(max-width: 1366px) 648px, 100vw\" srcset=\"https:\/\/s2.glbimg.com\/m1yfIPeE00b45LY7rMGXM4Mzq_k=\/0x0:1150x585\/1000x0\/smart\/filters:strip_icc()\/i.s3.glbimg.com\/v1\/AUTH_59edd422c0c84a879bd37670ae4f538a\/internal_photos\/bs\/2021\/2\/0\/FV40CjSpKUj6SLh0Zr2A\/whatsapp-image-2021-08-16-at-14.13.27.jpg 1000w, https:\/\/s2.glbimg.com\/yNBxFzGc_BaJlcJ_ff_svyetXQg=\/0x0:1150x585\/984x0\/smart\/filters:strip_icc()\/i.s3.glbimg.com\/v1\/AUTH_59edd422c0c84a879bd37670ae4f538a\/internal_photos\/bs\/2021\/2\/0\/FV40CjSpKUj6SLh0Zr2A\/whatsapp-image-2021-08-16-at-14.13.27.jpg 984w, https:\/\/s2.glbimg.com\/IEdzTZY-XbswDJMBe-teI-2s0ok=\/0x0:1150x585\/640x0\/smart\/filters:strip_icc()\/i.s3.glbimg.com\/v1\/AUTH_59edd422c0c84a879bd37670ae4f538a\/internal_photos\/bs\/2021\/2\/0\/FV40CjSpKUj6SLh0Zr2A\/whatsapp-image-2021-08-16-at-14.13.27.jpg 640w, https:\/\/s2.glbimg.com\/w9eqGAhLrGbsxGcc-mjA_Ba7NK8=\/0x0:1150x585\/600x0\/smart\/filters:strip_icc()\/i.s3.glbimg.com\/v1\/AUTH_59edd422c0c84a879bd37670ae4f538a\/internal_photos\/bs\/2021\/2\/0\/FV40CjSpKUj6SLh0Zr2A\/whatsapp-image-2021-08-16-at-14.13.27.jpg 600w\" alt=\"Governador da Bahia fala que n\u00famero de infectados pela Covid-19 parou de cair h\u00e1 quatro dias \u2014 Foto: Reprodu\u00e7\u00e3o \/ TV Bahia\" \/><\/figure>\n<\/div>\n<p class=\"content-media__description \">Governador da Bahia fala que n\u00famero de infectados pela Covid-19 parou de cair h\u00e1 quatro dias \u2014 Foto: Reprodu\u00e7\u00e3o \/ TV Bahia<\/p>\n<\/div>\n<\/div>\n<div class=\"mc-column content-text active-extra-styles \" data-block-type=\"unstyled\" data-block-weight=\"26\" data-block-id=\"10\">\n<p class=\"content-text__container \" data-track-category=\"Link no Texto\" data-track-links=\"\">Por causa desse interrup\u00e7\u00e3o na queda do n\u00famero de casos de infectados, o governador pediu para que as pessoas parassem de fazer festas e evitassem aglomera\u00e7\u00f5es.<\/p>\n<\/div>\n<div class=\"mc-column content-text active-extra-styles \" data-block-type=\"unstyled\" data-block-weight=\"44\" data-block-id=\"11\">\n<p class=\"content-text__container \" data-track-category=\"Link no Texto\" data-track-links=\"\">&#8220;Nem sobe e nem cai. Isso n\u00e3o \u00e9 bom, porque significa que o v\u00edrus ganhou um f\u00f4lego novo e est\u00e1 contaminando novas pessoas. \u00c9 importante que as pessoas continuem se cuidando, n\u00e3o est\u00e1 no momento das pessoas fazerem festas, fazer pared\u00e3o&#8221;, afirmou Rui Costa.<\/p>\n<\/div>\n<div class=\"mc-column content-text active-extra-styles\" data-block-type=\"raw\" data-block-weight=\"23\" data-block-id=\"12\">\n<blockquote class=\"content-blockquote theme-border-color-primary-before\"><p>&#8220;Se a gente brincar com essa doen\u00e7a, ela pode voltar com muita for\u00e7a e agravar todos os preju\u00edzos que ela deu at\u00e9 aqui&#8221;.<\/p><\/blockquote>\n<\/div>\n<div class=\"mc-column content-text active-extra-styles \" data-block-type=\"unstyled\" data-block-weight=\"29\" data-block-id=\"13\">\n<p class=\"content-text__container \" data-track-category=\"Link no Texto\" data-track-links=\"\">No \u00faltimo boletim divulgado pela Secretaria de Sa\u00fade da Bahia (Sesab), no domingo (15),\u00a0<a href=\"https:\/\/g1.globo.com\/ba\/bahia\/noticia\/2021\/08\/15\/bahia-registra-551-novos-casos-de-covid-19-em-24h-10-obitos-pela-doenca-foram-contabilizados.ghtml\">o estado registrou nas \u00faltimas 24 horas, 551 novos casos de Covid-19 e 10 mortes.<\/a><\/p>\n<\/div>\n<div class=\"mc-column content-text active-extra-styles \" data-block-type=\"unstyled\" data-block-weight=\"24\" data-block-id=\"14\">\n<p class=\"content-text__container \" data-track-category=\"Link no Texto\" data-track-links=\"\">Conforme a Sesab, dos 1.209.429 casos confirmados desde o in\u00edcio da pandemia, 1.179.072 s\u00e3o considerados recuperados, 4.229 encontram-se ativos e 26.128 tiveram \u00f3bito confirmado.<\/p>\n<\/div>\n<\/div>\n<\/article>\n<\/div>\n","protected":false},"excerpt":{"rendered":"<p>Por TV Bahia &#8211;\u00a0 O governador da Bahia, Rui Costa, disse nesta segunda-feira (16), que h\u00e1 quatro dias o n\u00famero de infectados pela Covid-19 no estado parou de cair. Por causa da situa\u00e7\u00e3o, o gestor, durante a inaugura\u00e7\u00e3o de um servi\u00e7o de hemodin\u00e2mica, na cidade de Barreiras, no oeste da Bahia, afirmou que a situa\u00e7\u00e3o mostra que o &#8220;v\u00edrus ganhou um novo f\u00f4lego&#8221;\u00a0e\u00a0pediu para que as pessoas evitassem fazer aglomera\u00e7\u00f5es. &#8220;Queremos alertar as pessoas. Por mais que os n\u00fameros estejam caindo, e est\u00e3o na Bahia, nos preocupa, porque n\u00f3s v\u00ednhamos em queda bastante substantiva, mas h\u00e1 quatro dias paramos de cair&#8221;, disse o governador. Rui Costa tamb\u00e9m revelou que outro dado de an\u00e1lise importante e que vinha registrando queda nos&hellip; <\/p>\n","protected":false},"author":1,"featured_media":288513,"comment_status":"closed","ping_status":"closed","sticky":false,"template":"","format":"standard","meta":{"_acf_changed":false,"footnotes":""},"categories":[1],"tags":[],"class_list":["post-293437","post","type-post","status-publish","format-standard","has-post-thumbnail","hentry","category-politica"],"acf":[],"yoast_head":"<!-- This site is optimized with the Yoast SEO plugin v27.4 - https:\/\/yoast.com\/product\/yoast-seo-wordpress\/ -->\n<title>Alerta vermelho: Governador da Bahia fala que n\u00famero de infectados pela Covid-19 parou de cair h\u00e1 quatro dias: &#039;V\u00edrus ganhou um f\u00f4lego novo&#039; - Blog do Farn\u00e9sio<\/title>\n<meta name=\"robots\" content=\"index, follow, max-snippet:-1, max-image-preview:large, max-video-preview:-1\" \/>\n<link rel=\"canonical\" href=\"http:\/\/blogdofarnesio.com.br\/?p=293437\" \/>\n<meta property=\"og:locale\" content=\"pt_BR\" \/>\n<meta property=\"og:type\" content=\"article\" \/>\n<meta property=\"og:title\" content=\"Alerta vermelho: Governador da Bahia fala que n\u00famero de infectados pela Covid-19 parou de cair h\u00e1 quatro dias: &#039;V\u00edrus ganhou um f\u00f4lego novo&#039; - Blog do Farn\u00e9sio\" \/>\n<meta property=\"og:description\" content=\"Por TV Bahia &#8211;\u00a0 O governador da Bahia, Rui Costa, disse nesta segunda-feira (16), que h\u00e1 quatro dias o n\u00famero de infectados pela Covid-19 no estado parou de cair. Por causa da situa\u00e7\u00e3o, o gestor, durante a inaugura\u00e7\u00e3o de um servi\u00e7o de hemodin\u00e2mica, na cidade de Barreiras, no oeste da Bahia, afirmou que a situa\u00e7\u00e3o mostra que o &#8220;v\u00edrus ganhou um novo f\u00f4lego&#8221;\u00a0e\u00a0pediu para que as pessoas evitassem fazer aglomera\u00e7\u00f5es. &#8220;Queremos alertar as pessoas. Por mais que os n\u00fameros estejam caindo, e est\u00e3o na Bahia, nos preocupa, porque n\u00f3s v\u00ednhamos em queda bastante substantiva, mas h\u00e1 quatro dias paramos de cair&#8221;, disse o governador. Rui Costa tamb\u00e9m revelou que outro dado de an\u00e1lise importante e que vinha registrando queda nos&hellip;\" \/>\n<meta property=\"og:url\" content=\"http:\/\/blogdofarnesio.com.br\/?p=293437\" \/>\n<meta property=\"og:site_name\" content=\"Blog do Farn\u00e9sio\" \/>\n<meta property=\"article:publisher\" content=\"https:\/\/www.facebook.com\/BlogQuerSaberPolitica\/\" \/>\n<meta property=\"article:published_time\" content=\"2021-08-17T20:33:50+00:00\" \/>\n<meta property=\"og:image\" content=\"http:\/\/blogdofarnesio.com.br\/wp-content\/uploads\/2021\/06\/blogqsprui-costa..jpg\" \/>\n\t<meta property=\"og:image:width\" content=\"380\" \/>\n\t<meta property=\"og:image:height\" content=\"280\" \/>\n\t<meta property=\"og:image:type\" content=\"image\/jpeg\" \/>\n<meta name=\"author\" content=\"Farn\u00e9sio\" \/>\n<meta name=\"twitter:card\" content=\"summary_large_image\" \/>\n<meta name=\"twitter:label1\" content=\"Escrito por\" \/>\n\t<meta name=\"twitter:data1\" content=\"Farn\u00e9sio\" \/>\n\t<meta name=\"twitter:label2\" content=\"Est. tempo de leitura\" \/>\n\t<meta name=\"twitter:data2\" content=\"2 minutos\" \/>\n<script type=\"application\/ld+json\" class=\"yoast-schema-graph\">{\"@context\":\"https:\\\/\\\/schema.org\",\"@graph\":[{\"@type\":\"Article\",\"@id\":\"http:\\\/\\\/blogdofarnesio.com.br\\\/?p=293437#article\",\"isPartOf\":{\"@id\":\"http:\\\/\\\/blogdofarnesio.com.br\\\/?p=293437\"},\"author\":{\"name\":\"Farn\u00e9sio\",\"@id\":\"https:\\\/\\\/blogdofarnesio.com.br\\\/#\\\/schema\\\/person\\\/301c4acf522bccbfdb45af95b5b906a1\"},\"headline\":\"Alerta vermelho: Governador da Bahia fala que n\u00famero de infectados pela Covid-19 parou de cair h\u00e1 quatro dias: &#8216;V\u00edrus ganhou um f\u00f4lego novo&#8217;\",\"datePublished\":\"2021-08-17T20:33:50+00:00\",\"mainEntityOfPage\":{\"@id\":\"http:\\\/\\\/blogdofarnesio.com.br\\\/?p=293437\"},\"wordCount\":394,\"publisher\":{\"@id\":\"https:\\\/\\\/blogdofarnesio.com.br\\\/#organization\"},\"image\":{\"@id\":\"http:\\\/\\\/blogdofarnesio.com.br\\\/?p=293437#primaryimage\"},\"thumbnailUrl\":\"https:\\\/\\\/blogdofarnesio.com.br\\\/wp-content\\\/uploads\\\/2021\\\/06\\\/blogqsprui-costa..jpg\",\"articleSection\":[\"Pol\u00edtica\"],\"inLanguage\":\"pt-BR\"},{\"@type\":\"WebPage\",\"@id\":\"http:\\\/\\\/blogdofarnesio.com.br\\\/?p=293437\",\"url\":\"http:\\\/\\\/blogdofarnesio.com.br\\\/?p=293437\",\"name\":\"Alerta vermelho: Governador da Bahia fala que n\u00famero de infectados pela Covid-19 parou de cair h\u00e1 quatro dias: 'V\u00edrus ganhou um f\u00f4lego novo' - Blog do Farn\u00e9sio\",\"isPartOf\":{\"@id\":\"https:\\\/\\\/blogdofarnesio.com.br\\\/#website\"},\"primaryImageOfPage\":{\"@id\":\"http:\\\/\\\/blogdofarnesio.com.br\\\/?p=293437#primaryimage\"},\"image\":{\"@id\":\"http:\\\/\\\/blogdofarnesio.com.br\\\/?p=293437#primaryimage\"},\"thumbnailUrl\":\"https:\\\/\\\/blogdofarnesio.com.br\\\/wp-content\\\/uploads\\\/2021\\\/06\\\/blogqsprui-costa..jpg\",\"datePublished\":\"2021-08-17T20:33:50+00:00\",\"breadcrumb\":{\"@id\":\"http:\\\/\\\/blogdofarnesio.com.br\\\/?p=293437#breadcrumb\"},\"inLanguage\":\"pt-BR\",\"potentialAction\":[{\"@type\":\"ReadAction\",\"target\":[\"http:\\\/\\\/blogdofarnesio.com.br\\\/?p=293437\"]}]},{\"@type\":\"ImageObject\",\"inLanguage\":\"pt-BR\",\"@id\":\"http:\\\/\\\/blogdofarnesio.com.br\\\/?p=293437#primaryimage\",\"url\":\"https:\\\/\\\/blogdofarnesio.com.br\\\/wp-content\\\/uploads\\\/2021\\\/06\\\/blogqsprui-costa..jpg\",\"contentUrl\":\"https:\\\/\\\/blogdofarnesio.com.br\\\/wp-content\\\/uploads\\\/2021\\\/06\\\/blogqsprui-costa..jpg\",\"width\":380,\"height\":280,\"caption\":\"Foto: Reprodu\u00e7\u00e3o \\\/ Facebook\"},{\"@type\":\"BreadcrumbList\",\"@id\":\"http:\\\/\\\/blogdofarnesio.com.br\\\/?p=293437#breadcrumb\",\"itemListElement\":[{\"@type\":\"ListItem\",\"position\":1,\"name\":\"In\u00edcio\",\"item\":\"https:\\\/\\\/blogdofarnesio.com.br\\\/\"},{\"@type\":\"ListItem\",\"position\":2,\"name\":\"Alerta vermelho: Governador da Bahia fala que n\u00famero de infectados pela Covid-19 parou de cair h\u00e1 quatro dias: &#8216;V\u00edrus ganhou um f\u00f4lego novo&#8217;\"}]},{\"@type\":\"WebSite\",\"@id\":\"https:\\\/\\\/blogdofarnesio.com.br\\\/#website\",\"url\":\"https:\\\/\\\/blogdofarnesio.com.br\\\/\",\"name\":\"Blog do Farn\u00e9sio\",\"description\":\"Quer Saber Pol\u00edtica?\",\"publisher\":{\"@id\":\"https:\\\/\\\/blogdofarnesio.com.br\\\/#organization\"},\"potentialAction\":[{\"@type\":\"SearchAction\",\"target\":{\"@type\":\"EntryPoint\",\"urlTemplate\":\"https:\\\/\\\/blogdofarnesio.com.br\\\/?s={search_term_string}\"},\"query-input\":{\"@type\":\"PropertyValueSpecification\",\"valueRequired\":true,\"valueName\":\"search_term_string\"}}],\"inLanguage\":\"pt-BR\"},{\"@type\":\"Organization\",\"@id\":\"https:\\\/\\\/blogdofarnesio.com.br\\\/#organization\",\"name\":\"Blog do Farn\u00e9sio\",\"url\":\"https:\\\/\\\/blogdofarnesio.com.br\\\/\",\"logo\":{\"@type\":\"ImageObject\",\"inLanguage\":\"pt-BR\",\"@id\":\"https:\\\/\\\/blogdofarnesio.com.br\\\/#\\\/schema\\\/logo\\\/image\\\/\",\"url\":\"https:\\\/\\\/blogdofarnesio.com.br\\\/wp-content\\\/uploads\\\/2026\\\/03\\\/cropped-logo_new-1.png\",\"contentUrl\":\"https:\\\/\\\/blogdofarnesio.com.br\\\/wp-content\\\/uploads\\\/2026\\\/03\\\/cropped-logo_new-1.png\",\"width\":881,\"height\":685,\"caption\":\"Blog do Farn\u00e9sio\"},\"image\":{\"@id\":\"https:\\\/\\\/blogdofarnesio.com.br\\\/#\\\/schema\\\/logo\\\/image\\\/\"},\"sameAs\":[\"https:\\\/\\\/www.facebook.com\\\/BlogQuerSaberPolitica\\\/\"]},{\"@type\":\"Person\",\"@id\":\"https:\\\/\\\/blogdofarnesio.com.br\\\/#\\\/schema\\\/person\\\/301c4acf522bccbfdb45af95b5b906a1\",\"name\":\"Farn\u00e9sio\",\"image\":{\"@type\":\"ImageObject\",\"inLanguage\":\"pt-BR\",\"@id\":\"https:\\\/\\\/secure.gravatar.com\\\/avatar\\\/df0c9a14567c056f8ad6876ba5bbd1e3e2c48023eb6807342fc4663adf549f38?s=96&d=mm&r=g\",\"url\":\"https:\\\/\\\/secure.gravatar.com\\\/avatar\\\/df0c9a14567c056f8ad6876ba5bbd1e3e2c48023eb6807342fc4663adf549f38?s=96&d=mm&r=g\",\"contentUrl\":\"https:\\\/\\\/secure.gravatar.com\\\/avatar\\\/df0c9a14567c056f8ad6876ba5bbd1e3e2c48023eb6807342fc4663adf549f38?s=96&d=mm&r=g\",\"caption\":\"Farn\u00e9sio\"},\"sameAs\":[\"https:\\\/\\\/quersaberpolitica.com.br\"],\"url\":\"https:\\\/\\\/blogdofarnesio.com.br\\\/?author=1\"}]}<\/script>\n<!-- \/ Yoast SEO plugin. -->","yoast_head_json":{"title":"Alerta vermelho: Governador da Bahia fala que n\u00famero de infectados pela Covid-19 parou de cair h\u00e1 quatro dias: 'V\u00edrus ganhou um f\u00f4lego novo' - Blog do Farn\u00e9sio","robots":{"index":"index","follow":"follow","max-snippet":"max-snippet:-1","max-image-preview":"max-image-preview:large","max-video-preview":"max-video-preview:-1"},"canonical":"http:\/\/blogdofarnesio.com.br\/?p=293437","og_locale":"pt_BR","og_type":"article","og_title":"Alerta vermelho: Governador da Bahia fala que n\u00famero de infectados pela Covid-19 parou de cair h\u00e1 quatro dias: 'V\u00edrus ganhou um f\u00f4lego novo' - Blog do Farn\u00e9sio","og_description":"Por TV Bahia &#8211;\u00a0 O governador da Bahia, Rui Costa, disse nesta segunda-feira (16), que h\u00e1 quatro dias o n\u00famero de infectados pela Covid-19 no estado parou de cair. Por causa da situa\u00e7\u00e3o, o gestor, durante a inaugura\u00e7\u00e3o de um servi\u00e7o de hemodin\u00e2mica, na cidade de Barreiras, no oeste da Bahia, afirmou que a situa\u00e7\u00e3o mostra que o &#8220;v\u00edrus ganhou um novo f\u00f4lego&#8221;\u00a0e\u00a0pediu para que as pessoas evitassem fazer aglomera\u00e7\u00f5es. &#8220;Queremos alertar as pessoas. Por mais que os n\u00fameros estejam caindo, e est\u00e3o na Bahia, nos preocupa, porque n\u00f3s v\u00ednhamos em queda bastante substantiva, mas h\u00e1 quatro dias paramos de cair&#8221;, disse o governador. Rui Costa tamb\u00e9m revelou que outro dado de an\u00e1lise importante e que vinha registrando queda nos&hellip;","og_url":"http:\/\/blogdofarnesio.com.br\/?p=293437","og_site_name":"Blog do Farn\u00e9sio","article_publisher":"https:\/\/www.facebook.com\/BlogQuerSaberPolitica\/","article_published_time":"2021-08-17T20:33:50+00:00","og_image":[{"width":380,"height":280,"url":"http:\/\/blogdofarnesio.com.br\/wp-content\/uploads\/2021\/06\/blogqsprui-costa..jpg","type":"image\/jpeg"}],"author":"Farn\u00e9sio","twitter_card":"summary_large_image","twitter_misc":{"Escrito por":"Farn\u00e9sio","Est. tempo de leitura":"2 minutos"},"schema":{"@context":"https:\/\/schema.org","@graph":[{"@type":"Article","@id":"http:\/\/blogdofarnesio.com.br\/?p=293437#article","isPartOf":{"@id":"http:\/\/blogdofarnesio.com.br\/?p=293437"},"author":{"name":"Farn\u00e9sio","@id":"https:\/\/blogdofarnesio.com.br\/#\/schema\/person\/301c4acf522bccbfdb45af95b5b906a1"},"headline":"Alerta vermelho: Governador da Bahia fala que n\u00famero de infectados pela Covid-19 parou de cair h\u00e1 quatro dias: &#8216;V\u00edrus ganhou um f\u00f4lego novo&#8217;","datePublished":"2021-08-17T20:33:50+00:00","mainEntityOfPage":{"@id":"http:\/\/blogdofarnesio.com.br\/?p=293437"},"wordCount":394,"publisher":{"@id":"https:\/\/blogdofarnesio.com.br\/#organization"},"image":{"@id":"http:\/\/blogdofarnesio.com.br\/?p=293437#primaryimage"},"thumbnailUrl":"https:\/\/blogdofarnesio.com.br\/wp-content\/uploads\/2021\/06\/blogqsprui-costa..jpg","articleSection":["Pol\u00edtica"],"inLanguage":"pt-BR"},{"@type":"WebPage","@id":"http:\/\/blogdofarnesio.com.br\/?p=293437","url":"http:\/\/blogdofarnesio.com.br\/?p=293437","name":"Alerta vermelho: Governador da Bahia fala que n\u00famero de infectados pela Covid-19 parou de cair h\u00e1 quatro dias: 'V\u00edrus ganhou um f\u00f4lego novo' - Blog do Farn\u00e9sio","isPartOf":{"@id":"https:\/\/blogdofarnesio.com.br\/#website"},"primaryImageOfPage":{"@id":"http:\/\/blogdofarnesio.com.br\/?p=293437#primaryimage"},"image":{"@id":"http:\/\/blogdofarnesio.com.br\/?p=293437#primaryimage"},"thumbnailUrl":"https:\/\/blogdofarnesio.com.br\/wp-content\/uploads\/2021\/06\/blogqsprui-costa..jpg","datePublished":"2021-08-17T20:33:50+00:00","breadcrumb":{"@id":"http:\/\/blogdofarnesio.com.br\/?p=293437#breadcrumb"},"inLanguage":"pt-BR","potentialAction":[{"@type":"ReadAction","target":["http:\/\/blogdofarnesio.com.br\/?p=293437"]}]},{"@type":"ImageObject","inLanguage":"pt-BR","@id":"http:\/\/blogdofarnesio.com.br\/?p=293437#primaryimage","url":"https:\/\/blogdofarnesio.com.br\/wp-content\/uploads\/2021\/06\/blogqsprui-costa..jpg","contentUrl":"https:\/\/blogdofarnesio.com.br\/wp-content\/uploads\/2021\/06\/blogqsprui-costa..jpg","width":380,"height":280,"caption":"Foto: Reprodu\u00e7\u00e3o \/ Facebook"},{"@type":"BreadcrumbList","@id":"http:\/\/blogdofarnesio.com.br\/?p=293437#breadcrumb","itemListElement":[{"@type":"ListItem","position":1,"name":"In\u00edcio","item":"https:\/\/blogdofarnesio.com.br\/"},{"@type":"ListItem","position":2,"name":"Alerta vermelho: Governador da Bahia fala que n\u00famero de infectados pela Covid-19 parou de cair h\u00e1 quatro dias: &#8216;V\u00edrus ganhou um f\u00f4lego novo&#8217;"}]},{"@type":"WebSite","@id":"https:\/\/blogdofarnesio.com.br\/#website","url":"https:\/\/blogdofarnesio.com.br\/","name":"Blog do Farn\u00e9sio","description":"Quer Saber Pol\u00edtica?","publisher":{"@id":"https:\/\/blogdofarnesio.com.br\/#organization"},"potentialAction":[{"@type":"SearchAction","target":{"@type":"EntryPoint","urlTemplate":"https:\/\/blogdofarnesio.com.br\/?s={search_term_string}"},"query-input":{"@type":"PropertyValueSpecification","valueRequired":true,"valueName":"search_term_string"}}],"inLanguage":"pt-BR"},{"@type":"Organization","@id":"https:\/\/blogdofarnesio.com.br\/#organization","name":"Blog do Farn\u00e9sio","url":"https:\/\/blogdofarnesio.com.br\/","logo":{"@type":"ImageObject","inLanguage":"pt-BR","@id":"https:\/\/blogdofarnesio.com.br\/#\/schema\/logo\/image\/","url":"https:\/\/blogdofarnesio.com.br\/wp-content\/uploads\/2026\/03\/cropped-logo_new-1.png","contentUrl":"https:\/\/blogdofarnesio.com.br\/wp-content\/uploads\/2026\/03\/cropped-logo_new-1.png","width":881,"height":685,"caption":"Blog do Farn\u00e9sio"},"image":{"@id":"https:\/\/blogdofarnesio.com.br\/#\/schema\/logo\/image\/"},"sameAs":["https:\/\/www.facebook.com\/BlogQuerSaberPolitica\/"]},{"@type":"Person","@id":"https:\/\/blogdofarnesio.com.br\/#\/schema\/person\/301c4acf522bccbfdb45af95b5b906a1","name":"Farn\u00e9sio","image":{"@type":"ImageObject","inLanguage":"pt-BR","@id":"https:\/\/secure.gravatar.com\/avatar\/df0c9a14567c056f8ad6876ba5bbd1e3e2c48023eb6807342fc4663adf549f38?s=96&d=mm&r=g","url":"https:\/\/secure.gravatar.com\/avatar\/df0c9a14567c056f8ad6876ba5bbd1e3e2c48023eb6807342fc4663adf549f38?s=96&d=mm&r=g","contentUrl":"https:\/\/secure.gravatar.com\/avatar\/df0c9a14567c056f8ad6876ba5bbd1e3e2c48023eb6807342fc4663adf549f38?s=96&d=mm&r=g","caption":"Farn\u00e9sio"},"sameAs":["https:\/\/quersaberpolitica.com.br"],"url":"https:\/\/blogdofarnesio.com.br\/?author=1"}]}},"_links":{"self":[{"href":"https:\/\/blogdofarnesio.com.br\/index.php?rest_route=\/wp\/v2\/posts\/293437","targetHints":{"allow":["GET"]}}],"collection":[{"href":"https:\/\/blogdofarnesio.com.br\/index.php?rest_route=\/wp\/v2\/posts"}],"about":[{"href":"https:\/\/blogdofarnesio.com.br\/index.php?rest_route=\/wp\/v2\/types\/post"}],"author":[{"embeddable":true,"href":"https:\/\/blogdofarnesio.com.br\/index.php?rest_route=\/wp\/v2\/users\/1"}],"replies":[{"embeddable":true,"href":"https:\/\/blogdofarnesio.com.br\/index.php?rest_route=%2Fwp%2Fv2%2Fcomments&post=293437"}],"version-history":[{"count":0,"href":"https:\/\/blogdofarnesio.com.br\/index.php?rest_route=\/wp\/v2\/posts\/293437\/revisions"}],"wp:featuredmedia":[{"embeddable":true,"href":"https:\/\/blogdofarnesio.com.br\/index.php?rest_route=\/wp\/v2\/media\/288513"}],"wp:attachment":[{"href":"https:\/\/blogdofarnesio.com.br\/index.php?rest_route=%2Fwp%2Fv2%2Fmedia&parent=293437"}],"wp:term":[{"taxonomy":"category","embeddable":true,"href":"https:\/\/blogdofarnesio.com.br\/index.php?rest_route=%2Fwp%2Fv2%2Fcategories&post=293437"},{"taxonomy":"post_tag","embeddable":true,"href":"https:\/\/blogdofarnesio.com.br\/index.php?rest_route=%2Fwp%2Fv2%2Ftags&post=293437"}],"curies":[{"name":"wp","href":"https:\/\/api.w.org\/{rel}","templated":true}]}}