{"id":293413,"date":"2021-08-17T10:11:13","date_gmt":"2021-08-17T13:11:13","guid":{"rendered":"https:\/\/quersaberpolitica.com.br\/?p=293413"},"modified":"2021-08-17T10:11:13","modified_gmt":"2021-08-17T13:11:13","slug":"taxa-na-ocupacao-dos-leitos-de-uti-chega-a-7-em-petrolina-foram-registrados-ainda-17-novos-casos","status":"publish","type":"post","link":"https:\/\/blogdofarnesio.com.br\/?p=293413","title":{"rendered":"Taxa na ocupa\u00e7\u00e3o dos leitos de UTI chega a 7% em Petrolina. Foram\u00a0registrados ainda 17 novos casos"},"content":{"rendered":"<p>O boletim epidemiol\u00f3gico divulgado pela Secretaria de Sa\u00fade informa que nesta segunda-feira (16), dos 82 leitos de UTI&#8217;s dispon\u00edveis, seis est\u00e3o ocupados. Um paciente \u00e9 de Petrolina e cinco de outras cidades da regi\u00e3o, isso significa que o \u00edndice de ocupa\u00e7\u00e3o caiu novamente, chegando a 7,3%.<\/p>\n<p>Foram registrados ainda 17 novos casos, sendo\u00a0\u00a0cinco do sexo masculino, com idades de sete a 36 anos, e 12 do sexo feminino, com idades de um a 62 anos. Dos resultados, 15 foram obtidos atrav\u00e9s de exames realizados pela Prefeitura de Petrolina e dois atrav\u00e9s de exames laboratoriais. Com isso, Petrolina est\u00e1 com\u00a0\u00a031.539 pessoas j\u00e1 infectadas pelo novo coronav\u00edrus. Desse total, 29.521 j\u00e1 est\u00e3o recuperadas da doen\u00e7a, isso representa 93,6% de cura cl\u00ednica.<\/p>\n<p>H\u00e1 o registro de dois \u00f3bitos. Tratam-se de um pessoa do sexo masculino e uma do sexo feminino, com idades de 54 e 34 anos. Os pacientes tinham hist\u00f3ricos de comorbidades e as mortes ocorreram nos dias 13 e 21 de junho em hospitais p\u00fablicos de Petrolina. Assim, o munic\u00edpio soma 557 mortes ocasionadas pela COVID-19.<\/p>\n<p>Outras informa\u00e7\u00f5es<\/p>\n<p>A Secretaria de Sa\u00fade tamb\u00e9m divulgou informa\u00e7\u00f5es complementares sobre a pandemia em Petrolina.<\/p>\n<p>&#8211; Casos investigados: 941 pessoas sendo monitoradas, h\u00e1 possibilidade de estarem infectadas.<\/p>\n<p>Casos por ra\u00e7a\/cor: 14 pessoas se declararam pardas e tr\u00eas brancas;<\/p>\n<p>&#8211; Casos descartados: At\u00e9 agora, 117.595 casos j\u00e1 foram descartados. As pessoas que foram testadas tiveram resultados negativos<\/p>\n<p>&#8211; Casos ativos: O munic\u00edpio tem 1.461 casos ativos do novo coronav\u00edrus.<\/p>\n<p>Outras informa\u00e7\u00f5es sobre a pandemia podem ser conferidas.<\/p>\n<p>Ascom<\/p>\n","protected":false},"excerpt":{"rendered":"<p>O boletim epidemiol\u00f3gico divulgado pela Secretaria de Sa\u00fade informa que nesta segunda-feira (16), dos 82 leitos de UTI&#8217;s dispon\u00edveis, seis est\u00e3o ocupados. Um paciente \u00e9 de Petrolina e cinco de outras cidades da regi\u00e3o, isso significa que o \u00edndice de ocupa\u00e7\u00e3o caiu novamente, chegando a 7,3%. Foram registrados ainda 17 novos casos, sendo\u00a0\u00a0cinco do sexo masculino, com idades de sete a 36 anos, e 12 do sexo feminino, com idades de um a 62 anos. Dos resultados, 15 foram obtidos atrav\u00e9s de exames realizados pela Prefeitura de Petrolina e dois atrav\u00e9s de exames laboratoriais. Com isso, Petrolina est\u00e1 com\u00a0\u00a031.539 pessoas j\u00e1 infectadas pelo novo coronav\u00edrus. Desse total, 29.521 j\u00e1 est\u00e3o recuperadas da doen\u00e7a, isso representa 93,6% de cura cl\u00ednica. H\u00e1&hellip; <\/p>\n","protected":false},"author":1,"featured_media":289465,"comment_status":"closed","ping_status":"closed","sticky":false,"template":"","format":"standard","meta":{"_acf_changed":false,"footnotes":""},"categories":[4],"tags":[],"class_list":["post-293413","post","type-post","status-publish","format-standard","has-post-thumbnail","hentry","category-saude"],"acf":[],"yoast_head":"<!-- This site is optimized with the Yoast SEO plugin v27.4 - https:\/\/yoast.com\/product\/yoast-seo-wordpress\/ -->\n<title>Taxa na ocupa\u00e7\u00e3o dos leitos de UTI chega a 7% em Petrolina. Foram\u00a0registrados ainda 17 novos casos - Blog do Farn\u00e9sio<\/title>\n<meta name=\"robots\" content=\"index, follow, max-snippet:-1, max-image-preview:large, max-video-preview:-1\" \/>\n<link rel=\"canonical\" href=\"http:\/\/blogdofarnesio.com.br\/?p=293413\" \/>\n<meta property=\"og:locale\" content=\"pt_BR\" \/>\n<meta property=\"og:type\" content=\"article\" \/>\n<meta property=\"og:title\" content=\"Taxa na ocupa\u00e7\u00e3o dos leitos de UTI chega a 7% em Petrolina. Foram\u00a0registrados ainda 17 novos casos - Blog do Farn\u00e9sio\" \/>\n<meta property=\"og:description\" content=\"O boletim epidemiol\u00f3gico divulgado pela Secretaria de Sa\u00fade informa que nesta segunda-feira (16), dos 82 leitos de UTI&#8217;s dispon\u00edveis, seis est\u00e3o ocupados. Um paciente \u00e9 de Petrolina e cinco de outras cidades da regi\u00e3o, isso significa que o \u00edndice de ocupa\u00e7\u00e3o caiu novamente, chegando a 7,3%. Foram registrados ainda 17 novos casos, sendo\u00a0\u00a0cinco do sexo masculino, com idades de sete a 36 anos, e 12 do sexo feminino, com idades de um a 62 anos. Dos resultados, 15 foram obtidos atrav\u00e9s de exames realizados pela Prefeitura de Petrolina e dois atrav\u00e9s de exames laboratoriais. Com isso, Petrolina est\u00e1 com\u00a0\u00a031.539 pessoas j\u00e1 infectadas pelo novo coronav\u00edrus. Desse total, 29.521 j\u00e1 est\u00e3o recuperadas da doen\u00e7a, isso representa 93,6% de cura cl\u00ednica. H\u00e1&hellip;\" \/>\n<meta property=\"og:url\" content=\"http:\/\/blogdofarnesio.com.br\/?p=293413\" \/>\n<meta property=\"og:site_name\" content=\"Blog do Farn\u00e9sio\" \/>\n<meta property=\"article:publisher\" content=\"https:\/\/www.facebook.com\/BlogQuerSaberPolitica\/\" \/>\n<meta property=\"article:published_time\" content=\"2021-08-17T13:11:13+00:00\" \/>\n<meta property=\"og:image\" content=\"http:\/\/blogdofarnesio.com.br\/wp-content\/uploads\/2021\/06\/blogqspCoronavirus-A-pandemia-nao-acabou-01-e1632758258136.png\" \/>\n\t<meta property=\"og:image:width\" content=\"734\" \/>\n\t<meta property=\"og:image:height\" content=\"426\" \/>\n\t<meta property=\"og:image:type\" content=\"image\/png\" \/>\n<meta name=\"author\" content=\"Farn\u00e9sio\" \/>\n<meta name=\"twitter:card\" content=\"summary_large_image\" \/>\n<meta name=\"twitter:label1\" content=\"Escrito por\" \/>\n\t<meta name=\"twitter:data1\" content=\"Farn\u00e9sio\" \/>\n\t<meta name=\"twitter:label2\" content=\"Est. tempo de leitura\" \/>\n\t<meta name=\"twitter:data2\" content=\"1 minuto\" \/>\n<script type=\"application\/ld+json\" class=\"yoast-schema-graph\">{\"@context\":\"https:\\\/\\\/schema.org\",\"@graph\":[{\"@type\":\"Article\",\"@id\":\"http:\\\/\\\/blogdofarnesio.com.br\\\/?p=293413#article\",\"isPartOf\":{\"@id\":\"http:\\\/\\\/blogdofarnesio.com.br\\\/?p=293413\"},\"author\":{\"name\":\"Farn\u00e9sio\",\"@id\":\"https:\\\/\\\/blogdofarnesio.com.br\\\/#\\\/schema\\\/person\\\/301c4acf522bccbfdb45af95b5b906a1\"},\"headline\":\"Taxa na ocupa\u00e7\u00e3o dos leitos de UTI chega a 7% em Petrolina. Foram\u00a0registrados ainda 17 novos casos\",\"datePublished\":\"2021-08-17T13:11:13+00:00\",\"mainEntityOfPage\":{\"@id\":\"http:\\\/\\\/blogdofarnesio.com.br\\\/?p=293413\"},\"wordCount\":276,\"publisher\":{\"@id\":\"https:\\\/\\\/blogdofarnesio.com.br\\\/#organization\"},\"image\":{\"@id\":\"http:\\\/\\\/blogdofarnesio.com.br\\\/?p=293413#primaryimage\"},\"thumbnailUrl\":\"https:\\\/\\\/blogdofarnesio.com.br\\\/wp-content\\\/uploads\\\/2021\\\/06\\\/blogqspCoronavirus-A-pandemia-nao-acabou-01-e1632758258136.png\",\"articleSection\":[\"Sa\u00fade\"],\"inLanguage\":\"pt-BR\"},{\"@type\":\"WebPage\",\"@id\":\"http:\\\/\\\/blogdofarnesio.com.br\\\/?p=293413\",\"url\":\"http:\\\/\\\/blogdofarnesio.com.br\\\/?p=293413\",\"name\":\"Taxa na ocupa\u00e7\u00e3o dos leitos de UTI chega a 7% em Petrolina. Foram\u00a0registrados ainda 17 novos casos - Blog do Farn\u00e9sio\",\"isPartOf\":{\"@id\":\"https:\\\/\\\/blogdofarnesio.com.br\\\/#website\"},\"primaryImageOfPage\":{\"@id\":\"http:\\\/\\\/blogdofarnesio.com.br\\\/?p=293413#primaryimage\"},\"image\":{\"@id\":\"http:\\\/\\\/blogdofarnesio.com.br\\\/?p=293413#primaryimage\"},\"thumbnailUrl\":\"https:\\\/\\\/blogdofarnesio.com.br\\\/wp-content\\\/uploads\\\/2021\\\/06\\\/blogqspCoronavirus-A-pandemia-nao-acabou-01-e1632758258136.png\",\"datePublished\":\"2021-08-17T13:11:13+00:00\",\"breadcrumb\":{\"@id\":\"http:\\\/\\\/blogdofarnesio.com.br\\\/?p=293413#breadcrumb\"},\"inLanguage\":\"pt-BR\",\"potentialAction\":[{\"@type\":\"ReadAction\",\"target\":[\"http:\\\/\\\/blogdofarnesio.com.br\\\/?p=293413\"]}]},{\"@type\":\"ImageObject\",\"inLanguage\":\"pt-BR\",\"@id\":\"http:\\\/\\\/blogdofarnesio.com.br\\\/?p=293413#primaryimage\",\"url\":\"https:\\\/\\\/blogdofarnesio.com.br\\\/wp-content\\\/uploads\\\/2021\\\/06\\\/blogqspCoronavirus-A-pandemia-nao-acabou-01-e1632758258136.png\",\"contentUrl\":\"https:\\\/\\\/blogdofarnesio.com.br\\\/wp-content\\\/uploads\\\/2021\\\/06\\\/blogqspCoronavirus-A-pandemia-nao-acabou-01-e1632758258136.png\",\"width\":734,\"height\":426},{\"@type\":\"BreadcrumbList\",\"@id\":\"http:\\\/\\\/blogdofarnesio.com.br\\\/?p=293413#breadcrumb\",\"itemListElement\":[{\"@type\":\"ListItem\",\"position\":1,\"name\":\"In\u00edcio\",\"item\":\"https:\\\/\\\/blogdofarnesio.com.br\\\/\"},{\"@type\":\"ListItem\",\"position\":2,\"name\":\"Taxa na ocupa\u00e7\u00e3o dos leitos de UTI chega a 7% em Petrolina. Foram\u00a0registrados ainda 17 novos casos\"}]},{\"@type\":\"WebSite\",\"@id\":\"https:\\\/\\\/blogdofarnesio.com.br\\\/#website\",\"url\":\"https:\\\/\\\/blogdofarnesio.com.br\\\/\",\"name\":\"Blog do Farn\u00e9sio\",\"description\":\"Quer Saber Pol\u00edtica?\",\"publisher\":{\"@id\":\"https:\\\/\\\/blogdofarnesio.com.br\\\/#organization\"},\"potentialAction\":[{\"@type\":\"SearchAction\",\"target\":{\"@type\":\"EntryPoint\",\"urlTemplate\":\"https:\\\/\\\/blogdofarnesio.com.br\\\/?s={search_term_string}\"},\"query-input\":{\"@type\":\"PropertyValueSpecification\",\"valueRequired\":true,\"valueName\":\"search_term_string\"}}],\"inLanguage\":\"pt-BR\"},{\"@type\":\"Organization\",\"@id\":\"https:\\\/\\\/blogdofarnesio.com.br\\\/#organization\",\"name\":\"Blog do Farn\u00e9sio\",\"url\":\"https:\\\/\\\/blogdofarnesio.com.br\\\/\",\"logo\":{\"@type\":\"ImageObject\",\"inLanguage\":\"pt-BR\",\"@id\":\"https:\\\/\\\/blogdofarnesio.com.br\\\/#\\\/schema\\\/logo\\\/image\\\/\",\"url\":\"https:\\\/\\\/blogdofarnesio.com.br\\\/wp-content\\\/uploads\\\/2026\\\/03\\\/cropped-logo_new-1.png\",\"contentUrl\":\"https:\\\/\\\/blogdofarnesio.com.br\\\/wp-content\\\/uploads\\\/2026\\\/03\\\/cropped-logo_new-1.png\",\"width\":881,\"height\":685,\"caption\":\"Blog do Farn\u00e9sio\"},\"image\":{\"@id\":\"https:\\\/\\\/blogdofarnesio.com.br\\\/#\\\/schema\\\/logo\\\/image\\\/\"},\"sameAs\":[\"https:\\\/\\\/www.facebook.com\\\/BlogQuerSaberPolitica\\\/\"]},{\"@type\":\"Person\",\"@id\":\"https:\\\/\\\/blogdofarnesio.com.br\\\/#\\\/schema\\\/person\\\/301c4acf522bccbfdb45af95b5b906a1\",\"name\":\"Farn\u00e9sio\",\"image\":{\"@type\":\"ImageObject\",\"inLanguage\":\"pt-BR\",\"@id\":\"https:\\\/\\\/secure.gravatar.com\\\/avatar\\\/df0c9a14567c056f8ad6876ba5bbd1e3e2c48023eb6807342fc4663adf549f38?s=96&d=mm&r=g\",\"url\":\"https:\\\/\\\/secure.gravatar.com\\\/avatar\\\/df0c9a14567c056f8ad6876ba5bbd1e3e2c48023eb6807342fc4663adf549f38?s=96&d=mm&r=g\",\"contentUrl\":\"https:\\\/\\\/secure.gravatar.com\\\/avatar\\\/df0c9a14567c056f8ad6876ba5bbd1e3e2c48023eb6807342fc4663adf549f38?s=96&d=mm&r=g\",\"caption\":\"Farn\u00e9sio\"},\"sameAs\":[\"https:\\\/\\\/quersaberpolitica.com.br\"],\"url\":\"https:\\\/\\\/blogdofarnesio.com.br\\\/?author=1\"}]}<\/script>\n<!-- \/ Yoast SEO plugin. -->","yoast_head_json":{"title":"Taxa na ocupa\u00e7\u00e3o dos leitos de UTI chega a 7% em Petrolina. Foram\u00a0registrados ainda 17 novos casos - Blog do Farn\u00e9sio","robots":{"index":"index","follow":"follow","max-snippet":"max-snippet:-1","max-image-preview":"max-image-preview:large","max-video-preview":"max-video-preview:-1"},"canonical":"http:\/\/blogdofarnesio.com.br\/?p=293413","og_locale":"pt_BR","og_type":"article","og_title":"Taxa na ocupa\u00e7\u00e3o dos leitos de UTI chega a 7% em Petrolina. Foram\u00a0registrados ainda 17 novos casos - Blog do Farn\u00e9sio","og_description":"O boletim epidemiol\u00f3gico divulgado pela Secretaria de Sa\u00fade informa que nesta segunda-feira (16), dos 82 leitos de UTI&#8217;s dispon\u00edveis, seis est\u00e3o ocupados. Um paciente \u00e9 de Petrolina e cinco de outras cidades da regi\u00e3o, isso significa que o \u00edndice de ocupa\u00e7\u00e3o caiu novamente, chegando a 7,3%. Foram registrados ainda 17 novos casos, sendo\u00a0\u00a0cinco do sexo masculino, com idades de sete a 36 anos, e 12 do sexo feminino, com idades de um a 62 anos. Dos resultados, 15 foram obtidos atrav\u00e9s de exames realizados pela Prefeitura de Petrolina e dois atrav\u00e9s de exames laboratoriais. Com isso, Petrolina est\u00e1 com\u00a0\u00a031.539 pessoas j\u00e1 infectadas pelo novo coronav\u00edrus. Desse total, 29.521 j\u00e1 est\u00e3o recuperadas da doen\u00e7a, isso representa 93,6% de cura cl\u00ednica. H\u00e1&hellip;","og_url":"http:\/\/blogdofarnesio.com.br\/?p=293413","og_site_name":"Blog do Farn\u00e9sio","article_publisher":"https:\/\/www.facebook.com\/BlogQuerSaberPolitica\/","article_published_time":"2021-08-17T13:11:13+00:00","og_image":[{"width":734,"height":426,"url":"http:\/\/blogdofarnesio.com.br\/wp-content\/uploads\/2021\/06\/blogqspCoronavirus-A-pandemia-nao-acabou-01-e1632758258136.png","type":"image\/png"}],"author":"Farn\u00e9sio","twitter_card":"summary_large_image","twitter_misc":{"Escrito por":"Farn\u00e9sio","Est. tempo de leitura":"1 minuto"},"schema":{"@context":"https:\/\/schema.org","@graph":[{"@type":"Article","@id":"http:\/\/blogdofarnesio.com.br\/?p=293413#article","isPartOf":{"@id":"http:\/\/blogdofarnesio.com.br\/?p=293413"},"author":{"name":"Farn\u00e9sio","@id":"https:\/\/blogdofarnesio.com.br\/#\/schema\/person\/301c4acf522bccbfdb45af95b5b906a1"},"headline":"Taxa na ocupa\u00e7\u00e3o dos leitos de UTI chega a 7% em Petrolina. Foram\u00a0registrados ainda 17 novos casos","datePublished":"2021-08-17T13:11:13+00:00","mainEntityOfPage":{"@id":"http:\/\/blogdofarnesio.com.br\/?p=293413"},"wordCount":276,"publisher":{"@id":"https:\/\/blogdofarnesio.com.br\/#organization"},"image":{"@id":"http:\/\/blogdofarnesio.com.br\/?p=293413#primaryimage"},"thumbnailUrl":"https:\/\/blogdofarnesio.com.br\/wp-content\/uploads\/2021\/06\/blogqspCoronavirus-A-pandemia-nao-acabou-01-e1632758258136.png","articleSection":["Sa\u00fade"],"inLanguage":"pt-BR"},{"@type":"WebPage","@id":"http:\/\/blogdofarnesio.com.br\/?p=293413","url":"http:\/\/blogdofarnesio.com.br\/?p=293413","name":"Taxa na ocupa\u00e7\u00e3o dos leitos de UTI chega a 7% em Petrolina. Foram\u00a0registrados ainda 17 novos casos - Blog do Farn\u00e9sio","isPartOf":{"@id":"https:\/\/blogdofarnesio.com.br\/#website"},"primaryImageOfPage":{"@id":"http:\/\/blogdofarnesio.com.br\/?p=293413#primaryimage"},"image":{"@id":"http:\/\/blogdofarnesio.com.br\/?p=293413#primaryimage"},"thumbnailUrl":"https:\/\/blogdofarnesio.com.br\/wp-content\/uploads\/2021\/06\/blogqspCoronavirus-A-pandemia-nao-acabou-01-e1632758258136.png","datePublished":"2021-08-17T13:11:13+00:00","breadcrumb":{"@id":"http:\/\/blogdofarnesio.com.br\/?p=293413#breadcrumb"},"inLanguage":"pt-BR","potentialAction":[{"@type":"ReadAction","target":["http:\/\/blogdofarnesio.com.br\/?p=293413"]}]},{"@type":"ImageObject","inLanguage":"pt-BR","@id":"http:\/\/blogdofarnesio.com.br\/?p=293413#primaryimage","url":"https:\/\/blogdofarnesio.com.br\/wp-content\/uploads\/2021\/06\/blogqspCoronavirus-A-pandemia-nao-acabou-01-e1632758258136.png","contentUrl":"https:\/\/blogdofarnesio.com.br\/wp-content\/uploads\/2021\/06\/blogqspCoronavirus-A-pandemia-nao-acabou-01-e1632758258136.png","width":734,"height":426},{"@type":"BreadcrumbList","@id":"http:\/\/blogdofarnesio.com.br\/?p=293413#breadcrumb","itemListElement":[{"@type":"ListItem","position":1,"name":"In\u00edcio","item":"https:\/\/blogdofarnesio.com.br\/"},{"@type":"ListItem","position":2,"name":"Taxa na ocupa\u00e7\u00e3o dos leitos de UTI chega a 7% em Petrolina. Foram\u00a0registrados ainda 17 novos casos"}]},{"@type":"WebSite","@id":"https:\/\/blogdofarnesio.com.br\/#website","url":"https:\/\/blogdofarnesio.com.br\/","name":"Blog do Farn\u00e9sio","description":"Quer Saber Pol\u00edtica?","publisher":{"@id":"https:\/\/blogdofarnesio.com.br\/#organization"},"potentialAction":[{"@type":"SearchAction","target":{"@type":"EntryPoint","urlTemplate":"https:\/\/blogdofarnesio.com.br\/?s={search_term_string}"},"query-input":{"@type":"PropertyValueSpecification","valueRequired":true,"valueName":"search_term_string"}}],"inLanguage":"pt-BR"},{"@type":"Organization","@id":"https:\/\/blogdofarnesio.com.br\/#organization","name":"Blog do Farn\u00e9sio","url":"https:\/\/blogdofarnesio.com.br\/","logo":{"@type":"ImageObject","inLanguage":"pt-BR","@id":"https:\/\/blogdofarnesio.com.br\/#\/schema\/logo\/image\/","url":"https:\/\/blogdofarnesio.com.br\/wp-content\/uploads\/2026\/03\/cropped-logo_new-1.png","contentUrl":"https:\/\/blogdofarnesio.com.br\/wp-content\/uploads\/2026\/03\/cropped-logo_new-1.png","width":881,"height":685,"caption":"Blog do Farn\u00e9sio"},"image":{"@id":"https:\/\/blogdofarnesio.com.br\/#\/schema\/logo\/image\/"},"sameAs":["https:\/\/www.facebook.com\/BlogQuerSaberPolitica\/"]},{"@type":"Person","@id":"https:\/\/blogdofarnesio.com.br\/#\/schema\/person\/301c4acf522bccbfdb45af95b5b906a1","name":"Farn\u00e9sio","image":{"@type":"ImageObject","inLanguage":"pt-BR","@id":"https:\/\/secure.gravatar.com\/avatar\/df0c9a14567c056f8ad6876ba5bbd1e3e2c48023eb6807342fc4663adf549f38?s=96&d=mm&r=g","url":"https:\/\/secure.gravatar.com\/avatar\/df0c9a14567c056f8ad6876ba5bbd1e3e2c48023eb6807342fc4663adf549f38?s=96&d=mm&r=g","contentUrl":"https:\/\/secure.gravatar.com\/avatar\/df0c9a14567c056f8ad6876ba5bbd1e3e2c48023eb6807342fc4663adf549f38?s=96&d=mm&r=g","caption":"Farn\u00e9sio"},"sameAs":["https:\/\/quersaberpolitica.com.br"],"url":"https:\/\/blogdofarnesio.com.br\/?author=1"}]}},"_links":{"self":[{"href":"https:\/\/blogdofarnesio.com.br\/index.php?rest_route=\/wp\/v2\/posts\/293413","targetHints":{"allow":["GET"]}}],"collection":[{"href":"https:\/\/blogdofarnesio.com.br\/index.php?rest_route=\/wp\/v2\/posts"}],"about":[{"href":"https:\/\/blogdofarnesio.com.br\/index.php?rest_route=\/wp\/v2\/types\/post"}],"author":[{"embeddable":true,"href":"https:\/\/blogdofarnesio.com.br\/index.php?rest_route=\/wp\/v2\/users\/1"}],"replies":[{"embeddable":true,"href":"https:\/\/blogdofarnesio.com.br\/index.php?rest_route=%2Fwp%2Fv2%2Fcomments&post=293413"}],"version-history":[{"count":0,"href":"https:\/\/blogdofarnesio.com.br\/index.php?rest_route=\/wp\/v2\/posts\/293413\/revisions"}],"wp:featuredmedia":[{"embeddable":true,"href":"https:\/\/blogdofarnesio.com.br\/index.php?rest_route=\/wp\/v2\/media\/289465"}],"wp:attachment":[{"href":"https:\/\/blogdofarnesio.com.br\/index.php?rest_route=%2Fwp%2Fv2%2Fmedia&parent=293413"}],"wp:term":[{"taxonomy":"category","embeddable":true,"href":"https:\/\/blogdofarnesio.com.br\/index.php?rest_route=%2Fwp%2Fv2%2Fcategories&post=293413"},{"taxonomy":"post_tag","embeddable":true,"href":"https:\/\/blogdofarnesio.com.br\/index.php?rest_route=%2Fwp%2Fv2%2Ftags&post=293413"}],"curies":[{"name":"wp","href":"https:\/\/api.w.org\/{rel}","templated":true}]}}