{"id":293408,"date":"2021-08-17T11:23:14","date_gmt":"2021-08-17T14:23:14","guid":{"rendered":"https:\/\/quersaberpolitica.com.br\/?p=293408"},"modified":"2021-08-17T09:35:13","modified_gmt":"2021-08-17T12:35:13","slug":"no-mes-da-padroeira-prefeitura-de-petrolina-entrega-praca-nossa-senhora-rainha-dos-anjos-revitalizada","status":"publish","type":"post","link":"https:\/\/blogdofarnesio.com.br\/?p=293408","title":{"rendered":"No m\u00eas da padroeira, Prefeitura de Petrolina entrega Pra\u00e7a Nossa Senhora Rainha dos Anjos revitalizada"},"content":{"rendered":"<p style=\"font-weight: 400;\">O colorido das flores, a diversidade dos tons das plantas ornamentais e, especialmente, o zelo da gest\u00e3o municipal, chamam a aten\u00e7\u00e3o de quem passa pela Pra\u00e7a Nossa Senhora Rainha dos Anjos, no bairro S\u00e3o Jos\u00e9, em Petrolina. Esse importante equipamento p\u00fablico al\u00e9m de carregar o nome da padroeira da cidade, tamb\u00e9m j\u00e1 marcou a mem\u00f3ria de v\u00e1rias gera\u00e7\u00f5es.<\/p>\n<p style=\"font-weight: 400;\">Nos tr\u00eas \u00faltimos meses, a Prefeitura de Petrolina, atrav\u00e9s do programa \u201cCidade Mais Limpa&#8221;, coordenado pela Secretaria de Infraestrutura e Mobilidade (Seinfra), realizou servi\u00e7os de recupera\u00e7\u00e3o do meio-fio, reposi\u00e7\u00e3o das pedras portuguesas, pintura das grades, poda, jardinagem, entre outras a\u00e7\u00f5es de zeladoria. O pr\u00f3ximo passo \u00e9 restaurar a imagem da santa, em destaque na pra\u00e7a.<\/p>\n<p style=\"font-weight: 400;\">O secret\u00e1rio executivo de Servi\u00e7os P\u00fablicos, Alisson Oliveira, ressalta o compromisso da gest\u00e3o municipal com a preserva\u00e7\u00e3o dos equipamentos p\u00fablicos. &#8220;O cuidado da prefeitura est\u00e1 em toda a cidade. Seja nas grandes obras ou nas pracinhas dos bairros, \u00e9 vis\u00edvel o sentimento de pertencimento das equipes que\u00a0fazem de Petrolina um dos melhores lugares para se viver do Nordeste. Acabamos de concluir a manuten\u00e7\u00e3o da pra\u00e7a Nossa Senhora Rainha dos Anjos e outros espa\u00e7os tamb\u00e9m ser\u00e3o contemplados por todo o munic\u00edpio&#8221;, pontua.<\/p>\n<p style=\"font-weight: 400;\">&#8212;&#8212;&#8212;&#8212;<\/p>\n","protected":false},"excerpt":{"rendered":"<p>O colorido das flores, a diversidade dos tons das plantas ornamentais e, especialmente, o zelo da gest\u00e3o municipal, chamam a aten\u00e7\u00e3o de quem passa pela Pra\u00e7a Nossa Senhora Rainha dos Anjos, no bairro S\u00e3o Jos\u00e9, em Petrolina. Esse importante equipamento p\u00fablico al\u00e9m de carregar o nome da padroeira da cidade, tamb\u00e9m j\u00e1 marcou a mem\u00f3ria de v\u00e1rias gera\u00e7\u00f5es. Nos tr\u00eas \u00faltimos meses, a Prefeitura de Petrolina, atrav\u00e9s do programa \u201cCidade Mais Limpa&#8221;, coordenado pela Secretaria de Infraestrutura e Mobilidade (Seinfra), realizou servi\u00e7os de recupera\u00e7\u00e3o do meio-fio, reposi\u00e7\u00e3o das pedras portuguesas, pintura das grades, poda, jardinagem, entre outras a\u00e7\u00f5es de zeladoria. O pr\u00f3ximo passo \u00e9 restaurar a imagem da santa, em destaque na pra\u00e7a. O secret\u00e1rio executivo de Servi\u00e7os P\u00fablicos, Alisson&hellip; <\/p>\n","protected":false},"author":1,"featured_media":293411,"comment_status":"closed","ping_status":"closed","sticky":false,"template":"","format":"standard","meta":{"_acf_changed":false,"footnotes":""},"categories":[1],"tags":[],"class_list":["post-293408","post","type-post","status-publish","format-standard","has-post-thumbnail","hentry","category-politica"],"acf":[],"yoast_head":"<!-- This site is optimized with the Yoast SEO plugin v27.4 - https:\/\/yoast.com\/product\/yoast-seo-wordpress\/ -->\n<title>No m\u00eas da padroeira, Prefeitura de Petrolina entrega Pra\u00e7a Nossa Senhora Rainha dos Anjos revitalizada - Blog do Farn\u00e9sio<\/title>\n<meta name=\"robots\" content=\"index, follow, max-snippet:-1, max-image-preview:large, max-video-preview:-1\" \/>\n<link rel=\"canonical\" href=\"http:\/\/blogdofarnesio.com.br\/?p=293408\" \/>\n<meta property=\"og:locale\" content=\"pt_BR\" \/>\n<meta property=\"og:type\" content=\"article\" \/>\n<meta property=\"og:title\" content=\"No m\u00eas da padroeira, Prefeitura de Petrolina entrega Pra\u00e7a Nossa Senhora Rainha dos Anjos revitalizada - Blog do Farn\u00e9sio\" \/>\n<meta property=\"og:description\" content=\"O colorido das flores, a diversidade dos tons das plantas ornamentais e, especialmente, o zelo da gest\u00e3o municipal, chamam a aten\u00e7\u00e3o de quem passa pela Pra\u00e7a Nossa Senhora Rainha dos Anjos, no bairro S\u00e3o Jos\u00e9, em Petrolina. Esse importante equipamento p\u00fablico al\u00e9m de carregar o nome da padroeira da cidade, tamb\u00e9m j\u00e1 marcou a mem\u00f3ria de v\u00e1rias gera\u00e7\u00f5es. Nos tr\u00eas \u00faltimos meses, a Prefeitura de Petrolina, atrav\u00e9s do programa \u201cCidade Mais Limpa&#8221;, coordenado pela Secretaria de Infraestrutura e Mobilidade (Seinfra), realizou servi\u00e7os de recupera\u00e7\u00e3o do meio-fio, reposi\u00e7\u00e3o das pedras portuguesas, pintura das grades, poda, jardinagem, entre outras a\u00e7\u00f5es de zeladoria. O pr\u00f3ximo passo \u00e9 restaurar a imagem da santa, em destaque na pra\u00e7a. O secret\u00e1rio executivo de Servi\u00e7os P\u00fablicos, Alisson&hellip;\" \/>\n<meta property=\"og:url\" content=\"http:\/\/blogdofarnesio.com.br\/?p=293408\" \/>\n<meta property=\"og:site_name\" content=\"Blog do Farn\u00e9sio\" \/>\n<meta property=\"article:publisher\" content=\"https:\/\/www.facebook.com\/BlogQuerSaberPolitica\/\" \/>\n<meta property=\"article:published_time\" content=\"2021-08-17T14:23:14+00:00\" \/>\n<meta property=\"og:image\" content=\"http:\/\/blogdofarnesio.com.br\/wp-content\/uploads\/2021\/08\/blogqsppet-Pc-Nossa-Senhora-Rainha-dos-Anjos-3-e1629203686855.jpeg\" \/>\n\t<meta property=\"og:image:width\" content=\"600\" \/>\n\t<meta property=\"og:image:height\" content=\"450\" \/>\n\t<meta property=\"og:image:type\" content=\"image\/jpeg\" \/>\n<meta name=\"author\" content=\"Farn\u00e9sio\" \/>\n<meta name=\"twitter:card\" content=\"summary_large_image\" \/>\n<meta name=\"twitter:label1\" content=\"Escrito por\" \/>\n\t<meta name=\"twitter:data1\" content=\"Farn\u00e9sio\" \/>\n\t<meta name=\"twitter:label2\" content=\"Est. tempo de leitura\" \/>\n\t<meta name=\"twitter:data2\" content=\"1 minuto\" \/>\n<script type=\"application\/ld+json\" class=\"yoast-schema-graph\">{\"@context\":\"https:\\\/\\\/schema.org\",\"@graph\":[{\"@type\":\"Article\",\"@id\":\"http:\\\/\\\/blogdofarnesio.com.br\\\/?p=293408#article\",\"isPartOf\":{\"@id\":\"http:\\\/\\\/blogdofarnesio.com.br\\\/?p=293408\"},\"author\":{\"name\":\"Farn\u00e9sio\",\"@id\":\"https:\\\/\\\/blogdofarnesio.com.br\\\/#\\\/schema\\\/person\\\/301c4acf522bccbfdb45af95b5b906a1\"},\"headline\":\"No m\u00eas da padroeira, Prefeitura de Petrolina entrega Pra\u00e7a Nossa Senhora Rainha dos Anjos revitalizada\",\"datePublished\":\"2021-08-17T14:23:14+00:00\",\"mainEntityOfPage\":{\"@id\":\"http:\\\/\\\/blogdofarnesio.com.br\\\/?p=293408\"},\"wordCount\":242,\"publisher\":{\"@id\":\"https:\\\/\\\/blogdofarnesio.com.br\\\/#organization\"},\"image\":{\"@id\":\"http:\\\/\\\/blogdofarnesio.com.br\\\/?p=293408#primaryimage\"},\"thumbnailUrl\":\"https:\\\/\\\/blogdofarnesio.com.br\\\/wp-content\\\/uploads\\\/2021\\\/08\\\/blogqsppet-Pc-Nossa-Senhora-Rainha-dos-Anjos-3-e1629203686855.jpeg\",\"articleSection\":[\"Pol\u00edtica\"],\"inLanguage\":\"pt-BR\"},{\"@type\":\"WebPage\",\"@id\":\"http:\\\/\\\/blogdofarnesio.com.br\\\/?p=293408\",\"url\":\"http:\\\/\\\/blogdofarnesio.com.br\\\/?p=293408\",\"name\":\"No m\u00eas da padroeira, Prefeitura de Petrolina entrega Pra\u00e7a Nossa Senhora Rainha dos Anjos revitalizada - Blog do Farn\u00e9sio\",\"isPartOf\":{\"@id\":\"https:\\\/\\\/blogdofarnesio.com.br\\\/#website\"},\"primaryImageOfPage\":{\"@id\":\"http:\\\/\\\/blogdofarnesio.com.br\\\/?p=293408#primaryimage\"},\"image\":{\"@id\":\"http:\\\/\\\/blogdofarnesio.com.br\\\/?p=293408#primaryimage\"},\"thumbnailUrl\":\"https:\\\/\\\/blogdofarnesio.com.br\\\/wp-content\\\/uploads\\\/2021\\\/08\\\/blogqsppet-Pc-Nossa-Senhora-Rainha-dos-Anjos-3-e1629203686855.jpeg\",\"datePublished\":\"2021-08-17T14:23:14+00:00\",\"breadcrumb\":{\"@id\":\"http:\\\/\\\/blogdofarnesio.com.br\\\/?p=293408#breadcrumb\"},\"inLanguage\":\"pt-BR\",\"potentialAction\":[{\"@type\":\"ReadAction\",\"target\":[\"http:\\\/\\\/blogdofarnesio.com.br\\\/?p=293408\"]}]},{\"@type\":\"ImageObject\",\"inLanguage\":\"pt-BR\",\"@id\":\"http:\\\/\\\/blogdofarnesio.com.br\\\/?p=293408#primaryimage\",\"url\":\"https:\\\/\\\/blogdofarnesio.com.br\\\/wp-content\\\/uploads\\\/2021\\\/08\\\/blogqsppet-Pc-Nossa-Senhora-Rainha-dos-Anjos-3-e1629203686855.jpeg\",\"contentUrl\":\"https:\\\/\\\/blogdofarnesio.com.br\\\/wp-content\\\/uploads\\\/2021\\\/08\\\/blogqsppet-Pc-Nossa-Senhora-Rainha-dos-Anjos-3-e1629203686855.jpeg\",\"width\":600,\"height\":450},{\"@type\":\"BreadcrumbList\",\"@id\":\"http:\\\/\\\/blogdofarnesio.com.br\\\/?p=293408#breadcrumb\",\"itemListElement\":[{\"@type\":\"ListItem\",\"position\":1,\"name\":\"In\u00edcio\",\"item\":\"https:\\\/\\\/blogdofarnesio.com.br\\\/\"},{\"@type\":\"ListItem\",\"position\":2,\"name\":\"No m\u00eas da padroeira, Prefeitura de Petrolina entrega Pra\u00e7a Nossa Senhora Rainha dos Anjos revitalizada\"}]},{\"@type\":\"WebSite\",\"@id\":\"https:\\\/\\\/blogdofarnesio.com.br\\\/#website\",\"url\":\"https:\\\/\\\/blogdofarnesio.com.br\\\/\",\"name\":\"Blog do Farn\u00e9sio\",\"description\":\"Quer Saber Pol\u00edtica?\",\"publisher\":{\"@id\":\"https:\\\/\\\/blogdofarnesio.com.br\\\/#organization\"},\"potentialAction\":[{\"@type\":\"SearchAction\",\"target\":{\"@type\":\"EntryPoint\",\"urlTemplate\":\"https:\\\/\\\/blogdofarnesio.com.br\\\/?s={search_term_string}\"},\"query-input\":{\"@type\":\"PropertyValueSpecification\",\"valueRequired\":true,\"valueName\":\"search_term_string\"}}],\"inLanguage\":\"pt-BR\"},{\"@type\":\"Organization\",\"@id\":\"https:\\\/\\\/blogdofarnesio.com.br\\\/#organization\",\"name\":\"Blog do Farn\u00e9sio\",\"url\":\"https:\\\/\\\/blogdofarnesio.com.br\\\/\",\"logo\":{\"@type\":\"ImageObject\",\"inLanguage\":\"pt-BR\",\"@id\":\"https:\\\/\\\/blogdofarnesio.com.br\\\/#\\\/schema\\\/logo\\\/image\\\/\",\"url\":\"https:\\\/\\\/blogdofarnesio.com.br\\\/wp-content\\\/uploads\\\/2026\\\/03\\\/cropped-logo_new-1.png\",\"contentUrl\":\"https:\\\/\\\/blogdofarnesio.com.br\\\/wp-content\\\/uploads\\\/2026\\\/03\\\/cropped-logo_new-1.png\",\"width\":881,\"height\":685,\"caption\":\"Blog do Farn\u00e9sio\"},\"image\":{\"@id\":\"https:\\\/\\\/blogdofarnesio.com.br\\\/#\\\/schema\\\/logo\\\/image\\\/\"},\"sameAs\":[\"https:\\\/\\\/www.facebook.com\\\/BlogQuerSaberPolitica\\\/\"]},{\"@type\":\"Person\",\"@id\":\"https:\\\/\\\/blogdofarnesio.com.br\\\/#\\\/schema\\\/person\\\/301c4acf522bccbfdb45af95b5b906a1\",\"name\":\"Farn\u00e9sio\",\"image\":{\"@type\":\"ImageObject\",\"inLanguage\":\"pt-BR\",\"@id\":\"https:\\\/\\\/secure.gravatar.com\\\/avatar\\\/df0c9a14567c056f8ad6876ba5bbd1e3e2c48023eb6807342fc4663adf549f38?s=96&d=mm&r=g\",\"url\":\"https:\\\/\\\/secure.gravatar.com\\\/avatar\\\/df0c9a14567c056f8ad6876ba5bbd1e3e2c48023eb6807342fc4663adf549f38?s=96&d=mm&r=g\",\"contentUrl\":\"https:\\\/\\\/secure.gravatar.com\\\/avatar\\\/df0c9a14567c056f8ad6876ba5bbd1e3e2c48023eb6807342fc4663adf549f38?s=96&d=mm&r=g\",\"caption\":\"Farn\u00e9sio\"},\"sameAs\":[\"https:\\\/\\\/quersaberpolitica.com.br\"],\"url\":\"https:\\\/\\\/blogdofarnesio.com.br\\\/?author=1\"}]}<\/script>\n<!-- \/ Yoast SEO plugin. -->","yoast_head_json":{"title":"No m\u00eas da padroeira, Prefeitura de Petrolina entrega Pra\u00e7a Nossa Senhora Rainha dos Anjos revitalizada - Blog do Farn\u00e9sio","robots":{"index":"index","follow":"follow","max-snippet":"max-snippet:-1","max-image-preview":"max-image-preview:large","max-video-preview":"max-video-preview:-1"},"canonical":"http:\/\/blogdofarnesio.com.br\/?p=293408","og_locale":"pt_BR","og_type":"article","og_title":"No m\u00eas da padroeira, Prefeitura de Petrolina entrega Pra\u00e7a Nossa Senhora Rainha dos Anjos revitalizada - Blog do Farn\u00e9sio","og_description":"O colorido das flores, a diversidade dos tons das plantas ornamentais e, especialmente, o zelo da gest\u00e3o municipal, chamam a aten\u00e7\u00e3o de quem passa pela Pra\u00e7a Nossa Senhora Rainha dos Anjos, no bairro S\u00e3o Jos\u00e9, em Petrolina. Esse importante equipamento p\u00fablico al\u00e9m de carregar o nome da padroeira da cidade, tamb\u00e9m j\u00e1 marcou a mem\u00f3ria de v\u00e1rias gera\u00e7\u00f5es. Nos tr\u00eas \u00faltimos meses, a Prefeitura de Petrolina, atrav\u00e9s do programa \u201cCidade Mais Limpa&#8221;, coordenado pela Secretaria de Infraestrutura e Mobilidade (Seinfra), realizou servi\u00e7os de recupera\u00e7\u00e3o do meio-fio, reposi\u00e7\u00e3o das pedras portuguesas, pintura das grades, poda, jardinagem, entre outras a\u00e7\u00f5es de zeladoria. O pr\u00f3ximo passo \u00e9 restaurar a imagem da santa, em destaque na pra\u00e7a. O secret\u00e1rio executivo de Servi\u00e7os P\u00fablicos, Alisson&hellip;","og_url":"http:\/\/blogdofarnesio.com.br\/?p=293408","og_site_name":"Blog do Farn\u00e9sio","article_publisher":"https:\/\/www.facebook.com\/BlogQuerSaberPolitica\/","article_published_time":"2021-08-17T14:23:14+00:00","og_image":[{"width":600,"height":450,"url":"http:\/\/blogdofarnesio.com.br\/wp-content\/uploads\/2021\/08\/blogqsppet-Pc-Nossa-Senhora-Rainha-dos-Anjos-3-e1629203686855.jpeg","type":"image\/jpeg"}],"author":"Farn\u00e9sio","twitter_card":"summary_large_image","twitter_misc":{"Escrito por":"Farn\u00e9sio","Est. tempo de leitura":"1 minuto"},"schema":{"@context":"https:\/\/schema.org","@graph":[{"@type":"Article","@id":"http:\/\/blogdofarnesio.com.br\/?p=293408#article","isPartOf":{"@id":"http:\/\/blogdofarnesio.com.br\/?p=293408"},"author":{"name":"Farn\u00e9sio","@id":"https:\/\/blogdofarnesio.com.br\/#\/schema\/person\/301c4acf522bccbfdb45af95b5b906a1"},"headline":"No m\u00eas da padroeira, Prefeitura de Petrolina entrega Pra\u00e7a Nossa Senhora Rainha dos Anjos revitalizada","datePublished":"2021-08-17T14:23:14+00:00","mainEntityOfPage":{"@id":"http:\/\/blogdofarnesio.com.br\/?p=293408"},"wordCount":242,"publisher":{"@id":"https:\/\/blogdofarnesio.com.br\/#organization"},"image":{"@id":"http:\/\/blogdofarnesio.com.br\/?p=293408#primaryimage"},"thumbnailUrl":"https:\/\/blogdofarnesio.com.br\/wp-content\/uploads\/2021\/08\/blogqsppet-Pc-Nossa-Senhora-Rainha-dos-Anjos-3-e1629203686855.jpeg","articleSection":["Pol\u00edtica"],"inLanguage":"pt-BR"},{"@type":"WebPage","@id":"http:\/\/blogdofarnesio.com.br\/?p=293408","url":"http:\/\/blogdofarnesio.com.br\/?p=293408","name":"No m\u00eas da padroeira, Prefeitura de Petrolina entrega Pra\u00e7a Nossa Senhora Rainha dos Anjos revitalizada - Blog do Farn\u00e9sio","isPartOf":{"@id":"https:\/\/blogdofarnesio.com.br\/#website"},"primaryImageOfPage":{"@id":"http:\/\/blogdofarnesio.com.br\/?p=293408#primaryimage"},"image":{"@id":"http:\/\/blogdofarnesio.com.br\/?p=293408#primaryimage"},"thumbnailUrl":"https:\/\/blogdofarnesio.com.br\/wp-content\/uploads\/2021\/08\/blogqsppet-Pc-Nossa-Senhora-Rainha-dos-Anjos-3-e1629203686855.jpeg","datePublished":"2021-08-17T14:23:14+00:00","breadcrumb":{"@id":"http:\/\/blogdofarnesio.com.br\/?p=293408#breadcrumb"},"inLanguage":"pt-BR","potentialAction":[{"@type":"ReadAction","target":["http:\/\/blogdofarnesio.com.br\/?p=293408"]}]},{"@type":"ImageObject","inLanguage":"pt-BR","@id":"http:\/\/blogdofarnesio.com.br\/?p=293408#primaryimage","url":"https:\/\/blogdofarnesio.com.br\/wp-content\/uploads\/2021\/08\/blogqsppet-Pc-Nossa-Senhora-Rainha-dos-Anjos-3-e1629203686855.jpeg","contentUrl":"https:\/\/blogdofarnesio.com.br\/wp-content\/uploads\/2021\/08\/blogqsppet-Pc-Nossa-Senhora-Rainha-dos-Anjos-3-e1629203686855.jpeg","width":600,"height":450},{"@type":"BreadcrumbList","@id":"http:\/\/blogdofarnesio.com.br\/?p=293408#breadcrumb","itemListElement":[{"@type":"ListItem","position":1,"name":"In\u00edcio","item":"https:\/\/blogdofarnesio.com.br\/"},{"@type":"ListItem","position":2,"name":"No m\u00eas da padroeira, Prefeitura de Petrolina entrega Pra\u00e7a Nossa Senhora Rainha dos Anjos revitalizada"}]},{"@type":"WebSite","@id":"https:\/\/blogdofarnesio.com.br\/#website","url":"https:\/\/blogdofarnesio.com.br\/","name":"Blog do Farn\u00e9sio","description":"Quer Saber Pol\u00edtica?","publisher":{"@id":"https:\/\/blogdofarnesio.com.br\/#organization"},"potentialAction":[{"@type":"SearchAction","target":{"@type":"EntryPoint","urlTemplate":"https:\/\/blogdofarnesio.com.br\/?s={search_term_string}"},"query-input":{"@type":"PropertyValueSpecification","valueRequired":true,"valueName":"search_term_string"}}],"inLanguage":"pt-BR"},{"@type":"Organization","@id":"https:\/\/blogdofarnesio.com.br\/#organization","name":"Blog do Farn\u00e9sio","url":"https:\/\/blogdofarnesio.com.br\/","logo":{"@type":"ImageObject","inLanguage":"pt-BR","@id":"https:\/\/blogdofarnesio.com.br\/#\/schema\/logo\/image\/","url":"https:\/\/blogdofarnesio.com.br\/wp-content\/uploads\/2026\/03\/cropped-logo_new-1.png","contentUrl":"https:\/\/blogdofarnesio.com.br\/wp-content\/uploads\/2026\/03\/cropped-logo_new-1.png","width":881,"height":685,"caption":"Blog do Farn\u00e9sio"},"image":{"@id":"https:\/\/blogdofarnesio.com.br\/#\/schema\/logo\/image\/"},"sameAs":["https:\/\/www.facebook.com\/BlogQuerSaberPolitica\/"]},{"@type":"Person","@id":"https:\/\/blogdofarnesio.com.br\/#\/schema\/person\/301c4acf522bccbfdb45af95b5b906a1","name":"Farn\u00e9sio","image":{"@type":"ImageObject","inLanguage":"pt-BR","@id":"https:\/\/secure.gravatar.com\/avatar\/df0c9a14567c056f8ad6876ba5bbd1e3e2c48023eb6807342fc4663adf549f38?s=96&d=mm&r=g","url":"https:\/\/secure.gravatar.com\/avatar\/df0c9a14567c056f8ad6876ba5bbd1e3e2c48023eb6807342fc4663adf549f38?s=96&d=mm&r=g","contentUrl":"https:\/\/secure.gravatar.com\/avatar\/df0c9a14567c056f8ad6876ba5bbd1e3e2c48023eb6807342fc4663adf549f38?s=96&d=mm&r=g","caption":"Farn\u00e9sio"},"sameAs":["https:\/\/quersaberpolitica.com.br"],"url":"https:\/\/blogdofarnesio.com.br\/?author=1"}]}},"_links":{"self":[{"href":"https:\/\/blogdofarnesio.com.br\/index.php?rest_route=\/wp\/v2\/posts\/293408","targetHints":{"allow":["GET"]}}],"collection":[{"href":"https:\/\/blogdofarnesio.com.br\/index.php?rest_route=\/wp\/v2\/posts"}],"about":[{"href":"https:\/\/blogdofarnesio.com.br\/index.php?rest_route=\/wp\/v2\/types\/post"}],"author":[{"embeddable":true,"href":"https:\/\/blogdofarnesio.com.br\/index.php?rest_route=\/wp\/v2\/users\/1"}],"replies":[{"embeddable":true,"href":"https:\/\/blogdofarnesio.com.br\/index.php?rest_route=%2Fwp%2Fv2%2Fcomments&post=293408"}],"version-history":[{"count":0,"href":"https:\/\/blogdofarnesio.com.br\/index.php?rest_route=\/wp\/v2\/posts\/293408\/revisions"}],"wp:featuredmedia":[{"embeddable":true,"href":"https:\/\/blogdofarnesio.com.br\/index.php?rest_route=\/wp\/v2\/media\/293411"}],"wp:attachment":[{"href":"https:\/\/blogdofarnesio.com.br\/index.php?rest_route=%2Fwp%2Fv2%2Fmedia&parent=293408"}],"wp:term":[{"taxonomy":"category","embeddable":true,"href":"https:\/\/blogdofarnesio.com.br\/index.php?rest_route=%2Fwp%2Fv2%2Fcategories&post=293408"},{"taxonomy":"post_tag","embeddable":true,"href":"https:\/\/blogdofarnesio.com.br\/index.php?rest_route=%2Fwp%2Fv2%2Ftags&post=293408"}],"curies":[{"name":"wp","href":"https:\/\/api.w.org\/{rel}","templated":true}]}}