{"id":293366,"date":"2021-08-17T10:03:22","date_gmt":"2021-08-17T13:03:22","guid":{"rendered":"https:\/\/quersaberpolitica.com.br\/?p=293366"},"modified":"2021-08-16T19:35:53","modified_gmt":"2021-08-16T22:35:53","slug":"opostos-que-se-atraem-visita-de-lula-a-pernambuco-sela-volta-do-casamento-nacional-entre-pt-e-psb","status":"publish","type":"post","link":"https:\/\/blogdofarnesio.com.br\/?p=293366","title":{"rendered":"Opostos que se atraem: Visita de Lula a Pernambuco sela volta do casamento nacional entre PT e PSB"},"content":{"rendered":"<header class=\"entry-header\"><\/header>\n<div class=\"entry-content\">\n<p>Iniciar em Pernambuco a tour que Lula far\u00e1 pelo Nordeste, com vistas \u00e0 montagem dos palanques para 2022, demonstra a import\u00e2ncia que o PSB tem no projeto do PT de voltar a governar o pa\u00eds. A retomada do casamento entre os dois partidos, que ainda sofrem resist\u00eancia por parte de n\u00facleos dos dois lados, foi sacramentada, ontem, em um jantar no Pal\u00e1cio do Campo das Princesas, entre Lula e o grupo que comanda n\u00e3o apenas o PSB local, mas tamb\u00e9m o nacional, formado pelos herdeiros do ex-governador Eduardo Campos.<\/p>\n<p>\u00c0 mesa com Lula, o senador Humberto Costa e a presidente nacional do PT, Gleisi Hoffmann, os anfitri\u00f5es, Paulo C\u00e2mara, atual governador de Pernambuco, Geraldo J\u00falio, futuro candidato a governador da Frente Popular, e Jo\u00e3o Campos, prefeito do Recife. Ficou acertado que o PSB, a despeito da resist\u00eancia dos diret\u00f3rios de S\u00e3o Paulo e Rio Grande do Sul, tradicionais na hierarquia socialista, vai caminhar com Lula o ano que vem j\u00e1 no primeiro turno. Com o PCdoB e o PSOL tamb\u00e9m no seu palanque, a candidatura petista vai agregar as principais for\u00e7as de esquerda do pa\u00eds, isolando o PDT de Ciro Gomes, que, sem muita op\u00e7\u00e3o, deve desidratar.<\/p>\n<p>Em troca, o PT vai apoiar o PSB em pra\u00e7as importantes para o partido. A principal delas, logicamente, \u00e9 Pernambuco. Isso significa dizer que teremos um petista compondo a chapa de Geraldo J\u00falio nas pr\u00f3ximas elei\u00e7\u00f5es, seja na vice, seja como candidato ao Senado. O aperto de m\u00e3os entre Lula e os l\u00edderes do PSB encerrou qualquer possibilidade de o PT lan\u00e7ar a deputada federal Mar\u00edlia Arraes (ou qualquer outro nome) ao Pal\u00e1cio do Campo das Princesas. A parlamentar, que resiste a se unir ao PSB, depois de ter sido execrada pelos socialistas, ano passado, na corrida pela Prefeitura do Recife, ter\u00e1 de sair da legenda se quiser concorrer ao governo.<\/p>\n<p>Nos bastidores, a informa\u00e7\u00e3o \u00e9 de que Mar\u00edlia n\u00e3o topa ser candidata ao Senado pela Frente Popular, tendo que dividir o palanque com o primo Jo\u00e3o e pedir votos para Geraldo J\u00falio. Se n\u00e3o deixar o PT para candidatar-se a governadora por outra legenda, Mar\u00edlia deve fazer campanha avulsa \u00e0 reelei\u00e7\u00e3o, ainda dentro do PT, mas sem apoiar Geraldo para governador. A avalia\u00e7\u00e3o no entorno da deputada \u00e9 que ela se reelege sem nem precisar sair de casa, praticamente, dado seu alto potencial de votos. Outro fator que refor\u00e7a a tese do caminho para a reelei\u00e7\u00e3o \u00e9 que Mar\u00edlia s\u00f3 toparia sair governadora caso a oposi\u00e7\u00e3o se unisse toda em torno do seu, o que n\u00e3o deve ocorrer.<\/p>\n<p>Sem Mar\u00edlia, o PT deve compor a chapa de Geraldo, indicando a vice. E esse nome sair\u00e1 do grupo do senador Humberto Costa, principal interlocutor com o PSB local. A tend\u00eancia \u00e9 que Humberto indique seu fiel escudeiro, Dilson Peixoto, ex-secret\u00e1rio estadual de Desenvolvimento Agr\u00e1rio. Mas, essa semana, surgiu \u00e0 bolsa de apostas o nome do ex-prefeito de Serra Talhada, Luciano Duque, que rompeu com o grupo de Mar\u00edlia para tentar se viabilizar junto a Humberto como o poss\u00edvel vice da Frente Popular. Corre por fora o deputado estadual Jo\u00e3o Paulo, outrora estrela petista, que retornou \u00e0 sigla depois de um per\u00edodo no PCdoB \u2013 o ex-prefeito do Recife tamb\u00e9m tem seu nome ligado \u00e0 disputa pela Casa Alta.<\/p>\n<p>Essa semana, a coluna FalaPE trouxe, com exclusividade, a possibilidade de o governador Paulo C\u00e2mara, um dos principais art\u00edfices do retorno do casamento PT-PSB, ser ministro em um eventual terceiro Governo Lula. Para isso, o atual chefe do Executivo pernambucano cumpriria seu mandato at\u00e9 o final, abrindo espa\u00e7o para Pedro Campos, irm\u00e3o de Jo\u00e3o, ser o candidato preferencial dos socialistas para deputado federal. Esse assunto, logicamente, tamb\u00e9m esteve no card\u00e1pio do jantar palaciano de ontem.<\/p>\n<p>Paulo C\u00e2mara, inclusive, tamb\u00e9m \u00e9 cotado para a vice de Lula; o que \u00e9 dif\u00edcil de ocorrer porque o companheiro de chapa do ex-presidente deve sair do Sudeste, e\/ou do mercado financeiro. Lula quer repetir a f\u00f3rmula que o elegeu em 2002, quando teve o empres\u00e1rio Jos\u00e9 Alencar, ent\u00e3o senador por Minas Gerais, seu candidato a vice. Com a volta do casamento resolvida, o dever de casa, agora, tanto de petistas quanto de socialistas, \u00e9 acalmar os focos de resist\u00eancia dentro dos respectivos partidos. Ainda que haja barulho e insatisfa\u00e7\u00e3o,\u00a0<strong>a decis\u00e3o est\u00e1 tomada.<\/strong><\/p>\n<p>FalaPE<\/p>\n<\/div>\n","protected":false},"excerpt":{"rendered":"<p>Iniciar em Pernambuco a tour que Lula far\u00e1 pelo Nordeste, com vistas \u00e0 montagem dos palanques para 2022, demonstra a import\u00e2ncia que o PSB tem no projeto do PT de voltar a governar o pa\u00eds. A retomada do casamento entre os dois partidos, que ainda sofrem resist\u00eancia por parte de n\u00facleos dos dois lados, foi sacramentada, ontem, em um jantar no Pal\u00e1cio do Campo das Princesas, entre Lula e o grupo que comanda n\u00e3o apenas o PSB local, mas tamb\u00e9m o nacional, formado pelos herdeiros do ex-governador Eduardo Campos. \u00c0 mesa com Lula, o senador Humberto Costa e a presidente nacional do PT, Gleisi Hoffmann, os anfitri\u00f5es, Paulo C\u00e2mara, atual governador de Pernambuco, Geraldo J\u00falio, futuro candidato a governador da&hellip; <\/p>\n","protected":false},"author":1,"featured_media":293367,"comment_status":"closed","ping_status":"closed","sticky":false,"template":"","format":"standard","meta":{"_acf_changed":false,"footnotes":""},"categories":[1],"tags":[],"class_list":["post-293366","post","type-post","status-publish","format-standard","has-post-thumbnail","hentry","category-politica"],"acf":[],"yoast_head":"<!-- This site is optimized with the Yoast SEO plugin v27.4 - https:\/\/yoast.com\/product\/yoast-seo-wordpress\/ -->\n<title>Opostos que se atraem: Visita de Lula a Pernambuco sela volta do casamento nacional entre PT e PSB - Blog do Farn\u00e9sio<\/title>\n<meta name=\"robots\" content=\"index, follow, max-snippet:-1, max-image-preview:large, max-video-preview:-1\" \/>\n<link rel=\"canonical\" href=\"http:\/\/blogdofarnesio.com.br\/?p=293366\" \/>\n<meta property=\"og:locale\" content=\"pt_BR\" \/>\n<meta property=\"og:type\" content=\"article\" \/>\n<meta property=\"og:title\" content=\"Opostos que se atraem: Visita de Lula a Pernambuco sela volta do casamento nacional entre PT e PSB - Blog do Farn\u00e9sio\" \/>\n<meta property=\"og:description\" content=\"Iniciar em Pernambuco a tour que Lula far\u00e1 pelo Nordeste, com vistas \u00e0 montagem dos palanques para 2022, demonstra a import\u00e2ncia que o PSB tem no projeto do PT de voltar a governar o pa\u00eds. A retomada do casamento entre os dois partidos, que ainda sofrem resist\u00eancia por parte de n\u00facleos dos dois lados, foi sacramentada, ontem, em um jantar no Pal\u00e1cio do Campo das Princesas, entre Lula e o grupo que comanda n\u00e3o apenas o PSB local, mas tamb\u00e9m o nacional, formado pelos herdeiros do ex-governador Eduardo Campos. \u00c0 mesa com Lula, o senador Humberto Costa e a presidente nacional do PT, Gleisi Hoffmann, os anfitri\u00f5es, Paulo C\u00e2mara, atual governador de Pernambuco, Geraldo J\u00falio, futuro candidato a governador da&hellip;\" \/>\n<meta property=\"og:url\" content=\"http:\/\/blogdofarnesio.com.br\/?p=293366\" \/>\n<meta property=\"og:site_name\" content=\"Blog do Farn\u00e9sio\" \/>\n<meta property=\"article:publisher\" content=\"https:\/\/www.facebook.com\/BlogQuerSaberPolitica\/\" \/>\n<meta property=\"article:published_time\" content=\"2021-08-17T13:03:22+00:00\" \/>\n<meta property=\"og:image\" content=\"http:\/\/blogdofarnesio.com.br\/wp-content\/uploads\/2021\/08\/blogqsppaulo-lula-joao-camara.jpg\" \/>\n\t<meta property=\"og:image:width\" content=\"768\" \/>\n\t<meta property=\"og:image:height\" content=\"511\" \/>\n\t<meta property=\"og:image:type\" content=\"image\/jpeg\" \/>\n<meta name=\"author\" content=\"Farn\u00e9sio\" \/>\n<meta name=\"twitter:card\" content=\"summary_large_image\" \/>\n<meta name=\"twitter:label1\" content=\"Escrito por\" \/>\n\t<meta name=\"twitter:data1\" content=\"Farn\u00e9sio\" \/>\n\t<meta name=\"twitter:label2\" content=\"Est. tempo de leitura\" \/>\n\t<meta name=\"twitter:data2\" content=\"4 minutos\" \/>\n<script type=\"application\/ld+json\" class=\"yoast-schema-graph\">{\"@context\":\"https:\\\/\\\/schema.org\",\"@graph\":[{\"@type\":\"Article\",\"@id\":\"http:\\\/\\\/blogdofarnesio.com.br\\\/?p=293366#article\",\"isPartOf\":{\"@id\":\"http:\\\/\\\/blogdofarnesio.com.br\\\/?p=293366\"},\"author\":{\"name\":\"Farn\u00e9sio\",\"@id\":\"https:\\\/\\\/blogdofarnesio.com.br\\\/#\\\/schema\\\/person\\\/301c4acf522bccbfdb45af95b5b906a1\"},\"headline\":\"Opostos que se atraem: Visita de Lula a Pernambuco sela volta do casamento nacional entre PT e PSB\",\"datePublished\":\"2021-08-17T13:03:22+00:00\",\"mainEntityOfPage\":{\"@id\":\"http:\\\/\\\/blogdofarnesio.com.br\\\/?p=293366\"},\"wordCount\":783,\"publisher\":{\"@id\":\"https:\\\/\\\/blogdofarnesio.com.br\\\/#organization\"},\"image\":{\"@id\":\"http:\\\/\\\/blogdofarnesio.com.br\\\/?p=293366#primaryimage\"},\"thumbnailUrl\":\"https:\\\/\\\/blogdofarnesio.com.br\\\/wp-content\\\/uploads\\\/2021\\\/08\\\/blogqsppaulo-lula-joao-camara.jpg\",\"articleSection\":[\"Pol\u00edtica\"],\"inLanguage\":\"pt-BR\"},{\"@type\":\"WebPage\",\"@id\":\"http:\\\/\\\/blogdofarnesio.com.br\\\/?p=293366\",\"url\":\"http:\\\/\\\/blogdofarnesio.com.br\\\/?p=293366\",\"name\":\"Opostos que se atraem: Visita de Lula a Pernambuco sela volta do casamento nacional entre PT e PSB - Blog do Farn\u00e9sio\",\"isPartOf\":{\"@id\":\"https:\\\/\\\/blogdofarnesio.com.br\\\/#website\"},\"primaryImageOfPage\":{\"@id\":\"http:\\\/\\\/blogdofarnesio.com.br\\\/?p=293366#primaryimage\"},\"image\":{\"@id\":\"http:\\\/\\\/blogdofarnesio.com.br\\\/?p=293366#primaryimage\"},\"thumbnailUrl\":\"https:\\\/\\\/blogdofarnesio.com.br\\\/wp-content\\\/uploads\\\/2021\\\/08\\\/blogqsppaulo-lula-joao-camara.jpg\",\"datePublished\":\"2021-08-17T13:03:22+00:00\",\"breadcrumb\":{\"@id\":\"http:\\\/\\\/blogdofarnesio.com.br\\\/?p=293366#breadcrumb\"},\"inLanguage\":\"pt-BR\",\"potentialAction\":[{\"@type\":\"ReadAction\",\"target\":[\"http:\\\/\\\/blogdofarnesio.com.br\\\/?p=293366\"]}]},{\"@type\":\"ImageObject\",\"inLanguage\":\"pt-BR\",\"@id\":\"http:\\\/\\\/blogdofarnesio.com.br\\\/?p=293366#primaryimage\",\"url\":\"https:\\\/\\\/blogdofarnesio.com.br\\\/wp-content\\\/uploads\\\/2021\\\/08\\\/blogqsppaulo-lula-joao-camara.jpg\",\"contentUrl\":\"https:\\\/\\\/blogdofarnesio.com.br\\\/wp-content\\\/uploads\\\/2021\\\/08\\\/blogqsppaulo-lula-joao-camara.jpg\",\"width\":768,\"height\":511},{\"@type\":\"BreadcrumbList\",\"@id\":\"http:\\\/\\\/blogdofarnesio.com.br\\\/?p=293366#breadcrumb\",\"itemListElement\":[{\"@type\":\"ListItem\",\"position\":1,\"name\":\"In\u00edcio\",\"item\":\"https:\\\/\\\/blogdofarnesio.com.br\\\/\"},{\"@type\":\"ListItem\",\"position\":2,\"name\":\"Opostos que se atraem: Visita de Lula a Pernambuco sela volta do casamento nacional entre PT e PSB\"}]},{\"@type\":\"WebSite\",\"@id\":\"https:\\\/\\\/blogdofarnesio.com.br\\\/#website\",\"url\":\"https:\\\/\\\/blogdofarnesio.com.br\\\/\",\"name\":\"Blog do Farn\u00e9sio\",\"description\":\"Quer Saber Pol\u00edtica?\",\"publisher\":{\"@id\":\"https:\\\/\\\/blogdofarnesio.com.br\\\/#organization\"},\"potentialAction\":[{\"@type\":\"SearchAction\",\"target\":{\"@type\":\"EntryPoint\",\"urlTemplate\":\"https:\\\/\\\/blogdofarnesio.com.br\\\/?s={search_term_string}\"},\"query-input\":{\"@type\":\"PropertyValueSpecification\",\"valueRequired\":true,\"valueName\":\"search_term_string\"}}],\"inLanguage\":\"pt-BR\"},{\"@type\":\"Organization\",\"@id\":\"https:\\\/\\\/blogdofarnesio.com.br\\\/#organization\",\"name\":\"Blog do Farn\u00e9sio\",\"url\":\"https:\\\/\\\/blogdofarnesio.com.br\\\/\",\"logo\":{\"@type\":\"ImageObject\",\"inLanguage\":\"pt-BR\",\"@id\":\"https:\\\/\\\/blogdofarnesio.com.br\\\/#\\\/schema\\\/logo\\\/image\\\/\",\"url\":\"https:\\\/\\\/blogdofarnesio.com.br\\\/wp-content\\\/uploads\\\/2026\\\/03\\\/cropped-logo_new-1.png\",\"contentUrl\":\"https:\\\/\\\/blogdofarnesio.com.br\\\/wp-content\\\/uploads\\\/2026\\\/03\\\/cropped-logo_new-1.png\",\"width\":881,\"height\":685,\"caption\":\"Blog do Farn\u00e9sio\"},\"image\":{\"@id\":\"https:\\\/\\\/blogdofarnesio.com.br\\\/#\\\/schema\\\/logo\\\/image\\\/\"},\"sameAs\":[\"https:\\\/\\\/www.facebook.com\\\/BlogQuerSaberPolitica\\\/\"]},{\"@type\":\"Person\",\"@id\":\"https:\\\/\\\/blogdofarnesio.com.br\\\/#\\\/schema\\\/person\\\/301c4acf522bccbfdb45af95b5b906a1\",\"name\":\"Farn\u00e9sio\",\"image\":{\"@type\":\"ImageObject\",\"inLanguage\":\"pt-BR\",\"@id\":\"https:\\\/\\\/secure.gravatar.com\\\/avatar\\\/df0c9a14567c056f8ad6876ba5bbd1e3e2c48023eb6807342fc4663adf549f38?s=96&d=mm&r=g\",\"url\":\"https:\\\/\\\/secure.gravatar.com\\\/avatar\\\/df0c9a14567c056f8ad6876ba5bbd1e3e2c48023eb6807342fc4663adf549f38?s=96&d=mm&r=g\",\"contentUrl\":\"https:\\\/\\\/secure.gravatar.com\\\/avatar\\\/df0c9a14567c056f8ad6876ba5bbd1e3e2c48023eb6807342fc4663adf549f38?s=96&d=mm&r=g\",\"caption\":\"Farn\u00e9sio\"},\"sameAs\":[\"https:\\\/\\\/quersaberpolitica.com.br\"],\"url\":\"https:\\\/\\\/blogdofarnesio.com.br\\\/?author=1\"}]}<\/script>\n<!-- \/ Yoast SEO plugin. -->","yoast_head_json":{"title":"Opostos que se atraem: Visita de Lula a Pernambuco sela volta do casamento nacional entre PT e PSB - Blog do Farn\u00e9sio","robots":{"index":"index","follow":"follow","max-snippet":"max-snippet:-1","max-image-preview":"max-image-preview:large","max-video-preview":"max-video-preview:-1"},"canonical":"http:\/\/blogdofarnesio.com.br\/?p=293366","og_locale":"pt_BR","og_type":"article","og_title":"Opostos que se atraem: Visita de Lula a Pernambuco sela volta do casamento nacional entre PT e PSB - Blog do Farn\u00e9sio","og_description":"Iniciar em Pernambuco a tour que Lula far\u00e1 pelo Nordeste, com vistas \u00e0 montagem dos palanques para 2022, demonstra a import\u00e2ncia que o PSB tem no projeto do PT de voltar a governar o pa\u00eds. A retomada do casamento entre os dois partidos, que ainda sofrem resist\u00eancia por parte de n\u00facleos dos dois lados, foi sacramentada, ontem, em um jantar no Pal\u00e1cio do Campo das Princesas, entre Lula e o grupo que comanda n\u00e3o apenas o PSB local, mas tamb\u00e9m o nacional, formado pelos herdeiros do ex-governador Eduardo Campos. \u00c0 mesa com Lula, o senador Humberto Costa e a presidente nacional do PT, Gleisi Hoffmann, os anfitri\u00f5es, Paulo C\u00e2mara, atual governador de Pernambuco, Geraldo J\u00falio, futuro candidato a governador da&hellip;","og_url":"http:\/\/blogdofarnesio.com.br\/?p=293366","og_site_name":"Blog do Farn\u00e9sio","article_publisher":"https:\/\/www.facebook.com\/BlogQuerSaberPolitica\/","article_published_time":"2021-08-17T13:03:22+00:00","og_image":[{"width":768,"height":511,"url":"http:\/\/blogdofarnesio.com.br\/wp-content\/uploads\/2021\/08\/blogqsppaulo-lula-joao-camara.jpg","type":"image\/jpeg"}],"author":"Farn\u00e9sio","twitter_card":"summary_large_image","twitter_misc":{"Escrito por":"Farn\u00e9sio","Est. tempo de leitura":"4 minutos"},"schema":{"@context":"https:\/\/schema.org","@graph":[{"@type":"Article","@id":"http:\/\/blogdofarnesio.com.br\/?p=293366#article","isPartOf":{"@id":"http:\/\/blogdofarnesio.com.br\/?p=293366"},"author":{"name":"Farn\u00e9sio","@id":"https:\/\/blogdofarnesio.com.br\/#\/schema\/person\/301c4acf522bccbfdb45af95b5b906a1"},"headline":"Opostos que se atraem: Visita de Lula a Pernambuco sela volta do casamento nacional entre PT e PSB","datePublished":"2021-08-17T13:03:22+00:00","mainEntityOfPage":{"@id":"http:\/\/blogdofarnesio.com.br\/?p=293366"},"wordCount":783,"publisher":{"@id":"https:\/\/blogdofarnesio.com.br\/#organization"},"image":{"@id":"http:\/\/blogdofarnesio.com.br\/?p=293366#primaryimage"},"thumbnailUrl":"https:\/\/blogdofarnesio.com.br\/wp-content\/uploads\/2021\/08\/blogqsppaulo-lula-joao-camara.jpg","articleSection":["Pol\u00edtica"],"inLanguage":"pt-BR"},{"@type":"WebPage","@id":"http:\/\/blogdofarnesio.com.br\/?p=293366","url":"http:\/\/blogdofarnesio.com.br\/?p=293366","name":"Opostos que se atraem: Visita de Lula a Pernambuco sela volta do casamento nacional entre PT e PSB - Blog do Farn\u00e9sio","isPartOf":{"@id":"https:\/\/blogdofarnesio.com.br\/#website"},"primaryImageOfPage":{"@id":"http:\/\/blogdofarnesio.com.br\/?p=293366#primaryimage"},"image":{"@id":"http:\/\/blogdofarnesio.com.br\/?p=293366#primaryimage"},"thumbnailUrl":"https:\/\/blogdofarnesio.com.br\/wp-content\/uploads\/2021\/08\/blogqsppaulo-lula-joao-camara.jpg","datePublished":"2021-08-17T13:03:22+00:00","breadcrumb":{"@id":"http:\/\/blogdofarnesio.com.br\/?p=293366#breadcrumb"},"inLanguage":"pt-BR","potentialAction":[{"@type":"ReadAction","target":["http:\/\/blogdofarnesio.com.br\/?p=293366"]}]},{"@type":"ImageObject","inLanguage":"pt-BR","@id":"http:\/\/blogdofarnesio.com.br\/?p=293366#primaryimage","url":"https:\/\/blogdofarnesio.com.br\/wp-content\/uploads\/2021\/08\/blogqsppaulo-lula-joao-camara.jpg","contentUrl":"https:\/\/blogdofarnesio.com.br\/wp-content\/uploads\/2021\/08\/blogqsppaulo-lula-joao-camara.jpg","width":768,"height":511},{"@type":"BreadcrumbList","@id":"http:\/\/blogdofarnesio.com.br\/?p=293366#breadcrumb","itemListElement":[{"@type":"ListItem","position":1,"name":"In\u00edcio","item":"https:\/\/blogdofarnesio.com.br\/"},{"@type":"ListItem","position":2,"name":"Opostos que se atraem: Visita de Lula a Pernambuco sela volta do casamento nacional entre PT e PSB"}]},{"@type":"WebSite","@id":"https:\/\/blogdofarnesio.com.br\/#website","url":"https:\/\/blogdofarnesio.com.br\/","name":"Blog do Farn\u00e9sio","description":"Quer Saber Pol\u00edtica?","publisher":{"@id":"https:\/\/blogdofarnesio.com.br\/#organization"},"potentialAction":[{"@type":"SearchAction","target":{"@type":"EntryPoint","urlTemplate":"https:\/\/blogdofarnesio.com.br\/?s={search_term_string}"},"query-input":{"@type":"PropertyValueSpecification","valueRequired":true,"valueName":"search_term_string"}}],"inLanguage":"pt-BR"},{"@type":"Organization","@id":"https:\/\/blogdofarnesio.com.br\/#organization","name":"Blog do Farn\u00e9sio","url":"https:\/\/blogdofarnesio.com.br\/","logo":{"@type":"ImageObject","inLanguage":"pt-BR","@id":"https:\/\/blogdofarnesio.com.br\/#\/schema\/logo\/image\/","url":"https:\/\/blogdofarnesio.com.br\/wp-content\/uploads\/2026\/03\/cropped-logo_new-1.png","contentUrl":"https:\/\/blogdofarnesio.com.br\/wp-content\/uploads\/2026\/03\/cropped-logo_new-1.png","width":881,"height":685,"caption":"Blog do Farn\u00e9sio"},"image":{"@id":"https:\/\/blogdofarnesio.com.br\/#\/schema\/logo\/image\/"},"sameAs":["https:\/\/www.facebook.com\/BlogQuerSaberPolitica\/"]},{"@type":"Person","@id":"https:\/\/blogdofarnesio.com.br\/#\/schema\/person\/301c4acf522bccbfdb45af95b5b906a1","name":"Farn\u00e9sio","image":{"@type":"ImageObject","inLanguage":"pt-BR","@id":"https:\/\/secure.gravatar.com\/avatar\/df0c9a14567c056f8ad6876ba5bbd1e3e2c48023eb6807342fc4663adf549f38?s=96&d=mm&r=g","url":"https:\/\/secure.gravatar.com\/avatar\/df0c9a14567c056f8ad6876ba5bbd1e3e2c48023eb6807342fc4663adf549f38?s=96&d=mm&r=g","contentUrl":"https:\/\/secure.gravatar.com\/avatar\/df0c9a14567c056f8ad6876ba5bbd1e3e2c48023eb6807342fc4663adf549f38?s=96&d=mm&r=g","caption":"Farn\u00e9sio"},"sameAs":["https:\/\/quersaberpolitica.com.br"],"url":"https:\/\/blogdofarnesio.com.br\/?author=1"}]}},"_links":{"self":[{"href":"https:\/\/blogdofarnesio.com.br\/index.php?rest_route=\/wp\/v2\/posts\/293366","targetHints":{"allow":["GET"]}}],"collection":[{"href":"https:\/\/blogdofarnesio.com.br\/index.php?rest_route=\/wp\/v2\/posts"}],"about":[{"href":"https:\/\/blogdofarnesio.com.br\/index.php?rest_route=\/wp\/v2\/types\/post"}],"author":[{"embeddable":true,"href":"https:\/\/blogdofarnesio.com.br\/index.php?rest_route=\/wp\/v2\/users\/1"}],"replies":[{"embeddable":true,"href":"https:\/\/blogdofarnesio.com.br\/index.php?rest_route=%2Fwp%2Fv2%2Fcomments&post=293366"}],"version-history":[{"count":0,"href":"https:\/\/blogdofarnesio.com.br\/index.php?rest_route=\/wp\/v2\/posts\/293366\/revisions"}],"wp:featuredmedia":[{"embeddable":true,"href":"https:\/\/blogdofarnesio.com.br\/index.php?rest_route=\/wp\/v2\/media\/293367"}],"wp:attachment":[{"href":"https:\/\/blogdofarnesio.com.br\/index.php?rest_route=%2Fwp%2Fv2%2Fmedia&parent=293366"}],"wp:term":[{"taxonomy":"category","embeddable":true,"href":"https:\/\/blogdofarnesio.com.br\/index.php?rest_route=%2Fwp%2Fv2%2Fcategories&post=293366"},{"taxonomy":"post_tag","embeddable":true,"href":"https:\/\/blogdofarnesio.com.br\/index.php?rest_route=%2Fwp%2Fv2%2Ftags&post=293366"}],"curies":[{"name":"wp","href":"https:\/\/api.w.org\/{rel}","templated":true}]}}