{"id":293359,"date":"2021-08-17T09:23:42","date_gmt":"2021-08-17T12:23:42","guid":{"rendered":"https:\/\/quersaberpolitica.com.br\/?p=293359"},"modified":"2021-08-16T19:27:50","modified_gmt":"2021-08-16T22:27:50","slug":"recuperacao-de-sinalizacao-de-transito-alvo-de-vandalismo-custa-caro-aos-cofres-da-prefeitura-de-juazeiro","status":"publish","type":"post","link":"https:\/\/blogdofarnesio.com.br\/?p=293359","title":{"rendered":"Recupera\u00e7\u00e3o de sinaliza\u00e7\u00e3o de tr\u00e2nsito alvo de vandalismo custa caro aos cofres da Prefeitura de Juazeiro"},"content":{"rendered":"<p dir=\"ltr\">Placas de tr\u00e2nsito furtadas, amassadas e pichadas. Remo\u00e7\u00e3o de materiais para interdi\u00e7\u00e3o de vias. Infelizmente, o patrim\u00f4nio p\u00fablico de Juazeiro foi alvo de mais vandalismos nos \u00faltimos dias, mesmo com o refor\u00e7o na fiscaliza\u00e7\u00e3o por parte da Prefeitura Municipal, com o apoio da popula\u00e7\u00e3o que denuncia.<\/p>\n<p dir=\"ltr\">De acordo com o setor de engenharia de tr\u00e1fego da Companhia de Seguran\u00e7a, Tr\u00e2nsito e Transporte (CSTT), cerca de 98 placas de tr\u00e2nsito foram danificadas este ano. O que tem prejudicado e trazido inseguran\u00e7a em algumas vias com tr\u00e2nsito intenso e que necessitam de sinaliza\u00e7\u00e3o, como por exemplo na interdi\u00e7\u00e3o do acesso da antiga garagem da S\u00e3o Lu\u00eds, em que o gelo baiano foi removido. At\u00e9 o momento foram investidos cerca de R$ 42 mil.<\/p>\n<p dir=\"ltr\"><i>&#8220;Nossas equipes est\u00e3o atentas para evitar que esse tipo de crime prejudique ainda mais a popula\u00e7\u00e3o, mas pedimos que cada um fa\u00e7a a sua parte, denuncie, n\u00e3o degradem os bens p\u00fablicos, pois o dinheiro investido na recoloca\u00e7\u00e3o poderia estar sendo empregado em outros locais&#8221;<\/i>, explicou o diretor presidente da CSTT, Ten\u00f3rio Filho.<\/p>\n<p dir=\"ltr\"><b>Vandalismo \u00e9 crime<\/b><\/p>\n<p dir=\"ltr\">O crime de vandalismo est\u00e1 previsto no artigo 163, par\u00e1grafo \u00fanico, inciso III, do C\u00f3digo Penal Brasileiro, o autor do delito fica sujeito \u00e0 pris\u00e3o e multa, por danos ao patrim\u00f4nio p\u00fablico. Caso a popula\u00e7\u00e3o presencie alguma a\u00e7\u00e3o suspeita, denuncie a Guarda Civil Municipal pelos n\u00fameros 153 e (74) 3611-9880 ou a Pol\u00edcia Militar no 190.<\/p>\n<p dir=\"ltr\">Texto: Thamires Santos &#8211; assessora de imprensa da CSTT\/ Ascom PMJ.<\/p>\n","protected":false},"excerpt":{"rendered":"<p>Placas de tr\u00e2nsito furtadas, amassadas e pichadas. Remo\u00e7\u00e3o de materiais para interdi\u00e7\u00e3o de vias. Infelizmente, o patrim\u00f4nio p\u00fablico de Juazeiro foi alvo de mais vandalismos nos \u00faltimos dias, mesmo com o refor\u00e7o na fiscaliza\u00e7\u00e3o por parte da Prefeitura Municipal, com o apoio da popula\u00e7\u00e3o que denuncia. De acordo com o setor de engenharia de tr\u00e1fego da Companhia de Seguran\u00e7a, Tr\u00e2nsito e Transporte (CSTT), cerca de 98 placas de tr\u00e2nsito foram danificadas este ano. O que tem prejudicado e trazido inseguran\u00e7a em algumas vias com tr\u00e2nsito intenso e que necessitam de sinaliza\u00e7\u00e3o, como por exemplo na interdi\u00e7\u00e3o do acesso da antiga garagem da S\u00e3o Lu\u00eds, em que o gelo baiano foi removido. At\u00e9 o momento foram investidos cerca de R$ 42&hellip; <\/p>\n","protected":false},"author":1,"featured_media":293361,"comment_status":"closed","ping_status":"closed","sticky":false,"template":"","format":"standard","meta":{"_acf_changed":false,"footnotes":""},"categories":[21],"tags":[],"class_list":["post-293359","post","type-post","status-publish","format-standard","has-post-thumbnail","hentry","category-transito"],"acf":[],"yoast_head":"<!-- This site is optimized with the Yoast SEO plugin v27.4 - https:\/\/yoast.com\/product\/yoast-seo-wordpress\/ -->\n<title>Recupera\u00e7\u00e3o de sinaliza\u00e7\u00e3o de tr\u00e2nsito alvo de vandalismo custa caro aos cofres da Prefeitura de Juazeiro - Blog do Farn\u00e9sio<\/title>\n<meta name=\"robots\" content=\"index, follow, max-snippet:-1, max-image-preview:large, max-video-preview:-1\" \/>\n<link rel=\"canonical\" href=\"http:\/\/blogdofarnesio.com.br\/?p=293359\" \/>\n<meta property=\"og:locale\" content=\"pt_BR\" \/>\n<meta property=\"og:type\" content=\"article\" \/>\n<meta property=\"og:title\" content=\"Recupera\u00e7\u00e3o de sinaliza\u00e7\u00e3o de tr\u00e2nsito alvo de vandalismo custa caro aos cofres da Prefeitura de Juazeiro - Blog do Farn\u00e9sio\" \/>\n<meta property=\"og:description\" content=\"Placas de tr\u00e2nsito furtadas, amassadas e pichadas. Remo\u00e7\u00e3o de materiais para interdi\u00e7\u00e3o de vias. Infelizmente, o patrim\u00f4nio p\u00fablico de Juazeiro foi alvo de mais vandalismos nos \u00faltimos dias, mesmo com o refor\u00e7o na fiscaliza\u00e7\u00e3o por parte da Prefeitura Municipal, com o apoio da popula\u00e7\u00e3o que denuncia. De acordo com o setor de engenharia de tr\u00e1fego da Companhia de Seguran\u00e7a, Tr\u00e2nsito e Transporte (CSTT), cerca de 98 placas de tr\u00e2nsito foram danificadas este ano. O que tem prejudicado e trazido inseguran\u00e7a em algumas vias com tr\u00e2nsito intenso e que necessitam de sinaliza\u00e7\u00e3o, como por exemplo na interdi\u00e7\u00e3o do acesso da antiga garagem da S\u00e3o Lu\u00eds, em que o gelo baiano foi removido. At\u00e9 o momento foram investidos cerca de R$ 42&hellip;\" \/>\n<meta property=\"og:url\" content=\"http:\/\/blogdofarnesio.com.br\/?p=293359\" \/>\n<meta property=\"og:site_name\" content=\"Blog do Farn\u00e9sio\" \/>\n<meta property=\"article:publisher\" content=\"https:\/\/www.facebook.com\/BlogQuerSaberPolitica\/\" \/>\n<meta property=\"article:published_time\" content=\"2021-08-17T12:23:42+00:00\" \/>\n<meta property=\"og:image\" content=\"http:\/\/blogdofarnesio.com.br\/wp-content\/uploads\/2021\/08\/blogqspjua-sinalizacao-alvo-de-vandalismo-1-e1629152833525.jpeg\" \/>\n\t<meta property=\"og:image:width\" content=\"558\" \/>\n\t<meta property=\"og:image:height\" content=\"358\" \/>\n\t<meta property=\"og:image:type\" content=\"image\/jpeg\" \/>\n<meta name=\"author\" content=\"Farn\u00e9sio\" \/>\n<meta name=\"twitter:card\" content=\"summary_large_image\" \/>\n<meta name=\"twitter:label1\" content=\"Escrito por\" \/>\n\t<meta name=\"twitter:data1\" content=\"Farn\u00e9sio\" \/>\n\t<meta name=\"twitter:label2\" content=\"Est. tempo de leitura\" \/>\n\t<meta name=\"twitter:data2\" content=\"1 minuto\" \/>\n<script type=\"application\/ld+json\" class=\"yoast-schema-graph\">{\"@context\":\"https:\\\/\\\/schema.org\",\"@graph\":[{\"@type\":\"Article\",\"@id\":\"http:\\\/\\\/blogdofarnesio.com.br\\\/?p=293359#article\",\"isPartOf\":{\"@id\":\"http:\\\/\\\/blogdofarnesio.com.br\\\/?p=293359\"},\"author\":{\"name\":\"Farn\u00e9sio\",\"@id\":\"https:\\\/\\\/blogdofarnesio.com.br\\\/#\\\/schema\\\/person\\\/301c4acf522bccbfdb45af95b5b906a1\"},\"headline\":\"Recupera\u00e7\u00e3o de sinaliza\u00e7\u00e3o de tr\u00e2nsito alvo de vandalismo custa caro aos cofres da Prefeitura de Juazeiro\",\"datePublished\":\"2021-08-17T12:23:42+00:00\",\"mainEntityOfPage\":{\"@id\":\"http:\\\/\\\/blogdofarnesio.com.br\\\/?p=293359\"},\"wordCount\":288,\"publisher\":{\"@id\":\"https:\\\/\\\/blogdofarnesio.com.br\\\/#organization\"},\"image\":{\"@id\":\"http:\\\/\\\/blogdofarnesio.com.br\\\/?p=293359#primaryimage\"},\"thumbnailUrl\":\"https:\\\/\\\/blogdofarnesio.com.br\\\/wp-content\\\/uploads\\\/2021\\\/08\\\/blogqspjua-sinalizacao-alvo-de-vandalismo-1-e1629152833525.jpeg\",\"articleSection\":[\"Tr\u00e2nsito\"],\"inLanguage\":\"pt-BR\"},{\"@type\":\"WebPage\",\"@id\":\"http:\\\/\\\/blogdofarnesio.com.br\\\/?p=293359\",\"url\":\"http:\\\/\\\/blogdofarnesio.com.br\\\/?p=293359\",\"name\":\"Recupera\u00e7\u00e3o de sinaliza\u00e7\u00e3o de tr\u00e2nsito alvo de vandalismo custa caro aos cofres da Prefeitura de Juazeiro - Blog do Farn\u00e9sio\",\"isPartOf\":{\"@id\":\"https:\\\/\\\/blogdofarnesio.com.br\\\/#website\"},\"primaryImageOfPage\":{\"@id\":\"http:\\\/\\\/blogdofarnesio.com.br\\\/?p=293359#primaryimage\"},\"image\":{\"@id\":\"http:\\\/\\\/blogdofarnesio.com.br\\\/?p=293359#primaryimage\"},\"thumbnailUrl\":\"https:\\\/\\\/blogdofarnesio.com.br\\\/wp-content\\\/uploads\\\/2021\\\/08\\\/blogqspjua-sinalizacao-alvo-de-vandalismo-1-e1629152833525.jpeg\",\"datePublished\":\"2021-08-17T12:23:42+00:00\",\"breadcrumb\":{\"@id\":\"http:\\\/\\\/blogdofarnesio.com.br\\\/?p=293359#breadcrumb\"},\"inLanguage\":\"pt-BR\",\"potentialAction\":[{\"@type\":\"ReadAction\",\"target\":[\"http:\\\/\\\/blogdofarnesio.com.br\\\/?p=293359\"]}]},{\"@type\":\"ImageObject\",\"inLanguage\":\"pt-BR\",\"@id\":\"http:\\\/\\\/blogdofarnesio.com.br\\\/?p=293359#primaryimage\",\"url\":\"https:\\\/\\\/blogdofarnesio.com.br\\\/wp-content\\\/uploads\\\/2021\\\/08\\\/blogqspjua-sinalizacao-alvo-de-vandalismo-1-e1629152833525.jpeg\",\"contentUrl\":\"https:\\\/\\\/blogdofarnesio.com.br\\\/wp-content\\\/uploads\\\/2021\\\/08\\\/blogqspjua-sinalizacao-alvo-de-vandalismo-1-e1629152833525.jpeg\",\"width\":558,\"height\":358},{\"@type\":\"BreadcrumbList\",\"@id\":\"http:\\\/\\\/blogdofarnesio.com.br\\\/?p=293359#breadcrumb\",\"itemListElement\":[{\"@type\":\"ListItem\",\"position\":1,\"name\":\"In\u00edcio\",\"item\":\"https:\\\/\\\/blogdofarnesio.com.br\\\/\"},{\"@type\":\"ListItem\",\"position\":2,\"name\":\"Recupera\u00e7\u00e3o de sinaliza\u00e7\u00e3o de tr\u00e2nsito alvo de vandalismo custa caro aos cofres da Prefeitura de Juazeiro\"}]},{\"@type\":\"WebSite\",\"@id\":\"https:\\\/\\\/blogdofarnesio.com.br\\\/#website\",\"url\":\"https:\\\/\\\/blogdofarnesio.com.br\\\/\",\"name\":\"Blog do Farn\u00e9sio\",\"description\":\"Quer Saber Pol\u00edtica?\",\"publisher\":{\"@id\":\"https:\\\/\\\/blogdofarnesio.com.br\\\/#organization\"},\"potentialAction\":[{\"@type\":\"SearchAction\",\"target\":{\"@type\":\"EntryPoint\",\"urlTemplate\":\"https:\\\/\\\/blogdofarnesio.com.br\\\/?s={search_term_string}\"},\"query-input\":{\"@type\":\"PropertyValueSpecification\",\"valueRequired\":true,\"valueName\":\"search_term_string\"}}],\"inLanguage\":\"pt-BR\"},{\"@type\":\"Organization\",\"@id\":\"https:\\\/\\\/blogdofarnesio.com.br\\\/#organization\",\"name\":\"Blog do Farn\u00e9sio\",\"url\":\"https:\\\/\\\/blogdofarnesio.com.br\\\/\",\"logo\":{\"@type\":\"ImageObject\",\"inLanguage\":\"pt-BR\",\"@id\":\"https:\\\/\\\/blogdofarnesio.com.br\\\/#\\\/schema\\\/logo\\\/image\\\/\",\"url\":\"https:\\\/\\\/blogdofarnesio.com.br\\\/wp-content\\\/uploads\\\/2026\\\/03\\\/cropped-logo_new-1.png\",\"contentUrl\":\"https:\\\/\\\/blogdofarnesio.com.br\\\/wp-content\\\/uploads\\\/2026\\\/03\\\/cropped-logo_new-1.png\",\"width\":881,\"height\":685,\"caption\":\"Blog do Farn\u00e9sio\"},\"image\":{\"@id\":\"https:\\\/\\\/blogdofarnesio.com.br\\\/#\\\/schema\\\/logo\\\/image\\\/\"},\"sameAs\":[\"https:\\\/\\\/www.facebook.com\\\/BlogQuerSaberPolitica\\\/\"]},{\"@type\":\"Person\",\"@id\":\"https:\\\/\\\/blogdofarnesio.com.br\\\/#\\\/schema\\\/person\\\/301c4acf522bccbfdb45af95b5b906a1\",\"name\":\"Farn\u00e9sio\",\"image\":{\"@type\":\"ImageObject\",\"inLanguage\":\"pt-BR\",\"@id\":\"https:\\\/\\\/secure.gravatar.com\\\/avatar\\\/df0c9a14567c056f8ad6876ba5bbd1e3e2c48023eb6807342fc4663adf549f38?s=96&d=mm&r=g\",\"url\":\"https:\\\/\\\/secure.gravatar.com\\\/avatar\\\/df0c9a14567c056f8ad6876ba5bbd1e3e2c48023eb6807342fc4663adf549f38?s=96&d=mm&r=g\",\"contentUrl\":\"https:\\\/\\\/secure.gravatar.com\\\/avatar\\\/df0c9a14567c056f8ad6876ba5bbd1e3e2c48023eb6807342fc4663adf549f38?s=96&d=mm&r=g\",\"caption\":\"Farn\u00e9sio\"},\"sameAs\":[\"https:\\\/\\\/quersaberpolitica.com.br\"],\"url\":\"https:\\\/\\\/blogdofarnesio.com.br\\\/?author=1\"}]}<\/script>\n<!-- \/ Yoast SEO plugin. -->","yoast_head_json":{"title":"Recupera\u00e7\u00e3o de sinaliza\u00e7\u00e3o de tr\u00e2nsito alvo de vandalismo custa caro aos cofres da Prefeitura de Juazeiro - Blog do Farn\u00e9sio","robots":{"index":"index","follow":"follow","max-snippet":"max-snippet:-1","max-image-preview":"max-image-preview:large","max-video-preview":"max-video-preview:-1"},"canonical":"http:\/\/blogdofarnesio.com.br\/?p=293359","og_locale":"pt_BR","og_type":"article","og_title":"Recupera\u00e7\u00e3o de sinaliza\u00e7\u00e3o de tr\u00e2nsito alvo de vandalismo custa caro aos cofres da Prefeitura de Juazeiro - Blog do Farn\u00e9sio","og_description":"Placas de tr\u00e2nsito furtadas, amassadas e pichadas. Remo\u00e7\u00e3o de materiais para interdi\u00e7\u00e3o de vias. Infelizmente, o patrim\u00f4nio p\u00fablico de Juazeiro foi alvo de mais vandalismos nos \u00faltimos dias, mesmo com o refor\u00e7o na fiscaliza\u00e7\u00e3o por parte da Prefeitura Municipal, com o apoio da popula\u00e7\u00e3o que denuncia. De acordo com o setor de engenharia de tr\u00e1fego da Companhia de Seguran\u00e7a, Tr\u00e2nsito e Transporte (CSTT), cerca de 98 placas de tr\u00e2nsito foram danificadas este ano. O que tem prejudicado e trazido inseguran\u00e7a em algumas vias com tr\u00e2nsito intenso e que necessitam de sinaliza\u00e7\u00e3o, como por exemplo na interdi\u00e7\u00e3o do acesso da antiga garagem da S\u00e3o Lu\u00eds, em que o gelo baiano foi removido. At\u00e9 o momento foram investidos cerca de R$ 42&hellip;","og_url":"http:\/\/blogdofarnesio.com.br\/?p=293359","og_site_name":"Blog do Farn\u00e9sio","article_publisher":"https:\/\/www.facebook.com\/BlogQuerSaberPolitica\/","article_published_time":"2021-08-17T12:23:42+00:00","og_image":[{"width":558,"height":358,"url":"http:\/\/blogdofarnesio.com.br\/wp-content\/uploads\/2021\/08\/blogqspjua-sinalizacao-alvo-de-vandalismo-1-e1629152833525.jpeg","type":"image\/jpeg"}],"author":"Farn\u00e9sio","twitter_card":"summary_large_image","twitter_misc":{"Escrito por":"Farn\u00e9sio","Est. tempo de leitura":"1 minuto"},"schema":{"@context":"https:\/\/schema.org","@graph":[{"@type":"Article","@id":"http:\/\/blogdofarnesio.com.br\/?p=293359#article","isPartOf":{"@id":"http:\/\/blogdofarnesio.com.br\/?p=293359"},"author":{"name":"Farn\u00e9sio","@id":"https:\/\/blogdofarnesio.com.br\/#\/schema\/person\/301c4acf522bccbfdb45af95b5b906a1"},"headline":"Recupera\u00e7\u00e3o de sinaliza\u00e7\u00e3o de tr\u00e2nsito alvo de vandalismo custa caro aos cofres da Prefeitura de Juazeiro","datePublished":"2021-08-17T12:23:42+00:00","mainEntityOfPage":{"@id":"http:\/\/blogdofarnesio.com.br\/?p=293359"},"wordCount":288,"publisher":{"@id":"https:\/\/blogdofarnesio.com.br\/#organization"},"image":{"@id":"http:\/\/blogdofarnesio.com.br\/?p=293359#primaryimage"},"thumbnailUrl":"https:\/\/blogdofarnesio.com.br\/wp-content\/uploads\/2021\/08\/blogqspjua-sinalizacao-alvo-de-vandalismo-1-e1629152833525.jpeg","articleSection":["Tr\u00e2nsito"],"inLanguage":"pt-BR"},{"@type":"WebPage","@id":"http:\/\/blogdofarnesio.com.br\/?p=293359","url":"http:\/\/blogdofarnesio.com.br\/?p=293359","name":"Recupera\u00e7\u00e3o de sinaliza\u00e7\u00e3o de tr\u00e2nsito alvo de vandalismo custa caro aos cofres da Prefeitura de Juazeiro - Blog do Farn\u00e9sio","isPartOf":{"@id":"https:\/\/blogdofarnesio.com.br\/#website"},"primaryImageOfPage":{"@id":"http:\/\/blogdofarnesio.com.br\/?p=293359#primaryimage"},"image":{"@id":"http:\/\/blogdofarnesio.com.br\/?p=293359#primaryimage"},"thumbnailUrl":"https:\/\/blogdofarnesio.com.br\/wp-content\/uploads\/2021\/08\/blogqspjua-sinalizacao-alvo-de-vandalismo-1-e1629152833525.jpeg","datePublished":"2021-08-17T12:23:42+00:00","breadcrumb":{"@id":"http:\/\/blogdofarnesio.com.br\/?p=293359#breadcrumb"},"inLanguage":"pt-BR","potentialAction":[{"@type":"ReadAction","target":["http:\/\/blogdofarnesio.com.br\/?p=293359"]}]},{"@type":"ImageObject","inLanguage":"pt-BR","@id":"http:\/\/blogdofarnesio.com.br\/?p=293359#primaryimage","url":"https:\/\/blogdofarnesio.com.br\/wp-content\/uploads\/2021\/08\/blogqspjua-sinalizacao-alvo-de-vandalismo-1-e1629152833525.jpeg","contentUrl":"https:\/\/blogdofarnesio.com.br\/wp-content\/uploads\/2021\/08\/blogqspjua-sinalizacao-alvo-de-vandalismo-1-e1629152833525.jpeg","width":558,"height":358},{"@type":"BreadcrumbList","@id":"http:\/\/blogdofarnesio.com.br\/?p=293359#breadcrumb","itemListElement":[{"@type":"ListItem","position":1,"name":"In\u00edcio","item":"https:\/\/blogdofarnesio.com.br\/"},{"@type":"ListItem","position":2,"name":"Recupera\u00e7\u00e3o de sinaliza\u00e7\u00e3o de tr\u00e2nsito alvo de vandalismo custa caro aos cofres da Prefeitura de Juazeiro"}]},{"@type":"WebSite","@id":"https:\/\/blogdofarnesio.com.br\/#website","url":"https:\/\/blogdofarnesio.com.br\/","name":"Blog do Farn\u00e9sio","description":"Quer Saber Pol\u00edtica?","publisher":{"@id":"https:\/\/blogdofarnesio.com.br\/#organization"},"potentialAction":[{"@type":"SearchAction","target":{"@type":"EntryPoint","urlTemplate":"https:\/\/blogdofarnesio.com.br\/?s={search_term_string}"},"query-input":{"@type":"PropertyValueSpecification","valueRequired":true,"valueName":"search_term_string"}}],"inLanguage":"pt-BR"},{"@type":"Organization","@id":"https:\/\/blogdofarnesio.com.br\/#organization","name":"Blog do Farn\u00e9sio","url":"https:\/\/blogdofarnesio.com.br\/","logo":{"@type":"ImageObject","inLanguage":"pt-BR","@id":"https:\/\/blogdofarnesio.com.br\/#\/schema\/logo\/image\/","url":"https:\/\/blogdofarnesio.com.br\/wp-content\/uploads\/2026\/03\/cropped-logo_new-1.png","contentUrl":"https:\/\/blogdofarnesio.com.br\/wp-content\/uploads\/2026\/03\/cropped-logo_new-1.png","width":881,"height":685,"caption":"Blog do Farn\u00e9sio"},"image":{"@id":"https:\/\/blogdofarnesio.com.br\/#\/schema\/logo\/image\/"},"sameAs":["https:\/\/www.facebook.com\/BlogQuerSaberPolitica\/"]},{"@type":"Person","@id":"https:\/\/blogdofarnesio.com.br\/#\/schema\/person\/301c4acf522bccbfdb45af95b5b906a1","name":"Farn\u00e9sio","image":{"@type":"ImageObject","inLanguage":"pt-BR","@id":"https:\/\/secure.gravatar.com\/avatar\/df0c9a14567c056f8ad6876ba5bbd1e3e2c48023eb6807342fc4663adf549f38?s=96&d=mm&r=g","url":"https:\/\/secure.gravatar.com\/avatar\/df0c9a14567c056f8ad6876ba5bbd1e3e2c48023eb6807342fc4663adf549f38?s=96&d=mm&r=g","contentUrl":"https:\/\/secure.gravatar.com\/avatar\/df0c9a14567c056f8ad6876ba5bbd1e3e2c48023eb6807342fc4663adf549f38?s=96&d=mm&r=g","caption":"Farn\u00e9sio"},"sameAs":["https:\/\/quersaberpolitica.com.br"],"url":"https:\/\/blogdofarnesio.com.br\/?author=1"}]}},"_links":{"self":[{"href":"https:\/\/blogdofarnesio.com.br\/index.php?rest_route=\/wp\/v2\/posts\/293359","targetHints":{"allow":["GET"]}}],"collection":[{"href":"https:\/\/blogdofarnesio.com.br\/index.php?rest_route=\/wp\/v2\/posts"}],"about":[{"href":"https:\/\/blogdofarnesio.com.br\/index.php?rest_route=\/wp\/v2\/types\/post"}],"author":[{"embeddable":true,"href":"https:\/\/blogdofarnesio.com.br\/index.php?rest_route=\/wp\/v2\/users\/1"}],"replies":[{"embeddable":true,"href":"https:\/\/blogdofarnesio.com.br\/index.php?rest_route=%2Fwp%2Fv2%2Fcomments&post=293359"}],"version-history":[{"count":0,"href":"https:\/\/blogdofarnesio.com.br\/index.php?rest_route=\/wp\/v2\/posts\/293359\/revisions"}],"wp:featuredmedia":[{"embeddable":true,"href":"https:\/\/blogdofarnesio.com.br\/index.php?rest_route=\/wp\/v2\/media\/293361"}],"wp:attachment":[{"href":"https:\/\/blogdofarnesio.com.br\/index.php?rest_route=%2Fwp%2Fv2%2Fmedia&parent=293359"}],"wp:term":[{"taxonomy":"category","embeddable":true,"href":"https:\/\/blogdofarnesio.com.br\/index.php?rest_route=%2Fwp%2Fv2%2Fcategories&post=293359"},{"taxonomy":"post_tag","embeddable":true,"href":"https:\/\/blogdofarnesio.com.br\/index.php?rest_route=%2Fwp%2Fv2%2Ftags&post=293359"}],"curies":[{"name":"wp","href":"https:\/\/api.w.org\/{rel}","templated":true}]}}