{"id":293341,"date":"2021-08-17T07:42:18","date_gmt":"2021-08-17T10:42:18","guid":{"rendered":"https:\/\/quersaberpolitica.com.br\/?p=293341"},"modified":"2021-08-16T20:02:51","modified_gmt":"2021-08-16T23:02:51","slug":"juazeiro-vacina-hoje-e-amanha-comunidades-do-interior-com-a-1a-dose-na-cidade-vacinacao-apenas-da-2a-dose","status":"publish","type":"post","link":"https:\/\/blogdofarnesio.com.br\/?p=293341","title":{"rendered":"Juazeiro vacina hoje e amanh\u00e3, comunidades do interior com a 1\u00aa dose. Na cidade vacina\u00e7\u00e3o apenas da 2\u00aa dose e grupos priorit\u00e1rios"},"content":{"rendered":"<p style=\"font-weight: 400;\">A Prefeitura de Juazeiro, atrav\u00e9s da Secretaria de Sa\u00fade (Sesau), divulgou o planejamento de vacina\u00e7\u00e3o contra Covid-19 para esta ter\u00e7a-feira (17) e quarta-feira (18). Haver\u00e1 vacina\u00e7\u00e3o do p\u00fablico geral com 25 anos ou mais na zona rural exclusivamente para a popula\u00e7\u00e3o das comunidades. Na zona urbana haver\u00e1 vacina\u00e7\u00e3o de gestantes, pu\u00e9rperas (mulheres com at\u00e9 45 dias p\u00f3s-parto), lactantes (de 46\u00ba dia p\u00f3s-parto at\u00e9 11 meses e 29 dias do beb\u00ea) e segunda dose.<\/p>\n<p style=\"font-weight: 400;\"><strong>Primeira dose<\/strong><\/p>\n<p style=\"font-weight: 400;\"><strong><u>Popula\u00e7\u00e3o geral &#8211; 25 anos ou mais<\/u><\/strong><\/p>\n<p style=\"font-weight: 400;\">A vacina\u00e7\u00e3o deste p\u00fablico ser\u00e1 na zona rural. Na ter\u00e7a-feira haver\u00e1 vacina\u00e7\u00e3o nas Unidades B\u00e1sicas de Sa\u00fade (UBSs) das comunidades do Distrito 6: NH3, NH4, NH1, NH2, Campos, CAJ, Conchas, Itamotinga, Mandacaru II, Capim de Raiz, Mani\u00e7oba I, Mani\u00e7oba II e Jatob\u00e1. Na quarta-feira a vacina\u00e7\u00e3o ser\u00e1 nas UBSs das comunidades do distrito 5: Carna\u00edba, Lagoa do Salitre, Juremal, Massaroca, Mandacaru I, Pinh\u00f5es, Lagoa do Boi, Goiabeira, Junco, Jardim Primavera, Ab\u00f3bora e Po\u00e7\u00f5es.<\/p>\n<p style=\"font-weight: 400;\">O hor\u00e1rio \u00e9 das 8h \u00e0s 12h. \u00c9 preciso levar RG, CPF, Cart\u00e3o SUS e comprovante de resid\u00eancia. A vacina\u00e7\u00e3o na zona rural \u00e9 exclusiva para os moradores destas localidades. Pessoas que fazem parte dos grupos priorit\u00e1rios gestantes, pu\u00e9rperas, lactantes e comorbidades a partir de 18 anos, podem procurar uma das unidades para tomar a primeira dose.<\/p>\n<p style=\"font-weight: 400;\"><strong><u>Gestantes e pu\u00e9rperas \u2013 a partir de 18 anos<\/u><\/strong><\/p>\n<p style=\"font-weight: 400;\">As gestantes e pu\u00e9rperas, a partir de 18 anos, que ainda n\u00e3o receberam a primeira dose da vacina contra a Covid-19 podem procurar pela Univasf. As gestantes e pu\u00e9rperas que tomaram a primeira dose com a vacina do fabricante Oxford\/AstraZeneca e que ainda est\u00e3o dentro destes dois grupos tamb\u00e9m devem buscar este local. \u00c9 preciso levar RG, CPF, Cart\u00e3o SUS e comprovante de resid\u00eancia. Gestantes devem levar Cart\u00e3o de Gestante e pu\u00e9rperas precisam levar tamb\u00e9m a Certid\u00e3o de Nascimento do beb\u00ea. Este p\u00fablico que j\u00e1 tomou a primeira dose deve levar o cart\u00e3o de vacina. O hor\u00e1rio \u00e9 das 7h30 \u00e0s 11h30 e das 13h30 \u00e0s 16h.<\/p>\n<p style=\"font-weight: 400;\">\u00c9 importante lembrar que as mulheres que estavam gestantes ou no puerp\u00e9rio, receberam a primeira dose com a Oxford\/AstraZeneca, mas n\u00e3o fazem mais parte de nenhum destes dois grupos, devem concluir a imuniza\u00e7\u00e3o com o imunizante que foi aplicado.<\/p>\n<p style=\"font-weight: 400;\"><strong><u>Lactante \u2013 a partir de 18 anos<\/u><\/strong><\/p>\n<p style=\"font-weight: 400;\">As lactantes (de 46\u00ba dia p\u00f3s-parto aos 11 meses e 29 dias do beb\u00ea) a partir de 18 anos de idade podem seguir para a Univasf. \u00c9 preciso levar RG, CPF, Cart\u00e3o SUS, comprovante de resid\u00eancia e original e c\u00f3pia da Certid\u00e3o de Nascimento do beb\u00ea. O hor\u00e1rio \u00e9 das 7h30 \u00e0s 11h30 e das 13h30 \u00e0s 16h.<\/p>\n<p style=\"font-weight: 400;\"><strong>Segunda dose<\/strong><\/p>\n<p style=\"font-weight: 400;\">A vacina\u00e7\u00e3o da segunda dose ser\u00e1 na Univasf, Shopping, Creche Mari\u00e1 Tanuri (bairro Santo Ant\u00f4nio), Escola Iracema Pereira Paix\u00e3o (bairro S\u00e3o Geraldo), UBS Tabuleiro, UBS CSU, UBS Jardim Fl\u00f3rida. O hor\u00e1rio das UBSs \u00e9 das 8h \u00e0s 12h. Os pontos fixos funcionam das 7h30 \u00e0s 11h30 e das 13h30 \u00e0s 16h. \u00c9 preciso levar RG, CPF, Cart\u00e3o SUS, cart\u00e3o de vacina e comprovante de resid\u00eancia.<\/p>\n<p style=\"font-weight: 400;\">\n<p style=\"font-weight: 400;\">Texto: Amanda Franco &#8211;\u00a0\u00a0Assessora de Comunica\u00e7\u00e3o Sesau PMJ<\/p>\n","protected":false},"excerpt":{"rendered":"<p>A Prefeitura de Juazeiro, atrav\u00e9s da Secretaria de Sa\u00fade (Sesau), divulgou o planejamento de vacina\u00e7\u00e3o contra Covid-19 para esta ter\u00e7a-feira (17) e quarta-feira (18). Haver\u00e1 vacina\u00e7\u00e3o do p\u00fablico geral com 25 anos ou mais na zona rural exclusivamente para a popula\u00e7\u00e3o das comunidades. Na zona urbana haver\u00e1 vacina\u00e7\u00e3o de gestantes, pu\u00e9rperas (mulheres com at\u00e9 45 dias p\u00f3s-parto), lactantes (de 46\u00ba dia p\u00f3s-parto at\u00e9 11 meses e 29 dias do beb\u00ea) e segunda dose. Primeira dose Popula\u00e7\u00e3o geral &#8211; 25 anos ou mais A vacina\u00e7\u00e3o deste p\u00fablico ser\u00e1 na zona rural. Na ter\u00e7a-feira haver\u00e1 vacina\u00e7\u00e3o nas Unidades B\u00e1sicas de Sa\u00fade (UBSs) das comunidades do Distrito 6: NH3, NH4, NH1, NH2, Campos, CAJ, Conchas, Itamotinga, Mandacaru II, Capim de Raiz, Mani\u00e7oba I,&hellip; <\/p>\n","protected":false},"author":1,"featured_media":290255,"comment_status":"closed","ping_status":"closed","sticky":false,"template":"","format":"standard","meta":{"_acf_changed":false,"footnotes":""},"categories":[4],"tags":[],"class_list":["post-293341","post","type-post","status-publish","format-standard","has-post-thumbnail","hentry","category-saude"],"acf":[],"yoast_head":"<!-- This site is optimized with the Yoast SEO plugin v27.4 - https:\/\/yoast.com\/product\/yoast-seo-wordpress\/ -->\n<title>Juazeiro vacina hoje e amanh\u00e3, comunidades do interior com a 1\u00aa dose. Na cidade vacina\u00e7\u00e3o apenas da 2\u00aa dose e grupos priorit\u00e1rios - Blog do Farn\u00e9sio<\/title>\n<meta name=\"robots\" content=\"index, follow, max-snippet:-1, max-image-preview:large, max-video-preview:-1\" \/>\n<link rel=\"canonical\" href=\"http:\/\/blogdofarnesio.com.br\/?p=293341\" \/>\n<meta property=\"og:locale\" content=\"pt_BR\" \/>\n<meta property=\"og:type\" content=\"article\" \/>\n<meta property=\"og:title\" content=\"Juazeiro vacina hoje e amanh\u00e3, comunidades do interior com a 1\u00aa dose. Na cidade vacina\u00e7\u00e3o apenas da 2\u00aa dose e grupos priorit\u00e1rios - Blog do Farn\u00e9sio\" \/>\n<meta property=\"og:description\" content=\"A Prefeitura de Juazeiro, atrav\u00e9s da Secretaria de Sa\u00fade (Sesau), divulgou o planejamento de vacina\u00e7\u00e3o contra Covid-19 para esta ter\u00e7a-feira (17) e quarta-feira (18). Haver\u00e1 vacina\u00e7\u00e3o do p\u00fablico geral com 25 anos ou mais na zona rural exclusivamente para a popula\u00e7\u00e3o das comunidades. Na zona urbana haver\u00e1 vacina\u00e7\u00e3o de gestantes, pu\u00e9rperas (mulheres com at\u00e9 45 dias p\u00f3s-parto), lactantes (de 46\u00ba dia p\u00f3s-parto at\u00e9 11 meses e 29 dias do beb\u00ea) e segunda dose. Primeira dose Popula\u00e7\u00e3o geral &#8211; 25 anos ou mais A vacina\u00e7\u00e3o deste p\u00fablico ser\u00e1 na zona rural. Na ter\u00e7a-feira haver\u00e1 vacina\u00e7\u00e3o nas Unidades B\u00e1sicas de Sa\u00fade (UBSs) das comunidades do Distrito 6: NH3, NH4, NH1, NH2, Campos, CAJ, Conchas, Itamotinga, Mandacaru II, Capim de Raiz, Mani\u00e7oba I,&hellip;\" \/>\n<meta property=\"og:url\" content=\"http:\/\/blogdofarnesio.com.br\/?p=293341\" \/>\n<meta property=\"og:site_name\" content=\"Blog do Farn\u00e9sio\" \/>\n<meta property=\"article:publisher\" content=\"https:\/\/www.facebook.com\/BlogQuerSaberPolitica\/\" \/>\n<meta property=\"article:published_time\" content=\"2021-08-17T10:42:18+00:00\" \/>\n<meta property=\"og:image\" content=\"http:\/\/blogdofarnesio.com.br\/wp-content\/uploads\/2021\/07\/blogqspvacina-segunda-dose-800x445-1-e1625844036725.jpg\" \/>\n\t<meta property=\"og:image:width\" content=\"650\" \/>\n\t<meta property=\"og:image:height\" content=\"273\" \/>\n\t<meta property=\"og:image:type\" content=\"image\/jpeg\" \/>\n<meta name=\"author\" content=\"Farn\u00e9sio\" \/>\n<meta name=\"twitter:card\" content=\"summary_large_image\" \/>\n<meta name=\"twitter:label1\" content=\"Escrito por\" \/>\n\t<meta name=\"twitter:data1\" content=\"Farn\u00e9sio\" \/>\n\t<meta name=\"twitter:label2\" content=\"Est. tempo de leitura\" \/>\n\t<meta name=\"twitter:data2\" content=\"3 minutos\" \/>\n<script type=\"application\/ld+json\" class=\"yoast-schema-graph\">{\"@context\":\"https:\\\/\\\/schema.org\",\"@graph\":[{\"@type\":\"Article\",\"@id\":\"http:\\\/\\\/blogdofarnesio.com.br\\\/?p=293341#article\",\"isPartOf\":{\"@id\":\"http:\\\/\\\/blogdofarnesio.com.br\\\/?p=293341\"},\"author\":{\"name\":\"Farn\u00e9sio\",\"@id\":\"https:\\\/\\\/blogdofarnesio.com.br\\\/#\\\/schema\\\/person\\\/301c4acf522bccbfdb45af95b5b906a1\"},\"headline\":\"Juazeiro vacina hoje e amanh\u00e3, comunidades do interior com a 1\u00aa dose. Na cidade vacina\u00e7\u00e3o apenas da 2\u00aa dose e grupos priorit\u00e1rios\",\"datePublished\":\"2021-08-17T10:42:18+00:00\",\"mainEntityOfPage\":{\"@id\":\"http:\\\/\\\/blogdofarnesio.com.br\\\/?p=293341\"},\"wordCount\":567,\"publisher\":{\"@id\":\"https:\\\/\\\/blogdofarnesio.com.br\\\/#organization\"},\"image\":{\"@id\":\"http:\\\/\\\/blogdofarnesio.com.br\\\/?p=293341#primaryimage\"},\"thumbnailUrl\":\"https:\\\/\\\/blogdofarnesio.com.br\\\/wp-content\\\/uploads\\\/2021\\\/07\\\/blogqspvacina-segunda-dose-800x445-1-e1625844036725.jpg\",\"articleSection\":[\"Sa\u00fade\"],\"inLanguage\":\"pt-BR\"},{\"@type\":\"WebPage\",\"@id\":\"http:\\\/\\\/blogdofarnesio.com.br\\\/?p=293341\",\"url\":\"http:\\\/\\\/blogdofarnesio.com.br\\\/?p=293341\",\"name\":\"Juazeiro vacina hoje e amanh\u00e3, comunidades do interior com a 1\u00aa dose. Na cidade vacina\u00e7\u00e3o apenas da 2\u00aa dose e grupos priorit\u00e1rios - Blog do Farn\u00e9sio\",\"isPartOf\":{\"@id\":\"https:\\\/\\\/blogdofarnesio.com.br\\\/#website\"},\"primaryImageOfPage\":{\"@id\":\"http:\\\/\\\/blogdofarnesio.com.br\\\/?p=293341#primaryimage\"},\"image\":{\"@id\":\"http:\\\/\\\/blogdofarnesio.com.br\\\/?p=293341#primaryimage\"},\"thumbnailUrl\":\"https:\\\/\\\/blogdofarnesio.com.br\\\/wp-content\\\/uploads\\\/2021\\\/07\\\/blogqspvacina-segunda-dose-800x445-1-e1625844036725.jpg\",\"datePublished\":\"2021-08-17T10:42:18+00:00\",\"breadcrumb\":{\"@id\":\"http:\\\/\\\/blogdofarnesio.com.br\\\/?p=293341#breadcrumb\"},\"inLanguage\":\"pt-BR\",\"potentialAction\":[{\"@type\":\"ReadAction\",\"target\":[\"http:\\\/\\\/blogdofarnesio.com.br\\\/?p=293341\"]}]},{\"@type\":\"ImageObject\",\"inLanguage\":\"pt-BR\",\"@id\":\"http:\\\/\\\/blogdofarnesio.com.br\\\/?p=293341#primaryimage\",\"url\":\"https:\\\/\\\/blogdofarnesio.com.br\\\/wp-content\\\/uploads\\\/2021\\\/07\\\/blogqspvacina-segunda-dose-800x445-1-e1625844036725.jpg\",\"contentUrl\":\"https:\\\/\\\/blogdofarnesio.com.br\\\/wp-content\\\/uploads\\\/2021\\\/07\\\/blogqspvacina-segunda-dose-800x445-1-e1625844036725.jpg\",\"width\":650,\"height\":273},{\"@type\":\"BreadcrumbList\",\"@id\":\"http:\\\/\\\/blogdofarnesio.com.br\\\/?p=293341#breadcrumb\",\"itemListElement\":[{\"@type\":\"ListItem\",\"position\":1,\"name\":\"In\u00edcio\",\"item\":\"https:\\\/\\\/blogdofarnesio.com.br\\\/\"},{\"@type\":\"ListItem\",\"position\":2,\"name\":\"Juazeiro vacina hoje e amanh\u00e3, comunidades do interior com a 1\u00aa dose. Na cidade vacina\u00e7\u00e3o apenas da 2\u00aa dose e grupos priorit\u00e1rios\"}]},{\"@type\":\"WebSite\",\"@id\":\"https:\\\/\\\/blogdofarnesio.com.br\\\/#website\",\"url\":\"https:\\\/\\\/blogdofarnesio.com.br\\\/\",\"name\":\"Blog do Farn\u00e9sio\",\"description\":\"Quer Saber Pol\u00edtica?\",\"publisher\":{\"@id\":\"https:\\\/\\\/blogdofarnesio.com.br\\\/#organization\"},\"potentialAction\":[{\"@type\":\"SearchAction\",\"target\":{\"@type\":\"EntryPoint\",\"urlTemplate\":\"https:\\\/\\\/blogdofarnesio.com.br\\\/?s={search_term_string}\"},\"query-input\":{\"@type\":\"PropertyValueSpecification\",\"valueRequired\":true,\"valueName\":\"search_term_string\"}}],\"inLanguage\":\"pt-BR\"},{\"@type\":\"Organization\",\"@id\":\"https:\\\/\\\/blogdofarnesio.com.br\\\/#organization\",\"name\":\"Blog do Farn\u00e9sio\",\"url\":\"https:\\\/\\\/blogdofarnesio.com.br\\\/\",\"logo\":{\"@type\":\"ImageObject\",\"inLanguage\":\"pt-BR\",\"@id\":\"https:\\\/\\\/blogdofarnesio.com.br\\\/#\\\/schema\\\/logo\\\/image\\\/\",\"url\":\"https:\\\/\\\/blogdofarnesio.com.br\\\/wp-content\\\/uploads\\\/2026\\\/03\\\/cropped-logo_new-1.png\",\"contentUrl\":\"https:\\\/\\\/blogdofarnesio.com.br\\\/wp-content\\\/uploads\\\/2026\\\/03\\\/cropped-logo_new-1.png\",\"width\":881,\"height\":685,\"caption\":\"Blog do Farn\u00e9sio\"},\"image\":{\"@id\":\"https:\\\/\\\/blogdofarnesio.com.br\\\/#\\\/schema\\\/logo\\\/image\\\/\"},\"sameAs\":[\"https:\\\/\\\/www.facebook.com\\\/BlogQuerSaberPolitica\\\/\"]},{\"@type\":\"Person\",\"@id\":\"https:\\\/\\\/blogdofarnesio.com.br\\\/#\\\/schema\\\/person\\\/301c4acf522bccbfdb45af95b5b906a1\",\"name\":\"Farn\u00e9sio\",\"image\":{\"@type\":\"ImageObject\",\"inLanguage\":\"pt-BR\",\"@id\":\"https:\\\/\\\/secure.gravatar.com\\\/avatar\\\/df0c9a14567c056f8ad6876ba5bbd1e3e2c48023eb6807342fc4663adf549f38?s=96&d=mm&r=g\",\"url\":\"https:\\\/\\\/secure.gravatar.com\\\/avatar\\\/df0c9a14567c056f8ad6876ba5bbd1e3e2c48023eb6807342fc4663adf549f38?s=96&d=mm&r=g\",\"contentUrl\":\"https:\\\/\\\/secure.gravatar.com\\\/avatar\\\/df0c9a14567c056f8ad6876ba5bbd1e3e2c48023eb6807342fc4663adf549f38?s=96&d=mm&r=g\",\"caption\":\"Farn\u00e9sio\"},\"sameAs\":[\"https:\\\/\\\/quersaberpolitica.com.br\"],\"url\":\"https:\\\/\\\/blogdofarnesio.com.br\\\/?author=1\"}]}<\/script>\n<!-- \/ Yoast SEO plugin. -->","yoast_head_json":{"title":"Juazeiro vacina hoje e amanh\u00e3, comunidades do interior com a 1\u00aa dose. Na cidade vacina\u00e7\u00e3o apenas da 2\u00aa dose e grupos priorit\u00e1rios - Blog do Farn\u00e9sio","robots":{"index":"index","follow":"follow","max-snippet":"max-snippet:-1","max-image-preview":"max-image-preview:large","max-video-preview":"max-video-preview:-1"},"canonical":"http:\/\/blogdofarnesio.com.br\/?p=293341","og_locale":"pt_BR","og_type":"article","og_title":"Juazeiro vacina hoje e amanh\u00e3, comunidades do interior com a 1\u00aa dose. Na cidade vacina\u00e7\u00e3o apenas da 2\u00aa dose e grupos priorit\u00e1rios - Blog do Farn\u00e9sio","og_description":"A Prefeitura de Juazeiro, atrav\u00e9s da Secretaria de Sa\u00fade (Sesau), divulgou o planejamento de vacina\u00e7\u00e3o contra Covid-19 para esta ter\u00e7a-feira (17) e quarta-feira (18). Haver\u00e1 vacina\u00e7\u00e3o do p\u00fablico geral com 25 anos ou mais na zona rural exclusivamente para a popula\u00e7\u00e3o das comunidades. Na zona urbana haver\u00e1 vacina\u00e7\u00e3o de gestantes, pu\u00e9rperas (mulheres com at\u00e9 45 dias p\u00f3s-parto), lactantes (de 46\u00ba dia p\u00f3s-parto at\u00e9 11 meses e 29 dias do beb\u00ea) e segunda dose. Primeira dose Popula\u00e7\u00e3o geral &#8211; 25 anos ou mais A vacina\u00e7\u00e3o deste p\u00fablico ser\u00e1 na zona rural. Na ter\u00e7a-feira haver\u00e1 vacina\u00e7\u00e3o nas Unidades B\u00e1sicas de Sa\u00fade (UBSs) das comunidades do Distrito 6: NH3, NH4, NH1, NH2, Campos, CAJ, Conchas, Itamotinga, Mandacaru II, Capim de Raiz, Mani\u00e7oba I,&hellip;","og_url":"http:\/\/blogdofarnesio.com.br\/?p=293341","og_site_name":"Blog do Farn\u00e9sio","article_publisher":"https:\/\/www.facebook.com\/BlogQuerSaberPolitica\/","article_published_time":"2021-08-17T10:42:18+00:00","og_image":[{"width":650,"height":273,"url":"http:\/\/blogdofarnesio.com.br\/wp-content\/uploads\/2021\/07\/blogqspvacina-segunda-dose-800x445-1-e1625844036725.jpg","type":"image\/jpeg"}],"author":"Farn\u00e9sio","twitter_card":"summary_large_image","twitter_misc":{"Escrito por":"Farn\u00e9sio","Est. tempo de leitura":"3 minutos"},"schema":{"@context":"https:\/\/schema.org","@graph":[{"@type":"Article","@id":"http:\/\/blogdofarnesio.com.br\/?p=293341#article","isPartOf":{"@id":"http:\/\/blogdofarnesio.com.br\/?p=293341"},"author":{"name":"Farn\u00e9sio","@id":"https:\/\/blogdofarnesio.com.br\/#\/schema\/person\/301c4acf522bccbfdb45af95b5b906a1"},"headline":"Juazeiro vacina hoje e amanh\u00e3, comunidades do interior com a 1\u00aa dose. Na cidade vacina\u00e7\u00e3o apenas da 2\u00aa dose e grupos priorit\u00e1rios","datePublished":"2021-08-17T10:42:18+00:00","mainEntityOfPage":{"@id":"http:\/\/blogdofarnesio.com.br\/?p=293341"},"wordCount":567,"publisher":{"@id":"https:\/\/blogdofarnesio.com.br\/#organization"},"image":{"@id":"http:\/\/blogdofarnesio.com.br\/?p=293341#primaryimage"},"thumbnailUrl":"https:\/\/blogdofarnesio.com.br\/wp-content\/uploads\/2021\/07\/blogqspvacina-segunda-dose-800x445-1-e1625844036725.jpg","articleSection":["Sa\u00fade"],"inLanguage":"pt-BR"},{"@type":"WebPage","@id":"http:\/\/blogdofarnesio.com.br\/?p=293341","url":"http:\/\/blogdofarnesio.com.br\/?p=293341","name":"Juazeiro vacina hoje e amanh\u00e3, comunidades do interior com a 1\u00aa dose. Na cidade vacina\u00e7\u00e3o apenas da 2\u00aa dose e grupos priorit\u00e1rios - Blog do Farn\u00e9sio","isPartOf":{"@id":"https:\/\/blogdofarnesio.com.br\/#website"},"primaryImageOfPage":{"@id":"http:\/\/blogdofarnesio.com.br\/?p=293341#primaryimage"},"image":{"@id":"http:\/\/blogdofarnesio.com.br\/?p=293341#primaryimage"},"thumbnailUrl":"https:\/\/blogdofarnesio.com.br\/wp-content\/uploads\/2021\/07\/blogqspvacina-segunda-dose-800x445-1-e1625844036725.jpg","datePublished":"2021-08-17T10:42:18+00:00","breadcrumb":{"@id":"http:\/\/blogdofarnesio.com.br\/?p=293341#breadcrumb"},"inLanguage":"pt-BR","potentialAction":[{"@type":"ReadAction","target":["http:\/\/blogdofarnesio.com.br\/?p=293341"]}]},{"@type":"ImageObject","inLanguage":"pt-BR","@id":"http:\/\/blogdofarnesio.com.br\/?p=293341#primaryimage","url":"https:\/\/blogdofarnesio.com.br\/wp-content\/uploads\/2021\/07\/blogqspvacina-segunda-dose-800x445-1-e1625844036725.jpg","contentUrl":"https:\/\/blogdofarnesio.com.br\/wp-content\/uploads\/2021\/07\/blogqspvacina-segunda-dose-800x445-1-e1625844036725.jpg","width":650,"height":273},{"@type":"BreadcrumbList","@id":"http:\/\/blogdofarnesio.com.br\/?p=293341#breadcrumb","itemListElement":[{"@type":"ListItem","position":1,"name":"In\u00edcio","item":"https:\/\/blogdofarnesio.com.br\/"},{"@type":"ListItem","position":2,"name":"Juazeiro vacina hoje e amanh\u00e3, comunidades do interior com a 1\u00aa dose. Na cidade vacina\u00e7\u00e3o apenas da 2\u00aa dose e grupos priorit\u00e1rios"}]},{"@type":"WebSite","@id":"https:\/\/blogdofarnesio.com.br\/#website","url":"https:\/\/blogdofarnesio.com.br\/","name":"Blog do Farn\u00e9sio","description":"Quer Saber Pol\u00edtica?","publisher":{"@id":"https:\/\/blogdofarnesio.com.br\/#organization"},"potentialAction":[{"@type":"SearchAction","target":{"@type":"EntryPoint","urlTemplate":"https:\/\/blogdofarnesio.com.br\/?s={search_term_string}"},"query-input":{"@type":"PropertyValueSpecification","valueRequired":true,"valueName":"search_term_string"}}],"inLanguage":"pt-BR"},{"@type":"Organization","@id":"https:\/\/blogdofarnesio.com.br\/#organization","name":"Blog do Farn\u00e9sio","url":"https:\/\/blogdofarnesio.com.br\/","logo":{"@type":"ImageObject","inLanguage":"pt-BR","@id":"https:\/\/blogdofarnesio.com.br\/#\/schema\/logo\/image\/","url":"https:\/\/blogdofarnesio.com.br\/wp-content\/uploads\/2026\/03\/cropped-logo_new-1.png","contentUrl":"https:\/\/blogdofarnesio.com.br\/wp-content\/uploads\/2026\/03\/cropped-logo_new-1.png","width":881,"height":685,"caption":"Blog do Farn\u00e9sio"},"image":{"@id":"https:\/\/blogdofarnesio.com.br\/#\/schema\/logo\/image\/"},"sameAs":["https:\/\/www.facebook.com\/BlogQuerSaberPolitica\/"]},{"@type":"Person","@id":"https:\/\/blogdofarnesio.com.br\/#\/schema\/person\/301c4acf522bccbfdb45af95b5b906a1","name":"Farn\u00e9sio","image":{"@type":"ImageObject","inLanguage":"pt-BR","@id":"https:\/\/secure.gravatar.com\/avatar\/df0c9a14567c056f8ad6876ba5bbd1e3e2c48023eb6807342fc4663adf549f38?s=96&d=mm&r=g","url":"https:\/\/secure.gravatar.com\/avatar\/df0c9a14567c056f8ad6876ba5bbd1e3e2c48023eb6807342fc4663adf549f38?s=96&d=mm&r=g","contentUrl":"https:\/\/secure.gravatar.com\/avatar\/df0c9a14567c056f8ad6876ba5bbd1e3e2c48023eb6807342fc4663adf549f38?s=96&d=mm&r=g","caption":"Farn\u00e9sio"},"sameAs":["https:\/\/quersaberpolitica.com.br"],"url":"https:\/\/blogdofarnesio.com.br\/?author=1"}]}},"_links":{"self":[{"href":"https:\/\/blogdofarnesio.com.br\/index.php?rest_route=\/wp\/v2\/posts\/293341","targetHints":{"allow":["GET"]}}],"collection":[{"href":"https:\/\/blogdofarnesio.com.br\/index.php?rest_route=\/wp\/v2\/posts"}],"about":[{"href":"https:\/\/blogdofarnesio.com.br\/index.php?rest_route=\/wp\/v2\/types\/post"}],"author":[{"embeddable":true,"href":"https:\/\/blogdofarnesio.com.br\/index.php?rest_route=\/wp\/v2\/users\/1"}],"replies":[{"embeddable":true,"href":"https:\/\/blogdofarnesio.com.br\/index.php?rest_route=%2Fwp%2Fv2%2Fcomments&post=293341"}],"version-history":[{"count":0,"href":"https:\/\/blogdofarnesio.com.br\/index.php?rest_route=\/wp\/v2\/posts\/293341\/revisions"}],"wp:featuredmedia":[{"embeddable":true,"href":"https:\/\/blogdofarnesio.com.br\/index.php?rest_route=\/wp\/v2\/media\/290255"}],"wp:attachment":[{"href":"https:\/\/blogdofarnesio.com.br\/index.php?rest_route=%2Fwp%2Fv2%2Fmedia&parent=293341"}],"wp:term":[{"taxonomy":"category","embeddable":true,"href":"https:\/\/blogdofarnesio.com.br\/index.php?rest_route=%2Fwp%2Fv2%2Fcategories&post=293341"},{"taxonomy":"post_tag","embeddable":true,"href":"https:\/\/blogdofarnesio.com.br\/index.php?rest_route=%2Fwp%2Fv2%2Ftags&post=293341"}],"curies":[{"name":"wp","href":"https:\/\/api.w.org\/{rel}","templated":true}]}}