{"id":293337,"date":"2021-08-17T08:42:09","date_gmt":"2021-08-17T11:42:09","guid":{"rendered":"https:\/\/quersaberpolitica.com.br\/?p=293337"},"modified":"2021-08-16T17:21:39","modified_gmt":"2021-08-16T20:21:39","slug":"operacao-fritura-cbf-traca-armadilha-para-tirar-tite-da-selecao","status":"publish","type":"post","link":"https:\/\/blogdofarnesio.com.br\/?p=293337","title":{"rendered":"Opera\u00e7\u00e3o fritura: CBF tra\u00e7a armadilha para tirar Tite da Sele\u00e7\u00e3o"},"content":{"rendered":"<div class=\"article__header article__header--team-page\">\n<div id=\"header-wrapper\" class=\"article__header__wrapper no-menu \">\n<div class=\"article__header__content\">\n<div class=\"article__header__content--left\">\n<div class=\"article__header__headline\">\n<h1><span style=\"font-size: 16px;\">Silvio Barsetti &#8211;\u00a0<\/span><\/h1>\n<\/div>\n<\/div>\n<\/div>\n<\/div>\n<\/div>\n<div id=\"content-wrapper\" class=\"article__content no-menu \">\n<div class=\"article__content--left\">\n<div class=\"article__content--body \">\n<p class=\"text\">Tite divide opini\u00f5es quanto a seu trabalho na Sele\u00e7\u00e3o brasileira. H\u00e1 muitos que o defendem e o aprovam e outros que preferiam n\u00e3o v\u00ea-lo no comando da equipe. Isso tudo faz parte do jogo. Mas, estranhamente, quando se fala em jogo na CBF nem sempre \u00e9 o futebol em si que se apresenta. H\u00e1 outros \u201cjogos\u201d que transitam pelos gabinetes da entidade e a respeito dos quais n\u00e3o existem regras.<\/p>\n<div id=\"image_4c2eb5c596ca99e45869f5a02be35f82tbpy1rx3\" class=\"article__image-embed \">\n<figure><picture><img decoding=\"async\" title=\"T\u00e9cnico Tite \u00e9 alvo de manobra conjunta de Marco Polo Del Nero e Gustavo Feij\u00f3, que querem v\u00ea-lo fora da Sele\u00e7\u00e3o brasileira\" src=\"https:\/\/p2.trrsf.com\/image\/fget\/cf\/460\/0\/images.terra.com\/2021\/06\/09\/2020-03-06t144848z_827641312_rc2eef9lj78g_rtrmadp_3_soccer-worldcup-bra.jpg\" alt=\"T\u00e9cnico Tite \u00e9 alvo de manobra conjunta de Marco Polo Del Nero e Gustavo Feij\u00f3, que querem v\u00ea-lo fora da Sele\u00e7\u00e3o brasileira\" width=\"460\" \/><\/picture><figcaption>\n<div class=\"article__image-embed--info\">\n<div class=\"article__image-embed--info__caption\">T\u00e9cnico Tite \u00e9 alvo de manobra conjunta de Marco Polo Del Nero e Gustavo Feij\u00f3, que querem v\u00ea-lo fora da Sele\u00e7\u00e3o brasileira<\/div>\n<p><small class=\"article__image-embed--info__copyright\">Foto: Sergio Moraes \/ Reuters<\/small><\/p>\n<\/div>\n<\/figcaption><\/figure>\n<\/div>\n<p class=\"text\">Um deles tem como alvo o pr\u00f3prio Tite, seriamente amea\u00e7ado de perder seu cargo na Sele\u00e7\u00e3o brasileira, mesmo com seu saldo positivo at\u00e9 agora na equipe.<\/p>\n<p class=\"text\">H\u00e1 poucos dias intensificou-se um processo de fritura de Tite na confedera\u00e7\u00e3o, manobra arquitetada por Marco Polo Del Nero, banido do futebol pela Fifa em 2018 por acusa\u00e7\u00f5es de corrup\u00e7\u00e3o, e um dos vices da CBF, Gustavo Feij\u00f3, al\u00e7ado recentemente ao posto de dirigente das sele\u00e7\u00f5es (masculina, feminina e ol\u00edmpica).<\/p>\n<p class=\"text\">O\u00a0<strong>Terra<\/strong> apurou que Del Nero, ao indicar Feij\u00f3 para a nova tarefa, j\u00e1 tinha alinhavado com ele a primeira e mais importante estrat\u00e9gia: minar Tite, com interfer\u00eancias e cr\u00edticas p\u00fablicas a seu desempenho na Sele\u00e7\u00e3o, o que j\u00e1 vem sendo feito; esperar algum trope\u00e7o do time e criar um ambiente para for\u00e7ar a sua sa\u00edda.<\/p>\n<p class=\"text\">Del Nero quer assim mandar um recado para o presidente Jair Bolsonaro de que a Sele\u00e7\u00e3o brasileira rumaria para o Mundial do Catar, em 2022, sem o atual treinador, que \u00e9 visto com antipatia pelo chefe da Na\u00e7\u00e3o. Espera com isso n\u00e3o ser alvo do governo federal em suas manobras di\u00e1rias de controle da CBF.<\/p>\n<p class=\"text\">Ex-presidente da entidade, Del Nero determina de seu apartamento, na Barra, todos os passos que devem ser dados pelo presidente interino, coronel Ant\u00f4nio Nunes, que substitui Rog\u00e9rio Caboclo, afastado ap\u00f3s ser acusado de assediar sexual e moralmente uma funcion\u00e1ria da CBF. Sem Tite, o banido quer deixar um recado para a Fifa e o futebol brasileiro: \u201cbane tu, bani v\u00f3s, mas eu continuo\u201d.<\/p>\n<\/div>\n<div class=\"article__content--credit\"><span class=\"article__content--credit__source\"><a title=\"Papo de Arena\" href=\"https:\/\/www.terra.com.br\/esportes\/papo-de-arena\/\" target=\"_blank\" rel=\"noopener\"><img decoding=\"async\" src=\"https:\/\/p2.trrsf.com\/image\/fget\/cf\/fit-in\/80\/30\/images.terra.com\/2021\/04\/16\/papo-de-arena---logo.png\" alt=\"Papo de Arena\" \/><\/a><\/span><\/div>\n<\/div>\n<\/div>\n","protected":false},"excerpt":{"rendered":"<p>Silvio Barsetti &#8211;\u00a0 Tite divide opini\u00f5es quanto a seu trabalho na Sele\u00e7\u00e3o brasileira. H\u00e1 muitos que o defendem e o aprovam e outros que preferiam n\u00e3o v\u00ea-lo no comando da equipe. Isso tudo faz parte do jogo. Mas, estranhamente, quando se fala em jogo na CBF nem sempre \u00e9 o futebol em si que se apresenta. H\u00e1 outros \u201cjogos\u201d que transitam pelos gabinetes da entidade e a respeito dos quais n\u00e3o existem regras. T\u00e9cnico Tite \u00e9 alvo de manobra conjunta de Marco Polo Del Nero e Gustavo Feij\u00f3, que querem v\u00ea-lo fora da Sele\u00e7\u00e3o brasileira Foto: Sergio Moraes \/ Reuters Um deles tem como alvo o pr\u00f3prio Tite, seriamente amea\u00e7ado de perder seu cargo na Sele\u00e7\u00e3o brasileira, mesmo com seu&hellip; <\/p>\n","protected":false},"author":1,"featured_media":191212,"comment_status":"closed","ping_status":"closed","sticky":false,"template":"","format":"standard","meta":{"_acf_changed":false,"footnotes":""},"categories":[8],"tags":[],"class_list":["post-293337","post","type-post","status-publish","format-standard","has-post-thumbnail","hentry","category-esportes"],"acf":[],"yoast_head":"<!-- This site is optimized with the Yoast SEO plugin v27.4 - https:\/\/yoast.com\/product\/yoast-seo-wordpress\/ -->\n<title>Opera\u00e7\u00e3o fritura: CBF tra\u00e7a armadilha para tirar Tite da Sele\u00e7\u00e3o - Blog do Farn\u00e9sio<\/title>\n<meta name=\"robots\" content=\"index, follow, max-snippet:-1, max-image-preview:large, max-video-preview:-1\" \/>\n<link rel=\"canonical\" href=\"http:\/\/blogdofarnesio.com.br\/?p=293337\" \/>\n<meta property=\"og:locale\" content=\"pt_BR\" \/>\n<meta property=\"og:type\" content=\"article\" \/>\n<meta property=\"og:title\" content=\"Opera\u00e7\u00e3o fritura: CBF tra\u00e7a armadilha para tirar Tite da Sele\u00e7\u00e3o - Blog do Farn\u00e9sio\" \/>\n<meta property=\"og:description\" content=\"Silvio Barsetti &#8211;\u00a0 Tite divide opini\u00f5es quanto a seu trabalho na Sele\u00e7\u00e3o brasileira. H\u00e1 muitos que o defendem e o aprovam e outros que preferiam n\u00e3o v\u00ea-lo no comando da equipe. Isso tudo faz parte do jogo. Mas, estranhamente, quando se fala em jogo na CBF nem sempre \u00e9 o futebol em si que se apresenta. H\u00e1 outros \u201cjogos\u201d que transitam pelos gabinetes da entidade e a respeito dos quais n\u00e3o existem regras. T\u00e9cnico Tite \u00e9 alvo de manobra conjunta de Marco Polo Del Nero e Gustavo Feij\u00f3, que querem v\u00ea-lo fora da Sele\u00e7\u00e3o brasileira Foto: Sergio Moraes \/ Reuters Um deles tem como alvo o pr\u00f3prio Tite, seriamente amea\u00e7ado de perder seu cargo na Sele\u00e7\u00e3o brasileira, mesmo com seu&hellip;\" \/>\n<meta property=\"og:url\" content=\"http:\/\/blogdofarnesio.com.br\/?p=293337\" \/>\n<meta property=\"og:site_name\" content=\"Blog do Farn\u00e9sio\" \/>\n<meta property=\"article:publisher\" content=\"https:\/\/www.facebook.com\/BlogQuerSaberPolitica\/\" \/>\n<meta property=\"article:published_time\" content=\"2021-08-17T11:42:09+00:00\" \/>\n<meta property=\"og:image\" content=\"http:\/\/blogdofarnesio.com.br\/wp-content\/uploads\/2018\/03\/blogqspsele\u00e7\u00e3otite-Divulga\u00e7\u00e3o-Lucas-Figueiredo-CBF-e1520876990254.jpeg\" \/>\n\t<meta property=\"og:image:width\" content=\"668\" \/>\n\t<meta property=\"og:image:height\" content=\"496\" \/>\n\t<meta property=\"og:image:type\" content=\"image\/jpeg\" \/>\n<meta name=\"author\" content=\"Farn\u00e9sio\" \/>\n<meta name=\"twitter:card\" content=\"summary_large_image\" \/>\n<meta name=\"twitter:label1\" content=\"Escrito por\" \/>\n\t<meta name=\"twitter:data1\" content=\"Farn\u00e9sio\" \/>\n\t<meta name=\"twitter:label2\" content=\"Est. tempo de leitura\" \/>\n\t<meta name=\"twitter:data2\" content=\"2 minutos\" \/>\n<script type=\"application\/ld+json\" class=\"yoast-schema-graph\">{\"@context\":\"https:\\\/\\\/schema.org\",\"@graph\":[{\"@type\":\"Article\",\"@id\":\"http:\\\/\\\/blogdofarnesio.com.br\\\/?p=293337#article\",\"isPartOf\":{\"@id\":\"http:\\\/\\\/blogdofarnesio.com.br\\\/?p=293337\"},\"author\":{\"name\":\"Farn\u00e9sio\",\"@id\":\"https:\\\/\\\/blogdofarnesio.com.br\\\/#\\\/schema\\\/person\\\/301c4acf522bccbfdb45af95b5b906a1\"},\"headline\":\"Opera\u00e7\u00e3o fritura: CBF tra\u00e7a armadilha para tirar Tite da Sele\u00e7\u00e3o\",\"datePublished\":\"2021-08-17T11:42:09+00:00\",\"mainEntityOfPage\":{\"@id\":\"http:\\\/\\\/blogdofarnesio.com.br\\\/?p=293337\"},\"wordCount\":391,\"publisher\":{\"@id\":\"https:\\\/\\\/blogdofarnesio.com.br\\\/#organization\"},\"image\":{\"@id\":\"http:\\\/\\\/blogdofarnesio.com.br\\\/?p=293337#primaryimage\"},\"thumbnailUrl\":\"https:\\\/\\\/blogdofarnesio.com.br\\\/wp-content\\\/uploads\\\/2018\\\/03\\\/blogqspsele\u00e7\u00e3otite-Divulga\u00e7\u00e3o-Lucas-Figueiredo-CBF-e1520876990254.jpeg\",\"articleSection\":[\"Esportes\"],\"inLanguage\":\"pt-BR\"},{\"@type\":\"WebPage\",\"@id\":\"http:\\\/\\\/blogdofarnesio.com.br\\\/?p=293337\",\"url\":\"http:\\\/\\\/blogdofarnesio.com.br\\\/?p=293337\",\"name\":\"Opera\u00e7\u00e3o fritura: CBF tra\u00e7a armadilha para tirar Tite da Sele\u00e7\u00e3o - Blog do Farn\u00e9sio\",\"isPartOf\":{\"@id\":\"https:\\\/\\\/blogdofarnesio.com.br\\\/#website\"},\"primaryImageOfPage\":{\"@id\":\"http:\\\/\\\/blogdofarnesio.com.br\\\/?p=293337#primaryimage\"},\"image\":{\"@id\":\"http:\\\/\\\/blogdofarnesio.com.br\\\/?p=293337#primaryimage\"},\"thumbnailUrl\":\"https:\\\/\\\/blogdofarnesio.com.br\\\/wp-content\\\/uploads\\\/2018\\\/03\\\/blogqspsele\u00e7\u00e3otite-Divulga\u00e7\u00e3o-Lucas-Figueiredo-CBF-e1520876990254.jpeg\",\"datePublished\":\"2021-08-17T11:42:09+00:00\",\"breadcrumb\":{\"@id\":\"http:\\\/\\\/blogdofarnesio.com.br\\\/?p=293337#breadcrumb\"},\"inLanguage\":\"pt-BR\",\"potentialAction\":[{\"@type\":\"ReadAction\",\"target\":[\"http:\\\/\\\/blogdofarnesio.com.br\\\/?p=293337\"]}]},{\"@type\":\"ImageObject\",\"inLanguage\":\"pt-BR\",\"@id\":\"http:\\\/\\\/blogdofarnesio.com.br\\\/?p=293337#primaryimage\",\"url\":\"https:\\\/\\\/blogdofarnesio.com.br\\\/wp-content\\\/uploads\\\/2018\\\/03\\\/blogqspsele\u00e7\u00e3otite-Divulga\u00e7\u00e3o-Lucas-Figueiredo-CBF-e1520876990254.jpeg\",\"contentUrl\":\"https:\\\/\\\/blogdofarnesio.com.br\\\/wp-content\\\/uploads\\\/2018\\\/03\\\/blogqspsele\u00e7\u00e3otite-Divulga\u00e7\u00e3o-Lucas-Figueiredo-CBF-e1520876990254.jpeg\",\"width\":668,\"height\":496},{\"@type\":\"BreadcrumbList\",\"@id\":\"http:\\\/\\\/blogdofarnesio.com.br\\\/?p=293337#breadcrumb\",\"itemListElement\":[{\"@type\":\"ListItem\",\"position\":1,\"name\":\"In\u00edcio\",\"item\":\"https:\\\/\\\/blogdofarnesio.com.br\\\/\"},{\"@type\":\"ListItem\",\"position\":2,\"name\":\"Opera\u00e7\u00e3o fritura: CBF tra\u00e7a armadilha para tirar Tite da Sele\u00e7\u00e3o\"}]},{\"@type\":\"WebSite\",\"@id\":\"https:\\\/\\\/blogdofarnesio.com.br\\\/#website\",\"url\":\"https:\\\/\\\/blogdofarnesio.com.br\\\/\",\"name\":\"Blog do Farn\u00e9sio\",\"description\":\"Quer Saber Pol\u00edtica?\",\"publisher\":{\"@id\":\"https:\\\/\\\/blogdofarnesio.com.br\\\/#organization\"},\"potentialAction\":[{\"@type\":\"SearchAction\",\"target\":{\"@type\":\"EntryPoint\",\"urlTemplate\":\"https:\\\/\\\/blogdofarnesio.com.br\\\/?s={search_term_string}\"},\"query-input\":{\"@type\":\"PropertyValueSpecification\",\"valueRequired\":true,\"valueName\":\"search_term_string\"}}],\"inLanguage\":\"pt-BR\"},{\"@type\":\"Organization\",\"@id\":\"https:\\\/\\\/blogdofarnesio.com.br\\\/#organization\",\"name\":\"Blog do Farn\u00e9sio\",\"url\":\"https:\\\/\\\/blogdofarnesio.com.br\\\/\",\"logo\":{\"@type\":\"ImageObject\",\"inLanguage\":\"pt-BR\",\"@id\":\"https:\\\/\\\/blogdofarnesio.com.br\\\/#\\\/schema\\\/logo\\\/image\\\/\",\"url\":\"https:\\\/\\\/blogdofarnesio.com.br\\\/wp-content\\\/uploads\\\/2026\\\/03\\\/cropped-logo_new-1.png\",\"contentUrl\":\"https:\\\/\\\/blogdofarnesio.com.br\\\/wp-content\\\/uploads\\\/2026\\\/03\\\/cropped-logo_new-1.png\",\"width\":881,\"height\":685,\"caption\":\"Blog do Farn\u00e9sio\"},\"image\":{\"@id\":\"https:\\\/\\\/blogdofarnesio.com.br\\\/#\\\/schema\\\/logo\\\/image\\\/\"},\"sameAs\":[\"https:\\\/\\\/www.facebook.com\\\/BlogQuerSaberPolitica\\\/\"]},{\"@type\":\"Person\",\"@id\":\"https:\\\/\\\/blogdofarnesio.com.br\\\/#\\\/schema\\\/person\\\/301c4acf522bccbfdb45af95b5b906a1\",\"name\":\"Farn\u00e9sio\",\"image\":{\"@type\":\"ImageObject\",\"inLanguage\":\"pt-BR\",\"@id\":\"https:\\\/\\\/secure.gravatar.com\\\/avatar\\\/df0c9a14567c056f8ad6876ba5bbd1e3e2c48023eb6807342fc4663adf549f38?s=96&d=mm&r=g\",\"url\":\"https:\\\/\\\/secure.gravatar.com\\\/avatar\\\/df0c9a14567c056f8ad6876ba5bbd1e3e2c48023eb6807342fc4663adf549f38?s=96&d=mm&r=g\",\"contentUrl\":\"https:\\\/\\\/secure.gravatar.com\\\/avatar\\\/df0c9a14567c056f8ad6876ba5bbd1e3e2c48023eb6807342fc4663adf549f38?s=96&d=mm&r=g\",\"caption\":\"Farn\u00e9sio\"},\"sameAs\":[\"https:\\\/\\\/quersaberpolitica.com.br\"],\"url\":\"https:\\\/\\\/blogdofarnesio.com.br\\\/?author=1\"}]}<\/script>\n<!-- \/ Yoast SEO plugin. -->","yoast_head_json":{"title":"Opera\u00e7\u00e3o fritura: CBF tra\u00e7a armadilha para tirar Tite da Sele\u00e7\u00e3o - Blog do Farn\u00e9sio","robots":{"index":"index","follow":"follow","max-snippet":"max-snippet:-1","max-image-preview":"max-image-preview:large","max-video-preview":"max-video-preview:-1"},"canonical":"http:\/\/blogdofarnesio.com.br\/?p=293337","og_locale":"pt_BR","og_type":"article","og_title":"Opera\u00e7\u00e3o fritura: CBF tra\u00e7a armadilha para tirar Tite da Sele\u00e7\u00e3o - Blog do Farn\u00e9sio","og_description":"Silvio Barsetti &#8211;\u00a0 Tite divide opini\u00f5es quanto a seu trabalho na Sele\u00e7\u00e3o brasileira. H\u00e1 muitos que o defendem e o aprovam e outros que preferiam n\u00e3o v\u00ea-lo no comando da equipe. Isso tudo faz parte do jogo. Mas, estranhamente, quando se fala em jogo na CBF nem sempre \u00e9 o futebol em si que se apresenta. H\u00e1 outros \u201cjogos\u201d que transitam pelos gabinetes da entidade e a respeito dos quais n\u00e3o existem regras. T\u00e9cnico Tite \u00e9 alvo de manobra conjunta de Marco Polo Del Nero e Gustavo Feij\u00f3, que querem v\u00ea-lo fora da Sele\u00e7\u00e3o brasileira Foto: Sergio Moraes \/ Reuters Um deles tem como alvo o pr\u00f3prio Tite, seriamente amea\u00e7ado de perder seu cargo na Sele\u00e7\u00e3o brasileira, mesmo com seu&hellip;","og_url":"http:\/\/blogdofarnesio.com.br\/?p=293337","og_site_name":"Blog do Farn\u00e9sio","article_publisher":"https:\/\/www.facebook.com\/BlogQuerSaberPolitica\/","article_published_time":"2021-08-17T11:42:09+00:00","og_image":[{"width":668,"height":496,"url":"http:\/\/blogdofarnesio.com.br\/wp-content\/uploads\/2018\/03\/blogqspsele\u00e7\u00e3otite-Divulga\u00e7\u00e3o-Lucas-Figueiredo-CBF-e1520876990254.jpeg","type":"image\/jpeg"}],"author":"Farn\u00e9sio","twitter_card":"summary_large_image","twitter_misc":{"Escrito por":"Farn\u00e9sio","Est. tempo de leitura":"2 minutos"},"schema":{"@context":"https:\/\/schema.org","@graph":[{"@type":"Article","@id":"http:\/\/blogdofarnesio.com.br\/?p=293337#article","isPartOf":{"@id":"http:\/\/blogdofarnesio.com.br\/?p=293337"},"author":{"name":"Farn\u00e9sio","@id":"https:\/\/blogdofarnesio.com.br\/#\/schema\/person\/301c4acf522bccbfdb45af95b5b906a1"},"headline":"Opera\u00e7\u00e3o fritura: CBF tra\u00e7a armadilha para tirar Tite da Sele\u00e7\u00e3o","datePublished":"2021-08-17T11:42:09+00:00","mainEntityOfPage":{"@id":"http:\/\/blogdofarnesio.com.br\/?p=293337"},"wordCount":391,"publisher":{"@id":"https:\/\/blogdofarnesio.com.br\/#organization"},"image":{"@id":"http:\/\/blogdofarnesio.com.br\/?p=293337#primaryimage"},"thumbnailUrl":"https:\/\/blogdofarnesio.com.br\/wp-content\/uploads\/2018\/03\/blogqspsele\u00e7\u00e3otite-Divulga\u00e7\u00e3o-Lucas-Figueiredo-CBF-e1520876990254.jpeg","articleSection":["Esportes"],"inLanguage":"pt-BR"},{"@type":"WebPage","@id":"http:\/\/blogdofarnesio.com.br\/?p=293337","url":"http:\/\/blogdofarnesio.com.br\/?p=293337","name":"Opera\u00e7\u00e3o fritura: CBF tra\u00e7a armadilha para tirar Tite da Sele\u00e7\u00e3o - Blog do Farn\u00e9sio","isPartOf":{"@id":"https:\/\/blogdofarnesio.com.br\/#website"},"primaryImageOfPage":{"@id":"http:\/\/blogdofarnesio.com.br\/?p=293337#primaryimage"},"image":{"@id":"http:\/\/blogdofarnesio.com.br\/?p=293337#primaryimage"},"thumbnailUrl":"https:\/\/blogdofarnesio.com.br\/wp-content\/uploads\/2018\/03\/blogqspsele\u00e7\u00e3otite-Divulga\u00e7\u00e3o-Lucas-Figueiredo-CBF-e1520876990254.jpeg","datePublished":"2021-08-17T11:42:09+00:00","breadcrumb":{"@id":"http:\/\/blogdofarnesio.com.br\/?p=293337#breadcrumb"},"inLanguage":"pt-BR","potentialAction":[{"@type":"ReadAction","target":["http:\/\/blogdofarnesio.com.br\/?p=293337"]}]},{"@type":"ImageObject","inLanguage":"pt-BR","@id":"http:\/\/blogdofarnesio.com.br\/?p=293337#primaryimage","url":"https:\/\/blogdofarnesio.com.br\/wp-content\/uploads\/2018\/03\/blogqspsele\u00e7\u00e3otite-Divulga\u00e7\u00e3o-Lucas-Figueiredo-CBF-e1520876990254.jpeg","contentUrl":"https:\/\/blogdofarnesio.com.br\/wp-content\/uploads\/2018\/03\/blogqspsele\u00e7\u00e3otite-Divulga\u00e7\u00e3o-Lucas-Figueiredo-CBF-e1520876990254.jpeg","width":668,"height":496},{"@type":"BreadcrumbList","@id":"http:\/\/blogdofarnesio.com.br\/?p=293337#breadcrumb","itemListElement":[{"@type":"ListItem","position":1,"name":"In\u00edcio","item":"https:\/\/blogdofarnesio.com.br\/"},{"@type":"ListItem","position":2,"name":"Opera\u00e7\u00e3o fritura: CBF tra\u00e7a armadilha para tirar Tite da Sele\u00e7\u00e3o"}]},{"@type":"WebSite","@id":"https:\/\/blogdofarnesio.com.br\/#website","url":"https:\/\/blogdofarnesio.com.br\/","name":"Blog do Farn\u00e9sio","description":"Quer Saber Pol\u00edtica?","publisher":{"@id":"https:\/\/blogdofarnesio.com.br\/#organization"},"potentialAction":[{"@type":"SearchAction","target":{"@type":"EntryPoint","urlTemplate":"https:\/\/blogdofarnesio.com.br\/?s={search_term_string}"},"query-input":{"@type":"PropertyValueSpecification","valueRequired":true,"valueName":"search_term_string"}}],"inLanguage":"pt-BR"},{"@type":"Organization","@id":"https:\/\/blogdofarnesio.com.br\/#organization","name":"Blog do Farn\u00e9sio","url":"https:\/\/blogdofarnesio.com.br\/","logo":{"@type":"ImageObject","inLanguage":"pt-BR","@id":"https:\/\/blogdofarnesio.com.br\/#\/schema\/logo\/image\/","url":"https:\/\/blogdofarnesio.com.br\/wp-content\/uploads\/2026\/03\/cropped-logo_new-1.png","contentUrl":"https:\/\/blogdofarnesio.com.br\/wp-content\/uploads\/2026\/03\/cropped-logo_new-1.png","width":881,"height":685,"caption":"Blog do Farn\u00e9sio"},"image":{"@id":"https:\/\/blogdofarnesio.com.br\/#\/schema\/logo\/image\/"},"sameAs":["https:\/\/www.facebook.com\/BlogQuerSaberPolitica\/"]},{"@type":"Person","@id":"https:\/\/blogdofarnesio.com.br\/#\/schema\/person\/301c4acf522bccbfdb45af95b5b906a1","name":"Farn\u00e9sio","image":{"@type":"ImageObject","inLanguage":"pt-BR","@id":"https:\/\/secure.gravatar.com\/avatar\/df0c9a14567c056f8ad6876ba5bbd1e3e2c48023eb6807342fc4663adf549f38?s=96&d=mm&r=g","url":"https:\/\/secure.gravatar.com\/avatar\/df0c9a14567c056f8ad6876ba5bbd1e3e2c48023eb6807342fc4663adf549f38?s=96&d=mm&r=g","contentUrl":"https:\/\/secure.gravatar.com\/avatar\/df0c9a14567c056f8ad6876ba5bbd1e3e2c48023eb6807342fc4663adf549f38?s=96&d=mm&r=g","caption":"Farn\u00e9sio"},"sameAs":["https:\/\/quersaberpolitica.com.br"],"url":"https:\/\/blogdofarnesio.com.br\/?author=1"}]}},"_links":{"self":[{"href":"https:\/\/blogdofarnesio.com.br\/index.php?rest_route=\/wp\/v2\/posts\/293337","targetHints":{"allow":["GET"]}}],"collection":[{"href":"https:\/\/blogdofarnesio.com.br\/index.php?rest_route=\/wp\/v2\/posts"}],"about":[{"href":"https:\/\/blogdofarnesio.com.br\/index.php?rest_route=\/wp\/v2\/types\/post"}],"author":[{"embeddable":true,"href":"https:\/\/blogdofarnesio.com.br\/index.php?rest_route=\/wp\/v2\/users\/1"}],"replies":[{"embeddable":true,"href":"https:\/\/blogdofarnesio.com.br\/index.php?rest_route=%2Fwp%2Fv2%2Fcomments&post=293337"}],"version-history":[{"count":0,"href":"https:\/\/blogdofarnesio.com.br\/index.php?rest_route=\/wp\/v2\/posts\/293337\/revisions"}],"wp:featuredmedia":[{"embeddable":true,"href":"https:\/\/blogdofarnesio.com.br\/index.php?rest_route=\/wp\/v2\/media\/191212"}],"wp:attachment":[{"href":"https:\/\/blogdofarnesio.com.br\/index.php?rest_route=%2Fwp%2Fv2%2Fmedia&parent=293337"}],"wp:term":[{"taxonomy":"category","embeddable":true,"href":"https:\/\/blogdofarnesio.com.br\/index.php?rest_route=%2Fwp%2Fv2%2Fcategories&post=293337"},{"taxonomy":"post_tag","embeddable":true,"href":"https:\/\/blogdofarnesio.com.br\/index.php?rest_route=%2Fwp%2Fv2%2Ftags&post=293337"}],"curies":[{"name":"wp","href":"https:\/\/api.w.org\/{rel}","templated":true}]}}