{"id":292652,"date":"2021-08-08T09:31:17","date_gmt":"2021-08-08T12:31:17","guid":{"rendered":"https:\/\/quersaberpolitica.com.br\/?p=292652"},"modified":"2021-08-08T09:06:19","modified_gmt":"2021-08-08T12:06:19","slug":"tarcisio-meira-e-internado-no-hospital-albert-einstein-intubado-na-unidade-de-terapia-intensiva-2","status":"publish","type":"post","link":"https:\/\/blogdofarnesio.com.br\/?p=292652","title":{"rendered":"Tarc\u00edsio Meira e Gl\u00f3ria Meneses s\u00e3o internados no Hospital Albert Einstein; ele intubado na Unidade de Terapia Intensiva"},"content":{"rendered":"<p>F\u00e1bia Oliveira &#8211;<\/p>\n<p>Os atores Tarc\u00edsio Meira, de 85 anos e sua esposa Gl\u00f3ria Meneses, foram internados no Hospital Albert Einstein, em S\u00e3o Paulo, na tarde desta sexta-feira (6), por conta da Covid-19. A coluna soube que o marido de Gl\u00f3ria Menezes que tamb\u00e9m est\u00e1 infectada, est\u00e1 intubado na Unidade de Terapia Intensiva do hospital e vai precisar fazer hemodi\u00e1lise.<\/p>\n<p>Procurada, a assessoria do ator n\u00e3o retornou o contato.<\/p>\n<p><strong>RD<\/strong> &#8211; Tarc\u00edsio Meira est\u00e1 afastado da televis\u00e3o desde 2018, quando atuou na novela &#8216;Orgulho e Paix\u00e3o&#8217;, como o Lorde Williamson. Ele teve infec\u00e7\u00e3o pulmonar na \u00e9poca e deixou as grava\u00e7\u00f5es quatro meses antes do previsto. Em setembro de 2020, a Globo dispensou ele e Gl\u00f3ria Menezes ap\u00f3s 53 anos de casa. Nos \u00faltimos tempos, o ator tem sido ativo nas redes sociais e a postagem mais recente foi h\u00e1 um dia.<\/p>\n<p>A informac\u0327a\u0303o foi confirmada neste sa\u0301bado, 7, por Mocita Fagundes, casada com Tarci\u0301sio Filho e nora do casal, em um post no Instagram.<\/p>\n<p>\u201cEstavam isolados e, num descuido, foram contaminados. Essa doenc\u0327a e\u0301 traic\u0327oeira. Mas estamos muito fortalecidos. Cheios de amor e muita esperanc\u0327a em te\u0302-los em casa daqui a pouquinho. Por enquanto pec\u0327o que se unam a no\u0301s nessa corrente de orac\u0327o\u0303es e energias positivas. Na\u0303o vou ficar me alongando e nem dando boletins me\u0301dicos. Vou ficar quietinha ao lado do Tarci\u0301sio Filho que, grac\u0327as a Deus, testou negativo para covid-19\u201d, escreveu Mocita.<\/p>\n<p>O ator e Gl\u00f3ria Menezes est\u00e3o juntos desde 1962 e s\u00e3o pais de Tarc\u00edsio Filho, nascido em 1964.<\/p>\n","protected":false},"excerpt":{"rendered":"<p>F\u00e1bia Oliveira &#8211; Os atores Tarc\u00edsio Meira, de 85 anos e sua esposa Gl\u00f3ria Meneses, foram internados no Hospital Albert Einstein, em S\u00e3o Paulo, na tarde desta sexta-feira (6), por conta da Covid-19. A coluna soube que o marido de Gl\u00f3ria Menezes que tamb\u00e9m est\u00e1 infectada, est\u00e1 intubado na Unidade de Terapia Intensiva do hospital e vai precisar fazer hemodi\u00e1lise. Procurada, a assessoria do ator n\u00e3o retornou o contato. RD &#8211; Tarc\u00edsio Meira est\u00e1 afastado da televis\u00e3o desde 2018, quando atuou na novela &#8216;Orgulho e Paix\u00e3o&#8217;, como o Lorde Williamson. Ele teve infec\u00e7\u00e3o pulmonar na \u00e9poca e deixou as grava\u00e7\u00f5es quatro meses antes do previsto. Em setembro de 2020, a Globo dispensou ele e Gl\u00f3ria Menezes ap\u00f3s 53 anos de&hellip; <\/p>\n","protected":false},"author":1,"featured_media":292696,"comment_status":"closed","ping_status":"closed","sticky":false,"template":"","format":"standard","meta":{"_acf_changed":false,"footnotes":""},"categories":[3,4],"tags":[],"class_list":["post-292652","post","type-post","status-publish","format-standard","has-post-thumbnail","hentry","category-entretenimento","category-saude"],"acf":[],"yoast_head":"<!-- This site is optimized with the Yoast SEO plugin v27.4 - https:\/\/yoast.com\/product\/yoast-seo-wordpress\/ -->\n<title>Tarc\u00edsio Meira e Gl\u00f3ria Meneses s\u00e3o internados no Hospital Albert Einstein; ele intubado na Unidade de Terapia Intensiva - Blog do Farn\u00e9sio<\/title>\n<meta name=\"robots\" content=\"index, follow, max-snippet:-1, max-image-preview:large, max-video-preview:-1\" \/>\n<link rel=\"canonical\" href=\"https:\/\/blogdofarnesio.com.br\/?p=292652\" \/>\n<meta property=\"og:locale\" content=\"pt_BR\" \/>\n<meta property=\"og:type\" content=\"article\" \/>\n<meta property=\"og:title\" content=\"Tarc\u00edsio Meira e Gl\u00f3ria Meneses s\u00e3o internados no Hospital Albert Einstein; ele intubado na Unidade de Terapia Intensiva - Blog do Farn\u00e9sio\" \/>\n<meta property=\"og:description\" content=\"F\u00e1bia Oliveira &#8211; Os atores Tarc\u00edsio Meira, de 85 anos e sua esposa Gl\u00f3ria Meneses, foram internados no Hospital Albert Einstein, em S\u00e3o Paulo, na tarde desta sexta-feira (6), por conta da Covid-19. A coluna soube que o marido de Gl\u00f3ria Menezes que tamb\u00e9m est\u00e1 infectada, est\u00e1 intubado na Unidade de Terapia Intensiva do hospital e vai precisar fazer hemodi\u00e1lise. Procurada, a assessoria do ator n\u00e3o retornou o contato. RD &#8211; Tarc\u00edsio Meira est\u00e1 afastado da televis\u00e3o desde 2018, quando atuou na novela &#8216;Orgulho e Paix\u00e3o&#8217;, como o Lorde Williamson. Ele teve infec\u00e7\u00e3o pulmonar na \u00e9poca e deixou as grava\u00e7\u00f5es quatro meses antes do previsto. Em setembro de 2020, a Globo dispensou ele e Gl\u00f3ria Menezes ap\u00f3s 53 anos de&hellip;\" \/>\n<meta property=\"og:url\" content=\"https:\/\/blogdofarnesio.com.br\/?p=292652\" \/>\n<meta property=\"og:site_name\" content=\"Blog do Farn\u00e9sio\" \/>\n<meta property=\"article:publisher\" content=\"https:\/\/www.facebook.com\/BlogQuerSaberPolitica\/\" \/>\n<meta property=\"article:published_time\" content=\"2021-08-08T12:31:17+00:00\" \/>\n<meta property=\"og:image\" content=\"https:\/\/blogdofarnesio.com.br\/wp-content\/uploads\/2021\/08\/blogqsptv-tarcisio-gloria.png\" \/>\n\t<meta property=\"og:image:width\" content=\"600\" \/>\n\t<meta property=\"og:image:height\" content=\"439\" \/>\n\t<meta property=\"og:image:type\" content=\"image\/png\" \/>\n<meta name=\"author\" content=\"Farn\u00e9sio\" \/>\n<meta name=\"twitter:card\" content=\"summary_large_image\" \/>\n<meta name=\"twitter:label1\" content=\"Escrito por\" \/>\n\t<meta name=\"twitter:data1\" content=\"Farn\u00e9sio\" \/>\n\t<meta name=\"twitter:label2\" content=\"Est. tempo de leitura\" \/>\n\t<meta name=\"twitter:data2\" content=\"1 minuto\" \/>\n<script type=\"application\/ld+json\" class=\"yoast-schema-graph\">{\"@context\":\"https:\\\/\\\/schema.org\",\"@graph\":[{\"@type\":\"Article\",\"@id\":\"https:\\\/\\\/blogdofarnesio.com.br\\\/?p=292652#article\",\"isPartOf\":{\"@id\":\"https:\\\/\\\/blogdofarnesio.com.br\\\/?p=292652\"},\"author\":{\"name\":\"Farn\u00e9sio\",\"@id\":\"https:\\\/\\\/blogdofarnesio.com.br\\\/#\\\/schema\\\/person\\\/301c4acf522bccbfdb45af95b5b906a1\"},\"headline\":\"Tarc\u00edsio Meira e Gl\u00f3ria Meneses s\u00e3o internados no Hospital Albert Einstein; ele intubado na Unidade de Terapia Intensiva\",\"datePublished\":\"2021-08-08T12:31:17+00:00\",\"mainEntityOfPage\":{\"@id\":\"https:\\\/\\\/blogdofarnesio.com.br\\\/?p=292652\"},\"wordCount\":301,\"publisher\":{\"@id\":\"https:\\\/\\\/blogdofarnesio.com.br\\\/#organization\"},\"image\":{\"@id\":\"https:\\\/\\\/blogdofarnesio.com.br\\\/?p=292652#primaryimage\"},\"thumbnailUrl\":\"https:\\\/\\\/blogdofarnesio.com.br\\\/wp-content\\\/uploads\\\/2021\\\/08\\\/blogqsptv-tarcisio-gloria.png\",\"articleSection\":[\"Entretenimento\",\"Sa\u00fade\"],\"inLanguage\":\"pt-BR\"},{\"@type\":\"WebPage\",\"@id\":\"https:\\\/\\\/blogdofarnesio.com.br\\\/?p=292652\",\"url\":\"https:\\\/\\\/blogdofarnesio.com.br\\\/?p=292652\",\"name\":\"Tarc\u00edsio Meira e Gl\u00f3ria Meneses s\u00e3o internados no Hospital Albert Einstein; ele intubado na Unidade de Terapia Intensiva - Blog do Farn\u00e9sio\",\"isPartOf\":{\"@id\":\"https:\\\/\\\/blogdofarnesio.com.br\\\/#website\"},\"primaryImageOfPage\":{\"@id\":\"https:\\\/\\\/blogdofarnesio.com.br\\\/?p=292652#primaryimage\"},\"image\":{\"@id\":\"https:\\\/\\\/blogdofarnesio.com.br\\\/?p=292652#primaryimage\"},\"thumbnailUrl\":\"https:\\\/\\\/blogdofarnesio.com.br\\\/wp-content\\\/uploads\\\/2021\\\/08\\\/blogqsptv-tarcisio-gloria.png\",\"datePublished\":\"2021-08-08T12:31:17+00:00\",\"breadcrumb\":{\"@id\":\"https:\\\/\\\/blogdofarnesio.com.br\\\/?p=292652#breadcrumb\"},\"inLanguage\":\"pt-BR\",\"potentialAction\":[{\"@type\":\"ReadAction\",\"target\":[\"https:\\\/\\\/blogdofarnesio.com.br\\\/?p=292652\"]}]},{\"@type\":\"ImageObject\",\"inLanguage\":\"pt-BR\",\"@id\":\"https:\\\/\\\/blogdofarnesio.com.br\\\/?p=292652#primaryimage\",\"url\":\"https:\\\/\\\/blogdofarnesio.com.br\\\/wp-content\\\/uploads\\\/2021\\\/08\\\/blogqsptv-tarcisio-gloria.png\",\"contentUrl\":\"https:\\\/\\\/blogdofarnesio.com.br\\\/wp-content\\\/uploads\\\/2021\\\/08\\\/blogqsptv-tarcisio-gloria.png\",\"width\":600,\"height\":439,\"caption\":\"Eles j\u00e1 haviam tomado a segunda dose\"},{\"@type\":\"BreadcrumbList\",\"@id\":\"https:\\\/\\\/blogdofarnesio.com.br\\\/?p=292652#breadcrumb\",\"itemListElement\":[{\"@type\":\"ListItem\",\"position\":1,\"name\":\"In\u00edcio\",\"item\":\"https:\\\/\\\/blogdofarnesio.com.br\\\/\"},{\"@type\":\"ListItem\",\"position\":2,\"name\":\"Tarc\u00edsio Meira e Gl\u00f3ria Meneses s\u00e3o internados no Hospital Albert Einstein; ele intubado na Unidade de Terapia Intensiva\"}]},{\"@type\":\"WebSite\",\"@id\":\"https:\\\/\\\/blogdofarnesio.com.br\\\/#website\",\"url\":\"https:\\\/\\\/blogdofarnesio.com.br\\\/\",\"name\":\"Blog do Farn\u00e9sio\",\"description\":\"Quer Saber Pol\u00edtica?\",\"publisher\":{\"@id\":\"https:\\\/\\\/blogdofarnesio.com.br\\\/#organization\"},\"potentialAction\":[{\"@type\":\"SearchAction\",\"target\":{\"@type\":\"EntryPoint\",\"urlTemplate\":\"https:\\\/\\\/blogdofarnesio.com.br\\\/?s={search_term_string}\"},\"query-input\":{\"@type\":\"PropertyValueSpecification\",\"valueRequired\":true,\"valueName\":\"search_term_string\"}}],\"inLanguage\":\"pt-BR\"},{\"@type\":\"Organization\",\"@id\":\"https:\\\/\\\/blogdofarnesio.com.br\\\/#organization\",\"name\":\"Blog do Farn\u00e9sio\",\"url\":\"https:\\\/\\\/blogdofarnesio.com.br\\\/\",\"logo\":{\"@type\":\"ImageObject\",\"inLanguage\":\"pt-BR\",\"@id\":\"https:\\\/\\\/blogdofarnesio.com.br\\\/#\\\/schema\\\/logo\\\/image\\\/\",\"url\":\"https:\\\/\\\/blogdofarnesio.com.br\\\/wp-content\\\/uploads\\\/2026\\\/03\\\/cropped-logo_new-1.png\",\"contentUrl\":\"https:\\\/\\\/blogdofarnesio.com.br\\\/wp-content\\\/uploads\\\/2026\\\/03\\\/cropped-logo_new-1.png\",\"width\":881,\"height\":685,\"caption\":\"Blog do Farn\u00e9sio\"},\"image\":{\"@id\":\"https:\\\/\\\/blogdofarnesio.com.br\\\/#\\\/schema\\\/logo\\\/image\\\/\"},\"sameAs\":[\"https:\\\/\\\/www.facebook.com\\\/BlogQuerSaberPolitica\\\/\"]},{\"@type\":\"Person\",\"@id\":\"https:\\\/\\\/blogdofarnesio.com.br\\\/#\\\/schema\\\/person\\\/301c4acf522bccbfdb45af95b5b906a1\",\"name\":\"Farn\u00e9sio\",\"image\":{\"@type\":\"ImageObject\",\"inLanguage\":\"pt-BR\",\"@id\":\"https:\\\/\\\/secure.gravatar.com\\\/avatar\\\/df0c9a14567c056f8ad6876ba5bbd1e3e2c48023eb6807342fc4663adf549f38?s=96&d=mm&r=g\",\"url\":\"https:\\\/\\\/secure.gravatar.com\\\/avatar\\\/df0c9a14567c056f8ad6876ba5bbd1e3e2c48023eb6807342fc4663adf549f38?s=96&d=mm&r=g\",\"contentUrl\":\"https:\\\/\\\/secure.gravatar.com\\\/avatar\\\/df0c9a14567c056f8ad6876ba5bbd1e3e2c48023eb6807342fc4663adf549f38?s=96&d=mm&r=g\",\"caption\":\"Farn\u00e9sio\"},\"sameAs\":[\"https:\\\/\\\/quersaberpolitica.com.br\"],\"url\":\"https:\\\/\\\/blogdofarnesio.com.br\\\/?author=1\"}]}<\/script>\n<!-- \/ Yoast SEO plugin. -->","yoast_head_json":{"title":"Tarc\u00edsio Meira e Gl\u00f3ria Meneses s\u00e3o internados no Hospital Albert Einstein; ele intubado na Unidade de Terapia Intensiva - Blog do Farn\u00e9sio","robots":{"index":"index","follow":"follow","max-snippet":"max-snippet:-1","max-image-preview":"max-image-preview:large","max-video-preview":"max-video-preview:-1"},"canonical":"https:\/\/blogdofarnesio.com.br\/?p=292652","og_locale":"pt_BR","og_type":"article","og_title":"Tarc\u00edsio Meira e Gl\u00f3ria Meneses s\u00e3o internados no Hospital Albert Einstein; ele intubado na Unidade de Terapia Intensiva - Blog do Farn\u00e9sio","og_description":"F\u00e1bia Oliveira &#8211; Os atores Tarc\u00edsio Meira, de 85 anos e sua esposa Gl\u00f3ria Meneses, foram internados no Hospital Albert Einstein, em S\u00e3o Paulo, na tarde desta sexta-feira (6), por conta da Covid-19. A coluna soube que o marido de Gl\u00f3ria Menezes que tamb\u00e9m est\u00e1 infectada, est\u00e1 intubado na Unidade de Terapia Intensiva do hospital e vai precisar fazer hemodi\u00e1lise. Procurada, a assessoria do ator n\u00e3o retornou o contato. RD &#8211; Tarc\u00edsio Meira est\u00e1 afastado da televis\u00e3o desde 2018, quando atuou na novela &#8216;Orgulho e Paix\u00e3o&#8217;, como o Lorde Williamson. Ele teve infec\u00e7\u00e3o pulmonar na \u00e9poca e deixou as grava\u00e7\u00f5es quatro meses antes do previsto. Em setembro de 2020, a Globo dispensou ele e Gl\u00f3ria Menezes ap\u00f3s 53 anos de&hellip;","og_url":"https:\/\/blogdofarnesio.com.br\/?p=292652","og_site_name":"Blog do Farn\u00e9sio","article_publisher":"https:\/\/www.facebook.com\/BlogQuerSaberPolitica\/","article_published_time":"2021-08-08T12:31:17+00:00","og_image":[{"width":600,"height":439,"url":"https:\/\/blogdofarnesio.com.br\/wp-content\/uploads\/2021\/08\/blogqsptv-tarcisio-gloria.png","type":"image\/png"}],"author":"Farn\u00e9sio","twitter_card":"summary_large_image","twitter_misc":{"Escrito por":"Farn\u00e9sio","Est. tempo de leitura":"1 minuto"},"schema":{"@context":"https:\/\/schema.org","@graph":[{"@type":"Article","@id":"https:\/\/blogdofarnesio.com.br\/?p=292652#article","isPartOf":{"@id":"https:\/\/blogdofarnesio.com.br\/?p=292652"},"author":{"name":"Farn\u00e9sio","@id":"https:\/\/blogdofarnesio.com.br\/#\/schema\/person\/301c4acf522bccbfdb45af95b5b906a1"},"headline":"Tarc\u00edsio Meira e Gl\u00f3ria Meneses s\u00e3o internados no Hospital Albert Einstein; ele intubado na Unidade de Terapia Intensiva","datePublished":"2021-08-08T12:31:17+00:00","mainEntityOfPage":{"@id":"https:\/\/blogdofarnesio.com.br\/?p=292652"},"wordCount":301,"publisher":{"@id":"https:\/\/blogdofarnesio.com.br\/#organization"},"image":{"@id":"https:\/\/blogdofarnesio.com.br\/?p=292652#primaryimage"},"thumbnailUrl":"https:\/\/blogdofarnesio.com.br\/wp-content\/uploads\/2021\/08\/blogqsptv-tarcisio-gloria.png","articleSection":["Entretenimento","Sa\u00fade"],"inLanguage":"pt-BR"},{"@type":"WebPage","@id":"https:\/\/blogdofarnesio.com.br\/?p=292652","url":"https:\/\/blogdofarnesio.com.br\/?p=292652","name":"Tarc\u00edsio Meira e Gl\u00f3ria Meneses s\u00e3o internados no Hospital Albert Einstein; ele intubado na Unidade de Terapia Intensiva - Blog do Farn\u00e9sio","isPartOf":{"@id":"https:\/\/blogdofarnesio.com.br\/#website"},"primaryImageOfPage":{"@id":"https:\/\/blogdofarnesio.com.br\/?p=292652#primaryimage"},"image":{"@id":"https:\/\/blogdofarnesio.com.br\/?p=292652#primaryimage"},"thumbnailUrl":"https:\/\/blogdofarnesio.com.br\/wp-content\/uploads\/2021\/08\/blogqsptv-tarcisio-gloria.png","datePublished":"2021-08-08T12:31:17+00:00","breadcrumb":{"@id":"https:\/\/blogdofarnesio.com.br\/?p=292652#breadcrumb"},"inLanguage":"pt-BR","potentialAction":[{"@type":"ReadAction","target":["https:\/\/blogdofarnesio.com.br\/?p=292652"]}]},{"@type":"ImageObject","inLanguage":"pt-BR","@id":"https:\/\/blogdofarnesio.com.br\/?p=292652#primaryimage","url":"https:\/\/blogdofarnesio.com.br\/wp-content\/uploads\/2021\/08\/blogqsptv-tarcisio-gloria.png","contentUrl":"https:\/\/blogdofarnesio.com.br\/wp-content\/uploads\/2021\/08\/blogqsptv-tarcisio-gloria.png","width":600,"height":439,"caption":"Eles j\u00e1 haviam tomado a segunda dose"},{"@type":"BreadcrumbList","@id":"https:\/\/blogdofarnesio.com.br\/?p=292652#breadcrumb","itemListElement":[{"@type":"ListItem","position":1,"name":"In\u00edcio","item":"https:\/\/blogdofarnesio.com.br\/"},{"@type":"ListItem","position":2,"name":"Tarc\u00edsio Meira e Gl\u00f3ria Meneses s\u00e3o internados no Hospital Albert Einstein; ele intubado na Unidade de Terapia Intensiva"}]},{"@type":"WebSite","@id":"https:\/\/blogdofarnesio.com.br\/#website","url":"https:\/\/blogdofarnesio.com.br\/","name":"Blog do Farn\u00e9sio","description":"Quer Saber Pol\u00edtica?","publisher":{"@id":"https:\/\/blogdofarnesio.com.br\/#organization"},"potentialAction":[{"@type":"SearchAction","target":{"@type":"EntryPoint","urlTemplate":"https:\/\/blogdofarnesio.com.br\/?s={search_term_string}"},"query-input":{"@type":"PropertyValueSpecification","valueRequired":true,"valueName":"search_term_string"}}],"inLanguage":"pt-BR"},{"@type":"Organization","@id":"https:\/\/blogdofarnesio.com.br\/#organization","name":"Blog do Farn\u00e9sio","url":"https:\/\/blogdofarnesio.com.br\/","logo":{"@type":"ImageObject","inLanguage":"pt-BR","@id":"https:\/\/blogdofarnesio.com.br\/#\/schema\/logo\/image\/","url":"https:\/\/blogdofarnesio.com.br\/wp-content\/uploads\/2026\/03\/cropped-logo_new-1.png","contentUrl":"https:\/\/blogdofarnesio.com.br\/wp-content\/uploads\/2026\/03\/cropped-logo_new-1.png","width":881,"height":685,"caption":"Blog do Farn\u00e9sio"},"image":{"@id":"https:\/\/blogdofarnesio.com.br\/#\/schema\/logo\/image\/"},"sameAs":["https:\/\/www.facebook.com\/BlogQuerSaberPolitica\/"]},{"@type":"Person","@id":"https:\/\/blogdofarnesio.com.br\/#\/schema\/person\/301c4acf522bccbfdb45af95b5b906a1","name":"Farn\u00e9sio","image":{"@type":"ImageObject","inLanguage":"pt-BR","@id":"https:\/\/secure.gravatar.com\/avatar\/df0c9a14567c056f8ad6876ba5bbd1e3e2c48023eb6807342fc4663adf549f38?s=96&d=mm&r=g","url":"https:\/\/secure.gravatar.com\/avatar\/df0c9a14567c056f8ad6876ba5bbd1e3e2c48023eb6807342fc4663adf549f38?s=96&d=mm&r=g","contentUrl":"https:\/\/secure.gravatar.com\/avatar\/df0c9a14567c056f8ad6876ba5bbd1e3e2c48023eb6807342fc4663adf549f38?s=96&d=mm&r=g","caption":"Farn\u00e9sio"},"sameAs":["https:\/\/quersaberpolitica.com.br"],"url":"https:\/\/blogdofarnesio.com.br\/?author=1"}]}},"_links":{"self":[{"href":"https:\/\/blogdofarnesio.com.br\/index.php?rest_route=\/wp\/v2\/posts\/292652","targetHints":{"allow":["GET"]}}],"collection":[{"href":"https:\/\/blogdofarnesio.com.br\/index.php?rest_route=\/wp\/v2\/posts"}],"about":[{"href":"https:\/\/blogdofarnesio.com.br\/index.php?rest_route=\/wp\/v2\/types\/post"}],"author":[{"embeddable":true,"href":"https:\/\/blogdofarnesio.com.br\/index.php?rest_route=\/wp\/v2\/users\/1"}],"replies":[{"embeddable":true,"href":"https:\/\/blogdofarnesio.com.br\/index.php?rest_route=%2Fwp%2Fv2%2Fcomments&post=292652"}],"version-history":[{"count":0,"href":"https:\/\/blogdofarnesio.com.br\/index.php?rest_route=\/wp\/v2\/posts\/292652\/revisions"}],"wp:featuredmedia":[{"embeddable":true,"href":"https:\/\/blogdofarnesio.com.br\/index.php?rest_route=\/wp\/v2\/media\/292696"}],"wp:attachment":[{"href":"https:\/\/blogdofarnesio.com.br\/index.php?rest_route=%2Fwp%2Fv2%2Fmedia&parent=292652"}],"wp:term":[{"taxonomy":"category","embeddable":true,"href":"https:\/\/blogdofarnesio.com.br\/index.php?rest_route=%2Fwp%2Fv2%2Fcategories&post=292652"},{"taxonomy":"post_tag","embeddable":true,"href":"https:\/\/blogdofarnesio.com.br\/index.php?rest_route=%2Fwp%2Fv2%2Ftags&post=292652"}],"curies":[{"name":"wp","href":"https:\/\/api.w.org\/{rel}","templated":true}]}}