{"id":292155,"date":"2021-08-01T17:58:59","date_gmt":"2021-08-01T20:58:59","guid":{"rendered":"https:\/\/quersaberpolitica.com.br\/?p=292155"},"modified":"2021-08-01T18:10:33","modified_gmt":"2021-08-01T21:10:33","slug":"sargento-da-pm-e-executado-a-tiros-no-estacionamento-do-atacadao-de-juazeiro","status":"publish","type":"post","link":"https:\/\/blogdofarnesio.com.br\/?p=292155","title":{"rendered":"Sargento da PM \u00e9 executado a tiros no estacionamento do Atacad\u00e3o de Juazeiro"},"content":{"rendered":"<p>Sargento da Policia Militar conhecido como Daf\u00e9, foi executado a tiros no estacionamento da loja atacad\u00e3o de Juazeiro agora a pouco. Segundo as primeiras informa\u00e7\u00f5es, o militar que estava acompanhado de sua companheira e\u00a0 foi morto com v\u00e1rios tiros, sem tempo se quer de sacar sua arma para se defender. aguardamos mais informa\u00e7\u00f5es. veja as foto do assassinato<img loading=\"lazy\" decoding=\"async\" class=\"aligncenter wp-image-292156\" src=\"https:\/\/quersaberpolitica.com.br\/wp-content\/uploads\/2021\/08\/blogqspjua-crime-sarg-dafe-2-e1627851365111.jpg\" alt=\"\" width=\"518\" height=\"396\" srcset=\"https:\/\/blogdofarnesio.com.br\/wp-content\/uploads\/2021\/08\/blogqspjua-crime-sarg-dafe-2-e1627851365111.jpg 720w, https:\/\/blogdofarnesio.com.br\/wp-content\/uploads\/2021\/08\/blogqspjua-crime-sarg-dafe-2-e1627851365111-300x229.jpg 300w, https:\/\/blogdofarnesio.com.br\/wp-content\/uploads\/2021\/08\/blogqspjua-crime-sarg-dafe-2-e1627851365111-360x275.jpg 360w\" sizes=\"auto, (max-width: 518px) 100vw, 518px\" \/><\/p>\n<p><img loading=\"lazy\" decoding=\"async\" class=\"aligncenter wp-image-292159\" src=\"https:\/\/quersaberpolitica.com.br\/wp-content\/uploads\/2021\/08\/blogqspjua-crime-sarg-dafe-1-e1627851426742.jpg\" alt=\"\" width=\"519\" height=\"319\" \/><\/p>\n<p><img loading=\"lazy\" decoding=\"async\" class=\"aligncenter size-full wp-image-292157\" src=\"https:\/\/quersaberpolitica.com.br\/wp-content\/uploads\/2021\/08\/blogqspjua-crime-sarg-dafe-3-e1627851395735.jpg\" alt=\"\" width=\"540\" height=\"439\" srcset=\"https:\/\/blogdofarnesio.com.br\/wp-content\/uploads\/2021\/08\/blogqspjua-crime-sarg-dafe-3-e1627851395735.jpg 540w, https:\/\/blogdofarnesio.com.br\/wp-content\/uploads\/2021\/08\/blogqspjua-crime-sarg-dafe-3-e1627851395735-300x244.jpg 300w, https:\/\/blogdofarnesio.com.br\/wp-content\/uploads\/2021\/08\/blogqspjua-crime-sarg-dafe-3-e1627851395735-360x293.jpg 360w\" sizes=\"auto, (max-width: 540px) 100vw, 540px\" \/><\/p>\n","protected":false},"excerpt":{"rendered":"<p>Sargento da Policia Militar conhecido como Daf\u00e9, foi executado a tiros no estacionamento da loja atacad\u00e3o de Juazeiro agora a pouco. Segundo as primeiras informa\u00e7\u00f5es, o militar que estava acompanhado de sua companheira e\u00a0 foi morto com v\u00e1rios tiros, sem tempo se quer de sacar sua arma para se defender. aguardamos mais informa\u00e7\u00f5es. veja as foto do assassinato<\/p>\n","protected":false},"author":1,"featured_media":292158,"comment_status":"closed","ping_status":"closed","sticky":false,"template":"","format":"standard","meta":{"_acf_changed":false,"footnotes":""},"categories":[9],"tags":[],"class_list":["post-292155","post","type-post","status-publish","format-standard","has-post-thumbnail","hentry","category-policia"],"acf":[],"yoast_head":"<!-- This site is optimized with the Yoast SEO plugin v27.4 - https:\/\/yoast.com\/product\/yoast-seo-wordpress\/ -->\n<title>Sargento da PM \u00e9 executado a tiros no estacionamento do Atacad\u00e3o de Juazeiro - Blog do Farn\u00e9sio<\/title>\n<meta name=\"robots\" content=\"index, follow, max-snippet:-1, max-image-preview:large, max-video-preview:-1\" \/>\n<link rel=\"canonical\" href=\"http:\/\/blogdofarnesio.com.br\/?p=292155\" \/>\n<meta property=\"og:locale\" content=\"pt_BR\" \/>\n<meta property=\"og:type\" content=\"article\" \/>\n<meta property=\"og:title\" content=\"Sargento da PM \u00e9 executado a tiros no estacionamento do Atacad\u00e3o de Juazeiro - Blog do Farn\u00e9sio\" \/>\n<meta property=\"og:description\" content=\"Sargento da Policia Militar conhecido como Daf\u00e9, foi executado a tiros no estacionamento da loja atacad\u00e3o de Juazeiro agora a pouco. Segundo as primeiras informa\u00e7\u00f5es, o militar que estava acompanhado de sua companheira e\u00a0 foi morto com v\u00e1rios tiros, sem tempo se quer de sacar sua arma para se defender. aguardamos mais informa\u00e7\u00f5es. veja as foto do assassinato\" \/>\n<meta property=\"og:url\" content=\"http:\/\/blogdofarnesio.com.br\/?p=292155\" \/>\n<meta property=\"og:site_name\" content=\"Blog do Farn\u00e9sio\" \/>\n<meta property=\"article:publisher\" content=\"https:\/\/www.facebook.com\/BlogQuerSaberPolitica\/\" \/>\n<meta property=\"article:published_time\" content=\"2021-08-01T20:58:59+00:00\" \/>\n<meta property=\"article:modified_time\" content=\"2021-08-01T21:10:33+00:00\" \/>\n<meta property=\"og:image\" content=\"http:\/\/blogdofarnesio.com.br\/wp-content\/uploads\/2021\/08\/blogqspjua-crime-sarg-dafe-4-e1627851314180.jpg\" \/>\n\t<meta property=\"og:image:width\" content=\"540\" \/>\n\t<meta property=\"og:image:height\" content=\"492\" \/>\n\t<meta property=\"og:image:type\" content=\"image\/jpeg\" \/>\n<meta name=\"author\" content=\"Farn\u00e9sio\" \/>\n<meta name=\"twitter:card\" content=\"summary_large_image\" \/>\n<meta name=\"twitter:label1\" content=\"Escrito por\" \/>\n\t<meta name=\"twitter:data1\" content=\"Farn\u00e9sio\" \/>\n<script type=\"application\/ld+json\" class=\"yoast-schema-graph\">{\"@context\":\"https:\\\/\\\/schema.org\",\"@graph\":[{\"@type\":\"Article\",\"@id\":\"http:\\\/\\\/blogdofarnesio.com.br\\\/?p=292155#article\",\"isPartOf\":{\"@id\":\"http:\\\/\\\/blogdofarnesio.com.br\\\/?p=292155\"},\"author\":{\"name\":\"Farn\u00e9sio\",\"@id\":\"https:\\\/\\\/blogdofarnesio.com.br\\\/#\\\/schema\\\/person\\\/301c4acf522bccbfdb45af95b5b906a1\"},\"headline\":\"Sargento da PM \u00e9 executado a tiros no estacionamento do Atacad\u00e3o de Juazeiro\",\"datePublished\":\"2021-08-01T20:58:59+00:00\",\"dateModified\":\"2021-08-01T21:10:33+00:00\",\"mainEntityOfPage\":{\"@id\":\"http:\\\/\\\/blogdofarnesio.com.br\\\/?p=292155\"},\"wordCount\":75,\"publisher\":{\"@id\":\"https:\\\/\\\/blogdofarnesio.com.br\\\/#organization\"},\"image\":{\"@id\":\"http:\\\/\\\/blogdofarnesio.com.br\\\/?p=292155#primaryimage\"},\"thumbnailUrl\":\"https:\\\/\\\/blogdofarnesio.com.br\\\/wp-content\\\/uploads\\\/2021\\\/08\\\/blogqspjua-crime-sarg-dafe-4-e1627851314180.jpg\",\"articleSection\":[\"Pol\u00edcia\"],\"inLanguage\":\"pt-BR\"},{\"@type\":\"WebPage\",\"@id\":\"http:\\\/\\\/blogdofarnesio.com.br\\\/?p=292155\",\"url\":\"http:\\\/\\\/blogdofarnesio.com.br\\\/?p=292155\",\"name\":\"Sargento da PM \u00e9 executado a tiros no estacionamento do Atacad\u00e3o de Juazeiro - Blog do Farn\u00e9sio\",\"isPartOf\":{\"@id\":\"https:\\\/\\\/blogdofarnesio.com.br\\\/#website\"},\"primaryImageOfPage\":{\"@id\":\"http:\\\/\\\/blogdofarnesio.com.br\\\/?p=292155#primaryimage\"},\"image\":{\"@id\":\"http:\\\/\\\/blogdofarnesio.com.br\\\/?p=292155#primaryimage\"},\"thumbnailUrl\":\"https:\\\/\\\/blogdofarnesio.com.br\\\/wp-content\\\/uploads\\\/2021\\\/08\\\/blogqspjua-crime-sarg-dafe-4-e1627851314180.jpg\",\"datePublished\":\"2021-08-01T20:58:59+00:00\",\"dateModified\":\"2021-08-01T21:10:33+00:00\",\"breadcrumb\":{\"@id\":\"http:\\\/\\\/blogdofarnesio.com.br\\\/?p=292155#breadcrumb\"},\"inLanguage\":\"pt-BR\",\"potentialAction\":[{\"@type\":\"ReadAction\",\"target\":[\"http:\\\/\\\/blogdofarnesio.com.br\\\/?p=292155\"]}]},{\"@type\":\"ImageObject\",\"inLanguage\":\"pt-BR\",\"@id\":\"http:\\\/\\\/blogdofarnesio.com.br\\\/?p=292155#primaryimage\",\"url\":\"https:\\\/\\\/blogdofarnesio.com.br\\\/wp-content\\\/uploads\\\/2021\\\/08\\\/blogqspjua-crime-sarg-dafe-4-e1627851314180.jpg\",\"contentUrl\":\"https:\\\/\\\/blogdofarnesio.com.br\\\/wp-content\\\/uploads\\\/2021\\\/08\\\/blogqspjua-crime-sarg-dafe-4-e1627851314180.jpg\",\"width\":540,\"height\":492},{\"@type\":\"BreadcrumbList\",\"@id\":\"http:\\\/\\\/blogdofarnesio.com.br\\\/?p=292155#breadcrumb\",\"itemListElement\":[{\"@type\":\"ListItem\",\"position\":1,\"name\":\"In\u00edcio\",\"item\":\"https:\\\/\\\/blogdofarnesio.com.br\\\/\"},{\"@type\":\"ListItem\",\"position\":2,\"name\":\"Sargento da PM \u00e9 executado a tiros no estacionamento do Atacad\u00e3o de Juazeiro\"}]},{\"@type\":\"WebSite\",\"@id\":\"https:\\\/\\\/blogdofarnesio.com.br\\\/#website\",\"url\":\"https:\\\/\\\/blogdofarnesio.com.br\\\/\",\"name\":\"Blog do Farn\u00e9sio\",\"description\":\"Quer Saber Pol\u00edtica?\",\"publisher\":{\"@id\":\"https:\\\/\\\/blogdofarnesio.com.br\\\/#organization\"},\"potentialAction\":[{\"@type\":\"SearchAction\",\"target\":{\"@type\":\"EntryPoint\",\"urlTemplate\":\"https:\\\/\\\/blogdofarnesio.com.br\\\/?s={search_term_string}\"},\"query-input\":{\"@type\":\"PropertyValueSpecification\",\"valueRequired\":true,\"valueName\":\"search_term_string\"}}],\"inLanguage\":\"pt-BR\"},{\"@type\":\"Organization\",\"@id\":\"https:\\\/\\\/blogdofarnesio.com.br\\\/#organization\",\"name\":\"Blog do Farn\u00e9sio\",\"url\":\"https:\\\/\\\/blogdofarnesio.com.br\\\/\",\"logo\":{\"@type\":\"ImageObject\",\"inLanguage\":\"pt-BR\",\"@id\":\"https:\\\/\\\/blogdofarnesio.com.br\\\/#\\\/schema\\\/logo\\\/image\\\/\",\"url\":\"https:\\\/\\\/blogdofarnesio.com.br\\\/wp-content\\\/uploads\\\/2026\\\/03\\\/cropped-logo_new-1.png\",\"contentUrl\":\"https:\\\/\\\/blogdofarnesio.com.br\\\/wp-content\\\/uploads\\\/2026\\\/03\\\/cropped-logo_new-1.png\",\"width\":881,\"height\":685,\"caption\":\"Blog do Farn\u00e9sio\"},\"image\":{\"@id\":\"https:\\\/\\\/blogdofarnesio.com.br\\\/#\\\/schema\\\/logo\\\/image\\\/\"},\"sameAs\":[\"https:\\\/\\\/www.facebook.com\\\/BlogQuerSaberPolitica\\\/\"]},{\"@type\":\"Person\",\"@id\":\"https:\\\/\\\/blogdofarnesio.com.br\\\/#\\\/schema\\\/person\\\/301c4acf522bccbfdb45af95b5b906a1\",\"name\":\"Farn\u00e9sio\",\"image\":{\"@type\":\"ImageObject\",\"inLanguage\":\"pt-BR\",\"@id\":\"https:\\\/\\\/secure.gravatar.com\\\/avatar\\\/df0c9a14567c056f8ad6876ba5bbd1e3e2c48023eb6807342fc4663adf549f38?s=96&d=mm&r=g\",\"url\":\"https:\\\/\\\/secure.gravatar.com\\\/avatar\\\/df0c9a14567c056f8ad6876ba5bbd1e3e2c48023eb6807342fc4663adf549f38?s=96&d=mm&r=g\",\"contentUrl\":\"https:\\\/\\\/secure.gravatar.com\\\/avatar\\\/df0c9a14567c056f8ad6876ba5bbd1e3e2c48023eb6807342fc4663adf549f38?s=96&d=mm&r=g\",\"caption\":\"Farn\u00e9sio\"},\"sameAs\":[\"https:\\\/\\\/quersaberpolitica.com.br\"],\"url\":\"https:\\\/\\\/blogdofarnesio.com.br\\\/?author=1\"}]}<\/script>\n<!-- \/ Yoast SEO plugin. -->","yoast_head_json":{"title":"Sargento da PM \u00e9 executado a tiros no estacionamento do Atacad\u00e3o de Juazeiro - Blog do Farn\u00e9sio","robots":{"index":"index","follow":"follow","max-snippet":"max-snippet:-1","max-image-preview":"max-image-preview:large","max-video-preview":"max-video-preview:-1"},"canonical":"http:\/\/blogdofarnesio.com.br\/?p=292155","og_locale":"pt_BR","og_type":"article","og_title":"Sargento da PM \u00e9 executado a tiros no estacionamento do Atacad\u00e3o de Juazeiro - Blog do Farn\u00e9sio","og_description":"Sargento da Policia Militar conhecido como Daf\u00e9, foi executado a tiros no estacionamento da loja atacad\u00e3o de Juazeiro agora a pouco. Segundo as primeiras informa\u00e7\u00f5es, o militar que estava acompanhado de sua companheira e\u00a0 foi morto com v\u00e1rios tiros, sem tempo se quer de sacar sua arma para se defender. aguardamos mais informa\u00e7\u00f5es. veja as foto do assassinato","og_url":"http:\/\/blogdofarnesio.com.br\/?p=292155","og_site_name":"Blog do Farn\u00e9sio","article_publisher":"https:\/\/www.facebook.com\/BlogQuerSaberPolitica\/","article_published_time":"2021-08-01T20:58:59+00:00","article_modified_time":"2021-08-01T21:10:33+00:00","og_image":[{"width":540,"height":492,"url":"http:\/\/blogdofarnesio.com.br\/wp-content\/uploads\/2021\/08\/blogqspjua-crime-sarg-dafe-4-e1627851314180.jpg","type":"image\/jpeg"}],"author":"Farn\u00e9sio","twitter_card":"summary_large_image","twitter_misc":{"Escrito por":"Farn\u00e9sio"},"schema":{"@context":"https:\/\/schema.org","@graph":[{"@type":"Article","@id":"http:\/\/blogdofarnesio.com.br\/?p=292155#article","isPartOf":{"@id":"http:\/\/blogdofarnesio.com.br\/?p=292155"},"author":{"name":"Farn\u00e9sio","@id":"https:\/\/blogdofarnesio.com.br\/#\/schema\/person\/301c4acf522bccbfdb45af95b5b906a1"},"headline":"Sargento da PM \u00e9 executado a tiros no estacionamento do Atacad\u00e3o de Juazeiro","datePublished":"2021-08-01T20:58:59+00:00","dateModified":"2021-08-01T21:10:33+00:00","mainEntityOfPage":{"@id":"http:\/\/blogdofarnesio.com.br\/?p=292155"},"wordCount":75,"publisher":{"@id":"https:\/\/blogdofarnesio.com.br\/#organization"},"image":{"@id":"http:\/\/blogdofarnesio.com.br\/?p=292155#primaryimage"},"thumbnailUrl":"https:\/\/blogdofarnesio.com.br\/wp-content\/uploads\/2021\/08\/blogqspjua-crime-sarg-dafe-4-e1627851314180.jpg","articleSection":["Pol\u00edcia"],"inLanguage":"pt-BR"},{"@type":"WebPage","@id":"http:\/\/blogdofarnesio.com.br\/?p=292155","url":"http:\/\/blogdofarnesio.com.br\/?p=292155","name":"Sargento da PM \u00e9 executado a tiros no estacionamento do Atacad\u00e3o de Juazeiro - Blog do Farn\u00e9sio","isPartOf":{"@id":"https:\/\/blogdofarnesio.com.br\/#website"},"primaryImageOfPage":{"@id":"http:\/\/blogdofarnesio.com.br\/?p=292155#primaryimage"},"image":{"@id":"http:\/\/blogdofarnesio.com.br\/?p=292155#primaryimage"},"thumbnailUrl":"https:\/\/blogdofarnesio.com.br\/wp-content\/uploads\/2021\/08\/blogqspjua-crime-sarg-dafe-4-e1627851314180.jpg","datePublished":"2021-08-01T20:58:59+00:00","dateModified":"2021-08-01T21:10:33+00:00","breadcrumb":{"@id":"http:\/\/blogdofarnesio.com.br\/?p=292155#breadcrumb"},"inLanguage":"pt-BR","potentialAction":[{"@type":"ReadAction","target":["http:\/\/blogdofarnesio.com.br\/?p=292155"]}]},{"@type":"ImageObject","inLanguage":"pt-BR","@id":"http:\/\/blogdofarnesio.com.br\/?p=292155#primaryimage","url":"https:\/\/blogdofarnesio.com.br\/wp-content\/uploads\/2021\/08\/blogqspjua-crime-sarg-dafe-4-e1627851314180.jpg","contentUrl":"https:\/\/blogdofarnesio.com.br\/wp-content\/uploads\/2021\/08\/blogqspjua-crime-sarg-dafe-4-e1627851314180.jpg","width":540,"height":492},{"@type":"BreadcrumbList","@id":"http:\/\/blogdofarnesio.com.br\/?p=292155#breadcrumb","itemListElement":[{"@type":"ListItem","position":1,"name":"In\u00edcio","item":"https:\/\/blogdofarnesio.com.br\/"},{"@type":"ListItem","position":2,"name":"Sargento da PM \u00e9 executado a tiros no estacionamento do Atacad\u00e3o de Juazeiro"}]},{"@type":"WebSite","@id":"https:\/\/blogdofarnesio.com.br\/#website","url":"https:\/\/blogdofarnesio.com.br\/","name":"Blog do Farn\u00e9sio","description":"Quer Saber Pol\u00edtica?","publisher":{"@id":"https:\/\/blogdofarnesio.com.br\/#organization"},"potentialAction":[{"@type":"SearchAction","target":{"@type":"EntryPoint","urlTemplate":"https:\/\/blogdofarnesio.com.br\/?s={search_term_string}"},"query-input":{"@type":"PropertyValueSpecification","valueRequired":true,"valueName":"search_term_string"}}],"inLanguage":"pt-BR"},{"@type":"Organization","@id":"https:\/\/blogdofarnesio.com.br\/#organization","name":"Blog do Farn\u00e9sio","url":"https:\/\/blogdofarnesio.com.br\/","logo":{"@type":"ImageObject","inLanguage":"pt-BR","@id":"https:\/\/blogdofarnesio.com.br\/#\/schema\/logo\/image\/","url":"https:\/\/blogdofarnesio.com.br\/wp-content\/uploads\/2026\/03\/cropped-logo_new-1.png","contentUrl":"https:\/\/blogdofarnesio.com.br\/wp-content\/uploads\/2026\/03\/cropped-logo_new-1.png","width":881,"height":685,"caption":"Blog do Farn\u00e9sio"},"image":{"@id":"https:\/\/blogdofarnesio.com.br\/#\/schema\/logo\/image\/"},"sameAs":["https:\/\/www.facebook.com\/BlogQuerSaberPolitica\/"]},{"@type":"Person","@id":"https:\/\/blogdofarnesio.com.br\/#\/schema\/person\/301c4acf522bccbfdb45af95b5b906a1","name":"Farn\u00e9sio","image":{"@type":"ImageObject","inLanguage":"pt-BR","@id":"https:\/\/secure.gravatar.com\/avatar\/df0c9a14567c056f8ad6876ba5bbd1e3e2c48023eb6807342fc4663adf549f38?s=96&d=mm&r=g","url":"https:\/\/secure.gravatar.com\/avatar\/df0c9a14567c056f8ad6876ba5bbd1e3e2c48023eb6807342fc4663adf549f38?s=96&d=mm&r=g","contentUrl":"https:\/\/secure.gravatar.com\/avatar\/df0c9a14567c056f8ad6876ba5bbd1e3e2c48023eb6807342fc4663adf549f38?s=96&d=mm&r=g","caption":"Farn\u00e9sio"},"sameAs":["https:\/\/quersaberpolitica.com.br"],"url":"https:\/\/blogdofarnesio.com.br\/?author=1"}]}},"_links":{"self":[{"href":"https:\/\/blogdofarnesio.com.br\/index.php?rest_route=\/wp\/v2\/posts\/292155","targetHints":{"allow":["GET"]}}],"collection":[{"href":"https:\/\/blogdofarnesio.com.br\/index.php?rest_route=\/wp\/v2\/posts"}],"about":[{"href":"https:\/\/blogdofarnesio.com.br\/index.php?rest_route=\/wp\/v2\/types\/post"}],"author":[{"embeddable":true,"href":"https:\/\/blogdofarnesio.com.br\/index.php?rest_route=\/wp\/v2\/users\/1"}],"replies":[{"embeddable":true,"href":"https:\/\/blogdofarnesio.com.br\/index.php?rest_route=%2Fwp%2Fv2%2Fcomments&post=292155"}],"version-history":[{"count":0,"href":"https:\/\/blogdofarnesio.com.br\/index.php?rest_route=\/wp\/v2\/posts\/292155\/revisions"}],"wp:featuredmedia":[{"embeddable":true,"href":"https:\/\/blogdofarnesio.com.br\/index.php?rest_route=\/wp\/v2\/media\/292158"}],"wp:attachment":[{"href":"https:\/\/blogdofarnesio.com.br\/index.php?rest_route=%2Fwp%2Fv2%2Fmedia&parent=292155"}],"wp:term":[{"taxonomy":"category","embeddable":true,"href":"https:\/\/blogdofarnesio.com.br\/index.php?rest_route=%2Fwp%2Fv2%2Fcategories&post=292155"},{"taxonomy":"post_tag","embeddable":true,"href":"https:\/\/blogdofarnesio.com.br\/index.php?rest_route=%2Fwp%2Fv2%2Ftags&post=292155"}],"curies":[{"name":"wp","href":"https:\/\/api.w.org\/{rel}","templated":true}]}}