{"id":291941,"date":"2021-07-29T15:02:45","date_gmt":"2021-07-29T18:02:45","guid":{"rendered":"https:\/\/quersaberpolitica.com.br\/?p=291941"},"modified":"2021-07-29T14:45:12","modified_gmt":"2021-07-29T17:45:12","slug":"estelionataria-procurada-pela-justica-de-goias-e-presa-em-petrolina","status":"publish","type":"post","link":"https:\/\/blogdofarnesio.com.br\/?p=291941","title":{"rendered":"Estelionat\u00e1ria procurada pela justi\u00e7a de Goi\u00e1s \u00e9 presa em Petrolina"},"content":{"rendered":"<div id=\"post-body-5958342297897503727\" class=\"post-body entry-content\">\n<p>Uma mulher procurada pelo crime de estelionato foi detida nesta quarta-feira (28), Em uma barreira de fiscaliza\u00e7\u00e3o da Pol\u00edcia Rodovi\u00e1ria Federal (PRF) na BR-428, em Petrolina. Segundo boletim da PRF, ao parar um ve\u00edculo com placas de Juazeiro-BA e pedir documenta\u00e7\u00e3o do ve\u00edculo e dos ocupantes, patrulheiros foram ao banco de dados e constataram mandato de pris\u00e3o para a mulher que estava no ve\u00edculo<\/p>\n<p>Conforme informa\u00e7\u00e3o dos patrulheiros rodovi\u00e1rios, ela era procurada desde o dia 12 de maio deste ano, e havia um mandado de pris\u00e3o expedido pelo Tribunal de Justi\u00e7a do Estado de Goi\u00e1s (TJGO), emitido pela 2\u00aa Vara\u00a0 de Urua\u00e7u (GO).<\/p>\n<p>A principio a procurada disse que n\u00e3o sabia do que se tratava, mas depois se lembrou de fato ocorrido anos atr\u00e1s. Ela foi encaminhada \u00e0 Delegacia de Pol\u00edcia Civil (PC) de Petrolina, para dar continuidade aos procedimentos legais.<\/p>\n<\/div>\n","protected":false},"excerpt":{"rendered":"<p>Uma mulher procurada pelo crime de estelionato foi detida nesta quarta-feira (28), Em uma barreira de fiscaliza\u00e7\u00e3o da Pol\u00edcia Rodovi\u00e1ria Federal (PRF) na BR-428, em Petrolina. Segundo boletim da PRF, ao parar um ve\u00edculo com placas de Juazeiro-BA e pedir documenta\u00e7\u00e3o do ve\u00edculo e dos ocupantes, patrulheiros foram ao banco de dados e constataram mandato de pris\u00e3o para a mulher que estava no ve\u00edculo Conforme informa\u00e7\u00e3o dos patrulheiros rodovi\u00e1rios, ela era procurada desde o dia 12 de maio deste ano, e havia um mandado de pris\u00e3o expedido pelo Tribunal de Justi\u00e7a do Estado de Goi\u00e1s (TJGO), emitido pela 2\u00aa Vara\u00a0 de Urua\u00e7u (GO). A principio a procurada disse que n\u00e3o sabia do que se tratava, mas depois se lembrou de&hellip; <\/p>\n","protected":false},"author":1,"featured_media":247103,"comment_status":"closed","ping_status":"closed","sticky":false,"template":"","format":"standard","meta":{"_acf_changed":false,"footnotes":""},"categories":[17],"tags":[],"class_list":["post-291941","post","type-post","status-publish","format-standard","has-post-thumbnail","hentry","category-estradas"],"acf":[],"yoast_head":"<!-- This site is optimized with the Yoast SEO plugin v27.4 - https:\/\/yoast.com\/product\/yoast-seo-wordpress\/ -->\n<title>Estelionat\u00e1ria procurada pela justi\u00e7a de Goi\u00e1s \u00e9 presa em Petrolina - Blog do Farn\u00e9sio<\/title>\n<meta name=\"robots\" content=\"index, follow, max-snippet:-1, max-image-preview:large, max-video-preview:-1\" \/>\n<link rel=\"canonical\" href=\"http:\/\/blogdofarnesio.com.br\/?p=291941\" \/>\n<meta property=\"og:locale\" content=\"pt_BR\" \/>\n<meta property=\"og:type\" content=\"article\" \/>\n<meta property=\"og:title\" content=\"Estelionat\u00e1ria procurada pela justi\u00e7a de Goi\u00e1s \u00e9 presa em Petrolina - Blog do Farn\u00e9sio\" \/>\n<meta property=\"og:description\" content=\"Uma mulher procurada pelo crime de estelionato foi detida nesta quarta-feira (28), Em uma barreira de fiscaliza\u00e7\u00e3o da Pol\u00edcia Rodovi\u00e1ria Federal (PRF) na BR-428, em Petrolina. Segundo boletim da PRF, ao parar um ve\u00edculo com placas de Juazeiro-BA e pedir documenta\u00e7\u00e3o do ve\u00edculo e dos ocupantes, patrulheiros foram ao banco de dados e constataram mandato de pris\u00e3o para a mulher que estava no ve\u00edculo Conforme informa\u00e7\u00e3o dos patrulheiros rodovi\u00e1rios, ela era procurada desde o dia 12 de maio deste ano, e havia um mandado de pris\u00e3o expedido pelo Tribunal de Justi\u00e7a do Estado de Goi\u00e1s (TJGO), emitido pela 2\u00aa Vara\u00a0 de Urua\u00e7u (GO). A principio a procurada disse que n\u00e3o sabia do que se tratava, mas depois se lembrou de&hellip;\" \/>\n<meta property=\"og:url\" content=\"http:\/\/blogdofarnesio.com.br\/?p=291941\" \/>\n<meta property=\"og:site_name\" content=\"Blog do Farn\u00e9sio\" \/>\n<meta property=\"article:publisher\" content=\"https:\/\/www.facebook.com\/BlogQuerSaberPolitica\/\" \/>\n<meta property=\"article:published_time\" content=\"2021-07-29T18:02:45+00:00\" \/>\n<meta property=\"og:image\" content=\"http:\/\/blogdofarnesio.com.br\/wp-content\/uploads\/2020\/01\/blogqspprf-policia-rodoviaria-federal-640x424-1.jpg\" \/>\n\t<meta property=\"og:image:width\" content=\"640\" \/>\n\t<meta property=\"og:image:height\" content=\"424\" \/>\n\t<meta property=\"og:image:type\" content=\"image\/jpeg\" \/>\n<meta name=\"author\" content=\"Farn\u00e9sio\" \/>\n<meta name=\"twitter:card\" content=\"summary_large_image\" \/>\n<meta name=\"twitter:label1\" content=\"Escrito por\" \/>\n\t<meta name=\"twitter:data1\" content=\"Farn\u00e9sio\" \/>\n\t<meta name=\"twitter:label2\" content=\"Est. tempo de leitura\" \/>\n\t<meta name=\"twitter:data2\" content=\"1 minuto\" \/>\n<script type=\"application\/ld+json\" class=\"yoast-schema-graph\">{\"@context\":\"https:\\\/\\\/schema.org\",\"@graph\":[{\"@type\":\"Article\",\"@id\":\"http:\\\/\\\/blogdofarnesio.com.br\\\/?p=291941#article\",\"isPartOf\":{\"@id\":\"http:\\\/\\\/blogdofarnesio.com.br\\\/?p=291941\"},\"author\":{\"name\":\"Farn\u00e9sio\",\"@id\":\"https:\\\/\\\/blogdofarnesio.com.br\\\/#\\\/schema\\\/person\\\/301c4acf522bccbfdb45af95b5b906a1\"},\"headline\":\"Estelionat\u00e1ria procurada pela justi\u00e7a de Goi\u00e1s \u00e9 presa em Petrolina\",\"datePublished\":\"2021-07-29T18:02:45+00:00\",\"mainEntityOfPage\":{\"@id\":\"http:\\\/\\\/blogdofarnesio.com.br\\\/?p=291941\"},\"wordCount\":166,\"publisher\":{\"@id\":\"https:\\\/\\\/blogdofarnesio.com.br\\\/#organization\"},\"image\":{\"@id\":\"http:\\\/\\\/blogdofarnesio.com.br\\\/?p=291941#primaryimage\"},\"thumbnailUrl\":\"https:\\\/\\\/blogdofarnesio.com.br\\\/wp-content\\\/uploads\\\/2020\\\/01\\\/blogqspprf-policia-rodoviaria-federal-640x424-1.jpg\",\"articleSection\":[\"Estradas\"],\"inLanguage\":\"pt-BR\"},{\"@type\":\"WebPage\",\"@id\":\"http:\\\/\\\/blogdofarnesio.com.br\\\/?p=291941\",\"url\":\"http:\\\/\\\/blogdofarnesio.com.br\\\/?p=291941\",\"name\":\"Estelionat\u00e1ria procurada pela justi\u00e7a de Goi\u00e1s \u00e9 presa em Petrolina - Blog do Farn\u00e9sio\",\"isPartOf\":{\"@id\":\"https:\\\/\\\/blogdofarnesio.com.br\\\/#website\"},\"primaryImageOfPage\":{\"@id\":\"http:\\\/\\\/blogdofarnesio.com.br\\\/?p=291941#primaryimage\"},\"image\":{\"@id\":\"http:\\\/\\\/blogdofarnesio.com.br\\\/?p=291941#primaryimage\"},\"thumbnailUrl\":\"https:\\\/\\\/blogdofarnesio.com.br\\\/wp-content\\\/uploads\\\/2020\\\/01\\\/blogqspprf-policia-rodoviaria-federal-640x424-1.jpg\",\"datePublished\":\"2021-07-29T18:02:45+00:00\",\"breadcrumb\":{\"@id\":\"http:\\\/\\\/blogdofarnesio.com.br\\\/?p=291941#breadcrumb\"},\"inLanguage\":\"pt-BR\",\"potentialAction\":[{\"@type\":\"ReadAction\",\"target\":[\"http:\\\/\\\/blogdofarnesio.com.br\\\/?p=291941\"]}]},{\"@type\":\"ImageObject\",\"inLanguage\":\"pt-BR\",\"@id\":\"http:\\\/\\\/blogdofarnesio.com.br\\\/?p=291941#primaryimage\",\"url\":\"https:\\\/\\\/blogdofarnesio.com.br\\\/wp-content\\\/uploads\\\/2020\\\/01\\\/blogqspprf-policia-rodoviaria-federal-640x424-1.jpg\",\"contentUrl\":\"https:\\\/\\\/blogdofarnesio.com.br\\\/wp-content\\\/uploads\\\/2020\\\/01\\\/blogqspprf-policia-rodoviaria-federal-640x424-1.jpg\",\"width\":640,\"height\":424,\"caption\":\"Ilustra\u00e7\u00e3o\"},{\"@type\":\"BreadcrumbList\",\"@id\":\"http:\\\/\\\/blogdofarnesio.com.br\\\/?p=291941#breadcrumb\",\"itemListElement\":[{\"@type\":\"ListItem\",\"position\":1,\"name\":\"In\u00edcio\",\"item\":\"https:\\\/\\\/blogdofarnesio.com.br\\\/\"},{\"@type\":\"ListItem\",\"position\":2,\"name\":\"Estelionat\u00e1ria procurada pela justi\u00e7a de Goi\u00e1s \u00e9 presa em Petrolina\"}]},{\"@type\":\"WebSite\",\"@id\":\"https:\\\/\\\/blogdofarnesio.com.br\\\/#website\",\"url\":\"https:\\\/\\\/blogdofarnesio.com.br\\\/\",\"name\":\"Blog do Farn\u00e9sio\",\"description\":\"Quer Saber Pol\u00edtica?\",\"publisher\":{\"@id\":\"https:\\\/\\\/blogdofarnesio.com.br\\\/#organization\"},\"potentialAction\":[{\"@type\":\"SearchAction\",\"target\":{\"@type\":\"EntryPoint\",\"urlTemplate\":\"https:\\\/\\\/blogdofarnesio.com.br\\\/?s={search_term_string}\"},\"query-input\":{\"@type\":\"PropertyValueSpecification\",\"valueRequired\":true,\"valueName\":\"search_term_string\"}}],\"inLanguage\":\"pt-BR\"},{\"@type\":\"Organization\",\"@id\":\"https:\\\/\\\/blogdofarnesio.com.br\\\/#organization\",\"name\":\"Blog do Farn\u00e9sio\",\"url\":\"https:\\\/\\\/blogdofarnesio.com.br\\\/\",\"logo\":{\"@type\":\"ImageObject\",\"inLanguage\":\"pt-BR\",\"@id\":\"https:\\\/\\\/blogdofarnesio.com.br\\\/#\\\/schema\\\/logo\\\/image\\\/\",\"url\":\"https:\\\/\\\/blogdofarnesio.com.br\\\/wp-content\\\/uploads\\\/2026\\\/03\\\/cropped-logo_new-1.png\",\"contentUrl\":\"https:\\\/\\\/blogdofarnesio.com.br\\\/wp-content\\\/uploads\\\/2026\\\/03\\\/cropped-logo_new-1.png\",\"width\":881,\"height\":685,\"caption\":\"Blog do Farn\u00e9sio\"},\"image\":{\"@id\":\"https:\\\/\\\/blogdofarnesio.com.br\\\/#\\\/schema\\\/logo\\\/image\\\/\"},\"sameAs\":[\"https:\\\/\\\/www.facebook.com\\\/BlogQuerSaberPolitica\\\/\"]},{\"@type\":\"Person\",\"@id\":\"https:\\\/\\\/blogdofarnesio.com.br\\\/#\\\/schema\\\/person\\\/301c4acf522bccbfdb45af95b5b906a1\",\"name\":\"Farn\u00e9sio\",\"image\":{\"@type\":\"ImageObject\",\"inLanguage\":\"pt-BR\",\"@id\":\"https:\\\/\\\/secure.gravatar.com\\\/avatar\\\/df0c9a14567c056f8ad6876ba5bbd1e3e2c48023eb6807342fc4663adf549f38?s=96&d=mm&r=g\",\"url\":\"https:\\\/\\\/secure.gravatar.com\\\/avatar\\\/df0c9a14567c056f8ad6876ba5bbd1e3e2c48023eb6807342fc4663adf549f38?s=96&d=mm&r=g\",\"contentUrl\":\"https:\\\/\\\/secure.gravatar.com\\\/avatar\\\/df0c9a14567c056f8ad6876ba5bbd1e3e2c48023eb6807342fc4663adf549f38?s=96&d=mm&r=g\",\"caption\":\"Farn\u00e9sio\"},\"sameAs\":[\"https:\\\/\\\/quersaberpolitica.com.br\"],\"url\":\"https:\\\/\\\/blogdofarnesio.com.br\\\/?author=1\"}]}<\/script>\n<!-- \/ Yoast SEO plugin. -->","yoast_head_json":{"title":"Estelionat\u00e1ria procurada pela justi\u00e7a de Goi\u00e1s \u00e9 presa em Petrolina - Blog do Farn\u00e9sio","robots":{"index":"index","follow":"follow","max-snippet":"max-snippet:-1","max-image-preview":"max-image-preview:large","max-video-preview":"max-video-preview:-1"},"canonical":"http:\/\/blogdofarnesio.com.br\/?p=291941","og_locale":"pt_BR","og_type":"article","og_title":"Estelionat\u00e1ria procurada pela justi\u00e7a de Goi\u00e1s \u00e9 presa em Petrolina - Blog do Farn\u00e9sio","og_description":"Uma mulher procurada pelo crime de estelionato foi detida nesta quarta-feira (28), Em uma barreira de fiscaliza\u00e7\u00e3o da Pol\u00edcia Rodovi\u00e1ria Federal (PRF) na BR-428, em Petrolina. Segundo boletim da PRF, ao parar um ve\u00edculo com placas de Juazeiro-BA e pedir documenta\u00e7\u00e3o do ve\u00edculo e dos ocupantes, patrulheiros foram ao banco de dados e constataram mandato de pris\u00e3o para a mulher que estava no ve\u00edculo Conforme informa\u00e7\u00e3o dos patrulheiros rodovi\u00e1rios, ela era procurada desde o dia 12 de maio deste ano, e havia um mandado de pris\u00e3o expedido pelo Tribunal de Justi\u00e7a do Estado de Goi\u00e1s (TJGO), emitido pela 2\u00aa Vara\u00a0 de Urua\u00e7u (GO). A principio a procurada disse que n\u00e3o sabia do que se tratava, mas depois se lembrou de&hellip;","og_url":"http:\/\/blogdofarnesio.com.br\/?p=291941","og_site_name":"Blog do Farn\u00e9sio","article_publisher":"https:\/\/www.facebook.com\/BlogQuerSaberPolitica\/","article_published_time":"2021-07-29T18:02:45+00:00","og_image":[{"width":640,"height":424,"url":"http:\/\/blogdofarnesio.com.br\/wp-content\/uploads\/2020\/01\/blogqspprf-policia-rodoviaria-federal-640x424-1.jpg","type":"image\/jpeg"}],"author":"Farn\u00e9sio","twitter_card":"summary_large_image","twitter_misc":{"Escrito por":"Farn\u00e9sio","Est. tempo de leitura":"1 minuto"},"schema":{"@context":"https:\/\/schema.org","@graph":[{"@type":"Article","@id":"http:\/\/blogdofarnesio.com.br\/?p=291941#article","isPartOf":{"@id":"http:\/\/blogdofarnesio.com.br\/?p=291941"},"author":{"name":"Farn\u00e9sio","@id":"https:\/\/blogdofarnesio.com.br\/#\/schema\/person\/301c4acf522bccbfdb45af95b5b906a1"},"headline":"Estelionat\u00e1ria procurada pela justi\u00e7a de Goi\u00e1s \u00e9 presa em Petrolina","datePublished":"2021-07-29T18:02:45+00:00","mainEntityOfPage":{"@id":"http:\/\/blogdofarnesio.com.br\/?p=291941"},"wordCount":166,"publisher":{"@id":"https:\/\/blogdofarnesio.com.br\/#organization"},"image":{"@id":"http:\/\/blogdofarnesio.com.br\/?p=291941#primaryimage"},"thumbnailUrl":"https:\/\/blogdofarnesio.com.br\/wp-content\/uploads\/2020\/01\/blogqspprf-policia-rodoviaria-federal-640x424-1.jpg","articleSection":["Estradas"],"inLanguage":"pt-BR"},{"@type":"WebPage","@id":"http:\/\/blogdofarnesio.com.br\/?p=291941","url":"http:\/\/blogdofarnesio.com.br\/?p=291941","name":"Estelionat\u00e1ria procurada pela justi\u00e7a de Goi\u00e1s \u00e9 presa em Petrolina - Blog do Farn\u00e9sio","isPartOf":{"@id":"https:\/\/blogdofarnesio.com.br\/#website"},"primaryImageOfPage":{"@id":"http:\/\/blogdofarnesio.com.br\/?p=291941#primaryimage"},"image":{"@id":"http:\/\/blogdofarnesio.com.br\/?p=291941#primaryimage"},"thumbnailUrl":"https:\/\/blogdofarnesio.com.br\/wp-content\/uploads\/2020\/01\/blogqspprf-policia-rodoviaria-federal-640x424-1.jpg","datePublished":"2021-07-29T18:02:45+00:00","breadcrumb":{"@id":"http:\/\/blogdofarnesio.com.br\/?p=291941#breadcrumb"},"inLanguage":"pt-BR","potentialAction":[{"@type":"ReadAction","target":["http:\/\/blogdofarnesio.com.br\/?p=291941"]}]},{"@type":"ImageObject","inLanguage":"pt-BR","@id":"http:\/\/blogdofarnesio.com.br\/?p=291941#primaryimage","url":"https:\/\/blogdofarnesio.com.br\/wp-content\/uploads\/2020\/01\/blogqspprf-policia-rodoviaria-federal-640x424-1.jpg","contentUrl":"https:\/\/blogdofarnesio.com.br\/wp-content\/uploads\/2020\/01\/blogqspprf-policia-rodoviaria-federal-640x424-1.jpg","width":640,"height":424,"caption":"Ilustra\u00e7\u00e3o"},{"@type":"BreadcrumbList","@id":"http:\/\/blogdofarnesio.com.br\/?p=291941#breadcrumb","itemListElement":[{"@type":"ListItem","position":1,"name":"In\u00edcio","item":"https:\/\/blogdofarnesio.com.br\/"},{"@type":"ListItem","position":2,"name":"Estelionat\u00e1ria procurada pela justi\u00e7a de Goi\u00e1s \u00e9 presa em Petrolina"}]},{"@type":"WebSite","@id":"https:\/\/blogdofarnesio.com.br\/#website","url":"https:\/\/blogdofarnesio.com.br\/","name":"Blog do Farn\u00e9sio","description":"Quer Saber Pol\u00edtica?","publisher":{"@id":"https:\/\/blogdofarnesio.com.br\/#organization"},"potentialAction":[{"@type":"SearchAction","target":{"@type":"EntryPoint","urlTemplate":"https:\/\/blogdofarnesio.com.br\/?s={search_term_string}"},"query-input":{"@type":"PropertyValueSpecification","valueRequired":true,"valueName":"search_term_string"}}],"inLanguage":"pt-BR"},{"@type":"Organization","@id":"https:\/\/blogdofarnesio.com.br\/#organization","name":"Blog do Farn\u00e9sio","url":"https:\/\/blogdofarnesio.com.br\/","logo":{"@type":"ImageObject","inLanguage":"pt-BR","@id":"https:\/\/blogdofarnesio.com.br\/#\/schema\/logo\/image\/","url":"https:\/\/blogdofarnesio.com.br\/wp-content\/uploads\/2026\/03\/cropped-logo_new-1.png","contentUrl":"https:\/\/blogdofarnesio.com.br\/wp-content\/uploads\/2026\/03\/cropped-logo_new-1.png","width":881,"height":685,"caption":"Blog do Farn\u00e9sio"},"image":{"@id":"https:\/\/blogdofarnesio.com.br\/#\/schema\/logo\/image\/"},"sameAs":["https:\/\/www.facebook.com\/BlogQuerSaberPolitica\/"]},{"@type":"Person","@id":"https:\/\/blogdofarnesio.com.br\/#\/schema\/person\/301c4acf522bccbfdb45af95b5b906a1","name":"Farn\u00e9sio","image":{"@type":"ImageObject","inLanguage":"pt-BR","@id":"https:\/\/secure.gravatar.com\/avatar\/df0c9a14567c056f8ad6876ba5bbd1e3e2c48023eb6807342fc4663adf549f38?s=96&d=mm&r=g","url":"https:\/\/secure.gravatar.com\/avatar\/df0c9a14567c056f8ad6876ba5bbd1e3e2c48023eb6807342fc4663adf549f38?s=96&d=mm&r=g","contentUrl":"https:\/\/secure.gravatar.com\/avatar\/df0c9a14567c056f8ad6876ba5bbd1e3e2c48023eb6807342fc4663adf549f38?s=96&d=mm&r=g","caption":"Farn\u00e9sio"},"sameAs":["https:\/\/quersaberpolitica.com.br"],"url":"https:\/\/blogdofarnesio.com.br\/?author=1"}]}},"_links":{"self":[{"href":"https:\/\/blogdofarnesio.com.br\/index.php?rest_route=\/wp\/v2\/posts\/291941","targetHints":{"allow":["GET"]}}],"collection":[{"href":"https:\/\/blogdofarnesio.com.br\/index.php?rest_route=\/wp\/v2\/posts"}],"about":[{"href":"https:\/\/blogdofarnesio.com.br\/index.php?rest_route=\/wp\/v2\/types\/post"}],"author":[{"embeddable":true,"href":"https:\/\/blogdofarnesio.com.br\/index.php?rest_route=\/wp\/v2\/users\/1"}],"replies":[{"embeddable":true,"href":"https:\/\/blogdofarnesio.com.br\/index.php?rest_route=%2Fwp%2Fv2%2Fcomments&post=291941"}],"version-history":[{"count":0,"href":"https:\/\/blogdofarnesio.com.br\/index.php?rest_route=\/wp\/v2\/posts\/291941\/revisions"}],"wp:featuredmedia":[{"embeddable":true,"href":"https:\/\/blogdofarnesio.com.br\/index.php?rest_route=\/wp\/v2\/media\/247103"}],"wp:attachment":[{"href":"https:\/\/blogdofarnesio.com.br\/index.php?rest_route=%2Fwp%2Fv2%2Fmedia&parent=291941"}],"wp:term":[{"taxonomy":"category","embeddable":true,"href":"https:\/\/blogdofarnesio.com.br\/index.php?rest_route=%2Fwp%2Fv2%2Fcategories&post=291941"},{"taxonomy":"post_tag","embeddable":true,"href":"https:\/\/blogdofarnesio.com.br\/index.php?rest_route=%2Fwp%2Fv2%2Ftags&post=291941"}],"curies":[{"name":"wp","href":"https:\/\/api.w.org\/{rel}","templated":true}]}}