{"id":291938,"date":"2021-07-29T10:02:13","date_gmt":"2021-07-29T13:02:13","guid":{"rendered":"https:\/\/quersaberpolitica.com.br\/?p=291938"},"modified":"2021-07-29T16:22:02","modified_gmt":"2021-07-29T19:22:02","slug":"prefeitura-de-ibimirim-tem-edital-de-licitacao-anulado-pelo-tribunal-de-contas","status":"publish","type":"post","link":"https:\/\/blogdofarnesio.com.br\/?p=291938","title":{"rendered":"Prefeitura de Ibimirim tem edital de licita\u00e7\u00e3o anulado pelo Tribunal de Contas"},"content":{"rendered":"<div id=\"post-body-9182898514043022038\" class=\"post-body entry-content\">\n<p>Ap\u00f3s den\u00fancias dos Vereadores M\u00e9rcio Vieira e Luan Almeida, em rela\u00e7\u00e3o ao Preg\u00e3o Eletr\u00f4nico de N\u00b0 03\/2021 que previa ao valor estimado do Lote 1: R$ 1.500.000,00 (um milh\u00e3o e quinhentos mil reais) e do Lote 2: R$ 620.000,00 (seiscentos e vinte mil reais) a contrata\u00e7\u00e3o de uma empresa para gerenciamento de frota composta por 97 (noventa e sete) ve\u00edculos pertencentes ao munic\u00edpio.<\/p>\n<p>Atendendo a recomenda\u00e7\u00e3o do Tribunal de Contas do Estado (TCE), a Prefeitura teve que voltar atr\u00e1s e anular o mesmo, j\u00e1 que foi apontado ind\u00edcios de irregularidades no referido edital licitat\u00f3rio.<\/p>\n<div class=\"separator\"><a href=\"https:\/\/1.bp.blogspot.com\/-O_QCOpuzxws\/YQLSHBEoclI\/AAAAAAAB_Qk\/qB7xVaoJNdMewFhq8tZaAX82W2RS-1rrACLcBGAsYHQ\/s439\/vereadores%2B-%2Bibimirim.jpeg\"><img loading=\"lazy\" decoding=\"async\" src=\"https:\/\/1.bp.blogspot.com\/-O_QCOpuzxws\/YQLSHBEoclI\/AAAAAAAB_Qk\/qB7xVaoJNdMewFhq8tZaAX82W2RS-1rrACLcBGAsYHQ\/w640-h616\/vereadores%2B-%2Bibimirim.jpeg\" width=\"640\" height=\"616\" border=\"0\" data-original-height=\"422\" data-original-width=\"439\" \/><\/a><\/div>\n<p>Vereadores de Ibimirim: M\u00e9rcio Vieira e Luan Almeida\/Foto: Divulga\u00e7\u00e3oO que mostra que a fiscaliza\u00e7\u00e3o dos Vereadores est\u00e1 sendo eficiente e eficaz. Evitando assim que o munic\u00edpio sofra preju\u00edzos e a popula\u00e7\u00e3o seja prejudicada.<\/p>\n<div class=\"separator\"><a href=\"https:\/\/1.bp.blogspot.com\/-gDDve6peIB4\/YQLQky_bjEI\/AAAAAAAB_Qc\/0-v9q_IPqRwlT5XeDjGndnfOOmSm_o0lwCLcBGAsYHQ\/s800\/sfxhfhfg.jpg\"><img loading=\"lazy\" decoding=\"async\" src=\"https:\/\/1.bp.blogspot.com\/-gDDve6peIB4\/YQLQky_bjEI\/AAAAAAAB_Qc\/0-v9q_IPqRwlT5XeDjGndnfOOmSm_o0lwCLcBGAsYHQ\/w640-h400\/sfxhfhfg.jpg\" width=\"640\" height=\"400\" border=\"0\" data-original-height=\"500\" data-original-width=\"800\" \/><\/a><\/div>\n<p>Fonte: Di\u00e1rio Oficial dos Munic\u00edpios do Estado de Pernambuco<\/p>\n<\/div>\n","protected":false},"excerpt":{"rendered":"<p>Ap\u00f3s den\u00fancias dos Vereadores M\u00e9rcio Vieira e Luan Almeida, em rela\u00e7\u00e3o ao Preg\u00e3o Eletr\u00f4nico de N\u00b0 03\/2021 que previa ao valor estimado do Lote 1: R$ 1.500.000,00 (um milh\u00e3o e quinhentos mil reais) e do Lote 2: R$ 620.000,00 (seiscentos e vinte mil reais) a contrata\u00e7\u00e3o de uma empresa para gerenciamento de frota composta por 97 (noventa e sete) ve\u00edculos pertencentes ao munic\u00edpio. Atendendo a recomenda\u00e7\u00e3o do Tribunal de Contas do Estado (TCE), a Prefeitura teve que voltar atr\u00e1s e anular o mesmo, j\u00e1 que foi apontado ind\u00edcios de irregularidades no referido edital licitat\u00f3rio. Vereadores de Ibimirim: M\u00e9rcio Vieira e Luan Almeida\/Foto: Divulga\u00e7\u00e3oO que mostra que a fiscaliza\u00e7\u00e3o dos Vereadores est\u00e1 sendo eficiente e eficaz. Evitando assim que o munic\u00edpio&hellip; <\/p>\n","protected":false},"author":1,"featured_media":291939,"comment_status":"closed","ping_status":"closed","sticky":false,"template":"","format":"standard","meta":{"_acf_changed":false,"footnotes":""},"categories":[27],"tags":[],"class_list":["post-291938","post","type-post","status-publish","format-standard","has-post-thumbnail","hentry","category-cidades"],"acf":[],"yoast_head":"<!-- This site is optimized with the Yoast SEO plugin v27.4 - https:\/\/yoast.com\/product\/yoast-seo-wordpress\/ -->\n<title>Prefeitura de Ibimirim tem edital de licita\u00e7\u00e3o anulado pelo Tribunal de Contas - Blog do Farn\u00e9sio<\/title>\n<meta name=\"robots\" content=\"index, follow, max-snippet:-1, max-image-preview:large, max-video-preview:-1\" \/>\n<link rel=\"canonical\" href=\"http:\/\/blogdofarnesio.com.br\/?p=291938\" \/>\n<meta property=\"og:locale\" content=\"pt_BR\" \/>\n<meta property=\"og:type\" content=\"article\" \/>\n<meta property=\"og:title\" content=\"Prefeitura de Ibimirim tem edital de licita\u00e7\u00e3o anulado pelo Tribunal de Contas - Blog do Farn\u00e9sio\" \/>\n<meta property=\"og:description\" content=\"Ap\u00f3s den\u00fancias dos Vereadores M\u00e9rcio Vieira e Luan Almeida, em rela\u00e7\u00e3o ao Preg\u00e3o Eletr\u00f4nico de N\u00b0 03\/2021 que previa ao valor estimado do Lote 1: R$ 1.500.000,00 (um milh\u00e3o e quinhentos mil reais) e do Lote 2: R$ 620.000,00 (seiscentos e vinte mil reais) a contrata\u00e7\u00e3o de uma empresa para gerenciamento de frota composta por 97 (noventa e sete) ve\u00edculos pertencentes ao munic\u00edpio. Atendendo a recomenda\u00e7\u00e3o do Tribunal de Contas do Estado (TCE), a Prefeitura teve que voltar atr\u00e1s e anular o mesmo, j\u00e1 que foi apontado ind\u00edcios de irregularidades no referido edital licitat\u00f3rio. Vereadores de Ibimirim: M\u00e9rcio Vieira e Luan Almeida\/Foto: Divulga\u00e7\u00e3oO que mostra que a fiscaliza\u00e7\u00e3o dos Vereadores est\u00e1 sendo eficiente e eficaz. Evitando assim que o munic\u00edpio&hellip;\" \/>\n<meta property=\"og:url\" content=\"http:\/\/blogdofarnesio.com.br\/?p=291938\" \/>\n<meta property=\"og:site_name\" content=\"Blog do Farn\u00e9sio\" \/>\n<meta property=\"article:publisher\" content=\"https:\/\/www.facebook.com\/BlogQuerSaberPolitica\/\" \/>\n<meta property=\"article:published_time\" content=\"2021-07-29T13:02:13+00:00\" \/>\n<meta property=\"article:modified_time\" content=\"2021-07-29T19:22:02+00:00\" \/>\n<meta property=\"og:image\" content=\"http:\/\/blogdofarnesio.com.br\/wp-content\/uploads\/2021\/07\/blogqspibimirim-prefeitura.jpg\" \/>\n\t<meta property=\"og:image:width\" content=\"640\" \/>\n\t<meta property=\"og:image:height\" content=\"434\" \/>\n\t<meta property=\"og:image:type\" content=\"image\/jpeg\" \/>\n<meta name=\"author\" content=\"Farn\u00e9sio\" \/>\n<meta name=\"twitter:card\" content=\"summary_large_image\" \/>\n<meta name=\"twitter:label1\" content=\"Escrito por\" \/>\n\t<meta name=\"twitter:data1\" content=\"Farn\u00e9sio\" \/>\n\t<meta name=\"twitter:label2\" content=\"Est. tempo de leitura\" \/>\n\t<meta name=\"twitter:data2\" content=\"1 minuto\" \/>\n<script type=\"application\/ld+json\" class=\"yoast-schema-graph\">{\"@context\":\"https:\\\/\\\/schema.org\",\"@graph\":[{\"@type\":\"Article\",\"@id\":\"http:\\\/\\\/blogdofarnesio.com.br\\\/?p=291938#article\",\"isPartOf\":{\"@id\":\"http:\\\/\\\/blogdofarnesio.com.br\\\/?p=291938\"},\"author\":{\"name\":\"Farn\u00e9sio\",\"@id\":\"https:\\\/\\\/blogdofarnesio.com.br\\\/#\\\/schema\\\/person\\\/301c4acf522bccbfdb45af95b5b906a1\"},\"headline\":\"Prefeitura de Ibimirim tem edital de licita\u00e7\u00e3o anulado pelo Tribunal de Contas\",\"datePublished\":\"2021-07-29T13:02:13+00:00\",\"dateModified\":\"2021-07-29T19:22:02+00:00\",\"mainEntityOfPage\":{\"@id\":\"http:\\\/\\\/blogdofarnesio.com.br\\\/?p=291938\"},\"wordCount\":166,\"publisher\":{\"@id\":\"https:\\\/\\\/blogdofarnesio.com.br\\\/#organization\"},\"image\":{\"@id\":\"http:\\\/\\\/blogdofarnesio.com.br\\\/?p=291938#primaryimage\"},\"thumbnailUrl\":\"https:\\\/\\\/blogdofarnesio.com.br\\\/wp-content\\\/uploads\\\/2021\\\/07\\\/blogqspibimirim-prefeitura.jpg\",\"articleSection\":[\"Cidades\"],\"inLanguage\":\"pt-BR\"},{\"@type\":\"WebPage\",\"@id\":\"http:\\\/\\\/blogdofarnesio.com.br\\\/?p=291938\",\"url\":\"http:\\\/\\\/blogdofarnesio.com.br\\\/?p=291938\",\"name\":\"Prefeitura de Ibimirim tem edital de licita\u00e7\u00e3o anulado pelo Tribunal de Contas - Blog do Farn\u00e9sio\",\"isPartOf\":{\"@id\":\"https:\\\/\\\/blogdofarnesio.com.br\\\/#website\"},\"primaryImageOfPage\":{\"@id\":\"http:\\\/\\\/blogdofarnesio.com.br\\\/?p=291938#primaryimage\"},\"image\":{\"@id\":\"http:\\\/\\\/blogdofarnesio.com.br\\\/?p=291938#primaryimage\"},\"thumbnailUrl\":\"https:\\\/\\\/blogdofarnesio.com.br\\\/wp-content\\\/uploads\\\/2021\\\/07\\\/blogqspibimirim-prefeitura.jpg\",\"datePublished\":\"2021-07-29T13:02:13+00:00\",\"dateModified\":\"2021-07-29T19:22:02+00:00\",\"breadcrumb\":{\"@id\":\"http:\\\/\\\/blogdofarnesio.com.br\\\/?p=291938#breadcrumb\"},\"inLanguage\":\"pt-BR\",\"potentialAction\":[{\"@type\":\"ReadAction\",\"target\":[\"http:\\\/\\\/blogdofarnesio.com.br\\\/?p=291938\"]}]},{\"@type\":\"ImageObject\",\"inLanguage\":\"pt-BR\",\"@id\":\"http:\\\/\\\/blogdofarnesio.com.br\\\/?p=291938#primaryimage\",\"url\":\"https:\\\/\\\/blogdofarnesio.com.br\\\/wp-content\\\/uploads\\\/2021\\\/07\\\/blogqspibimirim-prefeitura.jpg\",\"contentUrl\":\"https:\\\/\\\/blogdofarnesio.com.br\\\/wp-content\\\/uploads\\\/2021\\\/07\\\/blogqspibimirim-prefeitura.jpg\",\"width\":640,\"height\":434},{\"@type\":\"BreadcrumbList\",\"@id\":\"http:\\\/\\\/blogdofarnesio.com.br\\\/?p=291938#breadcrumb\",\"itemListElement\":[{\"@type\":\"ListItem\",\"position\":1,\"name\":\"In\u00edcio\",\"item\":\"https:\\\/\\\/blogdofarnesio.com.br\\\/\"},{\"@type\":\"ListItem\",\"position\":2,\"name\":\"Prefeitura de Ibimirim tem edital de licita\u00e7\u00e3o anulado pelo Tribunal de Contas\"}]},{\"@type\":\"WebSite\",\"@id\":\"https:\\\/\\\/blogdofarnesio.com.br\\\/#website\",\"url\":\"https:\\\/\\\/blogdofarnesio.com.br\\\/\",\"name\":\"Blog do Farn\u00e9sio\",\"description\":\"Quer Saber Pol\u00edtica?\",\"publisher\":{\"@id\":\"https:\\\/\\\/blogdofarnesio.com.br\\\/#organization\"},\"potentialAction\":[{\"@type\":\"SearchAction\",\"target\":{\"@type\":\"EntryPoint\",\"urlTemplate\":\"https:\\\/\\\/blogdofarnesio.com.br\\\/?s={search_term_string}\"},\"query-input\":{\"@type\":\"PropertyValueSpecification\",\"valueRequired\":true,\"valueName\":\"search_term_string\"}}],\"inLanguage\":\"pt-BR\"},{\"@type\":\"Organization\",\"@id\":\"https:\\\/\\\/blogdofarnesio.com.br\\\/#organization\",\"name\":\"Blog do Farn\u00e9sio\",\"url\":\"https:\\\/\\\/blogdofarnesio.com.br\\\/\",\"logo\":{\"@type\":\"ImageObject\",\"inLanguage\":\"pt-BR\",\"@id\":\"https:\\\/\\\/blogdofarnesio.com.br\\\/#\\\/schema\\\/logo\\\/image\\\/\",\"url\":\"https:\\\/\\\/blogdofarnesio.com.br\\\/wp-content\\\/uploads\\\/2026\\\/03\\\/cropped-logo_new-1.png\",\"contentUrl\":\"https:\\\/\\\/blogdofarnesio.com.br\\\/wp-content\\\/uploads\\\/2026\\\/03\\\/cropped-logo_new-1.png\",\"width\":881,\"height\":685,\"caption\":\"Blog do Farn\u00e9sio\"},\"image\":{\"@id\":\"https:\\\/\\\/blogdofarnesio.com.br\\\/#\\\/schema\\\/logo\\\/image\\\/\"},\"sameAs\":[\"https:\\\/\\\/www.facebook.com\\\/BlogQuerSaberPolitica\\\/\"]},{\"@type\":\"Person\",\"@id\":\"https:\\\/\\\/blogdofarnesio.com.br\\\/#\\\/schema\\\/person\\\/301c4acf522bccbfdb45af95b5b906a1\",\"name\":\"Farn\u00e9sio\",\"image\":{\"@type\":\"ImageObject\",\"inLanguage\":\"pt-BR\",\"@id\":\"https:\\\/\\\/secure.gravatar.com\\\/avatar\\\/df0c9a14567c056f8ad6876ba5bbd1e3e2c48023eb6807342fc4663adf549f38?s=96&d=mm&r=g\",\"url\":\"https:\\\/\\\/secure.gravatar.com\\\/avatar\\\/df0c9a14567c056f8ad6876ba5bbd1e3e2c48023eb6807342fc4663adf549f38?s=96&d=mm&r=g\",\"contentUrl\":\"https:\\\/\\\/secure.gravatar.com\\\/avatar\\\/df0c9a14567c056f8ad6876ba5bbd1e3e2c48023eb6807342fc4663adf549f38?s=96&d=mm&r=g\",\"caption\":\"Farn\u00e9sio\"},\"sameAs\":[\"https:\\\/\\\/quersaberpolitica.com.br\"],\"url\":\"https:\\\/\\\/blogdofarnesio.com.br\\\/?author=1\"}]}<\/script>\n<!-- \/ Yoast SEO plugin. -->","yoast_head_json":{"title":"Prefeitura de Ibimirim tem edital de licita\u00e7\u00e3o anulado pelo Tribunal de Contas - Blog do Farn\u00e9sio","robots":{"index":"index","follow":"follow","max-snippet":"max-snippet:-1","max-image-preview":"max-image-preview:large","max-video-preview":"max-video-preview:-1"},"canonical":"http:\/\/blogdofarnesio.com.br\/?p=291938","og_locale":"pt_BR","og_type":"article","og_title":"Prefeitura de Ibimirim tem edital de licita\u00e7\u00e3o anulado pelo Tribunal de Contas - Blog do Farn\u00e9sio","og_description":"Ap\u00f3s den\u00fancias dos Vereadores M\u00e9rcio Vieira e Luan Almeida, em rela\u00e7\u00e3o ao Preg\u00e3o Eletr\u00f4nico de N\u00b0 03\/2021 que previa ao valor estimado do Lote 1: R$ 1.500.000,00 (um milh\u00e3o e quinhentos mil reais) e do Lote 2: R$ 620.000,00 (seiscentos e vinte mil reais) a contrata\u00e7\u00e3o de uma empresa para gerenciamento de frota composta por 97 (noventa e sete) ve\u00edculos pertencentes ao munic\u00edpio. Atendendo a recomenda\u00e7\u00e3o do Tribunal de Contas do Estado (TCE), a Prefeitura teve que voltar atr\u00e1s e anular o mesmo, j\u00e1 que foi apontado ind\u00edcios de irregularidades no referido edital licitat\u00f3rio. Vereadores de Ibimirim: M\u00e9rcio Vieira e Luan Almeida\/Foto: Divulga\u00e7\u00e3oO que mostra que a fiscaliza\u00e7\u00e3o dos Vereadores est\u00e1 sendo eficiente e eficaz. Evitando assim que o munic\u00edpio&hellip;","og_url":"http:\/\/blogdofarnesio.com.br\/?p=291938","og_site_name":"Blog do Farn\u00e9sio","article_publisher":"https:\/\/www.facebook.com\/BlogQuerSaberPolitica\/","article_published_time":"2021-07-29T13:02:13+00:00","article_modified_time":"2021-07-29T19:22:02+00:00","og_image":[{"width":640,"height":434,"url":"http:\/\/blogdofarnesio.com.br\/wp-content\/uploads\/2021\/07\/blogqspibimirim-prefeitura.jpg","type":"image\/jpeg"}],"author":"Farn\u00e9sio","twitter_card":"summary_large_image","twitter_misc":{"Escrito por":"Farn\u00e9sio","Est. tempo de leitura":"1 minuto"},"schema":{"@context":"https:\/\/schema.org","@graph":[{"@type":"Article","@id":"http:\/\/blogdofarnesio.com.br\/?p=291938#article","isPartOf":{"@id":"http:\/\/blogdofarnesio.com.br\/?p=291938"},"author":{"name":"Farn\u00e9sio","@id":"https:\/\/blogdofarnesio.com.br\/#\/schema\/person\/301c4acf522bccbfdb45af95b5b906a1"},"headline":"Prefeitura de Ibimirim tem edital de licita\u00e7\u00e3o anulado pelo Tribunal de Contas","datePublished":"2021-07-29T13:02:13+00:00","dateModified":"2021-07-29T19:22:02+00:00","mainEntityOfPage":{"@id":"http:\/\/blogdofarnesio.com.br\/?p=291938"},"wordCount":166,"publisher":{"@id":"https:\/\/blogdofarnesio.com.br\/#organization"},"image":{"@id":"http:\/\/blogdofarnesio.com.br\/?p=291938#primaryimage"},"thumbnailUrl":"https:\/\/blogdofarnesio.com.br\/wp-content\/uploads\/2021\/07\/blogqspibimirim-prefeitura.jpg","articleSection":["Cidades"],"inLanguage":"pt-BR"},{"@type":"WebPage","@id":"http:\/\/blogdofarnesio.com.br\/?p=291938","url":"http:\/\/blogdofarnesio.com.br\/?p=291938","name":"Prefeitura de Ibimirim tem edital de licita\u00e7\u00e3o anulado pelo Tribunal de Contas - Blog do Farn\u00e9sio","isPartOf":{"@id":"https:\/\/blogdofarnesio.com.br\/#website"},"primaryImageOfPage":{"@id":"http:\/\/blogdofarnesio.com.br\/?p=291938#primaryimage"},"image":{"@id":"http:\/\/blogdofarnesio.com.br\/?p=291938#primaryimage"},"thumbnailUrl":"https:\/\/blogdofarnesio.com.br\/wp-content\/uploads\/2021\/07\/blogqspibimirim-prefeitura.jpg","datePublished":"2021-07-29T13:02:13+00:00","dateModified":"2021-07-29T19:22:02+00:00","breadcrumb":{"@id":"http:\/\/blogdofarnesio.com.br\/?p=291938#breadcrumb"},"inLanguage":"pt-BR","potentialAction":[{"@type":"ReadAction","target":["http:\/\/blogdofarnesio.com.br\/?p=291938"]}]},{"@type":"ImageObject","inLanguage":"pt-BR","@id":"http:\/\/blogdofarnesio.com.br\/?p=291938#primaryimage","url":"https:\/\/blogdofarnesio.com.br\/wp-content\/uploads\/2021\/07\/blogqspibimirim-prefeitura.jpg","contentUrl":"https:\/\/blogdofarnesio.com.br\/wp-content\/uploads\/2021\/07\/blogqspibimirim-prefeitura.jpg","width":640,"height":434},{"@type":"BreadcrumbList","@id":"http:\/\/blogdofarnesio.com.br\/?p=291938#breadcrumb","itemListElement":[{"@type":"ListItem","position":1,"name":"In\u00edcio","item":"https:\/\/blogdofarnesio.com.br\/"},{"@type":"ListItem","position":2,"name":"Prefeitura de Ibimirim tem edital de licita\u00e7\u00e3o anulado pelo Tribunal de Contas"}]},{"@type":"WebSite","@id":"https:\/\/blogdofarnesio.com.br\/#website","url":"https:\/\/blogdofarnesio.com.br\/","name":"Blog do Farn\u00e9sio","description":"Quer Saber Pol\u00edtica?","publisher":{"@id":"https:\/\/blogdofarnesio.com.br\/#organization"},"potentialAction":[{"@type":"SearchAction","target":{"@type":"EntryPoint","urlTemplate":"https:\/\/blogdofarnesio.com.br\/?s={search_term_string}"},"query-input":{"@type":"PropertyValueSpecification","valueRequired":true,"valueName":"search_term_string"}}],"inLanguage":"pt-BR"},{"@type":"Organization","@id":"https:\/\/blogdofarnesio.com.br\/#organization","name":"Blog do Farn\u00e9sio","url":"https:\/\/blogdofarnesio.com.br\/","logo":{"@type":"ImageObject","inLanguage":"pt-BR","@id":"https:\/\/blogdofarnesio.com.br\/#\/schema\/logo\/image\/","url":"https:\/\/blogdofarnesio.com.br\/wp-content\/uploads\/2026\/03\/cropped-logo_new-1.png","contentUrl":"https:\/\/blogdofarnesio.com.br\/wp-content\/uploads\/2026\/03\/cropped-logo_new-1.png","width":881,"height":685,"caption":"Blog do Farn\u00e9sio"},"image":{"@id":"https:\/\/blogdofarnesio.com.br\/#\/schema\/logo\/image\/"},"sameAs":["https:\/\/www.facebook.com\/BlogQuerSaberPolitica\/"]},{"@type":"Person","@id":"https:\/\/blogdofarnesio.com.br\/#\/schema\/person\/301c4acf522bccbfdb45af95b5b906a1","name":"Farn\u00e9sio","image":{"@type":"ImageObject","inLanguage":"pt-BR","@id":"https:\/\/secure.gravatar.com\/avatar\/df0c9a14567c056f8ad6876ba5bbd1e3e2c48023eb6807342fc4663adf549f38?s=96&d=mm&r=g","url":"https:\/\/secure.gravatar.com\/avatar\/df0c9a14567c056f8ad6876ba5bbd1e3e2c48023eb6807342fc4663adf549f38?s=96&d=mm&r=g","contentUrl":"https:\/\/secure.gravatar.com\/avatar\/df0c9a14567c056f8ad6876ba5bbd1e3e2c48023eb6807342fc4663adf549f38?s=96&d=mm&r=g","caption":"Farn\u00e9sio"},"sameAs":["https:\/\/quersaberpolitica.com.br"],"url":"https:\/\/blogdofarnesio.com.br\/?author=1"}]}},"_links":{"self":[{"href":"https:\/\/blogdofarnesio.com.br\/index.php?rest_route=\/wp\/v2\/posts\/291938","targetHints":{"allow":["GET"]}}],"collection":[{"href":"https:\/\/blogdofarnesio.com.br\/index.php?rest_route=\/wp\/v2\/posts"}],"about":[{"href":"https:\/\/blogdofarnesio.com.br\/index.php?rest_route=\/wp\/v2\/types\/post"}],"author":[{"embeddable":true,"href":"https:\/\/blogdofarnesio.com.br\/index.php?rest_route=\/wp\/v2\/users\/1"}],"replies":[{"embeddable":true,"href":"https:\/\/blogdofarnesio.com.br\/index.php?rest_route=%2Fwp%2Fv2%2Fcomments&post=291938"}],"version-history":[{"count":0,"href":"https:\/\/blogdofarnesio.com.br\/index.php?rest_route=\/wp\/v2\/posts\/291938\/revisions"}],"wp:featuredmedia":[{"embeddable":true,"href":"https:\/\/blogdofarnesio.com.br\/index.php?rest_route=\/wp\/v2\/media\/291939"}],"wp:attachment":[{"href":"https:\/\/blogdofarnesio.com.br\/index.php?rest_route=%2Fwp%2Fv2%2Fmedia&parent=291938"}],"wp:term":[{"taxonomy":"category","embeddable":true,"href":"https:\/\/blogdofarnesio.com.br\/index.php?rest_route=%2Fwp%2Fv2%2Fcategories&post=291938"},{"taxonomy":"post_tag","embeddable":true,"href":"https:\/\/blogdofarnesio.com.br\/index.php?rest_route=%2Fwp%2Fv2%2Ftags&post=291938"}],"curies":[{"name":"wp","href":"https:\/\/api.w.org\/{rel}","templated":true}]}}