{"id":291910,"date":"2021-07-29T14:20:29","date_gmt":"2021-07-29T17:20:29","guid":{"rendered":"https:\/\/quersaberpolitica.com.br\/?p=291910"},"modified":"2021-07-29T09:53:11","modified_gmt":"2021-07-29T12:53:11","slug":"jogar-na-vila-e-isso-ai-diz-rabello-apos-goleada-do-santos-sobre-a-juazeirense","status":"publish","type":"post","link":"https:\/\/blogdofarnesio.com.br\/?p=291910","title":{"rendered":"&#8216;Jogar na Vila \u00e9 isso a\u00ed&#8217;, diz Rabello, ap\u00f3s goleada do Santos sobre a Juazeirense"},"content":{"rendered":"<div class=\"box-title\">\n<p>por Nuno Krause<\/p>\n<\/div>\n<div class=\"box-body\" data-io-article-url=\"https:\/\/www.bahianoticias.com.br\/\">\n<div class=\"text-center\">\n<div class=\"box-img\">\n<div class=\"img-legenda\">&#8220;N\u00f3s somos um time de S\u00e9rie D. O Santos \u00e9 um time de S\u00e9rie A. E jogar na Vila Belmiro \u00e9 isso a\u00ed&#8221;. Foi assim que Carlos Rabello come\u00e7ou sua fala ap\u00f3s a derrota por 4 a 0 sofrida pela Juazeirense contra o Peixe, nesta quarta-feira (28), pelas oitavas de final da Copa do Brasil.<\/div>\n<\/div>\n<\/div>\n<div class=\"text-descricao\">\n<p><img decoding=\"async\" class=\"img-center img-responsive alignleft\" src=\"https:\/\/www.bahianoticias.com.br\/fotos\/esportes_noticias\/59032\/IMAGEM_NOTICIA_5.jpg?checksum=1627520219\" alt=\"'Jogar na Vila \u00e9 isso a\u00ed', diz Rabello, ap\u00f3s goleada do Santos sobre a Juazeirense\" \/>\u00c9 a primeira vez na hist\u00f3ria que um clube do interior baiano avan\u00e7a\u00a0t\u00e3o longe na competi\u00e7\u00e3o. O jogo da volta est\u00e1 marcado para o dia 5 de agosto, \u00e0s 19h15, no est\u00e1dio Adauto Moraes, em Juazeiro.<\/p>\n<p>&#8220;Nosso time foi muito aplicado no primeiro tempo, tivemos uma chance com Timb\u00f3. No segundo tempo, at\u00e9 os 25, o time teve outra chance real, e n\u00e3o fizemos. E quando voc\u00ea n\u00e3o faz, corre o risco de acontecer o que aconteceu&#8221;, destacou Rabello.<\/p>\n<p>A todo momento, o comandante do Canc\u00e3o de Fogo fez quest\u00e3o de ressaltar a qualidade do Santos. &#8220;A\u00a0gente n\u00e3o pode viver de utopia. A nossa realidade \u00e9 outra. O Santos, como time grande, jogando em casa, vem para cima. Atropela o advers\u00e1rio&#8221;, afirmou.<\/p>\n<p>Para o jogo da volta, o t\u00e9cnico espera &#8220;deixar uma boa imagem&#8221;, e que a derrota nesta quarta n\u00e3o atrapalhe a campanha na S\u00e9rie D. A Juazeirense \u00e9 l\u00edder do Grupo A4 da competi\u00e7\u00e3o, com 8 pontos conquistados em oito partidas. No pr\u00f3ximo s\u00e1bado (31), encara o Sergipe, \u00e0s 16h, no Adaut\u00e3o.<\/p>\n<p>Foto: Bruno Lopes \/ Juazeirense<\/p>\n<\/div>\n<\/div>\n","protected":false},"excerpt":{"rendered":"<p>por Nuno Krause &#8220;N\u00f3s somos um time de S\u00e9rie D. O Santos \u00e9 um time de S\u00e9rie A. E jogar na Vila Belmiro \u00e9 isso a\u00ed&#8221;. Foi assim que Carlos Rabello come\u00e7ou sua fala ap\u00f3s a derrota por 4 a 0 sofrida pela Juazeirense contra o Peixe, nesta quarta-feira (28), pelas oitavas de final da Copa do Brasil. \u00c9 a primeira vez na hist\u00f3ria que um clube do interior baiano avan\u00e7a\u00a0t\u00e3o longe na competi\u00e7\u00e3o. O jogo da volta est\u00e1 marcado para o dia 5 de agosto, \u00e0s 19h15, no est\u00e1dio Adauto Moraes, em Juazeiro. &#8220;Nosso time foi muito aplicado no primeiro tempo, tivemos uma chance com Timb\u00f3. No segundo tempo, at\u00e9 os 25, o time teve outra chance real, e&hellip; <\/p>\n","protected":false},"author":1,"featured_media":289631,"comment_status":"closed","ping_status":"closed","sticky":false,"template":"","format":"standard","meta":{"_acf_changed":false,"footnotes":""},"categories":[8],"tags":[],"class_list":["post-291910","post","type-post","status-publish","format-standard","has-post-thumbnail","hentry","category-esportes"],"acf":[],"yoast_head":"<!-- This site is optimized with the Yoast SEO plugin v27.4 - https:\/\/yoast.com\/product\/yoast-seo-wordpress\/ -->\n<title>&#039;Jogar na Vila \u00e9 isso a\u00ed&#039;, diz Rabello, ap\u00f3s goleada do Santos sobre a Juazeirense - Blog do Farn\u00e9sio<\/title>\n<meta name=\"robots\" content=\"index, follow, max-snippet:-1, max-image-preview:large, max-video-preview:-1\" \/>\n<link rel=\"canonical\" href=\"http:\/\/blogdofarnesio.com.br\/?p=291910\" \/>\n<meta property=\"og:locale\" content=\"pt_BR\" \/>\n<meta property=\"og:type\" content=\"article\" \/>\n<meta property=\"og:title\" content=\"&#039;Jogar na Vila \u00e9 isso a\u00ed&#039;, diz Rabello, ap\u00f3s goleada do Santos sobre a Juazeirense - Blog do Farn\u00e9sio\" \/>\n<meta property=\"og:description\" content=\"por Nuno Krause &#8220;N\u00f3s somos um time de S\u00e9rie D. O Santos \u00e9 um time de S\u00e9rie A. E jogar na Vila Belmiro \u00e9 isso a\u00ed&#8221;. Foi assim que Carlos Rabello come\u00e7ou sua fala ap\u00f3s a derrota por 4 a 0 sofrida pela Juazeirense contra o Peixe, nesta quarta-feira (28), pelas oitavas de final da Copa do Brasil. \u00c9 a primeira vez na hist\u00f3ria que um clube do interior baiano avan\u00e7a\u00a0t\u00e3o longe na competi\u00e7\u00e3o. O jogo da volta est\u00e1 marcado para o dia 5 de agosto, \u00e0s 19h15, no est\u00e1dio Adauto Moraes, em Juazeiro. &#8220;Nosso time foi muito aplicado no primeiro tempo, tivemos uma chance com Timb\u00f3. No segundo tempo, at\u00e9 os 25, o time teve outra chance real, e&hellip;\" \/>\n<meta property=\"og:url\" content=\"http:\/\/blogdofarnesio.com.br\/?p=291910\" \/>\n<meta property=\"og:site_name\" content=\"Blog do Farn\u00e9sio\" \/>\n<meta property=\"article:publisher\" content=\"https:\/\/www.facebook.com\/BlogQuerSaberPolitica\/\" \/>\n<meta property=\"article:published_time\" content=\"2021-07-29T17:20:29+00:00\" \/>\n<meta property=\"og:image\" content=\"http:\/\/blogdofarnesio.com.br\/wp-content\/uploads\/2021\/07\/blogqspjuazeirense-x-santos-e1625230657724.jpg\" \/>\n\t<meta property=\"og:image:width\" content=\"660\" \/>\n\t<meta property=\"og:image:height\" content=\"446\" \/>\n\t<meta property=\"og:image:type\" content=\"image\/jpeg\" \/>\n<meta name=\"author\" content=\"Farn\u00e9sio\" \/>\n<meta name=\"twitter:card\" content=\"summary_large_image\" \/>\n<meta name=\"twitter:label1\" content=\"Escrito por\" \/>\n\t<meta name=\"twitter:data1\" content=\"Farn\u00e9sio\" \/>\n\t<meta name=\"twitter:label2\" content=\"Est. tempo de leitura\" \/>\n\t<meta name=\"twitter:data2\" content=\"1 minuto\" \/>\n<script type=\"application\/ld+json\" class=\"yoast-schema-graph\">{\"@context\":\"https:\\\/\\\/schema.org\",\"@graph\":[{\"@type\":\"Article\",\"@id\":\"http:\\\/\\\/blogdofarnesio.com.br\\\/?p=291910#article\",\"isPartOf\":{\"@id\":\"http:\\\/\\\/blogdofarnesio.com.br\\\/?p=291910\"},\"author\":{\"name\":\"Farn\u00e9sio\",\"@id\":\"https:\\\/\\\/blogdofarnesio.com.br\\\/#\\\/schema\\\/person\\\/301c4acf522bccbfdb45af95b5b906a1\"},\"headline\":\"&#8216;Jogar na Vila \u00e9 isso a\u00ed&#8217;, diz Rabello, ap\u00f3s goleada do Santos sobre a Juazeirense\",\"datePublished\":\"2021-07-29T17:20:29+00:00\",\"mainEntityOfPage\":{\"@id\":\"http:\\\/\\\/blogdofarnesio.com.br\\\/?p=291910\"},\"wordCount\":265,\"publisher\":{\"@id\":\"https:\\\/\\\/blogdofarnesio.com.br\\\/#organization\"},\"image\":{\"@id\":\"http:\\\/\\\/blogdofarnesio.com.br\\\/?p=291910#primaryimage\"},\"thumbnailUrl\":\"https:\\\/\\\/blogdofarnesio.com.br\\\/wp-content\\\/uploads\\\/2021\\\/07\\\/blogqspjuazeirense-x-santos-e1625230657724.jpg\",\"articleSection\":[\"Esportes\"],\"inLanguage\":\"pt-BR\"},{\"@type\":\"WebPage\",\"@id\":\"http:\\\/\\\/blogdofarnesio.com.br\\\/?p=291910\",\"url\":\"http:\\\/\\\/blogdofarnesio.com.br\\\/?p=291910\",\"name\":\"'Jogar na Vila \u00e9 isso a\u00ed', diz Rabello, ap\u00f3s goleada do Santos sobre a Juazeirense - Blog do Farn\u00e9sio\",\"isPartOf\":{\"@id\":\"https:\\\/\\\/blogdofarnesio.com.br\\\/#website\"},\"primaryImageOfPage\":{\"@id\":\"http:\\\/\\\/blogdofarnesio.com.br\\\/?p=291910#primaryimage\"},\"image\":{\"@id\":\"http:\\\/\\\/blogdofarnesio.com.br\\\/?p=291910#primaryimage\"},\"thumbnailUrl\":\"https:\\\/\\\/blogdofarnesio.com.br\\\/wp-content\\\/uploads\\\/2021\\\/07\\\/blogqspjuazeirense-x-santos-e1625230657724.jpg\",\"datePublished\":\"2021-07-29T17:20:29+00:00\",\"breadcrumb\":{\"@id\":\"http:\\\/\\\/blogdofarnesio.com.br\\\/?p=291910#breadcrumb\"},\"inLanguage\":\"pt-BR\",\"potentialAction\":[{\"@type\":\"ReadAction\",\"target\":[\"http:\\\/\\\/blogdofarnesio.com.br\\\/?p=291910\"]}]},{\"@type\":\"ImageObject\",\"inLanguage\":\"pt-BR\",\"@id\":\"http:\\\/\\\/blogdofarnesio.com.br\\\/?p=291910#primaryimage\",\"url\":\"https:\\\/\\\/blogdofarnesio.com.br\\\/wp-content\\\/uploads\\\/2021\\\/07\\\/blogqspjuazeirense-x-santos-e1625230657724.jpg\",\"contentUrl\":\"https:\\\/\\\/blogdofarnesio.com.br\\\/wp-content\\\/uploads\\\/2021\\\/07\\\/blogqspjuazeirense-x-santos-e1625230657724.jpg\",\"width\":660,\"height\":446},{\"@type\":\"BreadcrumbList\",\"@id\":\"http:\\\/\\\/blogdofarnesio.com.br\\\/?p=291910#breadcrumb\",\"itemListElement\":[{\"@type\":\"ListItem\",\"position\":1,\"name\":\"In\u00edcio\",\"item\":\"https:\\\/\\\/blogdofarnesio.com.br\\\/\"},{\"@type\":\"ListItem\",\"position\":2,\"name\":\"&#8216;Jogar na Vila \u00e9 isso a\u00ed&#8217;, diz Rabello, ap\u00f3s goleada do Santos sobre a Juazeirense\"}]},{\"@type\":\"WebSite\",\"@id\":\"https:\\\/\\\/blogdofarnesio.com.br\\\/#website\",\"url\":\"https:\\\/\\\/blogdofarnesio.com.br\\\/\",\"name\":\"Blog do Farn\u00e9sio\",\"description\":\"Quer Saber Pol\u00edtica?\",\"publisher\":{\"@id\":\"https:\\\/\\\/blogdofarnesio.com.br\\\/#organization\"},\"potentialAction\":[{\"@type\":\"SearchAction\",\"target\":{\"@type\":\"EntryPoint\",\"urlTemplate\":\"https:\\\/\\\/blogdofarnesio.com.br\\\/?s={search_term_string}\"},\"query-input\":{\"@type\":\"PropertyValueSpecification\",\"valueRequired\":true,\"valueName\":\"search_term_string\"}}],\"inLanguage\":\"pt-BR\"},{\"@type\":\"Organization\",\"@id\":\"https:\\\/\\\/blogdofarnesio.com.br\\\/#organization\",\"name\":\"Blog do Farn\u00e9sio\",\"url\":\"https:\\\/\\\/blogdofarnesio.com.br\\\/\",\"logo\":{\"@type\":\"ImageObject\",\"inLanguage\":\"pt-BR\",\"@id\":\"https:\\\/\\\/blogdofarnesio.com.br\\\/#\\\/schema\\\/logo\\\/image\\\/\",\"url\":\"https:\\\/\\\/blogdofarnesio.com.br\\\/wp-content\\\/uploads\\\/2026\\\/03\\\/cropped-logo_new-1.png\",\"contentUrl\":\"https:\\\/\\\/blogdofarnesio.com.br\\\/wp-content\\\/uploads\\\/2026\\\/03\\\/cropped-logo_new-1.png\",\"width\":881,\"height\":685,\"caption\":\"Blog do Farn\u00e9sio\"},\"image\":{\"@id\":\"https:\\\/\\\/blogdofarnesio.com.br\\\/#\\\/schema\\\/logo\\\/image\\\/\"},\"sameAs\":[\"https:\\\/\\\/www.facebook.com\\\/BlogQuerSaberPolitica\\\/\"]},{\"@type\":\"Person\",\"@id\":\"https:\\\/\\\/blogdofarnesio.com.br\\\/#\\\/schema\\\/person\\\/301c4acf522bccbfdb45af95b5b906a1\",\"name\":\"Farn\u00e9sio\",\"image\":{\"@type\":\"ImageObject\",\"inLanguage\":\"pt-BR\",\"@id\":\"https:\\\/\\\/secure.gravatar.com\\\/avatar\\\/df0c9a14567c056f8ad6876ba5bbd1e3e2c48023eb6807342fc4663adf549f38?s=96&d=mm&r=g\",\"url\":\"https:\\\/\\\/secure.gravatar.com\\\/avatar\\\/df0c9a14567c056f8ad6876ba5bbd1e3e2c48023eb6807342fc4663adf549f38?s=96&d=mm&r=g\",\"contentUrl\":\"https:\\\/\\\/secure.gravatar.com\\\/avatar\\\/df0c9a14567c056f8ad6876ba5bbd1e3e2c48023eb6807342fc4663adf549f38?s=96&d=mm&r=g\",\"caption\":\"Farn\u00e9sio\"},\"sameAs\":[\"https:\\\/\\\/quersaberpolitica.com.br\"],\"url\":\"https:\\\/\\\/blogdofarnesio.com.br\\\/?author=1\"}]}<\/script>\n<!-- \/ Yoast SEO plugin. -->","yoast_head_json":{"title":"'Jogar na Vila \u00e9 isso a\u00ed', diz Rabello, ap\u00f3s goleada do Santos sobre a Juazeirense - Blog do Farn\u00e9sio","robots":{"index":"index","follow":"follow","max-snippet":"max-snippet:-1","max-image-preview":"max-image-preview:large","max-video-preview":"max-video-preview:-1"},"canonical":"http:\/\/blogdofarnesio.com.br\/?p=291910","og_locale":"pt_BR","og_type":"article","og_title":"'Jogar na Vila \u00e9 isso a\u00ed', diz Rabello, ap\u00f3s goleada do Santos sobre a Juazeirense - Blog do Farn\u00e9sio","og_description":"por Nuno Krause &#8220;N\u00f3s somos um time de S\u00e9rie D. O Santos \u00e9 um time de S\u00e9rie A. E jogar na Vila Belmiro \u00e9 isso a\u00ed&#8221;. Foi assim que Carlos Rabello come\u00e7ou sua fala ap\u00f3s a derrota por 4 a 0 sofrida pela Juazeirense contra o Peixe, nesta quarta-feira (28), pelas oitavas de final da Copa do Brasil. \u00c9 a primeira vez na hist\u00f3ria que um clube do interior baiano avan\u00e7a\u00a0t\u00e3o longe na competi\u00e7\u00e3o. O jogo da volta est\u00e1 marcado para o dia 5 de agosto, \u00e0s 19h15, no est\u00e1dio Adauto Moraes, em Juazeiro. &#8220;Nosso time foi muito aplicado no primeiro tempo, tivemos uma chance com Timb\u00f3. No segundo tempo, at\u00e9 os 25, o time teve outra chance real, e&hellip;","og_url":"http:\/\/blogdofarnesio.com.br\/?p=291910","og_site_name":"Blog do Farn\u00e9sio","article_publisher":"https:\/\/www.facebook.com\/BlogQuerSaberPolitica\/","article_published_time":"2021-07-29T17:20:29+00:00","og_image":[{"width":660,"height":446,"url":"http:\/\/blogdofarnesio.com.br\/wp-content\/uploads\/2021\/07\/blogqspjuazeirense-x-santos-e1625230657724.jpg","type":"image\/jpeg"}],"author":"Farn\u00e9sio","twitter_card":"summary_large_image","twitter_misc":{"Escrito por":"Farn\u00e9sio","Est. tempo de leitura":"1 minuto"},"schema":{"@context":"https:\/\/schema.org","@graph":[{"@type":"Article","@id":"http:\/\/blogdofarnesio.com.br\/?p=291910#article","isPartOf":{"@id":"http:\/\/blogdofarnesio.com.br\/?p=291910"},"author":{"name":"Farn\u00e9sio","@id":"https:\/\/blogdofarnesio.com.br\/#\/schema\/person\/301c4acf522bccbfdb45af95b5b906a1"},"headline":"&#8216;Jogar na Vila \u00e9 isso a\u00ed&#8217;, diz Rabello, ap\u00f3s goleada do Santos sobre a Juazeirense","datePublished":"2021-07-29T17:20:29+00:00","mainEntityOfPage":{"@id":"http:\/\/blogdofarnesio.com.br\/?p=291910"},"wordCount":265,"publisher":{"@id":"https:\/\/blogdofarnesio.com.br\/#organization"},"image":{"@id":"http:\/\/blogdofarnesio.com.br\/?p=291910#primaryimage"},"thumbnailUrl":"https:\/\/blogdofarnesio.com.br\/wp-content\/uploads\/2021\/07\/blogqspjuazeirense-x-santos-e1625230657724.jpg","articleSection":["Esportes"],"inLanguage":"pt-BR"},{"@type":"WebPage","@id":"http:\/\/blogdofarnesio.com.br\/?p=291910","url":"http:\/\/blogdofarnesio.com.br\/?p=291910","name":"'Jogar na Vila \u00e9 isso a\u00ed', diz Rabello, ap\u00f3s goleada do Santos sobre a Juazeirense - Blog do Farn\u00e9sio","isPartOf":{"@id":"https:\/\/blogdofarnesio.com.br\/#website"},"primaryImageOfPage":{"@id":"http:\/\/blogdofarnesio.com.br\/?p=291910#primaryimage"},"image":{"@id":"http:\/\/blogdofarnesio.com.br\/?p=291910#primaryimage"},"thumbnailUrl":"https:\/\/blogdofarnesio.com.br\/wp-content\/uploads\/2021\/07\/blogqspjuazeirense-x-santos-e1625230657724.jpg","datePublished":"2021-07-29T17:20:29+00:00","breadcrumb":{"@id":"http:\/\/blogdofarnesio.com.br\/?p=291910#breadcrumb"},"inLanguage":"pt-BR","potentialAction":[{"@type":"ReadAction","target":["http:\/\/blogdofarnesio.com.br\/?p=291910"]}]},{"@type":"ImageObject","inLanguage":"pt-BR","@id":"http:\/\/blogdofarnesio.com.br\/?p=291910#primaryimage","url":"https:\/\/blogdofarnesio.com.br\/wp-content\/uploads\/2021\/07\/blogqspjuazeirense-x-santos-e1625230657724.jpg","contentUrl":"https:\/\/blogdofarnesio.com.br\/wp-content\/uploads\/2021\/07\/blogqspjuazeirense-x-santos-e1625230657724.jpg","width":660,"height":446},{"@type":"BreadcrumbList","@id":"http:\/\/blogdofarnesio.com.br\/?p=291910#breadcrumb","itemListElement":[{"@type":"ListItem","position":1,"name":"In\u00edcio","item":"https:\/\/blogdofarnesio.com.br\/"},{"@type":"ListItem","position":2,"name":"&#8216;Jogar na Vila \u00e9 isso a\u00ed&#8217;, diz Rabello, ap\u00f3s goleada do Santos sobre a Juazeirense"}]},{"@type":"WebSite","@id":"https:\/\/blogdofarnesio.com.br\/#website","url":"https:\/\/blogdofarnesio.com.br\/","name":"Blog do Farn\u00e9sio","description":"Quer Saber Pol\u00edtica?","publisher":{"@id":"https:\/\/blogdofarnesio.com.br\/#organization"},"potentialAction":[{"@type":"SearchAction","target":{"@type":"EntryPoint","urlTemplate":"https:\/\/blogdofarnesio.com.br\/?s={search_term_string}"},"query-input":{"@type":"PropertyValueSpecification","valueRequired":true,"valueName":"search_term_string"}}],"inLanguage":"pt-BR"},{"@type":"Organization","@id":"https:\/\/blogdofarnesio.com.br\/#organization","name":"Blog do Farn\u00e9sio","url":"https:\/\/blogdofarnesio.com.br\/","logo":{"@type":"ImageObject","inLanguage":"pt-BR","@id":"https:\/\/blogdofarnesio.com.br\/#\/schema\/logo\/image\/","url":"https:\/\/blogdofarnesio.com.br\/wp-content\/uploads\/2026\/03\/cropped-logo_new-1.png","contentUrl":"https:\/\/blogdofarnesio.com.br\/wp-content\/uploads\/2026\/03\/cropped-logo_new-1.png","width":881,"height":685,"caption":"Blog do Farn\u00e9sio"},"image":{"@id":"https:\/\/blogdofarnesio.com.br\/#\/schema\/logo\/image\/"},"sameAs":["https:\/\/www.facebook.com\/BlogQuerSaberPolitica\/"]},{"@type":"Person","@id":"https:\/\/blogdofarnesio.com.br\/#\/schema\/person\/301c4acf522bccbfdb45af95b5b906a1","name":"Farn\u00e9sio","image":{"@type":"ImageObject","inLanguage":"pt-BR","@id":"https:\/\/secure.gravatar.com\/avatar\/df0c9a14567c056f8ad6876ba5bbd1e3e2c48023eb6807342fc4663adf549f38?s=96&d=mm&r=g","url":"https:\/\/secure.gravatar.com\/avatar\/df0c9a14567c056f8ad6876ba5bbd1e3e2c48023eb6807342fc4663adf549f38?s=96&d=mm&r=g","contentUrl":"https:\/\/secure.gravatar.com\/avatar\/df0c9a14567c056f8ad6876ba5bbd1e3e2c48023eb6807342fc4663adf549f38?s=96&d=mm&r=g","caption":"Farn\u00e9sio"},"sameAs":["https:\/\/quersaberpolitica.com.br"],"url":"https:\/\/blogdofarnesio.com.br\/?author=1"}]}},"_links":{"self":[{"href":"https:\/\/blogdofarnesio.com.br\/index.php?rest_route=\/wp\/v2\/posts\/291910","targetHints":{"allow":["GET"]}}],"collection":[{"href":"https:\/\/blogdofarnesio.com.br\/index.php?rest_route=\/wp\/v2\/posts"}],"about":[{"href":"https:\/\/blogdofarnesio.com.br\/index.php?rest_route=\/wp\/v2\/types\/post"}],"author":[{"embeddable":true,"href":"https:\/\/blogdofarnesio.com.br\/index.php?rest_route=\/wp\/v2\/users\/1"}],"replies":[{"embeddable":true,"href":"https:\/\/blogdofarnesio.com.br\/index.php?rest_route=%2Fwp%2Fv2%2Fcomments&post=291910"}],"version-history":[{"count":0,"href":"https:\/\/blogdofarnesio.com.br\/index.php?rest_route=\/wp\/v2\/posts\/291910\/revisions"}],"wp:featuredmedia":[{"embeddable":true,"href":"https:\/\/blogdofarnesio.com.br\/index.php?rest_route=\/wp\/v2\/media\/289631"}],"wp:attachment":[{"href":"https:\/\/blogdofarnesio.com.br\/index.php?rest_route=%2Fwp%2Fv2%2Fmedia&parent=291910"}],"wp:term":[{"taxonomy":"category","embeddable":true,"href":"https:\/\/blogdofarnesio.com.br\/index.php?rest_route=%2Fwp%2Fv2%2Fcategories&post=291910"},{"taxonomy":"post_tag","embeddable":true,"href":"https:\/\/blogdofarnesio.com.br\/index.php?rest_route=%2Fwp%2Fv2%2Ftags&post=291910"}],"curies":[{"name":"wp","href":"https:\/\/api.w.org\/{rel}","templated":true}]}}