{"id":291908,"date":"2021-07-29T11:32:00","date_gmt":"2021-07-29T14:32:00","guid":{"rendered":"https:\/\/quersaberpolitica.com.br\/?p=291908"},"modified":"2021-07-29T09:35:49","modified_gmt":"2021-07-29T12:35:49","slug":"suspeito-de-envolvimento-na-morte-de-marielle-franco-e-preso-na-paraiba","status":"publish","type":"post","link":"https:\/\/blogdofarnesio.com.br\/?p=291908","title":{"rendered":"Suspeito de envolvimento na morte de Marielle Franco \u00e9 preso na Para\u00edba"},"content":{"rendered":"<div class=\"box-title\"><\/div>\n<div class=\"box-body\" data-io-article-url=\"https:\/\/www.bahianoticias.com.br\/\">\n<div class=\"text-descricao\">\n<p>Um homem suspeito de envolvimento na morte da vereadora Marielle Franco e do motorista Anderson Gomes foi preso na Para\u00edba, nesta quarta-feira (28). A pris\u00e3o foi realizada pela Pol\u00edcia Civil da Para\u00edba, que apontou Almir Rog\u00e9rio Gomes da Silva como membro de uma mil\u00edcia do Rio de Janeiro.<\/p>\n<p>Conforme a Ag\u00eancia Brasil, o grupo foi citado pela vi\u00fava do capit\u00e3o Adriano Magalh\u00e3es da N\u00f3brega, morto na Bahia e suspeito de envolvimento na morte de Marielle.<\/p>\n<p>\u201cA pris\u00e3o foi realizada por policiais da Delegacia de Repress\u00e3o ao Crime Organizado (Draco), no munic\u00edpio de Queimadas\/PB. O alvo estava na companhia de outro homem, que tamb\u00e9m foi preso. O nome do alvo principal est\u00e1 no site do Disque Den\u00fancia\u00a0do Rio de Janeiro. Ele j\u00e1 foi denunciado pelo Minist\u00e9rio P\u00fablico do RJ, que pediu a condena\u00e7\u00e3o do investigado com base no assassinato de Eliezio Victor do Santos Lima, em outubro de 2018\u201d, detalhou, em nota, a Policia Civil da Para\u00edba.<\/p>\n<p>Segundo o delegado Diego Beltr\u00e3o, da Draco, as investiga\u00e7\u00f5es descobriram que Almir cometeu outro assassinado no Rio de Janeiro, no dia 3 de junho, o que pode ter sido o motivo para ele fugir para a Para\u00edba.<\/p>\n<p>\u201cParte dos milicianos ligados ao homem capturado em Queimadas hoje foi presa em opera\u00e7\u00f5es policiais naquele estado. Mas ele, que \u00e9 um dos chefes desse grupo, conseguiu escapar dessas investidas. Trata-se de um criminoso muito perigoso, com ind\u00edcios fortes de que estava traficando drogas e planejando ataques a institui\u00e7\u00f5es financeiras no nosso estado\u201d, disse.<\/p>\n<p>O suspeito ser\u00e1 levado sob escolta policial at\u00e9 o Rio de Janeiro, onde dever\u00e1 responder pelos crimes.<\/p>\n<p>Marielle e Anderson foram mortos no dia 14 de mar\u00e7o de 2018, emboscados no carro onde estavam, no bairro do Est\u00e1cio, na regi\u00e3o central do Rio. Est\u00e3o presos e aguardam julgamento pelos assassinatos o sargento reformado da Pol\u00edcia Militar Ronnie Lessa, e o ex-PM \u00c9lcio Queiroz.<\/p>\n<\/div>\n<\/div>\n","protected":false},"excerpt":{"rendered":"<p>Um homem suspeito de envolvimento na morte da vereadora Marielle Franco e do motorista Anderson Gomes foi preso na Para\u00edba, nesta quarta-feira (28). A pris\u00e3o foi realizada pela Pol\u00edcia Civil da Para\u00edba, que apontou Almir Rog\u00e9rio Gomes da Silva como membro de uma mil\u00edcia do Rio de Janeiro. Conforme a Ag\u00eancia Brasil, o grupo foi citado pela vi\u00fava do capit\u00e3o Adriano Magalh\u00e3es da N\u00f3brega, morto na Bahia e suspeito de envolvimento na morte de Marielle. \u201cA pris\u00e3o foi realizada por policiais da Delegacia de Repress\u00e3o ao Crime Organizado (Draco), no munic\u00edpio de Queimadas\/PB. O alvo estava na companhia de outro homem, que tamb\u00e9m foi preso. O nome do alvo principal est\u00e1 no site do Disque Den\u00fancia\u00a0do Rio de Janeiro. Ele&hellip; <\/p>\n","protected":false},"author":1,"featured_media":191567,"comment_status":"closed","ping_status":"closed","sticky":false,"template":"","format":"standard","meta":{"_acf_changed":false,"footnotes":""},"categories":[9],"tags":[],"class_list":["post-291908","post","type-post","status-publish","format-standard","has-post-thumbnail","hentry","category-policia"],"acf":[],"yoast_head":"<!-- This site is optimized with the Yoast SEO plugin v27.4 - https:\/\/yoast.com\/product\/yoast-seo-wordpress\/ -->\n<title>Suspeito de envolvimento na morte de Marielle Franco \u00e9 preso na Para\u00edba - Blog do Farn\u00e9sio<\/title>\n<meta name=\"robots\" content=\"index, follow, max-snippet:-1, max-image-preview:large, max-video-preview:-1\" \/>\n<link rel=\"canonical\" href=\"http:\/\/blogdofarnesio.com.br\/?p=291908\" \/>\n<meta property=\"og:locale\" content=\"pt_BR\" \/>\n<meta property=\"og:type\" content=\"article\" \/>\n<meta property=\"og:title\" content=\"Suspeito de envolvimento na morte de Marielle Franco \u00e9 preso na Para\u00edba - Blog do Farn\u00e9sio\" \/>\n<meta property=\"og:description\" content=\"Um homem suspeito de envolvimento na morte da vereadora Marielle Franco e do motorista Anderson Gomes foi preso na Para\u00edba, nesta quarta-feira (28). A pris\u00e3o foi realizada pela Pol\u00edcia Civil da Para\u00edba, que apontou Almir Rog\u00e9rio Gomes da Silva como membro de uma mil\u00edcia do Rio de Janeiro. Conforme a Ag\u00eancia Brasil, o grupo foi citado pela vi\u00fava do capit\u00e3o Adriano Magalh\u00e3es da N\u00f3brega, morto na Bahia e suspeito de envolvimento na morte de Marielle. \u201cA pris\u00e3o foi realizada por policiais da Delegacia de Repress\u00e3o ao Crime Organizado (Draco), no munic\u00edpio de Queimadas\/PB. O alvo estava na companhia de outro homem, que tamb\u00e9m foi preso. O nome do alvo principal est\u00e1 no site do Disque Den\u00fancia\u00a0do Rio de Janeiro. Ele&hellip;\" \/>\n<meta property=\"og:url\" content=\"http:\/\/blogdofarnesio.com.br\/?p=291908\" \/>\n<meta property=\"og:site_name\" content=\"Blog do Farn\u00e9sio\" \/>\n<meta property=\"article:publisher\" content=\"https:\/\/www.facebook.com\/BlogQuerSaberPolitica\/\" \/>\n<meta property=\"article:published_time\" content=\"2021-07-29T14:32:00+00:00\" \/>\n<meta property=\"og:image\" content=\"http:\/\/blogdofarnesio.com.br\/wp-content\/uploads\/2018\/03\/blogqspvermarielle-franco-ninja-assassinadario-e1521144145432.jpg\" \/>\n\t<meta property=\"og:image:width\" content=\"668\" \/>\n\t<meta property=\"og:image:height\" content=\"496\" \/>\n\t<meta property=\"og:image:type\" content=\"image\/jpeg\" \/>\n<meta name=\"author\" content=\"Farn\u00e9sio\" \/>\n<meta name=\"twitter:card\" content=\"summary_large_image\" \/>\n<meta name=\"twitter:label1\" content=\"Escrito por\" \/>\n\t<meta name=\"twitter:data1\" content=\"Farn\u00e9sio\" \/>\n\t<meta name=\"twitter:label2\" content=\"Est. tempo de leitura\" \/>\n\t<meta name=\"twitter:data2\" content=\"2 minutos\" \/>\n<script type=\"application\/ld+json\" class=\"yoast-schema-graph\">{\"@context\":\"https:\\\/\\\/schema.org\",\"@graph\":[{\"@type\":\"Article\",\"@id\":\"http:\\\/\\\/blogdofarnesio.com.br\\\/?p=291908#article\",\"isPartOf\":{\"@id\":\"http:\\\/\\\/blogdofarnesio.com.br\\\/?p=291908\"},\"author\":{\"name\":\"Farn\u00e9sio\",\"@id\":\"https:\\\/\\\/blogdofarnesio.com.br\\\/#\\\/schema\\\/person\\\/301c4acf522bccbfdb45af95b5b906a1\"},\"headline\":\"Suspeito de envolvimento na morte de Marielle Franco \u00e9 preso na Para\u00edba\",\"datePublished\":\"2021-07-29T14:32:00+00:00\",\"mainEntityOfPage\":{\"@id\":\"http:\\\/\\\/blogdofarnesio.com.br\\\/?p=291908\"},\"wordCount\":349,\"publisher\":{\"@id\":\"https:\\\/\\\/blogdofarnesio.com.br\\\/#organization\"},\"image\":{\"@id\":\"http:\\\/\\\/blogdofarnesio.com.br\\\/?p=291908#primaryimage\"},\"thumbnailUrl\":\"https:\\\/\\\/blogdofarnesio.com.br\\\/wp-content\\\/uploads\\\/2018\\\/03\\\/blogqspvermarielle-franco-ninja-assassinadario-e1521144145432.jpg\",\"articleSection\":[\"Pol\u00edcia\"],\"inLanguage\":\"pt-BR\"},{\"@type\":\"WebPage\",\"@id\":\"http:\\\/\\\/blogdofarnesio.com.br\\\/?p=291908\",\"url\":\"http:\\\/\\\/blogdofarnesio.com.br\\\/?p=291908\",\"name\":\"Suspeito de envolvimento na morte de Marielle Franco \u00e9 preso na Para\u00edba - Blog do Farn\u00e9sio\",\"isPartOf\":{\"@id\":\"https:\\\/\\\/blogdofarnesio.com.br\\\/#website\"},\"primaryImageOfPage\":{\"@id\":\"http:\\\/\\\/blogdofarnesio.com.br\\\/?p=291908#primaryimage\"},\"image\":{\"@id\":\"http:\\\/\\\/blogdofarnesio.com.br\\\/?p=291908#primaryimage\"},\"thumbnailUrl\":\"https:\\\/\\\/blogdofarnesio.com.br\\\/wp-content\\\/uploads\\\/2018\\\/03\\\/blogqspvermarielle-franco-ninja-assassinadario-e1521144145432.jpg\",\"datePublished\":\"2021-07-29T14:32:00+00:00\",\"breadcrumb\":{\"@id\":\"http:\\\/\\\/blogdofarnesio.com.br\\\/?p=291908#breadcrumb\"},\"inLanguage\":\"pt-BR\",\"potentialAction\":[{\"@type\":\"ReadAction\",\"target\":[\"http:\\\/\\\/blogdofarnesio.com.br\\\/?p=291908\"]}]},{\"@type\":\"ImageObject\",\"inLanguage\":\"pt-BR\",\"@id\":\"http:\\\/\\\/blogdofarnesio.com.br\\\/?p=291908#primaryimage\",\"url\":\"https:\\\/\\\/blogdofarnesio.com.br\\\/wp-content\\\/uploads\\\/2018\\\/03\\\/blogqspvermarielle-franco-ninja-assassinadario-e1521144145432.jpg\",\"contentUrl\":\"https:\\\/\\\/blogdofarnesio.com.br\\\/wp-content\\\/uploads\\\/2018\\\/03\\\/blogqspvermarielle-franco-ninja-assassinadario-e1521144145432.jpg\",\"width\":668,\"height\":496},{\"@type\":\"BreadcrumbList\",\"@id\":\"http:\\\/\\\/blogdofarnesio.com.br\\\/?p=291908#breadcrumb\",\"itemListElement\":[{\"@type\":\"ListItem\",\"position\":1,\"name\":\"In\u00edcio\",\"item\":\"https:\\\/\\\/blogdofarnesio.com.br\\\/\"},{\"@type\":\"ListItem\",\"position\":2,\"name\":\"Suspeito de envolvimento na morte de Marielle Franco \u00e9 preso na Para\u00edba\"}]},{\"@type\":\"WebSite\",\"@id\":\"https:\\\/\\\/blogdofarnesio.com.br\\\/#website\",\"url\":\"https:\\\/\\\/blogdofarnesio.com.br\\\/\",\"name\":\"Blog do Farn\u00e9sio\",\"description\":\"Quer Saber Pol\u00edtica?\",\"publisher\":{\"@id\":\"https:\\\/\\\/blogdofarnesio.com.br\\\/#organization\"},\"potentialAction\":[{\"@type\":\"SearchAction\",\"target\":{\"@type\":\"EntryPoint\",\"urlTemplate\":\"https:\\\/\\\/blogdofarnesio.com.br\\\/?s={search_term_string}\"},\"query-input\":{\"@type\":\"PropertyValueSpecification\",\"valueRequired\":true,\"valueName\":\"search_term_string\"}}],\"inLanguage\":\"pt-BR\"},{\"@type\":\"Organization\",\"@id\":\"https:\\\/\\\/blogdofarnesio.com.br\\\/#organization\",\"name\":\"Blog do Farn\u00e9sio\",\"url\":\"https:\\\/\\\/blogdofarnesio.com.br\\\/\",\"logo\":{\"@type\":\"ImageObject\",\"inLanguage\":\"pt-BR\",\"@id\":\"https:\\\/\\\/blogdofarnesio.com.br\\\/#\\\/schema\\\/logo\\\/image\\\/\",\"url\":\"https:\\\/\\\/blogdofarnesio.com.br\\\/wp-content\\\/uploads\\\/2026\\\/03\\\/cropped-logo_new-1.png\",\"contentUrl\":\"https:\\\/\\\/blogdofarnesio.com.br\\\/wp-content\\\/uploads\\\/2026\\\/03\\\/cropped-logo_new-1.png\",\"width\":881,\"height\":685,\"caption\":\"Blog do Farn\u00e9sio\"},\"image\":{\"@id\":\"https:\\\/\\\/blogdofarnesio.com.br\\\/#\\\/schema\\\/logo\\\/image\\\/\"},\"sameAs\":[\"https:\\\/\\\/www.facebook.com\\\/BlogQuerSaberPolitica\\\/\"]},{\"@type\":\"Person\",\"@id\":\"https:\\\/\\\/blogdofarnesio.com.br\\\/#\\\/schema\\\/person\\\/301c4acf522bccbfdb45af95b5b906a1\",\"name\":\"Farn\u00e9sio\",\"image\":{\"@type\":\"ImageObject\",\"inLanguage\":\"pt-BR\",\"@id\":\"https:\\\/\\\/secure.gravatar.com\\\/avatar\\\/df0c9a14567c056f8ad6876ba5bbd1e3e2c48023eb6807342fc4663adf549f38?s=96&d=mm&r=g\",\"url\":\"https:\\\/\\\/secure.gravatar.com\\\/avatar\\\/df0c9a14567c056f8ad6876ba5bbd1e3e2c48023eb6807342fc4663adf549f38?s=96&d=mm&r=g\",\"contentUrl\":\"https:\\\/\\\/secure.gravatar.com\\\/avatar\\\/df0c9a14567c056f8ad6876ba5bbd1e3e2c48023eb6807342fc4663adf549f38?s=96&d=mm&r=g\",\"caption\":\"Farn\u00e9sio\"},\"sameAs\":[\"https:\\\/\\\/quersaberpolitica.com.br\"],\"url\":\"https:\\\/\\\/blogdofarnesio.com.br\\\/?author=1\"}]}<\/script>\n<!-- \/ Yoast SEO plugin. -->","yoast_head_json":{"title":"Suspeito de envolvimento na morte de Marielle Franco \u00e9 preso na Para\u00edba - Blog do Farn\u00e9sio","robots":{"index":"index","follow":"follow","max-snippet":"max-snippet:-1","max-image-preview":"max-image-preview:large","max-video-preview":"max-video-preview:-1"},"canonical":"http:\/\/blogdofarnesio.com.br\/?p=291908","og_locale":"pt_BR","og_type":"article","og_title":"Suspeito de envolvimento na morte de Marielle Franco \u00e9 preso na Para\u00edba - Blog do Farn\u00e9sio","og_description":"Um homem suspeito de envolvimento na morte da vereadora Marielle Franco e do motorista Anderson Gomes foi preso na Para\u00edba, nesta quarta-feira (28). A pris\u00e3o foi realizada pela Pol\u00edcia Civil da Para\u00edba, que apontou Almir Rog\u00e9rio Gomes da Silva como membro de uma mil\u00edcia do Rio de Janeiro. Conforme a Ag\u00eancia Brasil, o grupo foi citado pela vi\u00fava do capit\u00e3o Adriano Magalh\u00e3es da N\u00f3brega, morto na Bahia e suspeito de envolvimento na morte de Marielle. \u201cA pris\u00e3o foi realizada por policiais da Delegacia de Repress\u00e3o ao Crime Organizado (Draco), no munic\u00edpio de Queimadas\/PB. O alvo estava na companhia de outro homem, que tamb\u00e9m foi preso. O nome do alvo principal est\u00e1 no site do Disque Den\u00fancia\u00a0do Rio de Janeiro. Ele&hellip;","og_url":"http:\/\/blogdofarnesio.com.br\/?p=291908","og_site_name":"Blog do Farn\u00e9sio","article_publisher":"https:\/\/www.facebook.com\/BlogQuerSaberPolitica\/","article_published_time":"2021-07-29T14:32:00+00:00","og_image":[{"width":668,"height":496,"url":"http:\/\/blogdofarnesio.com.br\/wp-content\/uploads\/2018\/03\/blogqspvermarielle-franco-ninja-assassinadario-e1521144145432.jpg","type":"image\/jpeg"}],"author":"Farn\u00e9sio","twitter_card":"summary_large_image","twitter_misc":{"Escrito por":"Farn\u00e9sio","Est. tempo de leitura":"2 minutos"},"schema":{"@context":"https:\/\/schema.org","@graph":[{"@type":"Article","@id":"http:\/\/blogdofarnesio.com.br\/?p=291908#article","isPartOf":{"@id":"http:\/\/blogdofarnesio.com.br\/?p=291908"},"author":{"name":"Farn\u00e9sio","@id":"https:\/\/blogdofarnesio.com.br\/#\/schema\/person\/301c4acf522bccbfdb45af95b5b906a1"},"headline":"Suspeito de envolvimento na morte de Marielle Franco \u00e9 preso na Para\u00edba","datePublished":"2021-07-29T14:32:00+00:00","mainEntityOfPage":{"@id":"http:\/\/blogdofarnesio.com.br\/?p=291908"},"wordCount":349,"publisher":{"@id":"https:\/\/blogdofarnesio.com.br\/#organization"},"image":{"@id":"http:\/\/blogdofarnesio.com.br\/?p=291908#primaryimage"},"thumbnailUrl":"https:\/\/blogdofarnesio.com.br\/wp-content\/uploads\/2018\/03\/blogqspvermarielle-franco-ninja-assassinadario-e1521144145432.jpg","articleSection":["Pol\u00edcia"],"inLanguage":"pt-BR"},{"@type":"WebPage","@id":"http:\/\/blogdofarnesio.com.br\/?p=291908","url":"http:\/\/blogdofarnesio.com.br\/?p=291908","name":"Suspeito de envolvimento na morte de Marielle Franco \u00e9 preso na Para\u00edba - Blog do Farn\u00e9sio","isPartOf":{"@id":"https:\/\/blogdofarnesio.com.br\/#website"},"primaryImageOfPage":{"@id":"http:\/\/blogdofarnesio.com.br\/?p=291908#primaryimage"},"image":{"@id":"http:\/\/blogdofarnesio.com.br\/?p=291908#primaryimage"},"thumbnailUrl":"https:\/\/blogdofarnesio.com.br\/wp-content\/uploads\/2018\/03\/blogqspvermarielle-franco-ninja-assassinadario-e1521144145432.jpg","datePublished":"2021-07-29T14:32:00+00:00","breadcrumb":{"@id":"http:\/\/blogdofarnesio.com.br\/?p=291908#breadcrumb"},"inLanguage":"pt-BR","potentialAction":[{"@type":"ReadAction","target":["http:\/\/blogdofarnesio.com.br\/?p=291908"]}]},{"@type":"ImageObject","inLanguage":"pt-BR","@id":"http:\/\/blogdofarnesio.com.br\/?p=291908#primaryimage","url":"https:\/\/blogdofarnesio.com.br\/wp-content\/uploads\/2018\/03\/blogqspvermarielle-franco-ninja-assassinadario-e1521144145432.jpg","contentUrl":"https:\/\/blogdofarnesio.com.br\/wp-content\/uploads\/2018\/03\/blogqspvermarielle-franco-ninja-assassinadario-e1521144145432.jpg","width":668,"height":496},{"@type":"BreadcrumbList","@id":"http:\/\/blogdofarnesio.com.br\/?p=291908#breadcrumb","itemListElement":[{"@type":"ListItem","position":1,"name":"In\u00edcio","item":"https:\/\/blogdofarnesio.com.br\/"},{"@type":"ListItem","position":2,"name":"Suspeito de envolvimento na morte de Marielle Franco \u00e9 preso na Para\u00edba"}]},{"@type":"WebSite","@id":"https:\/\/blogdofarnesio.com.br\/#website","url":"https:\/\/blogdofarnesio.com.br\/","name":"Blog do Farn\u00e9sio","description":"Quer Saber Pol\u00edtica?","publisher":{"@id":"https:\/\/blogdofarnesio.com.br\/#organization"},"potentialAction":[{"@type":"SearchAction","target":{"@type":"EntryPoint","urlTemplate":"https:\/\/blogdofarnesio.com.br\/?s={search_term_string}"},"query-input":{"@type":"PropertyValueSpecification","valueRequired":true,"valueName":"search_term_string"}}],"inLanguage":"pt-BR"},{"@type":"Organization","@id":"https:\/\/blogdofarnesio.com.br\/#organization","name":"Blog do Farn\u00e9sio","url":"https:\/\/blogdofarnesio.com.br\/","logo":{"@type":"ImageObject","inLanguage":"pt-BR","@id":"https:\/\/blogdofarnesio.com.br\/#\/schema\/logo\/image\/","url":"https:\/\/blogdofarnesio.com.br\/wp-content\/uploads\/2026\/03\/cropped-logo_new-1.png","contentUrl":"https:\/\/blogdofarnesio.com.br\/wp-content\/uploads\/2026\/03\/cropped-logo_new-1.png","width":881,"height":685,"caption":"Blog do Farn\u00e9sio"},"image":{"@id":"https:\/\/blogdofarnesio.com.br\/#\/schema\/logo\/image\/"},"sameAs":["https:\/\/www.facebook.com\/BlogQuerSaberPolitica\/"]},{"@type":"Person","@id":"https:\/\/blogdofarnesio.com.br\/#\/schema\/person\/301c4acf522bccbfdb45af95b5b906a1","name":"Farn\u00e9sio","image":{"@type":"ImageObject","inLanguage":"pt-BR","@id":"https:\/\/secure.gravatar.com\/avatar\/df0c9a14567c056f8ad6876ba5bbd1e3e2c48023eb6807342fc4663adf549f38?s=96&d=mm&r=g","url":"https:\/\/secure.gravatar.com\/avatar\/df0c9a14567c056f8ad6876ba5bbd1e3e2c48023eb6807342fc4663adf549f38?s=96&d=mm&r=g","contentUrl":"https:\/\/secure.gravatar.com\/avatar\/df0c9a14567c056f8ad6876ba5bbd1e3e2c48023eb6807342fc4663adf549f38?s=96&d=mm&r=g","caption":"Farn\u00e9sio"},"sameAs":["https:\/\/quersaberpolitica.com.br"],"url":"https:\/\/blogdofarnesio.com.br\/?author=1"}]}},"_links":{"self":[{"href":"https:\/\/blogdofarnesio.com.br\/index.php?rest_route=\/wp\/v2\/posts\/291908","targetHints":{"allow":["GET"]}}],"collection":[{"href":"https:\/\/blogdofarnesio.com.br\/index.php?rest_route=\/wp\/v2\/posts"}],"about":[{"href":"https:\/\/blogdofarnesio.com.br\/index.php?rest_route=\/wp\/v2\/types\/post"}],"author":[{"embeddable":true,"href":"https:\/\/blogdofarnesio.com.br\/index.php?rest_route=\/wp\/v2\/users\/1"}],"replies":[{"embeddable":true,"href":"https:\/\/blogdofarnesio.com.br\/index.php?rest_route=%2Fwp%2Fv2%2Fcomments&post=291908"}],"version-history":[{"count":0,"href":"https:\/\/blogdofarnesio.com.br\/index.php?rest_route=\/wp\/v2\/posts\/291908\/revisions"}],"wp:featuredmedia":[{"embeddable":true,"href":"https:\/\/blogdofarnesio.com.br\/index.php?rest_route=\/wp\/v2\/media\/191567"}],"wp:attachment":[{"href":"https:\/\/blogdofarnesio.com.br\/index.php?rest_route=%2Fwp%2Fv2%2Fmedia&parent=291908"}],"wp:term":[{"taxonomy":"category","embeddable":true,"href":"https:\/\/blogdofarnesio.com.br\/index.php?rest_route=%2Fwp%2Fv2%2Fcategories&post=291908"},{"taxonomy":"post_tag","embeddable":true,"href":"https:\/\/blogdofarnesio.com.br\/index.php?rest_route=%2Fwp%2Fv2%2Ftags&post=291908"}],"curies":[{"name":"wp","href":"https:\/\/api.w.org\/{rel}","templated":true}]}}