{"id":291873,"date":"2021-07-29T08:22:25","date_gmt":"2021-07-29T11:22:25","guid":{"rendered":"https:\/\/quersaberpolitica.com.br\/?p=291873"},"modified":"2021-07-28T17:28:38","modified_gmt":"2021-07-28T20:28:38","slug":"prefeitura-de-juazeiro-lanca-edital-e-abre-inscricoes-de-processo-seletivo-simplificado-para-cerca-de-mil-vagas","status":"publish","type":"post","link":"https:\/\/blogdofarnesio.com.br\/?p=291873","title":{"rendered":"Prefeitura de Juazeiro lan\u00e7a edital e abre inscri\u00e7\u00f5es de Processo Seletivo Simplificado para cerca de mil vagas"},"content":{"rendered":"<p style=\"font-weight: 400;\">A Prefeitura de Juazeiro divulgou o Edital 004, da Secretaria de Gest\u00e3o de Pessoas (Segesp), que abre inscri\u00e7\u00f5es para preenchimento de aproximadamente mil vagas existentes e cadastro de reserva no quadro de servidores para atender \u00e0 necessidade tempor\u00e1ria de demandas dos diversos \u00f3rg\u00e3os municipais. A contrata\u00e7\u00e3o do Processo Seletivo Simplificado se dar\u00e1 pelo prazo de dois anos, podendo ser renovada por igual per\u00edodo.<\/p>\n<p style=\"font-weight: 400;\"><strong>Inscri\u00e7\u00f5es<\/strong><\/p>\n<p style=\"font-weight: 400;\">As inscri\u00e7\u00f5es dever\u00e3o ser realizadas, atrav\u00e9s do endere\u00e7o eletr\u00f4nico\u00a0<a href=\"https:\/\/pss.juazeiro.ba.gov.br\/\" data-saferedirecturl=\"https:\/\/www.google.com\/url?q=https:\/\/pss.juazeiro.ba.gov.br\/&amp;source=gmail&amp;ust=1627589908090000&amp;usg=AFQjCNELN1UhOwjDqb1by6E5ShnXyfZCBw\">https:\/\/pss.juazeiro.ba.gov.br\/<\/a>, de 28 de julho a 06 de agosto de 2021, mediante preenchimento do formul\u00e1rio de inscri\u00e7\u00e3o, e envio de toda a documenta\u00e7\u00e3o anexada em arquivo formato PDF, que comprove os t\u00edtulos, a experi\u00eancia profissional, e que o candidato possui o requisito necess\u00e1rio ao exerc\u00edcio da fun\u00e7\u00e3o pretendida.<\/p>\n<p style=\"font-weight: 400;\"><strong>Contrata\u00e7\u00e3o<\/strong><\/p>\n<p style=\"font-weight: 400;\">N\u00e3o poder\u00e3o ser contratados candidatos que, nos \u00faltimos tr\u00eas meses, a contar do encerramento de seu contrato anterior, tenham mantido v\u00ednculo contratual em Regime Especial de Direito Administrativo com o Munic\u00edpio de Juazeiro, Estado da Bahia, em aten\u00e7\u00e3o ao disposto no art. 10, inciso III, da Lei Municipal n\u00ba 2.017\/2009, conforme reda\u00e7\u00e3o conferida pela Lei Municipal n\u00ba 2.321\/2012. Os contratados n\u00e3o ser\u00e3o abrangidos pelos crit\u00e9rios de progress\u00e3o e promo\u00e7\u00e3o estabelecidos no Plano de Cargos, Carreiras e Remunera\u00e7\u00e3o.<\/p>\n<p style=\"font-weight: 400;\"><strong>Vagas para candidatos com defici\u00eancia<\/strong><\/p>\n<p style=\"font-weight: 400;\">Aos candidatos com defici\u00eancia ser\u00e3o reservadas 5% das vagas ofertadas em cargos pr\u00e9-definidos conforme o edital e desde que a defici\u00eancia seja compat\u00edvel com o cargo.<\/p>\n<p style=\"font-weight: 400;\"><strong>Edital<\/strong><\/p>\n<p style=\"font-weight: 400;\">Mais informa\u00e7\u00f5es sobre cronograma, quantidades de vagas para cada cargo, curr\u00edculo e documenta\u00e7\u00f5es comprobat\u00f3rias exigidas podem ser acessadas no edital dispon\u00edvel no Di\u00e1rio Oficial do Munic\u00edpio (<a href=\"https:\/\/doem.org.br\/ba\/juazeiro\" data-saferedirecturl=\"https:\/\/www.google.com\/url?q=https:\/\/doem.org.br\/ba\/juazeiro&amp;source=gmail&amp;ust=1627589908091000&amp;usg=AFQjCNE03g1yt4s_Nkg0HhzEx5GoCuldIA\">https:\/\/doem.org.br\/ba\/juazeiro<\/a>), republicado na edi\u00e7\u00e3o desta ter\u00e7a-feira (27).<\/p>\n<p style=\"font-weight: 400;\"><strong>Cargos N\u00edvel Superior<\/strong><\/p>\n<p style=\"font-weight: 400;\">Para candidatos com N\u00edvel Superior est\u00e3o dispon\u00edveis vagas nos cargos: Administrador, Advogado, Analista Ambiental, Analista de Folha de Pagamento, Analista de Gest\u00e3o\u00a0 Cultural, Analista\u00a0 em\u00a0 Geoprocessamento,\u00a0 Analista\u00a0 em\u00a0 Gest\u00e3o\u00a0 Urban\u00edstica, Arquiteto, Arquiteto Urbanista, Assistente Social, Bi\u00f3logo, Biom\u00e9dico, Bioqu\u00edmico, Contador, Educador F\u00edsico, Educador de\u00a0 Programa\u00a0 Social,\u00a0 Engenheiro\u00a0 Agr\u00f4nomo,\u00a0 Engenheiro\u00a0 Civil,\u00a0 Engenheiro\u00a0 Eletricista, Engenheiro\u00a0\u00a0 em\u00a0\u00a0 Seguran\u00e7a\u00a0\u00a0 do\u00a0\u00a0 Trabalho,\u00a0\u00a0 Engenheiro\u00a0\u00a0 de\u00a0\u00a0 Minas,\u00a0\u00a0 Fonoaudi\u00f3logo,\u00a0\u00a0 M\u00e9dico Cardiologista, M\u00e9dico Cl\u00ednico Geral, M\u00e9dico Dermatologista, M\u00e9dico Ginecologista, Nutricionista, Odont\u00f3logo, Psic\u00f3logo, Professor de M\u00fasica, Professor de Teatro, Professor de Dan\u00e7a, Professor de Xadrez,\u00a0 Professor de\u00a0 Rob\u00f3tica,\u00a0 Professor\u00a0 de\u00a0 Artes\u00a0 Visuais,\u00a0 Professor\u00a0 de\u00a0 Espanhol,\u00a0 Professor\u00a0 de Italiano, Professor de Franc\u00eas, Professor de Mandarim, Professor de Libras, Articulador de Educa\u00e7\u00e3o Tecnol\u00f3gica.<\/p>\n<p style=\"font-weight: 400;\"><strong>Cargos N\u00edvel M\u00e9dio<\/strong><\/p>\n<p style=\"font-weight: 400;\">Para candidatos de N\u00edvel M\u00e9dio s\u00e3o ofertados os seguintes cargos: Auxiliar\u00a0 T\u00e9cnico Administrativo, Arquivista, Entrevistador Social, Auxiliar de Educador de Programa\u00a0 Social, Assistente\u00a0 T\u00e9cnico &#8211; Ilumina\u00e7\u00e3o\u00a0 C\u00eanica, Assistente T\u00e9cnico &#8211; Sonoriza\u00e7\u00e3o, Coordenador\u00a0 de\u00a0 Fanfarra,\u00a0 Instrutor de Sopro, Instrutor de Percuss\u00e3o, Core\u00f3grafo\u00a0 de\u00a0 Fanfarra, Auxiliar\u00a0 de\u00a0 Atendimento\u00a0 Educacional Especializado,\u00a0 Auxiliar\u00a0 de Creche,\u00a0 Digitador, M\u00e3e Social, Secret\u00e1rio Escolar, Cadista, T\u00e9cnico em Edifica\u00e7\u00f5es, T\u00e9cnico em Seguran\u00e7a do Trabalho, Auxiliar de Campo, Guarda Vidas e Plantonista.<\/p>\n<p style=\"font-weight: 400;\"><strong>Cargos N\u00edvel Fundamental<\/strong><\/p>\n<p style=\"font-weight: 400;\">Os candidatos com N\u00edvel Fundamental podem se inscrever para os cargos de Vigilante, Motorista\u00a0 de\u00a0 Viatura\u00a0 Pesada &#8211; CNH\u00a0 D, Motorista\u00a0 de\u00a0 Viatura\u00a0 Pesada &#8211; CNH\u00a0 E, Operador\u00a0 de\u00a0 M\u00e1quina\u00a0 Pesada,\u00a0 Mec\u00e2nico de\u00a0 M\u00e1quinas Pesadas, Eletricista, Pedreiro, Encanador, Carpinteiro,\u00a0 Marceneiro,\u00a0 Pintor,\u00a0 Servente de Pedreiro, Soldador,\u00a0 Monitor\u00a0 de\u00a0 Transporte\u00a0 Escolar, Auxiliar de\u00a0 Limpeza\u00a0 P\u00fablica,\u00a0 Cozinheiro,\u00a0 Auxiliar\u00a0 de\u00a0 Cozinha,\u00a0 Copeiro,\u00a0 Mensageiro,\u00a0 Jardineiro, Podador,\u00a0 Auxiliar de Podador, Armador de Ferragem, Fiscal de Ilumina\u00e7\u00e3o, Viveirista, Agente de Limpeza P\u00fablica, Auxiliar de Servi\u00e7os Funer\u00e1rios e Piloto Fluvial.<\/p>\n<p style=\"font-weight: 400;\">&#8212;<\/p>\n<p style=\"font-weight: 400;\">Texto: Eudes Sampaio &#8211; Assessor de Imprensa<\/p>\n","protected":false},"excerpt":{"rendered":"<p>A Prefeitura de Juazeiro divulgou o Edital 004, da Secretaria de Gest\u00e3o de Pessoas (Segesp), que abre inscri\u00e7\u00f5es para preenchimento de aproximadamente mil vagas existentes e cadastro de reserva no quadro de servidores para atender \u00e0 necessidade tempor\u00e1ria de demandas dos diversos \u00f3rg\u00e3os municipais. A contrata\u00e7\u00e3o do Processo Seletivo Simplificado se dar\u00e1 pelo prazo de dois anos, podendo ser renovada por igual per\u00edodo. Inscri\u00e7\u00f5es As inscri\u00e7\u00f5es dever\u00e3o ser realizadas, atrav\u00e9s do endere\u00e7o eletr\u00f4nico\u00a0https:\/\/pss.juazeiro.ba.gov.br\/, de 28 de julho a 06 de agosto de 2021, mediante preenchimento do formul\u00e1rio de inscri\u00e7\u00e3o, e envio de toda a documenta\u00e7\u00e3o anexada em arquivo formato PDF, que comprove os t\u00edtulos, a experi\u00eancia profissional, e que o candidato possui o requisito necess\u00e1rio ao exerc\u00edcio da fun\u00e7\u00e3o pretendida.&hellip; <\/p>\n","protected":false},"author":1,"featured_media":184585,"comment_status":"closed","ping_status":"closed","sticky":false,"template":"","format":"standard","meta":{"_acf_changed":false,"footnotes":""},"categories":[31],"tags":[],"class_list":["post-291873","post","type-post","status-publish","format-standard","has-post-thumbnail","hentry","category-concursos"],"acf":[],"yoast_head":"<!-- This site is optimized with the Yoast SEO plugin v27.4 - https:\/\/yoast.com\/product\/yoast-seo-wordpress\/ -->\n<title>Prefeitura de Juazeiro lan\u00e7a edital e abre inscri\u00e7\u00f5es de Processo Seletivo Simplificado para cerca de mil vagas - Blog do Farn\u00e9sio<\/title>\n<meta name=\"robots\" content=\"index, follow, max-snippet:-1, max-image-preview:large, max-video-preview:-1\" \/>\n<link rel=\"canonical\" href=\"http:\/\/blogdofarnesio.com.br\/?p=291873\" \/>\n<meta property=\"og:locale\" content=\"pt_BR\" \/>\n<meta property=\"og:type\" content=\"article\" \/>\n<meta property=\"og:title\" content=\"Prefeitura de Juazeiro lan\u00e7a edital e abre inscri\u00e7\u00f5es de Processo Seletivo Simplificado para cerca de mil vagas - Blog do Farn\u00e9sio\" \/>\n<meta property=\"og:description\" content=\"A Prefeitura de Juazeiro divulgou o Edital 004, da Secretaria de Gest\u00e3o de Pessoas (Segesp), que abre inscri\u00e7\u00f5es para preenchimento de aproximadamente mil vagas existentes e cadastro de reserva no quadro de servidores para atender \u00e0 necessidade tempor\u00e1ria de demandas dos diversos \u00f3rg\u00e3os municipais. A contrata\u00e7\u00e3o do Processo Seletivo Simplificado se dar\u00e1 pelo prazo de dois anos, podendo ser renovada por igual per\u00edodo. Inscri\u00e7\u00f5es As inscri\u00e7\u00f5es dever\u00e3o ser realizadas, atrav\u00e9s do endere\u00e7o eletr\u00f4nico\u00a0https:\/\/pss.juazeiro.ba.gov.br\/, de 28 de julho a 06 de agosto de 2021, mediante preenchimento do formul\u00e1rio de inscri\u00e7\u00e3o, e envio de toda a documenta\u00e7\u00e3o anexada em arquivo formato PDF, que comprove os t\u00edtulos, a experi\u00eancia profissional, e que o candidato possui o requisito necess\u00e1rio ao exerc\u00edcio da fun\u00e7\u00e3o pretendida.&hellip;\" \/>\n<meta property=\"og:url\" content=\"http:\/\/blogdofarnesio.com.br\/?p=291873\" \/>\n<meta property=\"og:site_name\" content=\"Blog do Farn\u00e9sio\" \/>\n<meta property=\"article:publisher\" content=\"https:\/\/www.facebook.com\/BlogQuerSaberPolitica\/\" \/>\n<meta property=\"article:published_time\" content=\"2021-07-29T11:22:25+00:00\" \/>\n<meta property=\"og:image\" content=\"http:\/\/blogdofarnesio.com.br\/wp-content\/uploads\/2017\/12\/blogqspconcursoempregovaga-e1529343303595.png\" \/>\n\t<meta property=\"og:image:width\" content=\"628\" \/>\n\t<meta property=\"og:image:height\" content=\"239\" \/>\n\t<meta property=\"og:image:type\" content=\"image\/png\" \/>\n<meta name=\"author\" content=\"Farn\u00e9sio\" \/>\n<meta name=\"twitter:card\" content=\"summary_large_image\" \/>\n<meta name=\"twitter:label1\" content=\"Escrito por\" \/>\n\t<meta name=\"twitter:data1\" content=\"Farn\u00e9sio\" \/>\n\t<meta name=\"twitter:label2\" content=\"Est. tempo de leitura\" \/>\n\t<meta name=\"twitter:data2\" content=\"3 minutos\" \/>\n<script type=\"application\/ld+json\" class=\"yoast-schema-graph\">{\"@context\":\"https:\\\/\\\/schema.org\",\"@graph\":[{\"@type\":\"Article\",\"@id\":\"http:\\\/\\\/blogdofarnesio.com.br\\\/?p=291873#article\",\"isPartOf\":{\"@id\":\"http:\\\/\\\/blogdofarnesio.com.br\\\/?p=291873\"},\"author\":{\"name\":\"Farn\u00e9sio\",\"@id\":\"https:\\\/\\\/blogdofarnesio.com.br\\\/#\\\/schema\\\/person\\\/301c4acf522bccbfdb45af95b5b906a1\"},\"headline\":\"Prefeitura de Juazeiro lan\u00e7a edital e abre inscri\u00e7\u00f5es de Processo Seletivo Simplificado para cerca de mil vagas\",\"datePublished\":\"2021-07-29T11:22:25+00:00\",\"mainEntityOfPage\":{\"@id\":\"http:\\\/\\\/blogdofarnesio.com.br\\\/?p=291873\"},\"wordCount\":669,\"publisher\":{\"@id\":\"https:\\\/\\\/blogdofarnesio.com.br\\\/#organization\"},\"image\":{\"@id\":\"http:\\\/\\\/blogdofarnesio.com.br\\\/?p=291873#primaryimage\"},\"thumbnailUrl\":\"https:\\\/\\\/blogdofarnesio.com.br\\\/wp-content\\\/uploads\\\/2017\\\/12\\\/blogqspconcursoempregovaga-e1529343303595.png\",\"articleSection\":[\"Concursos\"],\"inLanguage\":\"pt-BR\"},{\"@type\":\"WebPage\",\"@id\":\"http:\\\/\\\/blogdofarnesio.com.br\\\/?p=291873\",\"url\":\"http:\\\/\\\/blogdofarnesio.com.br\\\/?p=291873\",\"name\":\"Prefeitura de Juazeiro lan\u00e7a edital e abre inscri\u00e7\u00f5es de Processo Seletivo Simplificado para cerca de mil vagas - Blog do Farn\u00e9sio\",\"isPartOf\":{\"@id\":\"https:\\\/\\\/blogdofarnesio.com.br\\\/#website\"},\"primaryImageOfPage\":{\"@id\":\"http:\\\/\\\/blogdofarnesio.com.br\\\/?p=291873#primaryimage\"},\"image\":{\"@id\":\"http:\\\/\\\/blogdofarnesio.com.br\\\/?p=291873#primaryimage\"},\"thumbnailUrl\":\"https:\\\/\\\/blogdofarnesio.com.br\\\/wp-content\\\/uploads\\\/2017\\\/12\\\/blogqspconcursoempregovaga-e1529343303595.png\",\"datePublished\":\"2021-07-29T11:22:25+00:00\",\"breadcrumb\":{\"@id\":\"http:\\\/\\\/blogdofarnesio.com.br\\\/?p=291873#breadcrumb\"},\"inLanguage\":\"pt-BR\",\"potentialAction\":[{\"@type\":\"ReadAction\",\"target\":[\"http:\\\/\\\/blogdofarnesio.com.br\\\/?p=291873\"]}]},{\"@type\":\"ImageObject\",\"inLanguage\":\"pt-BR\",\"@id\":\"http:\\\/\\\/blogdofarnesio.com.br\\\/?p=291873#primaryimage\",\"url\":\"https:\\\/\\\/blogdofarnesio.com.br\\\/wp-content\\\/uploads\\\/2017\\\/12\\\/blogqspconcursoempregovaga-e1529343303595.png\",\"contentUrl\":\"https:\\\/\\\/blogdofarnesio.com.br\\\/wp-content\\\/uploads\\\/2017\\\/12\\\/blogqspconcursoempregovaga-e1529343303595.png\",\"width\":628,\"height\":239},{\"@type\":\"BreadcrumbList\",\"@id\":\"http:\\\/\\\/blogdofarnesio.com.br\\\/?p=291873#breadcrumb\",\"itemListElement\":[{\"@type\":\"ListItem\",\"position\":1,\"name\":\"In\u00edcio\",\"item\":\"https:\\\/\\\/blogdofarnesio.com.br\\\/\"},{\"@type\":\"ListItem\",\"position\":2,\"name\":\"Prefeitura de Juazeiro lan\u00e7a edital e abre inscri\u00e7\u00f5es de Processo Seletivo Simplificado para cerca de mil vagas\"}]},{\"@type\":\"WebSite\",\"@id\":\"https:\\\/\\\/blogdofarnesio.com.br\\\/#website\",\"url\":\"https:\\\/\\\/blogdofarnesio.com.br\\\/\",\"name\":\"Blog do Farn\u00e9sio\",\"description\":\"Quer Saber Pol\u00edtica?\",\"publisher\":{\"@id\":\"https:\\\/\\\/blogdofarnesio.com.br\\\/#organization\"},\"potentialAction\":[{\"@type\":\"SearchAction\",\"target\":{\"@type\":\"EntryPoint\",\"urlTemplate\":\"https:\\\/\\\/blogdofarnesio.com.br\\\/?s={search_term_string}\"},\"query-input\":{\"@type\":\"PropertyValueSpecification\",\"valueRequired\":true,\"valueName\":\"search_term_string\"}}],\"inLanguage\":\"pt-BR\"},{\"@type\":\"Organization\",\"@id\":\"https:\\\/\\\/blogdofarnesio.com.br\\\/#organization\",\"name\":\"Blog do Farn\u00e9sio\",\"url\":\"https:\\\/\\\/blogdofarnesio.com.br\\\/\",\"logo\":{\"@type\":\"ImageObject\",\"inLanguage\":\"pt-BR\",\"@id\":\"https:\\\/\\\/blogdofarnesio.com.br\\\/#\\\/schema\\\/logo\\\/image\\\/\",\"url\":\"https:\\\/\\\/blogdofarnesio.com.br\\\/wp-content\\\/uploads\\\/2026\\\/03\\\/cropped-logo_new-1.png\",\"contentUrl\":\"https:\\\/\\\/blogdofarnesio.com.br\\\/wp-content\\\/uploads\\\/2026\\\/03\\\/cropped-logo_new-1.png\",\"width\":881,\"height\":685,\"caption\":\"Blog do Farn\u00e9sio\"},\"image\":{\"@id\":\"https:\\\/\\\/blogdofarnesio.com.br\\\/#\\\/schema\\\/logo\\\/image\\\/\"},\"sameAs\":[\"https:\\\/\\\/www.facebook.com\\\/BlogQuerSaberPolitica\\\/\"]},{\"@type\":\"Person\",\"@id\":\"https:\\\/\\\/blogdofarnesio.com.br\\\/#\\\/schema\\\/person\\\/301c4acf522bccbfdb45af95b5b906a1\",\"name\":\"Farn\u00e9sio\",\"image\":{\"@type\":\"ImageObject\",\"inLanguage\":\"pt-BR\",\"@id\":\"https:\\\/\\\/secure.gravatar.com\\\/avatar\\\/df0c9a14567c056f8ad6876ba5bbd1e3e2c48023eb6807342fc4663adf549f38?s=96&d=mm&r=g\",\"url\":\"https:\\\/\\\/secure.gravatar.com\\\/avatar\\\/df0c9a14567c056f8ad6876ba5bbd1e3e2c48023eb6807342fc4663adf549f38?s=96&d=mm&r=g\",\"contentUrl\":\"https:\\\/\\\/secure.gravatar.com\\\/avatar\\\/df0c9a14567c056f8ad6876ba5bbd1e3e2c48023eb6807342fc4663adf549f38?s=96&d=mm&r=g\",\"caption\":\"Farn\u00e9sio\"},\"sameAs\":[\"https:\\\/\\\/quersaberpolitica.com.br\"],\"url\":\"https:\\\/\\\/blogdofarnesio.com.br\\\/?author=1\"}]}<\/script>\n<!-- \/ Yoast SEO plugin. -->","yoast_head_json":{"title":"Prefeitura de Juazeiro lan\u00e7a edital e abre inscri\u00e7\u00f5es de Processo Seletivo Simplificado para cerca de mil vagas - Blog do Farn\u00e9sio","robots":{"index":"index","follow":"follow","max-snippet":"max-snippet:-1","max-image-preview":"max-image-preview:large","max-video-preview":"max-video-preview:-1"},"canonical":"http:\/\/blogdofarnesio.com.br\/?p=291873","og_locale":"pt_BR","og_type":"article","og_title":"Prefeitura de Juazeiro lan\u00e7a edital e abre inscri\u00e7\u00f5es de Processo Seletivo Simplificado para cerca de mil vagas - Blog do Farn\u00e9sio","og_description":"A Prefeitura de Juazeiro divulgou o Edital 004, da Secretaria de Gest\u00e3o de Pessoas (Segesp), que abre inscri\u00e7\u00f5es para preenchimento de aproximadamente mil vagas existentes e cadastro de reserva no quadro de servidores para atender \u00e0 necessidade tempor\u00e1ria de demandas dos diversos \u00f3rg\u00e3os municipais. A contrata\u00e7\u00e3o do Processo Seletivo Simplificado se dar\u00e1 pelo prazo de dois anos, podendo ser renovada por igual per\u00edodo. Inscri\u00e7\u00f5es As inscri\u00e7\u00f5es dever\u00e3o ser realizadas, atrav\u00e9s do endere\u00e7o eletr\u00f4nico\u00a0https:\/\/pss.juazeiro.ba.gov.br\/, de 28 de julho a 06 de agosto de 2021, mediante preenchimento do formul\u00e1rio de inscri\u00e7\u00e3o, e envio de toda a documenta\u00e7\u00e3o anexada em arquivo formato PDF, que comprove os t\u00edtulos, a experi\u00eancia profissional, e que o candidato possui o requisito necess\u00e1rio ao exerc\u00edcio da fun\u00e7\u00e3o pretendida.&hellip;","og_url":"http:\/\/blogdofarnesio.com.br\/?p=291873","og_site_name":"Blog do Farn\u00e9sio","article_publisher":"https:\/\/www.facebook.com\/BlogQuerSaberPolitica\/","article_published_time":"2021-07-29T11:22:25+00:00","og_image":[{"width":628,"height":239,"url":"http:\/\/blogdofarnesio.com.br\/wp-content\/uploads\/2017\/12\/blogqspconcursoempregovaga-e1529343303595.png","type":"image\/png"}],"author":"Farn\u00e9sio","twitter_card":"summary_large_image","twitter_misc":{"Escrito por":"Farn\u00e9sio","Est. tempo de leitura":"3 minutos"},"schema":{"@context":"https:\/\/schema.org","@graph":[{"@type":"Article","@id":"http:\/\/blogdofarnesio.com.br\/?p=291873#article","isPartOf":{"@id":"http:\/\/blogdofarnesio.com.br\/?p=291873"},"author":{"name":"Farn\u00e9sio","@id":"https:\/\/blogdofarnesio.com.br\/#\/schema\/person\/301c4acf522bccbfdb45af95b5b906a1"},"headline":"Prefeitura de Juazeiro lan\u00e7a edital e abre inscri\u00e7\u00f5es de Processo Seletivo Simplificado para cerca de mil vagas","datePublished":"2021-07-29T11:22:25+00:00","mainEntityOfPage":{"@id":"http:\/\/blogdofarnesio.com.br\/?p=291873"},"wordCount":669,"publisher":{"@id":"https:\/\/blogdofarnesio.com.br\/#organization"},"image":{"@id":"http:\/\/blogdofarnesio.com.br\/?p=291873#primaryimage"},"thumbnailUrl":"https:\/\/blogdofarnesio.com.br\/wp-content\/uploads\/2017\/12\/blogqspconcursoempregovaga-e1529343303595.png","articleSection":["Concursos"],"inLanguage":"pt-BR"},{"@type":"WebPage","@id":"http:\/\/blogdofarnesio.com.br\/?p=291873","url":"http:\/\/blogdofarnesio.com.br\/?p=291873","name":"Prefeitura de Juazeiro lan\u00e7a edital e abre inscri\u00e7\u00f5es de Processo Seletivo Simplificado para cerca de mil vagas - Blog do Farn\u00e9sio","isPartOf":{"@id":"https:\/\/blogdofarnesio.com.br\/#website"},"primaryImageOfPage":{"@id":"http:\/\/blogdofarnesio.com.br\/?p=291873#primaryimage"},"image":{"@id":"http:\/\/blogdofarnesio.com.br\/?p=291873#primaryimage"},"thumbnailUrl":"https:\/\/blogdofarnesio.com.br\/wp-content\/uploads\/2017\/12\/blogqspconcursoempregovaga-e1529343303595.png","datePublished":"2021-07-29T11:22:25+00:00","breadcrumb":{"@id":"http:\/\/blogdofarnesio.com.br\/?p=291873#breadcrumb"},"inLanguage":"pt-BR","potentialAction":[{"@type":"ReadAction","target":["http:\/\/blogdofarnesio.com.br\/?p=291873"]}]},{"@type":"ImageObject","inLanguage":"pt-BR","@id":"http:\/\/blogdofarnesio.com.br\/?p=291873#primaryimage","url":"https:\/\/blogdofarnesio.com.br\/wp-content\/uploads\/2017\/12\/blogqspconcursoempregovaga-e1529343303595.png","contentUrl":"https:\/\/blogdofarnesio.com.br\/wp-content\/uploads\/2017\/12\/blogqspconcursoempregovaga-e1529343303595.png","width":628,"height":239},{"@type":"BreadcrumbList","@id":"http:\/\/blogdofarnesio.com.br\/?p=291873#breadcrumb","itemListElement":[{"@type":"ListItem","position":1,"name":"In\u00edcio","item":"https:\/\/blogdofarnesio.com.br\/"},{"@type":"ListItem","position":2,"name":"Prefeitura de Juazeiro lan\u00e7a edital e abre inscri\u00e7\u00f5es de Processo Seletivo Simplificado para cerca de mil vagas"}]},{"@type":"WebSite","@id":"https:\/\/blogdofarnesio.com.br\/#website","url":"https:\/\/blogdofarnesio.com.br\/","name":"Blog do Farn\u00e9sio","description":"Quer Saber Pol\u00edtica?","publisher":{"@id":"https:\/\/blogdofarnesio.com.br\/#organization"},"potentialAction":[{"@type":"SearchAction","target":{"@type":"EntryPoint","urlTemplate":"https:\/\/blogdofarnesio.com.br\/?s={search_term_string}"},"query-input":{"@type":"PropertyValueSpecification","valueRequired":true,"valueName":"search_term_string"}}],"inLanguage":"pt-BR"},{"@type":"Organization","@id":"https:\/\/blogdofarnesio.com.br\/#organization","name":"Blog do Farn\u00e9sio","url":"https:\/\/blogdofarnesio.com.br\/","logo":{"@type":"ImageObject","inLanguage":"pt-BR","@id":"https:\/\/blogdofarnesio.com.br\/#\/schema\/logo\/image\/","url":"https:\/\/blogdofarnesio.com.br\/wp-content\/uploads\/2026\/03\/cropped-logo_new-1.png","contentUrl":"https:\/\/blogdofarnesio.com.br\/wp-content\/uploads\/2026\/03\/cropped-logo_new-1.png","width":881,"height":685,"caption":"Blog do Farn\u00e9sio"},"image":{"@id":"https:\/\/blogdofarnesio.com.br\/#\/schema\/logo\/image\/"},"sameAs":["https:\/\/www.facebook.com\/BlogQuerSaberPolitica\/"]},{"@type":"Person","@id":"https:\/\/blogdofarnesio.com.br\/#\/schema\/person\/301c4acf522bccbfdb45af95b5b906a1","name":"Farn\u00e9sio","image":{"@type":"ImageObject","inLanguage":"pt-BR","@id":"https:\/\/secure.gravatar.com\/avatar\/df0c9a14567c056f8ad6876ba5bbd1e3e2c48023eb6807342fc4663adf549f38?s=96&d=mm&r=g","url":"https:\/\/secure.gravatar.com\/avatar\/df0c9a14567c056f8ad6876ba5bbd1e3e2c48023eb6807342fc4663adf549f38?s=96&d=mm&r=g","contentUrl":"https:\/\/secure.gravatar.com\/avatar\/df0c9a14567c056f8ad6876ba5bbd1e3e2c48023eb6807342fc4663adf549f38?s=96&d=mm&r=g","caption":"Farn\u00e9sio"},"sameAs":["https:\/\/quersaberpolitica.com.br"],"url":"https:\/\/blogdofarnesio.com.br\/?author=1"}]}},"_links":{"self":[{"href":"https:\/\/blogdofarnesio.com.br\/index.php?rest_route=\/wp\/v2\/posts\/291873","targetHints":{"allow":["GET"]}}],"collection":[{"href":"https:\/\/blogdofarnesio.com.br\/index.php?rest_route=\/wp\/v2\/posts"}],"about":[{"href":"https:\/\/blogdofarnesio.com.br\/index.php?rest_route=\/wp\/v2\/types\/post"}],"author":[{"embeddable":true,"href":"https:\/\/blogdofarnesio.com.br\/index.php?rest_route=\/wp\/v2\/users\/1"}],"replies":[{"embeddable":true,"href":"https:\/\/blogdofarnesio.com.br\/index.php?rest_route=%2Fwp%2Fv2%2Fcomments&post=291873"}],"version-history":[{"count":0,"href":"https:\/\/blogdofarnesio.com.br\/index.php?rest_route=\/wp\/v2\/posts\/291873\/revisions"}],"wp:featuredmedia":[{"embeddable":true,"href":"https:\/\/blogdofarnesio.com.br\/index.php?rest_route=\/wp\/v2\/media\/184585"}],"wp:attachment":[{"href":"https:\/\/blogdofarnesio.com.br\/index.php?rest_route=%2Fwp%2Fv2%2Fmedia&parent=291873"}],"wp:term":[{"taxonomy":"category","embeddable":true,"href":"https:\/\/blogdofarnesio.com.br\/index.php?rest_route=%2Fwp%2Fv2%2Fcategories&post=291873"},{"taxonomy":"post_tag","embeddable":true,"href":"https:\/\/blogdofarnesio.com.br\/index.php?rest_route=%2Fwp%2Fv2%2Ftags&post=291873"}],"curies":[{"name":"wp","href":"https:\/\/api.w.org\/{rel}","templated":true}]}}