{"id":291757,"date":"2021-07-27T17:03:41","date_gmt":"2021-07-27T20:03:41","guid":{"rendered":"https:\/\/quersaberpolitica.com.br\/?p=291757"},"modified":"2021-07-27T15:02:32","modified_gmt":"2021-07-27T18:02:32","slug":"verdadeira-caixa-preta-esconde-regalias-no-bndes","status":"publish","type":"post","link":"https:\/\/blogdofarnesio.com.br\/?p=291757","title":{"rendered":"Verdadeira \u2018caixa preta\u2019 esconde regalias no BNDES"},"content":{"rendered":"<div class=\"materia-title\">\n<div class=\"col-2\">Cl\u00e1udio Humberto &#8211;<\/div>\n<\/div>\n<div class=\"materia-content coluna-claudio-humberto\">\n<div class=\"ads-FR\">\n<div class=\"ddp-ads\">\n<div class=\"pub-ret\"><\/div>\n<\/div>\n<\/div>\n<p>Banco sem concorrentes, o BNDES usa recursos do Tesouro Nacional sem piedade e se lambuza sem acanhamento. O dinheiro p\u00fablico que o alimenta (e a suas \u201ccaixas pretas\u201d) paga sal\u00e1rios de maraj\u00e1. \u00c9 a maior m\u00e9dia salarial dos bancos federais: o qu\u00e1druplo do Banco do Brasil e o triplo da Caixa. E paga inacredit\u00e1vel \u201cparticipa\u00e7\u00e3o nos lucros\u201d, segundo relat\u00f3rio devastador do pr\u00f3prio governo, elaborado pela Secretaria de Coordena\u00e7\u00e3o e Governan\u00e7a das Estatais, do Minist\u00e9rio da Economia.<\/p>\n<div class=\"notas\">\n<h3 id=\"Nota-2\">Dinheiro nosso, lucro deles<\/h3>\n<p>Se o BNDES d\u00e1 preju\u00edzo, ningu\u00e9m cobra. Em 2020 teve \u201clucro l\u00edquido\u201d de R$20 milh\u00f5es, mas pagou \u201cparticipa\u00e7\u00e3o nos lucros\u201d de R$247,7 milh\u00f5es.<\/p>\n<h3 id=\"Nota-3\">Meu pir\u00e3o primeiro<\/h3>\n<p>Indiferente \u00e0 crise em tempos de pandemia, o BNDES gasta R$2 bilh\u00f5es com sal\u00e1rios de at\u00e9 R$76.790 mensais, com m\u00e9dia salarial de R$31.070.<\/p>\n<h3 id=\"Nota-4\">Plano de sa\u00fade \u2018perp\u00e9tuo\u2019<\/h3>\n<p>O BNDES usa dinheiro p\u00fablico para bancar os pr\u00f3prios privil\u00e9gios, como plano de sa\u00fade perp\u00e9tuo, 100% bancado pelos cidad\u00e3os que usam SUS.<\/p>\n<h3 id=\"Nota-5\">Caixa preta a sete chaves<\/h3>\n<p>Bolsonaro prometeu \u201cabrir a caixa preta\u201d do BNDES, mas a corpora\u00e7\u00e3o barrou. O presidente n\u00e3o sabe que a \u201ccaixa preta\u201d \u00e9 o pr\u00f3prio banco.<\/p>\n<div class=\"responsive-img\"><picture id=\"SubAbre\"><source srcset=\"https:\/\/uploads.diariodopoder.com.br\/2020\/06\/Joao-Doria-Foto-Valter-Campanato-Agencia-Brasil-960x563.jpg\" media=\"(max-width: 767px)\" \/><source srcset=\"https:\/\/uploads.diariodopoder.com.br\/2020\/06\/Joao-Doria-Foto-Valter-Campanato-Agencia-Brasil-960x563.jpg\" media=\"(min-width: 768px) and (max-width: 1023px)\" \/><img decoding=\"async\" src=\"https:\/\/uploads.diariodopoder.com.br\/2020\/06\/Joao-Doria-Foto-Valter-Campanato-Agencia-Brasil-960x563.jpg\" alt=\"\" data-src=\"https:\/\/uploads.diariodopoder.com.br\/2020\/06\/Joao-Doria-Foto-Valter-Campanato-Agencia-Brasil-960x563.jpg\" \/><\/picture>\n<div class=\"responsive-img-caption\"><small>O governador de S\u00e3o Paulo, Jo\u00e3o Doria. Foto: Valter Campanato\/ABr<\/small><\/div>\n<\/div>\n<h2>Doria exige cabe\u00e7a de secret\u00e1rio, sem sucesso<\/h2>\n<p>\u00c9 p\u00e9ssima a rela\u00e7\u00e3o do governador Jo\u00e3o Doria (PSDB) com o secret\u00e1rio de Sa\u00fade da cidade de S\u00e3o Paulo, Edson Aparecido. Eles se estranham desde quando Aparecido, cujo desempenho \u00e9 muito elogiado, denunciou que estavam furando a fila de vacina\u00e7\u00e3o dentro do Hospital das Cl\u00ednicas, que \u00e9 estadual. Enfurecido com den\u00fancia, por ter sido feita publicamente, Doria pressionou o ent\u00e3o prefeito Bruno Covas a demitir o secret\u00e1rio.<\/p>\n<h3 id=\"Nota-7\">Ele manda bem<\/h3>\n<p>Covas cogitou substituir Aparecido na \u201cvirada\u201d para sua segunda gest\u00e3o, mas decidiu mant\u00ea-lo at\u00e9 porque o secret\u00e1rio realizava um bom trabalho.<\/p>\n<h3 id=\"Nota-8\">\u2018Escudo\u2019 para Covas<\/h3>\n<p>Aparecido foi mantido tamb\u00e9m por esperteza: se algo desse errado no combate \u00e0 pandemia, ele seria demitido para \u201cproteger\u201d o prefeito.<\/p>\n<h3 id=\"Nota-9\">Antipatia rec\u00edproca<\/h3>\n<p>Com a dificuldade de entender que Aparecido n\u00e3o lhe deve obedi\u00eancia, e sim ao prefeito, Doria o detesta. O sentimento \u00e9 enfaticamente rec\u00edproco.<\/p>\n<div class=\"cardPoderSemPudor\">\n<header>\n<h4>Poder sem Pudor<\/h4>\n<\/header>\n<div class=\"cardPoderSemPudorCard\"><img decoding=\"async\" src=\"https:\/\/uploads.diariodopoder.com.br\/2021\/07\/e38a6198-fontes-secretas-300x200.jpg\" alt=\"\" \/><\/p>\n<h3>Fontes secretas<\/h3>\n<p>Entrevistando ao vivo o ent\u00e3o presidente do PT, Tarso Genro, o \u00e2ncora Estev\u00e3o Dam\u00e1sio testou o bom humor do pol\u00edtico ga\u00facho, em meio ao esc\u00e2ndalo de corrup\u00e7\u00e3o do mensal\u00e3o do governo Lula: \u201cComo o PT far\u00e1, agora, para arrecadar recursos para suas campanhas?\u201d A rea\u00e7\u00e3o de Genro foi de surpresa: \u201c \u00e9 pergunta que se fa\u00e7a?\u201d Claro que era. Por isso, ambos ca\u00edram na gargalhada.<\/p>\n<\/div>\n<\/div>\n<h3 id=\"Nota-10\">100 milh\u00f5es nesta 2\u00aa<\/h3>\n<p>J\u00e1 passam de 100 milh\u00f5es os brasileiros que tomaram ao menos uma dose de vacina contra covid. Correspondem \u00e0 soma de primeiras doses (96.170.374 pessoas) com doses \u00fanicas da Janssen (4.081.342).<\/p>\n<h3 id=\"Nota-11\">#vetaBolsonaro<\/h3>\n<p>Bolsonaro sujar\u00e1 as m\u00e3os reduzindo o fund\u00e3o eleitoral de R$5,7 bilh\u00f5es para R$4 bilh\u00f5es. N\u00e3o deveria perder de vista que tem autoridade para vetar essa tunga pornogr\u00e1fica: sua campanha custou s\u00f3 R$2 milh\u00f5es.<\/p>\n<h3 id=\"Nota-12\">Congresso tutelado<\/h3>\n<p>Ainda que o fund\u00e3o eleitoral de R$5,7 bilh\u00f5es seja inaceit\u00e1vel, \u00e9 embara\u00e7oso para a democracia brasileira que um ministro do STF possa, monocraticamente, mandar para o lixo uma decis\u00e3o do Congresso.<\/p>\n<h3 id=\"Nota-13\">Caro holofote<\/h3>\n<p>A deputada Joice Hasselmann (PSL-SP) aproveita bem os holofotes da agress\u00e3o que sofreu. Agora diz ter encontrado \u201cum objeto\u201d em sua sala. N\u00e3o diz se \u00e9 um pente ou um porrete, por exemplo. Mant\u00e9m o mist\u00e9rio.<\/p>\n<div class=\"frase-do-dia f-right\">\n<header>\n<h4>Frase do dia<\/h4>\n<\/header>\n<h2>Todos j\u00e1 sabem que o parecer do relator j\u00e1 est\u00e1 pronto<\/h2>\n<p>Senador Marcos Rog\u00e9rio (DEM-RO), sobre a retomada da CPI da Pandemia<\/p>\n<\/div>\n<h3 id=\"Nota-14\">O que Goi\u00e1s esconde?<\/h3>\n<p>At\u00e9 parece que o governo de Goi\u00e1s quer esconder algo de muito grave, ao impor sigilo de cinco anos aos gastos na ca\u00e7ada ao bandid\u00e3o L\u00e1zaro Souza. O cidad\u00e3o tem o direito de saber como seu dinheiro foi gasto.<\/p>\n<h3 id=\"Nota-15\">Irremov\u00edvel<\/h3>\n<p>O MDB Nacional anunciou que \u201cqualquer filiado\u201d que aceitar ocupar o cargo de ministro no governo Jari Bolsonaro ser\u00e1 convidado a deixar o partido. \u201cEssa \u00e9 a posi\u00e7\u00e3o oficial do MDB\u201d, concluiu.<\/p>\n<h3 id=\"Nota-16\">Conectar \u00e9 preciso<\/h3>\n<p>\u201cQuem n\u00e3o tem internet, TV digital, est\u00e1 praticamente exclu\u00eddo da sociedade\u201d, observou F\u00e1bio Faria (Comunica\u00e7\u00f5es) na assinatura dos termos dos programas Wi-Fi Brasil, Digitaliza Brasil e Infovia Potiguar.<\/p>\n<h3 id=\"Nota-17\">Ao extremo<\/h3>\n<p>O vice-presidente Hamilton Mour\u00e3o viajou ontem ao Peru para participar da posse do novo presidente, Pedro Castillo. Sobrou para o vice representar o governo na cerim\u00f4nia do pol\u00edtico da extrema esquerda.<\/p>\n<h3 id=\"Nota-18\">Pensando bem&#8230;<\/h3>\n<p>&#8230;atletas ainda n\u00e3o precisam de posi\u00e7\u00e3o pol\u00edtica para vencer.<\/p>\n<\/div>\n<\/div>\n","protected":false},"excerpt":{"rendered":"<p>Cl\u00e1udio Humberto &#8211; Banco sem concorrentes, o BNDES usa recursos do Tesouro Nacional sem piedade e se lambuza sem acanhamento. O dinheiro p\u00fablico que o alimenta (e a suas \u201ccaixas pretas\u201d) paga sal\u00e1rios de maraj\u00e1. \u00c9 a maior m\u00e9dia salarial dos bancos federais: o qu\u00e1druplo do Banco do Brasil e o triplo da Caixa. E paga inacredit\u00e1vel \u201cparticipa\u00e7\u00e3o nos lucros\u201d, segundo relat\u00f3rio devastador do pr\u00f3prio governo, elaborado pela Secretaria de Coordena\u00e7\u00e3o e Governan\u00e7a das Estatais, do Minist\u00e9rio da Economia. Dinheiro nosso, lucro deles Se o BNDES d\u00e1 preju\u00edzo, ningu\u00e9m cobra. Em 2020 teve \u201clucro l\u00edquido\u201d de R$20 milh\u00f5es, mas pagou \u201cparticipa\u00e7\u00e3o nos lucros\u201d de R$247,7 milh\u00f5es. Meu pir\u00e3o primeiro Indiferente \u00e0 crise em tempos de pandemia, o BNDES gasta R$2&hellip; <\/p>\n","protected":false},"author":1,"featured_media":291758,"comment_status":"closed","ping_status":"closed","sticky":false,"template":"","format":"standard","meta":{"_acf_changed":false,"footnotes":""},"categories":[1],"tags":[],"class_list":["post-291757","post","type-post","status-publish","format-standard","has-post-thumbnail","hentry","category-politica"],"acf":[],"yoast_head":"<!-- This site is optimized with the Yoast SEO plugin v27.4 - https:\/\/yoast.com\/product\/yoast-seo-wordpress\/ -->\n<title>Verdadeira \u2018caixa preta\u2019 esconde regalias no BNDES - Blog do Farn\u00e9sio<\/title>\n<meta name=\"robots\" content=\"index, follow, max-snippet:-1, max-image-preview:large, max-video-preview:-1\" \/>\n<link rel=\"canonical\" href=\"https:\/\/blogdofarnesio.com.br\/?p=291757\" \/>\n<meta property=\"og:locale\" content=\"pt_BR\" \/>\n<meta property=\"og:type\" content=\"article\" \/>\n<meta property=\"og:title\" content=\"Verdadeira \u2018caixa preta\u2019 esconde regalias no BNDES - Blog do Farn\u00e9sio\" \/>\n<meta property=\"og:description\" content=\"Cl\u00e1udio Humberto &#8211; Banco sem concorrentes, o BNDES usa recursos do Tesouro Nacional sem piedade e se lambuza sem acanhamento. O dinheiro p\u00fablico que o alimenta (e a suas \u201ccaixas pretas\u201d) paga sal\u00e1rios de maraj\u00e1. \u00c9 a maior m\u00e9dia salarial dos bancos federais: o qu\u00e1druplo do Banco do Brasil e o triplo da Caixa. E paga inacredit\u00e1vel \u201cparticipa\u00e7\u00e3o nos lucros\u201d, segundo relat\u00f3rio devastador do pr\u00f3prio governo, elaborado pela Secretaria de Coordena\u00e7\u00e3o e Governan\u00e7a das Estatais, do Minist\u00e9rio da Economia. Dinheiro nosso, lucro deles Se o BNDES d\u00e1 preju\u00edzo, ningu\u00e9m cobra. Em 2020 teve \u201clucro l\u00edquido\u201d de R$20 milh\u00f5es, mas pagou \u201cparticipa\u00e7\u00e3o nos lucros\u201d de R$247,7 milh\u00f5es. Meu pir\u00e3o primeiro Indiferente \u00e0 crise em tempos de pandemia, o BNDES gasta R$2&hellip;\" \/>\n<meta property=\"og:url\" content=\"https:\/\/blogdofarnesio.com.br\/?p=291757\" \/>\n<meta property=\"og:site_name\" content=\"Blog do Farn\u00e9sio\" \/>\n<meta property=\"article:publisher\" content=\"https:\/\/www.facebook.com\/BlogQuerSaberPolitica\/\" \/>\n<meta property=\"article:published_time\" content=\"2021-07-27T20:03:41+00:00\" \/>\n<meta property=\"og:image\" content=\"https:\/\/blogdofarnesio.com.br\/wp-content\/uploads\/2021\/07\/blogqspBNDES-arquivo-agencia-brasil-e1627408912485.jpg\" \/>\n\t<meta property=\"og:image:width\" content=\"660\" \/>\n\t<meta property=\"og:image:height\" content=\"388\" \/>\n\t<meta property=\"og:image:type\" content=\"image\/jpeg\" \/>\n<meta name=\"author\" content=\"Farn\u00e9sio\" \/>\n<meta name=\"twitter:card\" content=\"summary_large_image\" \/>\n<meta name=\"twitter:label1\" content=\"Escrito por\" \/>\n\t<meta name=\"twitter:data1\" content=\"Farn\u00e9sio\" \/>\n\t<meta name=\"twitter:label2\" content=\"Est. tempo de leitura\" \/>\n\t<meta name=\"twitter:data2\" content=\"4 minutos\" \/>\n<script type=\"application\/ld+json\" class=\"yoast-schema-graph\">{\"@context\":\"https:\\\/\\\/schema.org\",\"@graph\":[{\"@type\":\"Article\",\"@id\":\"https:\\\/\\\/blogdofarnesio.com.br\\\/?p=291757#article\",\"isPartOf\":{\"@id\":\"https:\\\/\\\/blogdofarnesio.com.br\\\/?p=291757\"},\"author\":{\"name\":\"Farn\u00e9sio\",\"@id\":\"https:\\\/\\\/blogdofarnesio.com.br\\\/#\\\/schema\\\/person\\\/301c4acf522bccbfdb45af95b5b906a1\"},\"headline\":\"Verdadeira \u2018caixa preta\u2019 esconde regalias no BNDES\",\"datePublished\":\"2021-07-27T20:03:41+00:00\",\"mainEntityOfPage\":{\"@id\":\"https:\\\/\\\/blogdofarnesio.com.br\\\/?p=291757\"},\"wordCount\":820,\"publisher\":{\"@id\":\"https:\\\/\\\/blogdofarnesio.com.br\\\/#organization\"},\"image\":{\"@id\":\"https:\\\/\\\/blogdofarnesio.com.br\\\/?p=291757#primaryimage\"},\"thumbnailUrl\":\"https:\\\/\\\/blogdofarnesio.com.br\\\/wp-content\\\/uploads\\\/2021\\\/07\\\/blogqspBNDES-arquivo-agencia-brasil-e1627408912485.jpg\",\"articleSection\":[\"Pol\u00edtica\"],\"inLanguage\":\"pt-BR\"},{\"@type\":\"WebPage\",\"@id\":\"https:\\\/\\\/blogdofarnesio.com.br\\\/?p=291757\",\"url\":\"https:\\\/\\\/blogdofarnesio.com.br\\\/?p=291757\",\"name\":\"Verdadeira \u2018caixa preta\u2019 esconde regalias no BNDES - Blog do Farn\u00e9sio\",\"isPartOf\":{\"@id\":\"https:\\\/\\\/blogdofarnesio.com.br\\\/#website\"},\"primaryImageOfPage\":{\"@id\":\"https:\\\/\\\/blogdofarnesio.com.br\\\/?p=291757#primaryimage\"},\"image\":{\"@id\":\"https:\\\/\\\/blogdofarnesio.com.br\\\/?p=291757#primaryimage\"},\"thumbnailUrl\":\"https:\\\/\\\/blogdofarnesio.com.br\\\/wp-content\\\/uploads\\\/2021\\\/07\\\/blogqspBNDES-arquivo-agencia-brasil-e1627408912485.jpg\",\"datePublished\":\"2021-07-27T20:03:41+00:00\",\"breadcrumb\":{\"@id\":\"https:\\\/\\\/blogdofarnesio.com.br\\\/?p=291757#breadcrumb\"},\"inLanguage\":\"pt-BR\",\"potentialAction\":[{\"@type\":\"ReadAction\",\"target\":[\"https:\\\/\\\/blogdofarnesio.com.br\\\/?p=291757\"]}]},{\"@type\":\"ImageObject\",\"inLanguage\":\"pt-BR\",\"@id\":\"https:\\\/\\\/blogdofarnesio.com.br\\\/?p=291757#primaryimage\",\"url\":\"https:\\\/\\\/blogdofarnesio.com.br\\\/wp-content\\\/uploads\\\/2021\\\/07\\\/blogqspBNDES-arquivo-agencia-brasil-e1627408912485.jpg\",\"contentUrl\":\"https:\\\/\\\/blogdofarnesio.com.br\\\/wp-content\\\/uploads\\\/2021\\\/07\\\/blogqspBNDES-arquivo-agencia-brasil-e1627408912485.jpg\",\"width\":660,\"height\":388},{\"@type\":\"BreadcrumbList\",\"@id\":\"https:\\\/\\\/blogdofarnesio.com.br\\\/?p=291757#breadcrumb\",\"itemListElement\":[{\"@type\":\"ListItem\",\"position\":1,\"name\":\"In\u00edcio\",\"item\":\"https:\\\/\\\/blogdofarnesio.com.br\\\/\"},{\"@type\":\"ListItem\",\"position\":2,\"name\":\"Verdadeira \u2018caixa preta\u2019 esconde regalias no BNDES\"}]},{\"@type\":\"WebSite\",\"@id\":\"https:\\\/\\\/blogdofarnesio.com.br\\\/#website\",\"url\":\"https:\\\/\\\/blogdofarnesio.com.br\\\/\",\"name\":\"Blog do Farn\u00e9sio\",\"description\":\"Quer Saber Pol\u00edtica?\",\"publisher\":{\"@id\":\"https:\\\/\\\/blogdofarnesio.com.br\\\/#organization\"},\"potentialAction\":[{\"@type\":\"SearchAction\",\"target\":{\"@type\":\"EntryPoint\",\"urlTemplate\":\"https:\\\/\\\/blogdofarnesio.com.br\\\/?s={search_term_string}\"},\"query-input\":{\"@type\":\"PropertyValueSpecification\",\"valueRequired\":true,\"valueName\":\"search_term_string\"}}],\"inLanguage\":\"pt-BR\"},{\"@type\":\"Organization\",\"@id\":\"https:\\\/\\\/blogdofarnesio.com.br\\\/#organization\",\"name\":\"Blog do Farn\u00e9sio\",\"url\":\"https:\\\/\\\/blogdofarnesio.com.br\\\/\",\"logo\":{\"@type\":\"ImageObject\",\"inLanguage\":\"pt-BR\",\"@id\":\"https:\\\/\\\/blogdofarnesio.com.br\\\/#\\\/schema\\\/logo\\\/image\\\/\",\"url\":\"https:\\\/\\\/blogdofarnesio.com.br\\\/wp-content\\\/uploads\\\/2026\\\/03\\\/cropped-logo_new-1.png\",\"contentUrl\":\"https:\\\/\\\/blogdofarnesio.com.br\\\/wp-content\\\/uploads\\\/2026\\\/03\\\/cropped-logo_new-1.png\",\"width\":881,\"height\":685,\"caption\":\"Blog do Farn\u00e9sio\"},\"image\":{\"@id\":\"https:\\\/\\\/blogdofarnesio.com.br\\\/#\\\/schema\\\/logo\\\/image\\\/\"},\"sameAs\":[\"https:\\\/\\\/www.facebook.com\\\/BlogQuerSaberPolitica\\\/\"]},{\"@type\":\"Person\",\"@id\":\"https:\\\/\\\/blogdofarnesio.com.br\\\/#\\\/schema\\\/person\\\/301c4acf522bccbfdb45af95b5b906a1\",\"name\":\"Farn\u00e9sio\",\"image\":{\"@type\":\"ImageObject\",\"inLanguage\":\"pt-BR\",\"@id\":\"https:\\\/\\\/secure.gravatar.com\\\/avatar\\\/df0c9a14567c056f8ad6876ba5bbd1e3e2c48023eb6807342fc4663adf549f38?s=96&d=mm&r=g\",\"url\":\"https:\\\/\\\/secure.gravatar.com\\\/avatar\\\/df0c9a14567c056f8ad6876ba5bbd1e3e2c48023eb6807342fc4663adf549f38?s=96&d=mm&r=g\",\"contentUrl\":\"https:\\\/\\\/secure.gravatar.com\\\/avatar\\\/df0c9a14567c056f8ad6876ba5bbd1e3e2c48023eb6807342fc4663adf549f38?s=96&d=mm&r=g\",\"caption\":\"Farn\u00e9sio\"},\"sameAs\":[\"https:\\\/\\\/quersaberpolitica.com.br\"],\"url\":\"https:\\\/\\\/blogdofarnesio.com.br\\\/?author=1\"}]}<\/script>\n<!-- \/ Yoast SEO plugin. -->","yoast_head_json":{"title":"Verdadeira \u2018caixa preta\u2019 esconde regalias no BNDES - Blog do Farn\u00e9sio","robots":{"index":"index","follow":"follow","max-snippet":"max-snippet:-1","max-image-preview":"max-image-preview:large","max-video-preview":"max-video-preview:-1"},"canonical":"https:\/\/blogdofarnesio.com.br\/?p=291757","og_locale":"pt_BR","og_type":"article","og_title":"Verdadeira \u2018caixa preta\u2019 esconde regalias no BNDES - Blog do Farn\u00e9sio","og_description":"Cl\u00e1udio Humberto &#8211; Banco sem concorrentes, o BNDES usa recursos do Tesouro Nacional sem piedade e se lambuza sem acanhamento. O dinheiro p\u00fablico que o alimenta (e a suas \u201ccaixas pretas\u201d) paga sal\u00e1rios de maraj\u00e1. \u00c9 a maior m\u00e9dia salarial dos bancos federais: o qu\u00e1druplo do Banco do Brasil e o triplo da Caixa. E paga inacredit\u00e1vel \u201cparticipa\u00e7\u00e3o nos lucros\u201d, segundo relat\u00f3rio devastador do pr\u00f3prio governo, elaborado pela Secretaria de Coordena\u00e7\u00e3o e Governan\u00e7a das Estatais, do Minist\u00e9rio da Economia. Dinheiro nosso, lucro deles Se o BNDES d\u00e1 preju\u00edzo, ningu\u00e9m cobra. Em 2020 teve \u201clucro l\u00edquido\u201d de R$20 milh\u00f5es, mas pagou \u201cparticipa\u00e7\u00e3o nos lucros\u201d de R$247,7 milh\u00f5es. Meu pir\u00e3o primeiro Indiferente \u00e0 crise em tempos de pandemia, o BNDES gasta R$2&hellip;","og_url":"https:\/\/blogdofarnesio.com.br\/?p=291757","og_site_name":"Blog do Farn\u00e9sio","article_publisher":"https:\/\/www.facebook.com\/BlogQuerSaberPolitica\/","article_published_time":"2021-07-27T20:03:41+00:00","og_image":[{"width":660,"height":388,"url":"https:\/\/blogdofarnesio.com.br\/wp-content\/uploads\/2021\/07\/blogqspBNDES-arquivo-agencia-brasil-e1627408912485.jpg","type":"image\/jpeg"}],"author":"Farn\u00e9sio","twitter_card":"summary_large_image","twitter_misc":{"Escrito por":"Farn\u00e9sio","Est. tempo de leitura":"4 minutos"},"schema":{"@context":"https:\/\/schema.org","@graph":[{"@type":"Article","@id":"https:\/\/blogdofarnesio.com.br\/?p=291757#article","isPartOf":{"@id":"https:\/\/blogdofarnesio.com.br\/?p=291757"},"author":{"name":"Farn\u00e9sio","@id":"https:\/\/blogdofarnesio.com.br\/#\/schema\/person\/301c4acf522bccbfdb45af95b5b906a1"},"headline":"Verdadeira \u2018caixa preta\u2019 esconde regalias no BNDES","datePublished":"2021-07-27T20:03:41+00:00","mainEntityOfPage":{"@id":"https:\/\/blogdofarnesio.com.br\/?p=291757"},"wordCount":820,"publisher":{"@id":"https:\/\/blogdofarnesio.com.br\/#organization"},"image":{"@id":"https:\/\/blogdofarnesio.com.br\/?p=291757#primaryimage"},"thumbnailUrl":"https:\/\/blogdofarnesio.com.br\/wp-content\/uploads\/2021\/07\/blogqspBNDES-arquivo-agencia-brasil-e1627408912485.jpg","articleSection":["Pol\u00edtica"],"inLanguage":"pt-BR"},{"@type":"WebPage","@id":"https:\/\/blogdofarnesio.com.br\/?p=291757","url":"https:\/\/blogdofarnesio.com.br\/?p=291757","name":"Verdadeira \u2018caixa preta\u2019 esconde regalias no BNDES - Blog do Farn\u00e9sio","isPartOf":{"@id":"https:\/\/blogdofarnesio.com.br\/#website"},"primaryImageOfPage":{"@id":"https:\/\/blogdofarnesio.com.br\/?p=291757#primaryimage"},"image":{"@id":"https:\/\/blogdofarnesio.com.br\/?p=291757#primaryimage"},"thumbnailUrl":"https:\/\/blogdofarnesio.com.br\/wp-content\/uploads\/2021\/07\/blogqspBNDES-arquivo-agencia-brasil-e1627408912485.jpg","datePublished":"2021-07-27T20:03:41+00:00","breadcrumb":{"@id":"https:\/\/blogdofarnesio.com.br\/?p=291757#breadcrumb"},"inLanguage":"pt-BR","potentialAction":[{"@type":"ReadAction","target":["https:\/\/blogdofarnesio.com.br\/?p=291757"]}]},{"@type":"ImageObject","inLanguage":"pt-BR","@id":"https:\/\/blogdofarnesio.com.br\/?p=291757#primaryimage","url":"https:\/\/blogdofarnesio.com.br\/wp-content\/uploads\/2021\/07\/blogqspBNDES-arquivo-agencia-brasil-e1627408912485.jpg","contentUrl":"https:\/\/blogdofarnesio.com.br\/wp-content\/uploads\/2021\/07\/blogqspBNDES-arquivo-agencia-brasil-e1627408912485.jpg","width":660,"height":388},{"@type":"BreadcrumbList","@id":"https:\/\/blogdofarnesio.com.br\/?p=291757#breadcrumb","itemListElement":[{"@type":"ListItem","position":1,"name":"In\u00edcio","item":"https:\/\/blogdofarnesio.com.br\/"},{"@type":"ListItem","position":2,"name":"Verdadeira \u2018caixa preta\u2019 esconde regalias no BNDES"}]},{"@type":"WebSite","@id":"https:\/\/blogdofarnesio.com.br\/#website","url":"https:\/\/blogdofarnesio.com.br\/","name":"Blog do Farn\u00e9sio","description":"Quer Saber Pol\u00edtica?","publisher":{"@id":"https:\/\/blogdofarnesio.com.br\/#organization"},"potentialAction":[{"@type":"SearchAction","target":{"@type":"EntryPoint","urlTemplate":"https:\/\/blogdofarnesio.com.br\/?s={search_term_string}"},"query-input":{"@type":"PropertyValueSpecification","valueRequired":true,"valueName":"search_term_string"}}],"inLanguage":"pt-BR"},{"@type":"Organization","@id":"https:\/\/blogdofarnesio.com.br\/#organization","name":"Blog do Farn\u00e9sio","url":"https:\/\/blogdofarnesio.com.br\/","logo":{"@type":"ImageObject","inLanguage":"pt-BR","@id":"https:\/\/blogdofarnesio.com.br\/#\/schema\/logo\/image\/","url":"https:\/\/blogdofarnesio.com.br\/wp-content\/uploads\/2026\/03\/cropped-logo_new-1.png","contentUrl":"https:\/\/blogdofarnesio.com.br\/wp-content\/uploads\/2026\/03\/cropped-logo_new-1.png","width":881,"height":685,"caption":"Blog do Farn\u00e9sio"},"image":{"@id":"https:\/\/blogdofarnesio.com.br\/#\/schema\/logo\/image\/"},"sameAs":["https:\/\/www.facebook.com\/BlogQuerSaberPolitica\/"]},{"@type":"Person","@id":"https:\/\/blogdofarnesio.com.br\/#\/schema\/person\/301c4acf522bccbfdb45af95b5b906a1","name":"Farn\u00e9sio","image":{"@type":"ImageObject","inLanguage":"pt-BR","@id":"https:\/\/secure.gravatar.com\/avatar\/df0c9a14567c056f8ad6876ba5bbd1e3e2c48023eb6807342fc4663adf549f38?s=96&d=mm&r=g","url":"https:\/\/secure.gravatar.com\/avatar\/df0c9a14567c056f8ad6876ba5bbd1e3e2c48023eb6807342fc4663adf549f38?s=96&d=mm&r=g","contentUrl":"https:\/\/secure.gravatar.com\/avatar\/df0c9a14567c056f8ad6876ba5bbd1e3e2c48023eb6807342fc4663adf549f38?s=96&d=mm&r=g","caption":"Farn\u00e9sio"},"sameAs":["https:\/\/quersaberpolitica.com.br"],"url":"https:\/\/blogdofarnesio.com.br\/?author=1"}]}},"_links":{"self":[{"href":"https:\/\/blogdofarnesio.com.br\/index.php?rest_route=\/wp\/v2\/posts\/291757","targetHints":{"allow":["GET"]}}],"collection":[{"href":"https:\/\/blogdofarnesio.com.br\/index.php?rest_route=\/wp\/v2\/posts"}],"about":[{"href":"https:\/\/blogdofarnesio.com.br\/index.php?rest_route=\/wp\/v2\/types\/post"}],"author":[{"embeddable":true,"href":"https:\/\/blogdofarnesio.com.br\/index.php?rest_route=\/wp\/v2\/users\/1"}],"replies":[{"embeddable":true,"href":"https:\/\/blogdofarnesio.com.br\/index.php?rest_route=%2Fwp%2Fv2%2Fcomments&post=291757"}],"version-history":[{"count":0,"href":"https:\/\/blogdofarnesio.com.br\/index.php?rest_route=\/wp\/v2\/posts\/291757\/revisions"}],"wp:featuredmedia":[{"embeddable":true,"href":"https:\/\/blogdofarnesio.com.br\/index.php?rest_route=\/wp\/v2\/media\/291758"}],"wp:attachment":[{"href":"https:\/\/blogdofarnesio.com.br\/index.php?rest_route=%2Fwp%2Fv2%2Fmedia&parent=291757"}],"wp:term":[{"taxonomy":"category","embeddable":true,"href":"https:\/\/blogdofarnesio.com.br\/index.php?rest_route=%2Fwp%2Fv2%2Fcategories&post=291757"},{"taxonomy":"post_tag","embeddable":true,"href":"https:\/\/blogdofarnesio.com.br\/index.php?rest_route=%2Fwp%2Fv2%2Ftags&post=291757"}],"curies":[{"name":"wp","href":"https:\/\/api.w.org\/{rel}","templated":true}]}}