{"id":291745,"date":"2021-07-27T15:42:05","date_gmt":"2021-07-27T18:42:05","guid":{"rendered":"https:\/\/quersaberpolitica.com.br\/?p=291745"},"modified":"2021-07-27T14:23:15","modified_gmt":"2021-07-27T17:23:15","slug":"bolsonarista-zeze-di-camargo-convoca-extremistas-para-manifestacao-em-defesa-do-voto-impresso-video","status":"publish","type":"post","link":"https:\/\/blogdofarnesio.com.br\/?p=291745","title":{"rendered":"Bolsonarista, Zez\u00e9 Di Camargo convoca extremistas para manifesta\u00e7\u00e3o em defesa do voto impresso (v\u00eddeo)"},"content":{"rendered":"<figure><figcaption><b>247 &#8211; <\/b>Bolsonarista, o cantor Zez\u00e9 Di Camargo convocou em um v\u00eddeo \u00a0extremistas para ir \u00e0s ruas em defesa do voto impresso, nova bandeira de Jair Bolsonaro para tentar golpear as elei\u00e7\u00f5es presidenciais de 2022. \u201cTodos \u00e0s ruas no dia primeiro em defesa do voto audit\u00e1vell\u201d, disparou.<\/figcaption><\/figure>\n<div class=\"article__text marginTop30\">\n<p>Bolsonaro j\u00e1 sinalizou v\u00e1rias vezes que n\u00e3o aceitar\u00e1 o resultado das urnas caso o processo eleitoral n\u00e3o seja alterado.<\/p>\n<h2>Veja<\/h2>\n<div class=\"embed-block\">\n<div class=\"twitter-tweet twitter-tweet-rendered\"><iframe id=\"twitter-widget-0\" class=\"\" title=\"Twitter Tweet\" src=\"https:\/\/platform.twitter.com\/embed\/Tweet.html?creatorScreenName=brasil247&amp;dnt=false&amp;embedId=twitter-widget-0&amp;features=eyJ0ZndfZXhwZXJpbWVudHNfY29va2llX2V4cGlyYXRpb24iOnsiYnVja2V0IjoxMjA5NjAwLCJ2ZXJzaW9uIjpudWxsfSwidGZ3X2hvcml6b25fdHdlZXRfZW1iZWRfOTU1NSI6eyJidWNrZXQiOiJodGUiLCJ2ZXJzaW9uIjpudWxsfSwidGZ3X3NwYWNlX2NhcmQiOnsiYnVja2V0Ijoib2ZmIiwidmVyc2lvbiI6bnVsbH19&amp;frame=false&amp;hideCard=false&amp;hideThread=false&amp;id=1419816372150865920&amp;lang=pt&amp;origin=https%3A%2F%2Fwww.brasil247.com%2Fmidia%2Fbolsonarista-zeze-de-camargo-convoca-extremistas-para-manifestacao-em-defesa-do-voto-impresso-video&amp;sessionId=baea4a5dfce05e00afefe237461ab5e9c9c8cf7b&amp;siteScreenName=brasil247&amp;theme=light&amp;widgetsVersion=91a128e%3A1623306204510&amp;width=550px\" frameborder=\"0\" scrolling=\"no\" allowfullscreen=\"allowfullscreen\" data-tweet-id=\"1419816372150865920\" data-mce-fragment=\"1\"><\/iframe><\/div>\n<\/div>\n<div class=\"contentAd contentAd--noBackground marginBottom30\">\n<div class=\"marginTop10 adBackground\"><\/div>\n<\/div>\n<\/div>\n","protected":false},"excerpt":{"rendered":"<p>247 &#8211; Bolsonarista, o cantor Zez\u00e9 Di Camargo convocou em um v\u00eddeo \u00a0extremistas para ir \u00e0s ruas em defesa do voto impresso, nova bandeira de Jair Bolsonaro para tentar golpear as elei\u00e7\u00f5es presidenciais de 2022. \u201cTodos \u00e0s ruas no dia primeiro em defesa do voto audit\u00e1vell\u201d, disparou. Bolsonaro j\u00e1 sinalizou v\u00e1rias vezes que n\u00e3o aceitar\u00e1 o resultado das urnas caso o processo eleitoral n\u00e3o seja alterado. Veja<\/p>\n","protected":false},"author":1,"featured_media":291746,"comment_status":"closed","ping_status":"closed","sticky":false,"template":"","format":"standard","meta":{"_acf_changed":false,"footnotes":""},"categories":[3],"tags":[],"class_list":["post-291745","post","type-post","status-publish","format-standard","has-post-thumbnail","hentry","category-entretenimento"],"acf":[],"yoast_head":"<!-- This site is optimized with the Yoast SEO plugin v27.4 - https:\/\/yoast.com\/product\/yoast-seo-wordpress\/ -->\n<title>Bolsonarista, Zez\u00e9 Di Camargo convoca extremistas para manifesta\u00e7\u00e3o em defesa do voto impresso (v\u00eddeo) - Blog do Farn\u00e9sio<\/title>\n<meta name=\"robots\" content=\"index, follow, max-snippet:-1, max-image-preview:large, max-video-preview:-1\" \/>\n<link rel=\"canonical\" href=\"https:\/\/blogdofarnesio.com.br\/?p=291745\" \/>\n<meta property=\"og:locale\" content=\"pt_BR\" \/>\n<meta property=\"og:type\" content=\"article\" \/>\n<meta property=\"og:title\" content=\"Bolsonarista, Zez\u00e9 Di Camargo convoca extremistas para manifesta\u00e7\u00e3o em defesa do voto impresso (v\u00eddeo) - Blog do Farn\u00e9sio\" \/>\n<meta property=\"og:description\" content=\"247 &#8211; Bolsonarista, o cantor Zez\u00e9 Di Camargo convocou em um v\u00eddeo \u00a0extremistas para ir \u00e0s ruas em defesa do voto impresso, nova bandeira de Jair Bolsonaro para tentar golpear as elei\u00e7\u00f5es presidenciais de 2022. \u201cTodos \u00e0s ruas no dia primeiro em defesa do voto audit\u00e1vell\u201d, disparou. Bolsonaro j\u00e1 sinalizou v\u00e1rias vezes que n\u00e3o aceitar\u00e1 o resultado das urnas caso o processo eleitoral n\u00e3o seja alterado. Veja\" \/>\n<meta property=\"og:url\" content=\"https:\/\/blogdofarnesio.com.br\/?p=291745\" \/>\n<meta property=\"og:site_name\" content=\"Blog do Farn\u00e9sio\" \/>\n<meta property=\"article:publisher\" content=\"https:\/\/www.facebook.com\/BlogQuerSaberPolitica\/\" \/>\n<meta property=\"article:published_time\" content=\"2021-07-27T18:42:05+00:00\" \/>\n<meta property=\"og:image\" content=\"https:\/\/blogdofarnesio.com.br\/wp-content\/uploads\/2021\/07\/blogqspzeze-de-camargo-e1627406497466.jpg\" \/>\n\t<meta property=\"og:image:width\" content=\"650\" \/>\n\t<meta property=\"og:image:height\" content=\"312\" \/>\n\t<meta property=\"og:image:type\" content=\"image\/jpeg\" \/>\n<meta name=\"author\" content=\"Farn\u00e9sio\" \/>\n<meta name=\"twitter:card\" content=\"summary_large_image\" \/>\n<meta name=\"twitter:label1\" content=\"Escrito por\" \/>\n\t<meta name=\"twitter:data1\" content=\"Farn\u00e9sio\" \/>\n<script type=\"application\/ld+json\" class=\"yoast-schema-graph\">{\"@context\":\"https:\\\/\\\/schema.org\",\"@graph\":[{\"@type\":\"Article\",\"@id\":\"https:\\\/\\\/blogdofarnesio.com.br\\\/?p=291745#article\",\"isPartOf\":{\"@id\":\"https:\\\/\\\/blogdofarnesio.com.br\\\/?p=291745\"},\"author\":{\"name\":\"Farn\u00e9sio\",\"@id\":\"https:\\\/\\\/blogdofarnesio.com.br\\\/#\\\/schema\\\/person\\\/301c4acf522bccbfdb45af95b5b906a1\"},\"headline\":\"Bolsonarista, Zez\u00e9 Di Camargo convoca extremistas para manifesta\u00e7\u00e3o em defesa do voto impresso (v\u00eddeo)\",\"datePublished\":\"2021-07-27T18:42:05+00:00\",\"mainEntityOfPage\":{\"@id\":\"https:\\\/\\\/blogdofarnesio.com.br\\\/?p=291745\"},\"wordCount\":87,\"publisher\":{\"@id\":\"https:\\\/\\\/blogdofarnesio.com.br\\\/#organization\"},\"image\":{\"@id\":\"https:\\\/\\\/blogdofarnesio.com.br\\\/?p=291745#primaryimage\"},\"thumbnailUrl\":\"https:\\\/\\\/blogdofarnesio.com.br\\\/wp-content\\\/uploads\\\/2021\\\/07\\\/blogqspzeze-de-camargo-e1627406497466.jpg\",\"articleSection\":[\"Entretenimento\"],\"inLanguage\":\"pt-BR\"},{\"@type\":\"WebPage\",\"@id\":\"https:\\\/\\\/blogdofarnesio.com.br\\\/?p=291745\",\"url\":\"https:\\\/\\\/blogdofarnesio.com.br\\\/?p=291745\",\"name\":\"Bolsonarista, Zez\u00e9 Di Camargo convoca extremistas para manifesta\u00e7\u00e3o em defesa do voto impresso (v\u00eddeo) - Blog do Farn\u00e9sio\",\"isPartOf\":{\"@id\":\"https:\\\/\\\/blogdofarnesio.com.br\\\/#website\"},\"primaryImageOfPage\":{\"@id\":\"https:\\\/\\\/blogdofarnesio.com.br\\\/?p=291745#primaryimage\"},\"image\":{\"@id\":\"https:\\\/\\\/blogdofarnesio.com.br\\\/?p=291745#primaryimage\"},\"thumbnailUrl\":\"https:\\\/\\\/blogdofarnesio.com.br\\\/wp-content\\\/uploads\\\/2021\\\/07\\\/blogqspzeze-de-camargo-e1627406497466.jpg\",\"datePublished\":\"2021-07-27T18:42:05+00:00\",\"breadcrumb\":{\"@id\":\"https:\\\/\\\/blogdofarnesio.com.br\\\/?p=291745#breadcrumb\"},\"inLanguage\":\"pt-BR\",\"potentialAction\":[{\"@type\":\"ReadAction\",\"target\":[\"https:\\\/\\\/blogdofarnesio.com.br\\\/?p=291745\"]}]},{\"@type\":\"ImageObject\",\"inLanguage\":\"pt-BR\",\"@id\":\"https:\\\/\\\/blogdofarnesio.com.br\\\/?p=291745#primaryimage\",\"url\":\"https:\\\/\\\/blogdofarnesio.com.br\\\/wp-content\\\/uploads\\\/2021\\\/07\\\/blogqspzeze-de-camargo-e1627406497466.jpg\",\"contentUrl\":\"https:\\\/\\\/blogdofarnesio.com.br\\\/wp-content\\\/uploads\\\/2021\\\/07\\\/blogqspzeze-de-camargo-e1627406497466.jpg\",\"width\":650,\"height\":312},{\"@type\":\"BreadcrumbList\",\"@id\":\"https:\\\/\\\/blogdofarnesio.com.br\\\/?p=291745#breadcrumb\",\"itemListElement\":[{\"@type\":\"ListItem\",\"position\":1,\"name\":\"In\u00edcio\",\"item\":\"https:\\\/\\\/blogdofarnesio.com.br\\\/\"},{\"@type\":\"ListItem\",\"position\":2,\"name\":\"Bolsonarista, Zez\u00e9 Di Camargo convoca extremistas para manifesta\u00e7\u00e3o em defesa do voto impresso (v\u00eddeo)\"}]},{\"@type\":\"WebSite\",\"@id\":\"https:\\\/\\\/blogdofarnesio.com.br\\\/#website\",\"url\":\"https:\\\/\\\/blogdofarnesio.com.br\\\/\",\"name\":\"Blog do Farn\u00e9sio\",\"description\":\"Quer Saber Pol\u00edtica?\",\"publisher\":{\"@id\":\"https:\\\/\\\/blogdofarnesio.com.br\\\/#organization\"},\"potentialAction\":[{\"@type\":\"SearchAction\",\"target\":{\"@type\":\"EntryPoint\",\"urlTemplate\":\"https:\\\/\\\/blogdofarnesio.com.br\\\/?s={search_term_string}\"},\"query-input\":{\"@type\":\"PropertyValueSpecification\",\"valueRequired\":true,\"valueName\":\"search_term_string\"}}],\"inLanguage\":\"pt-BR\"},{\"@type\":\"Organization\",\"@id\":\"https:\\\/\\\/blogdofarnesio.com.br\\\/#organization\",\"name\":\"Blog do Farn\u00e9sio\",\"url\":\"https:\\\/\\\/blogdofarnesio.com.br\\\/\",\"logo\":{\"@type\":\"ImageObject\",\"inLanguage\":\"pt-BR\",\"@id\":\"https:\\\/\\\/blogdofarnesio.com.br\\\/#\\\/schema\\\/logo\\\/image\\\/\",\"url\":\"https:\\\/\\\/blogdofarnesio.com.br\\\/wp-content\\\/uploads\\\/2026\\\/03\\\/cropped-logo_new-1.png\",\"contentUrl\":\"https:\\\/\\\/blogdofarnesio.com.br\\\/wp-content\\\/uploads\\\/2026\\\/03\\\/cropped-logo_new-1.png\",\"width\":881,\"height\":685,\"caption\":\"Blog do Farn\u00e9sio\"},\"image\":{\"@id\":\"https:\\\/\\\/blogdofarnesio.com.br\\\/#\\\/schema\\\/logo\\\/image\\\/\"},\"sameAs\":[\"https:\\\/\\\/www.facebook.com\\\/BlogQuerSaberPolitica\\\/\"]},{\"@type\":\"Person\",\"@id\":\"https:\\\/\\\/blogdofarnesio.com.br\\\/#\\\/schema\\\/person\\\/301c4acf522bccbfdb45af95b5b906a1\",\"name\":\"Farn\u00e9sio\",\"image\":{\"@type\":\"ImageObject\",\"inLanguage\":\"pt-BR\",\"@id\":\"https:\\\/\\\/secure.gravatar.com\\\/avatar\\\/df0c9a14567c056f8ad6876ba5bbd1e3e2c48023eb6807342fc4663adf549f38?s=96&d=mm&r=g\",\"url\":\"https:\\\/\\\/secure.gravatar.com\\\/avatar\\\/df0c9a14567c056f8ad6876ba5bbd1e3e2c48023eb6807342fc4663adf549f38?s=96&d=mm&r=g\",\"contentUrl\":\"https:\\\/\\\/secure.gravatar.com\\\/avatar\\\/df0c9a14567c056f8ad6876ba5bbd1e3e2c48023eb6807342fc4663adf549f38?s=96&d=mm&r=g\",\"caption\":\"Farn\u00e9sio\"},\"sameAs\":[\"https:\\\/\\\/quersaberpolitica.com.br\"],\"url\":\"https:\\\/\\\/blogdofarnesio.com.br\\\/?author=1\"}]}<\/script>\n<!-- \/ Yoast SEO plugin. -->","yoast_head_json":{"title":"Bolsonarista, Zez\u00e9 Di Camargo convoca extremistas para manifesta\u00e7\u00e3o em defesa do voto impresso (v\u00eddeo) - Blog do Farn\u00e9sio","robots":{"index":"index","follow":"follow","max-snippet":"max-snippet:-1","max-image-preview":"max-image-preview:large","max-video-preview":"max-video-preview:-1"},"canonical":"https:\/\/blogdofarnesio.com.br\/?p=291745","og_locale":"pt_BR","og_type":"article","og_title":"Bolsonarista, Zez\u00e9 Di Camargo convoca extremistas para manifesta\u00e7\u00e3o em defesa do voto impresso (v\u00eddeo) - Blog do Farn\u00e9sio","og_description":"247 &#8211; Bolsonarista, o cantor Zez\u00e9 Di Camargo convocou em um v\u00eddeo \u00a0extremistas para ir \u00e0s ruas em defesa do voto impresso, nova bandeira de Jair Bolsonaro para tentar golpear as elei\u00e7\u00f5es presidenciais de 2022. \u201cTodos \u00e0s ruas no dia primeiro em defesa do voto audit\u00e1vell\u201d, disparou. Bolsonaro j\u00e1 sinalizou v\u00e1rias vezes que n\u00e3o aceitar\u00e1 o resultado das urnas caso o processo eleitoral n\u00e3o seja alterado. Veja","og_url":"https:\/\/blogdofarnesio.com.br\/?p=291745","og_site_name":"Blog do Farn\u00e9sio","article_publisher":"https:\/\/www.facebook.com\/BlogQuerSaberPolitica\/","article_published_time":"2021-07-27T18:42:05+00:00","og_image":[{"width":650,"height":312,"url":"https:\/\/blogdofarnesio.com.br\/wp-content\/uploads\/2021\/07\/blogqspzeze-de-camargo-e1627406497466.jpg","type":"image\/jpeg"}],"author":"Farn\u00e9sio","twitter_card":"summary_large_image","twitter_misc":{"Escrito por":"Farn\u00e9sio"},"schema":{"@context":"https:\/\/schema.org","@graph":[{"@type":"Article","@id":"https:\/\/blogdofarnesio.com.br\/?p=291745#article","isPartOf":{"@id":"https:\/\/blogdofarnesio.com.br\/?p=291745"},"author":{"name":"Farn\u00e9sio","@id":"https:\/\/blogdofarnesio.com.br\/#\/schema\/person\/301c4acf522bccbfdb45af95b5b906a1"},"headline":"Bolsonarista, Zez\u00e9 Di Camargo convoca extremistas para manifesta\u00e7\u00e3o em defesa do voto impresso (v\u00eddeo)","datePublished":"2021-07-27T18:42:05+00:00","mainEntityOfPage":{"@id":"https:\/\/blogdofarnesio.com.br\/?p=291745"},"wordCount":87,"publisher":{"@id":"https:\/\/blogdofarnesio.com.br\/#organization"},"image":{"@id":"https:\/\/blogdofarnesio.com.br\/?p=291745#primaryimage"},"thumbnailUrl":"https:\/\/blogdofarnesio.com.br\/wp-content\/uploads\/2021\/07\/blogqspzeze-de-camargo-e1627406497466.jpg","articleSection":["Entretenimento"],"inLanguage":"pt-BR"},{"@type":"WebPage","@id":"https:\/\/blogdofarnesio.com.br\/?p=291745","url":"https:\/\/blogdofarnesio.com.br\/?p=291745","name":"Bolsonarista, Zez\u00e9 Di Camargo convoca extremistas para manifesta\u00e7\u00e3o em defesa do voto impresso (v\u00eddeo) - Blog do Farn\u00e9sio","isPartOf":{"@id":"https:\/\/blogdofarnesio.com.br\/#website"},"primaryImageOfPage":{"@id":"https:\/\/blogdofarnesio.com.br\/?p=291745#primaryimage"},"image":{"@id":"https:\/\/blogdofarnesio.com.br\/?p=291745#primaryimage"},"thumbnailUrl":"https:\/\/blogdofarnesio.com.br\/wp-content\/uploads\/2021\/07\/blogqspzeze-de-camargo-e1627406497466.jpg","datePublished":"2021-07-27T18:42:05+00:00","breadcrumb":{"@id":"https:\/\/blogdofarnesio.com.br\/?p=291745#breadcrumb"},"inLanguage":"pt-BR","potentialAction":[{"@type":"ReadAction","target":["https:\/\/blogdofarnesio.com.br\/?p=291745"]}]},{"@type":"ImageObject","inLanguage":"pt-BR","@id":"https:\/\/blogdofarnesio.com.br\/?p=291745#primaryimage","url":"https:\/\/blogdofarnesio.com.br\/wp-content\/uploads\/2021\/07\/blogqspzeze-de-camargo-e1627406497466.jpg","contentUrl":"https:\/\/blogdofarnesio.com.br\/wp-content\/uploads\/2021\/07\/blogqspzeze-de-camargo-e1627406497466.jpg","width":650,"height":312},{"@type":"BreadcrumbList","@id":"https:\/\/blogdofarnesio.com.br\/?p=291745#breadcrumb","itemListElement":[{"@type":"ListItem","position":1,"name":"In\u00edcio","item":"https:\/\/blogdofarnesio.com.br\/"},{"@type":"ListItem","position":2,"name":"Bolsonarista, Zez\u00e9 Di Camargo convoca extremistas para manifesta\u00e7\u00e3o em defesa do voto impresso (v\u00eddeo)"}]},{"@type":"WebSite","@id":"https:\/\/blogdofarnesio.com.br\/#website","url":"https:\/\/blogdofarnesio.com.br\/","name":"Blog do Farn\u00e9sio","description":"Quer Saber Pol\u00edtica?","publisher":{"@id":"https:\/\/blogdofarnesio.com.br\/#organization"},"potentialAction":[{"@type":"SearchAction","target":{"@type":"EntryPoint","urlTemplate":"https:\/\/blogdofarnesio.com.br\/?s={search_term_string}"},"query-input":{"@type":"PropertyValueSpecification","valueRequired":true,"valueName":"search_term_string"}}],"inLanguage":"pt-BR"},{"@type":"Organization","@id":"https:\/\/blogdofarnesio.com.br\/#organization","name":"Blog do Farn\u00e9sio","url":"https:\/\/blogdofarnesio.com.br\/","logo":{"@type":"ImageObject","inLanguage":"pt-BR","@id":"https:\/\/blogdofarnesio.com.br\/#\/schema\/logo\/image\/","url":"https:\/\/blogdofarnesio.com.br\/wp-content\/uploads\/2026\/03\/cropped-logo_new-1.png","contentUrl":"https:\/\/blogdofarnesio.com.br\/wp-content\/uploads\/2026\/03\/cropped-logo_new-1.png","width":881,"height":685,"caption":"Blog do Farn\u00e9sio"},"image":{"@id":"https:\/\/blogdofarnesio.com.br\/#\/schema\/logo\/image\/"},"sameAs":["https:\/\/www.facebook.com\/BlogQuerSaberPolitica\/"]},{"@type":"Person","@id":"https:\/\/blogdofarnesio.com.br\/#\/schema\/person\/301c4acf522bccbfdb45af95b5b906a1","name":"Farn\u00e9sio","image":{"@type":"ImageObject","inLanguage":"pt-BR","@id":"https:\/\/secure.gravatar.com\/avatar\/df0c9a14567c056f8ad6876ba5bbd1e3e2c48023eb6807342fc4663adf549f38?s=96&d=mm&r=g","url":"https:\/\/secure.gravatar.com\/avatar\/df0c9a14567c056f8ad6876ba5bbd1e3e2c48023eb6807342fc4663adf549f38?s=96&d=mm&r=g","contentUrl":"https:\/\/secure.gravatar.com\/avatar\/df0c9a14567c056f8ad6876ba5bbd1e3e2c48023eb6807342fc4663adf549f38?s=96&d=mm&r=g","caption":"Farn\u00e9sio"},"sameAs":["https:\/\/quersaberpolitica.com.br"],"url":"https:\/\/blogdofarnesio.com.br\/?author=1"}]}},"_links":{"self":[{"href":"https:\/\/blogdofarnesio.com.br\/index.php?rest_route=\/wp\/v2\/posts\/291745","targetHints":{"allow":["GET"]}}],"collection":[{"href":"https:\/\/blogdofarnesio.com.br\/index.php?rest_route=\/wp\/v2\/posts"}],"about":[{"href":"https:\/\/blogdofarnesio.com.br\/index.php?rest_route=\/wp\/v2\/types\/post"}],"author":[{"embeddable":true,"href":"https:\/\/blogdofarnesio.com.br\/index.php?rest_route=\/wp\/v2\/users\/1"}],"replies":[{"embeddable":true,"href":"https:\/\/blogdofarnesio.com.br\/index.php?rest_route=%2Fwp%2Fv2%2Fcomments&post=291745"}],"version-history":[{"count":0,"href":"https:\/\/blogdofarnesio.com.br\/index.php?rest_route=\/wp\/v2\/posts\/291745\/revisions"}],"wp:featuredmedia":[{"embeddable":true,"href":"https:\/\/blogdofarnesio.com.br\/index.php?rest_route=\/wp\/v2\/media\/291746"}],"wp:attachment":[{"href":"https:\/\/blogdofarnesio.com.br\/index.php?rest_route=%2Fwp%2Fv2%2Fmedia&parent=291745"}],"wp:term":[{"taxonomy":"category","embeddable":true,"href":"https:\/\/blogdofarnesio.com.br\/index.php?rest_route=%2Fwp%2Fv2%2Fcategories&post=291745"},{"taxonomy":"post_tag","embeddable":true,"href":"https:\/\/blogdofarnesio.com.br\/index.php?rest_route=%2Fwp%2Fv2%2Ftags&post=291745"}],"curies":[{"name":"wp","href":"https:\/\/api.w.org\/{rel}","templated":true}]}}