{"id":291736,"date":"2021-07-29T09:42:50","date_gmt":"2021-07-29T12:42:50","guid":{"rendered":"https:\/\/quersaberpolitica.com.br\/?p=291736"},"modified":"2021-07-29T08:53:58","modified_gmt":"2021-07-29T11:53:58","slug":"hospital-promatre-de-juazeiro-realiza-culto-ecumenico-nesta-quinta-feira-29","status":"publish","type":"post","link":"https:\/\/blogdofarnesio.com.br\/?p=291736","title":{"rendered":"Hospital Promatre de Juazeiro realiza Culto Ecum\u00eanico nesta quinta \u2013 feira (29)"},"content":{"rendered":"<div class=\"Tf Hh\">\n<div class=\"Kh\">Um momento de gratid\u00e3o ao Nosso Senhor Deus Pai pelas vidas salvas e de homenagem \u00e0s v\u00edtimas da pandemia da Covid \u2013 19.<\/div>\n<div><\/div>\n<div class=\"Kh\">O Hospital Promatre de Juazeiro vai realizar, de forma presencial, nesta quinta \u2013 feira (29), \u00e0s 17h, um Culto Ecum\u00eanico em A\u00e7\u00e3o de Gra\u00e7a no p\u00e1tio externo, obedecendo todas as medidas de seguran\u00e7a com rela\u00e7\u00e3o \u00e0 pandemia.<\/div>\n<\/div>\n<div class=\"ig\" data-onclick=\"cvmsgcontainercl+22\">\n<div id=\"cvcmsg_17ae83f68911ca9e\" class=\"Rf\">\n<div id=\"cvcfullmsg_17ae83f68911ca9e\" class=\"og\">\n<div id=\"cvcmsgbod_17ae83f68911ca9e\" class=\"th\">\n<div class=\"gh\">\n<div class=\"Gg Ig \" dir=\"ltr\">\n<div dir=\"ltr\">\n<div dir=\"ltr\">\n<div>\n<p>O culto, que tamb\u00e9m ser\u00e1 transmitido ao vivo pelo YouTube no canal: promatrejuazeiroba, vai ser ministrado pelo padre Jos\u00e9 Filipe Pulpayil, o pastor Robson Vieira Pereira e o representante da doutrina Esp\u00edrita, Gilberto Santana.<\/p>\n<p>Devidamente habilitada pelo Minist\u00e9rio da Sa\u00fade, a Unidade de Terapia Intensiva (UTI) para tratamento de pacientes com a Covid -19 da Promatre, conta com 20 leitos \u00e0 disposi\u00e7\u00e3o da Rede Interestadual de Sa\u00fade do Vale do M\u00e9dio S\u00e3o Francisco Pernambuco- Bahia, Rede PEBA.<\/p>\n<p>Destes, 10 s\u00e3o em parceria com a Secretaria da Sa\u00fade do Estado (Sesab) e 10 com o governo do Estado de Pernambuco e a prefeitura de Petrolina. O hospital disp\u00f5e ainda de mais 20 leitos de enfermaria para pacientes com sintomas leves da doen\u00e7a.<\/p>\n<p>De acordo com o diretor t\u00e9cnico do hospital, Pedro Borges Viana Filho, muitas vit\u00f3rias est\u00e3o sendo alcan\u00e7adas. &#8220;Apesar das ang\u00fastias e sofrimentos e pre\u00e7os exorbitantes na aquisi\u00e7\u00e3o de materiais e equipamentos o momento \u00e9 de agradecimento a Deus, continuaremos nesta luta enquanto necess\u00e1rio mesmo sabendo do risco de nossas pr\u00f3prias vidas&#8221;, concluiu.<\/p>\n<\/div>\n<div>\n<div><strong>&#8212;<\/strong><\/div>\n<div><strong>CLAS Comunica\u00e7\u00e3o &amp; Marketing<br \/>\n<\/strong><\/div>\n<\/div>\n<\/div>\n<\/div>\n<\/div>\n<\/div>\n<\/div>\n<\/div>\n<\/div>\n<\/div>\n","protected":false},"excerpt":{"rendered":"<p>Um momento de gratid\u00e3o ao Nosso Senhor Deus Pai pelas vidas salvas e de homenagem \u00e0s v\u00edtimas da pandemia da Covid \u2013 19. O Hospital Promatre de Juazeiro vai realizar, de forma presencial, nesta quinta \u2013 feira (29), \u00e0s 17h, um Culto Ecum\u00eanico em A\u00e7\u00e3o de Gra\u00e7a no p\u00e1tio externo, obedecendo todas as medidas de seguran\u00e7a com rela\u00e7\u00e3o \u00e0 pandemia. O culto, que tamb\u00e9m ser\u00e1 transmitido ao vivo pelo YouTube no canal: promatrejuazeiroba, vai ser ministrado pelo padre Jos\u00e9 Filipe Pulpayil, o pastor Robson Vieira Pereira e o representante da doutrina Esp\u00edrita, Gilberto Santana. Devidamente habilitada pelo Minist\u00e9rio da Sa\u00fade, a Unidade de Terapia Intensiva (UTI) para tratamento de pacientes com a Covid -19 da Promatre, conta com 20 leitos&hellip; <\/p>\n","protected":false},"author":1,"featured_media":291737,"comment_status":"closed","ping_status":"closed","sticky":false,"template":"","format":"standard","meta":{"_acf_changed":false,"footnotes":""},"categories":[7],"tags":[],"class_list":["post-291736","post","type-post","status-publish","format-standard","has-post-thumbnail","hentry","category-religiao"],"acf":[],"yoast_head":"<!-- This site is optimized with the Yoast SEO plugin v27.4 - https:\/\/yoast.com\/product\/yoast-seo-wordpress\/ -->\n<title>Hospital Promatre de Juazeiro realiza Culto Ecum\u00eanico nesta quinta \u2013 feira (29) - Blog do Farn\u00e9sio<\/title>\n<meta name=\"robots\" content=\"index, follow, max-snippet:-1, max-image-preview:large, max-video-preview:-1\" \/>\n<link rel=\"canonical\" href=\"http:\/\/blogdofarnesio.com.br\/?p=291736\" \/>\n<meta property=\"og:locale\" content=\"pt_BR\" \/>\n<meta property=\"og:type\" content=\"article\" \/>\n<meta property=\"og:title\" content=\"Hospital Promatre de Juazeiro realiza Culto Ecum\u00eanico nesta quinta \u2013 feira (29) - Blog do Farn\u00e9sio\" \/>\n<meta property=\"og:description\" content=\"Um momento de gratid\u00e3o ao Nosso Senhor Deus Pai pelas vidas salvas e de homenagem \u00e0s v\u00edtimas da pandemia da Covid \u2013 19. O Hospital Promatre de Juazeiro vai realizar, de forma presencial, nesta quinta \u2013 feira (29), \u00e0s 17h, um Culto Ecum\u00eanico em A\u00e7\u00e3o de Gra\u00e7a no p\u00e1tio externo, obedecendo todas as medidas de seguran\u00e7a com rela\u00e7\u00e3o \u00e0 pandemia. O culto, que tamb\u00e9m ser\u00e1 transmitido ao vivo pelo YouTube no canal: promatrejuazeiroba, vai ser ministrado pelo padre Jos\u00e9 Filipe Pulpayil, o pastor Robson Vieira Pereira e o representante da doutrina Esp\u00edrita, Gilberto Santana. Devidamente habilitada pelo Minist\u00e9rio da Sa\u00fade, a Unidade de Terapia Intensiva (UTI) para tratamento de pacientes com a Covid -19 da Promatre, conta com 20 leitos&hellip;\" \/>\n<meta property=\"og:url\" content=\"http:\/\/blogdofarnesio.com.br\/?p=291736\" \/>\n<meta property=\"og:site_name\" content=\"Blog do Farn\u00e9sio\" \/>\n<meta property=\"article:publisher\" content=\"https:\/\/www.facebook.com\/BlogQuerSaberPolitica\/\" \/>\n<meta property=\"article:published_time\" content=\"2021-07-29T12:42:50+00:00\" \/>\n<meta property=\"og:image\" content=\"http:\/\/blogdofarnesio.com.br\/wp-content\/uploads\/2021\/07\/IMG_1770-scaled-e1627402960331.jpg\" \/>\n\t<meta property=\"og:image:width\" content=\"560\" \/>\n\t<meta property=\"og:image:height\" content=\"373\" \/>\n\t<meta property=\"og:image:type\" content=\"image\/jpeg\" \/>\n<meta name=\"author\" content=\"Farn\u00e9sio\" \/>\n<meta name=\"twitter:card\" content=\"summary_large_image\" \/>\n<meta name=\"twitter:label1\" content=\"Escrito por\" \/>\n\t<meta name=\"twitter:data1\" content=\"Farn\u00e9sio\" \/>\n\t<meta name=\"twitter:label2\" content=\"Est. tempo de leitura\" \/>\n\t<meta name=\"twitter:data2\" content=\"1 minuto\" \/>\n<script type=\"application\/ld+json\" class=\"yoast-schema-graph\">{\"@context\":\"https:\\\/\\\/schema.org\",\"@graph\":[{\"@type\":\"Article\",\"@id\":\"http:\\\/\\\/blogdofarnesio.com.br\\\/?p=291736#article\",\"isPartOf\":{\"@id\":\"http:\\\/\\\/blogdofarnesio.com.br\\\/?p=291736\"},\"author\":{\"name\":\"Farn\u00e9sio\",\"@id\":\"https:\\\/\\\/blogdofarnesio.com.br\\\/#\\\/schema\\\/person\\\/301c4acf522bccbfdb45af95b5b906a1\"},\"headline\":\"Hospital Promatre de Juazeiro realiza Culto Ecum\u00eanico nesta quinta \u2013 feira (29)\",\"datePublished\":\"2021-07-29T12:42:50+00:00\",\"mainEntityOfPage\":{\"@id\":\"http:\\\/\\\/blogdofarnesio.com.br\\\/?p=291736\"},\"wordCount\":268,\"publisher\":{\"@id\":\"https:\\\/\\\/blogdofarnesio.com.br\\\/#organization\"},\"image\":{\"@id\":\"http:\\\/\\\/blogdofarnesio.com.br\\\/?p=291736#primaryimage\"},\"thumbnailUrl\":\"https:\\\/\\\/blogdofarnesio.com.br\\\/wp-content\\\/uploads\\\/2021\\\/07\\\/IMG_1770-scaled-e1627402960331.jpg\",\"articleSection\":[\"Religi\u00e3o\"],\"inLanguage\":\"pt-BR\"},{\"@type\":\"WebPage\",\"@id\":\"http:\\\/\\\/blogdofarnesio.com.br\\\/?p=291736\",\"url\":\"http:\\\/\\\/blogdofarnesio.com.br\\\/?p=291736\",\"name\":\"Hospital Promatre de Juazeiro realiza Culto Ecum\u00eanico nesta quinta \u2013 feira (29) - Blog do Farn\u00e9sio\",\"isPartOf\":{\"@id\":\"https:\\\/\\\/blogdofarnesio.com.br\\\/#website\"},\"primaryImageOfPage\":{\"@id\":\"http:\\\/\\\/blogdofarnesio.com.br\\\/?p=291736#primaryimage\"},\"image\":{\"@id\":\"http:\\\/\\\/blogdofarnesio.com.br\\\/?p=291736#primaryimage\"},\"thumbnailUrl\":\"https:\\\/\\\/blogdofarnesio.com.br\\\/wp-content\\\/uploads\\\/2021\\\/07\\\/IMG_1770-scaled-e1627402960331.jpg\",\"datePublished\":\"2021-07-29T12:42:50+00:00\",\"breadcrumb\":{\"@id\":\"http:\\\/\\\/blogdofarnesio.com.br\\\/?p=291736#breadcrumb\"},\"inLanguage\":\"pt-BR\",\"potentialAction\":[{\"@type\":\"ReadAction\",\"target\":[\"http:\\\/\\\/blogdofarnesio.com.br\\\/?p=291736\"]}]},{\"@type\":\"ImageObject\",\"inLanguage\":\"pt-BR\",\"@id\":\"http:\\\/\\\/blogdofarnesio.com.br\\\/?p=291736#primaryimage\",\"url\":\"https:\\\/\\\/blogdofarnesio.com.br\\\/wp-content\\\/uploads\\\/2021\\\/07\\\/IMG_1770-scaled-e1627402960331.jpg\",\"contentUrl\":\"https:\\\/\\\/blogdofarnesio.com.br\\\/wp-content\\\/uploads\\\/2021\\\/07\\\/IMG_1770-scaled-e1627402960331.jpg\",\"width\":560,\"height\":373},{\"@type\":\"BreadcrumbList\",\"@id\":\"http:\\\/\\\/blogdofarnesio.com.br\\\/?p=291736#breadcrumb\",\"itemListElement\":[{\"@type\":\"ListItem\",\"position\":1,\"name\":\"In\u00edcio\",\"item\":\"https:\\\/\\\/blogdofarnesio.com.br\\\/\"},{\"@type\":\"ListItem\",\"position\":2,\"name\":\"Hospital Promatre de Juazeiro realiza Culto Ecum\u00eanico nesta quinta \u2013 feira (29)\"}]},{\"@type\":\"WebSite\",\"@id\":\"https:\\\/\\\/blogdofarnesio.com.br\\\/#website\",\"url\":\"https:\\\/\\\/blogdofarnesio.com.br\\\/\",\"name\":\"Blog do Farn\u00e9sio\",\"description\":\"Quer Saber Pol\u00edtica?\",\"publisher\":{\"@id\":\"https:\\\/\\\/blogdofarnesio.com.br\\\/#organization\"},\"potentialAction\":[{\"@type\":\"SearchAction\",\"target\":{\"@type\":\"EntryPoint\",\"urlTemplate\":\"https:\\\/\\\/blogdofarnesio.com.br\\\/?s={search_term_string}\"},\"query-input\":{\"@type\":\"PropertyValueSpecification\",\"valueRequired\":true,\"valueName\":\"search_term_string\"}}],\"inLanguage\":\"pt-BR\"},{\"@type\":\"Organization\",\"@id\":\"https:\\\/\\\/blogdofarnesio.com.br\\\/#organization\",\"name\":\"Blog do Farn\u00e9sio\",\"url\":\"https:\\\/\\\/blogdofarnesio.com.br\\\/\",\"logo\":{\"@type\":\"ImageObject\",\"inLanguage\":\"pt-BR\",\"@id\":\"https:\\\/\\\/blogdofarnesio.com.br\\\/#\\\/schema\\\/logo\\\/image\\\/\",\"url\":\"https:\\\/\\\/blogdofarnesio.com.br\\\/wp-content\\\/uploads\\\/2026\\\/03\\\/cropped-logo_new-1.png\",\"contentUrl\":\"https:\\\/\\\/blogdofarnesio.com.br\\\/wp-content\\\/uploads\\\/2026\\\/03\\\/cropped-logo_new-1.png\",\"width\":881,\"height\":685,\"caption\":\"Blog do Farn\u00e9sio\"},\"image\":{\"@id\":\"https:\\\/\\\/blogdofarnesio.com.br\\\/#\\\/schema\\\/logo\\\/image\\\/\"},\"sameAs\":[\"https:\\\/\\\/www.facebook.com\\\/BlogQuerSaberPolitica\\\/\"]},{\"@type\":\"Person\",\"@id\":\"https:\\\/\\\/blogdofarnesio.com.br\\\/#\\\/schema\\\/person\\\/301c4acf522bccbfdb45af95b5b906a1\",\"name\":\"Farn\u00e9sio\",\"image\":{\"@type\":\"ImageObject\",\"inLanguage\":\"pt-BR\",\"@id\":\"https:\\\/\\\/secure.gravatar.com\\\/avatar\\\/df0c9a14567c056f8ad6876ba5bbd1e3e2c48023eb6807342fc4663adf549f38?s=96&d=mm&r=g\",\"url\":\"https:\\\/\\\/secure.gravatar.com\\\/avatar\\\/df0c9a14567c056f8ad6876ba5bbd1e3e2c48023eb6807342fc4663adf549f38?s=96&d=mm&r=g\",\"contentUrl\":\"https:\\\/\\\/secure.gravatar.com\\\/avatar\\\/df0c9a14567c056f8ad6876ba5bbd1e3e2c48023eb6807342fc4663adf549f38?s=96&d=mm&r=g\",\"caption\":\"Farn\u00e9sio\"},\"sameAs\":[\"https:\\\/\\\/quersaberpolitica.com.br\"],\"url\":\"https:\\\/\\\/blogdofarnesio.com.br\\\/?author=1\"}]}<\/script>\n<!-- \/ Yoast SEO plugin. -->","yoast_head_json":{"title":"Hospital Promatre de Juazeiro realiza Culto Ecum\u00eanico nesta quinta \u2013 feira (29) - Blog do Farn\u00e9sio","robots":{"index":"index","follow":"follow","max-snippet":"max-snippet:-1","max-image-preview":"max-image-preview:large","max-video-preview":"max-video-preview:-1"},"canonical":"http:\/\/blogdofarnesio.com.br\/?p=291736","og_locale":"pt_BR","og_type":"article","og_title":"Hospital Promatre de Juazeiro realiza Culto Ecum\u00eanico nesta quinta \u2013 feira (29) - Blog do Farn\u00e9sio","og_description":"Um momento de gratid\u00e3o ao Nosso Senhor Deus Pai pelas vidas salvas e de homenagem \u00e0s v\u00edtimas da pandemia da Covid \u2013 19. O Hospital Promatre de Juazeiro vai realizar, de forma presencial, nesta quinta \u2013 feira (29), \u00e0s 17h, um Culto Ecum\u00eanico em A\u00e7\u00e3o de Gra\u00e7a no p\u00e1tio externo, obedecendo todas as medidas de seguran\u00e7a com rela\u00e7\u00e3o \u00e0 pandemia. O culto, que tamb\u00e9m ser\u00e1 transmitido ao vivo pelo YouTube no canal: promatrejuazeiroba, vai ser ministrado pelo padre Jos\u00e9 Filipe Pulpayil, o pastor Robson Vieira Pereira e o representante da doutrina Esp\u00edrita, Gilberto Santana. Devidamente habilitada pelo Minist\u00e9rio da Sa\u00fade, a Unidade de Terapia Intensiva (UTI) para tratamento de pacientes com a Covid -19 da Promatre, conta com 20 leitos&hellip;","og_url":"http:\/\/blogdofarnesio.com.br\/?p=291736","og_site_name":"Blog do Farn\u00e9sio","article_publisher":"https:\/\/www.facebook.com\/BlogQuerSaberPolitica\/","article_published_time":"2021-07-29T12:42:50+00:00","og_image":[{"width":560,"height":373,"url":"http:\/\/blogdofarnesio.com.br\/wp-content\/uploads\/2021\/07\/IMG_1770-scaled-e1627402960331.jpg","type":"image\/jpeg"}],"author":"Farn\u00e9sio","twitter_card":"summary_large_image","twitter_misc":{"Escrito por":"Farn\u00e9sio","Est. tempo de leitura":"1 minuto"},"schema":{"@context":"https:\/\/schema.org","@graph":[{"@type":"Article","@id":"http:\/\/blogdofarnesio.com.br\/?p=291736#article","isPartOf":{"@id":"http:\/\/blogdofarnesio.com.br\/?p=291736"},"author":{"name":"Farn\u00e9sio","@id":"https:\/\/blogdofarnesio.com.br\/#\/schema\/person\/301c4acf522bccbfdb45af95b5b906a1"},"headline":"Hospital Promatre de Juazeiro realiza Culto Ecum\u00eanico nesta quinta \u2013 feira (29)","datePublished":"2021-07-29T12:42:50+00:00","mainEntityOfPage":{"@id":"http:\/\/blogdofarnesio.com.br\/?p=291736"},"wordCount":268,"publisher":{"@id":"https:\/\/blogdofarnesio.com.br\/#organization"},"image":{"@id":"http:\/\/blogdofarnesio.com.br\/?p=291736#primaryimage"},"thumbnailUrl":"https:\/\/blogdofarnesio.com.br\/wp-content\/uploads\/2021\/07\/IMG_1770-scaled-e1627402960331.jpg","articleSection":["Religi\u00e3o"],"inLanguage":"pt-BR"},{"@type":"WebPage","@id":"http:\/\/blogdofarnesio.com.br\/?p=291736","url":"http:\/\/blogdofarnesio.com.br\/?p=291736","name":"Hospital Promatre de Juazeiro realiza Culto Ecum\u00eanico nesta quinta \u2013 feira (29) - Blog do Farn\u00e9sio","isPartOf":{"@id":"https:\/\/blogdofarnesio.com.br\/#website"},"primaryImageOfPage":{"@id":"http:\/\/blogdofarnesio.com.br\/?p=291736#primaryimage"},"image":{"@id":"http:\/\/blogdofarnesio.com.br\/?p=291736#primaryimage"},"thumbnailUrl":"https:\/\/blogdofarnesio.com.br\/wp-content\/uploads\/2021\/07\/IMG_1770-scaled-e1627402960331.jpg","datePublished":"2021-07-29T12:42:50+00:00","breadcrumb":{"@id":"http:\/\/blogdofarnesio.com.br\/?p=291736#breadcrumb"},"inLanguage":"pt-BR","potentialAction":[{"@type":"ReadAction","target":["http:\/\/blogdofarnesio.com.br\/?p=291736"]}]},{"@type":"ImageObject","inLanguage":"pt-BR","@id":"http:\/\/blogdofarnesio.com.br\/?p=291736#primaryimage","url":"https:\/\/blogdofarnesio.com.br\/wp-content\/uploads\/2021\/07\/IMG_1770-scaled-e1627402960331.jpg","contentUrl":"https:\/\/blogdofarnesio.com.br\/wp-content\/uploads\/2021\/07\/IMG_1770-scaled-e1627402960331.jpg","width":560,"height":373},{"@type":"BreadcrumbList","@id":"http:\/\/blogdofarnesio.com.br\/?p=291736#breadcrumb","itemListElement":[{"@type":"ListItem","position":1,"name":"In\u00edcio","item":"https:\/\/blogdofarnesio.com.br\/"},{"@type":"ListItem","position":2,"name":"Hospital Promatre de Juazeiro realiza Culto Ecum\u00eanico nesta quinta \u2013 feira (29)"}]},{"@type":"WebSite","@id":"https:\/\/blogdofarnesio.com.br\/#website","url":"https:\/\/blogdofarnesio.com.br\/","name":"Blog do Farn\u00e9sio","description":"Quer Saber Pol\u00edtica?","publisher":{"@id":"https:\/\/blogdofarnesio.com.br\/#organization"},"potentialAction":[{"@type":"SearchAction","target":{"@type":"EntryPoint","urlTemplate":"https:\/\/blogdofarnesio.com.br\/?s={search_term_string}"},"query-input":{"@type":"PropertyValueSpecification","valueRequired":true,"valueName":"search_term_string"}}],"inLanguage":"pt-BR"},{"@type":"Organization","@id":"https:\/\/blogdofarnesio.com.br\/#organization","name":"Blog do Farn\u00e9sio","url":"https:\/\/blogdofarnesio.com.br\/","logo":{"@type":"ImageObject","inLanguage":"pt-BR","@id":"https:\/\/blogdofarnesio.com.br\/#\/schema\/logo\/image\/","url":"https:\/\/blogdofarnesio.com.br\/wp-content\/uploads\/2026\/03\/cropped-logo_new-1.png","contentUrl":"https:\/\/blogdofarnesio.com.br\/wp-content\/uploads\/2026\/03\/cropped-logo_new-1.png","width":881,"height":685,"caption":"Blog do Farn\u00e9sio"},"image":{"@id":"https:\/\/blogdofarnesio.com.br\/#\/schema\/logo\/image\/"},"sameAs":["https:\/\/www.facebook.com\/BlogQuerSaberPolitica\/"]},{"@type":"Person","@id":"https:\/\/blogdofarnesio.com.br\/#\/schema\/person\/301c4acf522bccbfdb45af95b5b906a1","name":"Farn\u00e9sio","image":{"@type":"ImageObject","inLanguage":"pt-BR","@id":"https:\/\/secure.gravatar.com\/avatar\/df0c9a14567c056f8ad6876ba5bbd1e3e2c48023eb6807342fc4663adf549f38?s=96&d=mm&r=g","url":"https:\/\/secure.gravatar.com\/avatar\/df0c9a14567c056f8ad6876ba5bbd1e3e2c48023eb6807342fc4663adf549f38?s=96&d=mm&r=g","contentUrl":"https:\/\/secure.gravatar.com\/avatar\/df0c9a14567c056f8ad6876ba5bbd1e3e2c48023eb6807342fc4663adf549f38?s=96&d=mm&r=g","caption":"Farn\u00e9sio"},"sameAs":["https:\/\/quersaberpolitica.com.br"],"url":"https:\/\/blogdofarnesio.com.br\/?author=1"}]}},"_links":{"self":[{"href":"https:\/\/blogdofarnesio.com.br\/index.php?rest_route=\/wp\/v2\/posts\/291736","targetHints":{"allow":["GET"]}}],"collection":[{"href":"https:\/\/blogdofarnesio.com.br\/index.php?rest_route=\/wp\/v2\/posts"}],"about":[{"href":"https:\/\/blogdofarnesio.com.br\/index.php?rest_route=\/wp\/v2\/types\/post"}],"author":[{"embeddable":true,"href":"https:\/\/blogdofarnesio.com.br\/index.php?rest_route=\/wp\/v2\/users\/1"}],"replies":[{"embeddable":true,"href":"https:\/\/blogdofarnesio.com.br\/index.php?rest_route=%2Fwp%2Fv2%2Fcomments&post=291736"}],"version-history":[{"count":0,"href":"https:\/\/blogdofarnesio.com.br\/index.php?rest_route=\/wp\/v2\/posts\/291736\/revisions"}],"wp:featuredmedia":[{"embeddable":true,"href":"https:\/\/blogdofarnesio.com.br\/index.php?rest_route=\/wp\/v2\/media\/291737"}],"wp:attachment":[{"href":"https:\/\/blogdofarnesio.com.br\/index.php?rest_route=%2Fwp%2Fv2%2Fmedia&parent=291736"}],"wp:term":[{"taxonomy":"category","embeddable":true,"href":"https:\/\/blogdofarnesio.com.br\/index.php?rest_route=%2Fwp%2Fv2%2Fcategories&post=291736"},{"taxonomy":"post_tag","embeddable":true,"href":"https:\/\/blogdofarnesio.com.br\/index.php?rest_route=%2Fwp%2Fv2%2Ftags&post=291736"}],"curies":[{"name":"wp","href":"https:\/\/api.w.org\/{rel}","templated":true}]}}