{"id":291729,"date":"2021-07-27T15:23:48","date_gmt":"2021-07-27T18:23:48","guid":{"rendered":"https:\/\/quersaberpolitica.com.br\/?p=291729"},"modified":"2021-07-27T14:12:54","modified_gmt":"2021-07-27T17:12:54","slug":"investimentos-melhoram-infraestrutura-e-condicoes-de-ensino-das-escolas-da-rede-municipal-de-petrolina","status":"publish","type":"post","link":"https:\/\/blogdofarnesio.com.br\/?p=291729","title":{"rendered":"Investimentos melhoram infraestrutura e condi\u00e7\u00f5es de ensino das Escolas da Rede Municipal de Petrolina"},"content":{"rendered":"<p>Demonstrando seu compromisso com a oferta de um ensino de qualidade na rede municipal, a Prefeitura de Petrolina, atrav\u00e9s da Secretaria de Educa\u00e7\u00e3o, Cultura e Esportes, vem promovendo desde o in\u00edcio da gest\u00e3o, obras de manuten\u00e7\u00e3o e revitaliza\u00e7\u00e3o em pr\u00e9dios escolares de diversas comunidades.<img loading=\"lazy\" decoding=\"async\" class=\"aligncenter size-full wp-image-291730\" src=\"https:\/\/quersaberpolitica.com.br\/wp-content\/uploads\/2021\/07\/Escola-Walter-Gil-e1627402025230.jpeg\" alt=\"\" width=\"668\" height=\"445\" \/> As melhorias das Unidades de Ensino fazem parte do planejamento estrat\u00e9gico da administra\u00e7\u00e3o, que pensa numa educa\u00e7\u00e3o cada vez mais humana, inclusiva e moderna.<\/p>\n<p>No bairro Pedra Linda, por exemplo, est\u00e3o sendo finalizadas as obras de reforma e amplia\u00e7\u00e3o da Escola Municipal Anete Rolim de Alburquerque Gomes, resultado de um investimento de R$1,6 milh\u00e3o, com recursos pr\u00f3prios.<\/p>\n<p>A Unidade est\u00e1 sendo beneficiada com a amplia\u00e7\u00e3o da cozinha, refeit\u00f3rio, p\u00e1tio, banheiros, reforma do piso da quadra, troca completa do telhado, pisos e revestimentos, al\u00e9m de realizar melhorias das instala\u00e7\u00f5es el\u00e9tricas para proporcionar a climatiza\u00e7\u00e3o completa da escola.<\/p>\n<p>J\u00e1 no Bairro Vila Imbiras, o pr\u00e9dio da Escola Rubem Amorim Ara\u00fajo, est\u00e1 sendo totalmente reconstru\u00eddo, com um investimento de mais de R$ 1 milh\u00e3o, feito pelo munic\u00edpio com recursos pr\u00f3prios.<\/p>\n<p>No local, est\u00e3o sendo erguidas novas salas, biblioteca e um espa\u00e7o para atendimento educacional especializado, al\u00e9m da amplia\u00e7\u00e3o da Secretaria, p\u00e1tio e banheiros, tudo isso adaptado \u00e0s normas de acessibilidade para pessoas com defici\u00eancia ou mobilidade reduzida.<\/p>\n<p>No bairro Mandacaru, a reforma est\u00e1 sendo feita no pr\u00e9dio da Escola Professor Walter Gil, com investimento de mais de R$1,4 milh\u00e3o, tamb\u00e9m com recursos pr\u00f3prios.<\/p>\n<p>A unidade ganhar\u00e1 a cobertura da quadra e ter\u00e1 sua infraestrutura f\u00edsica modernizada para melhor acomodar alunos, professores e funcion\u00e1rios. Esta escola est\u00e1 sendo contemplada tamb\u00e9m com a troca de revestimentos, instala\u00e7\u00f5es el\u00e9tricas e hidrosanit\u00e1rias, climatiza\u00e7\u00e3o total do pr\u00e9dio, al\u00e9m de um refor\u00e7o estrutural no pr\u00e9dio.<\/p>\n<p>No interior, a Prefeitura segue executando a reforma das Escolas Eduardo Souza, em Uru\u00e1s e Dr. Jos\u00e9 Ara\u00fajo, em S\u00edtio Rio Jardim, que juntas soam o investimento de mais de R$ 600 mil. Com as melhorias, os estudantes ter\u00e3o um ambiente mais seguro, confort\u00e1vel e adequado para pr\u00e1tica de atividades pedag\u00f3gicas.<\/p>\n<p>\u201cSeguindo um planejamento estrat\u00e9gico da Prefeitura de Petrolina para garantir qualidade do ensino, a dignidade e a sensa\u00e7\u00e3o de seguran\u00e7a nas nossas unidades de ensino, n\u00e3o medimos esfor\u00e7os para atingir as metas estabelecidas.<\/p>\n<p>Estamos orgulhosos de todas as conquistas, mas sempre com o p\u00e9 no ch\u00e3o, sabendo que ainda temos muito no que avan\u00e7ar. A Educa\u00e7\u00e3o de Petrolina tem se tornado cada vez mais humana e conectada, isso nos deixa bastante motivados\u201d, destacou o secret\u00e1rio de Educa\u00e7\u00e3o, Cultura e Esportes, Pl\u00ednio Amorim.<\/p>\n<p>Fotos: Alexandre Justino<\/p>\n<p>Texto: Elaine Barbosa- Assessora de Comunica\u00e7\u00e3o<\/p>\n","protected":false},"excerpt":{"rendered":"<p>Demonstrando seu compromisso com a oferta de um ensino de qualidade na rede municipal, a Prefeitura de Petrolina, atrav\u00e9s da Secretaria de Educa\u00e7\u00e3o, Cultura e Esportes, vem promovendo desde o in\u00edcio da gest\u00e3o, obras de manuten\u00e7\u00e3o e revitaliza\u00e7\u00e3o em pr\u00e9dios escolares de diversas comunidades. As melhorias das Unidades de Ensino fazem parte do planejamento estrat\u00e9gico da administra\u00e7\u00e3o, que pensa numa educa\u00e7\u00e3o cada vez mais humana, inclusiva e moderna. No bairro Pedra Linda, por exemplo, est\u00e3o sendo finalizadas as obras de reforma e amplia\u00e7\u00e3o da Escola Municipal Anete Rolim de Alburquerque Gomes, resultado de um investimento de R$1,6 milh\u00e3o, com recursos pr\u00f3prios. A Unidade est\u00e1 sendo beneficiada com a amplia\u00e7\u00e3o da cozinha, refeit\u00f3rio, p\u00e1tio, banheiros, reforma do piso da quadra, troca&hellip; <\/p>\n","protected":false},"author":1,"featured_media":291731,"comment_status":"closed","ping_status":"closed","sticky":false,"template":"","format":"standard","meta":{"_acf_changed":false,"footnotes":""},"categories":[44],"tags":[],"class_list":["post-291729","post","type-post","status-publish","format-standard","has-post-thumbnail","hentry","category-administracao"],"acf":[],"yoast_head":"<!-- This site is optimized with the Yoast SEO plugin v27.4 - https:\/\/yoast.com\/product\/yoast-seo-wordpress\/ -->\n<title>Investimentos melhoram infraestrutura e condi\u00e7\u00f5es de ensino das Escolas da Rede Municipal de Petrolina - Blog do Farn\u00e9sio<\/title>\n<meta name=\"robots\" content=\"index, follow, max-snippet:-1, max-image-preview:large, max-video-preview:-1\" \/>\n<link rel=\"canonical\" href=\"https:\/\/blogdofarnesio.com.br\/?p=291729\" \/>\n<meta property=\"og:locale\" content=\"pt_BR\" \/>\n<meta property=\"og:type\" content=\"article\" \/>\n<meta property=\"og:title\" content=\"Investimentos melhoram infraestrutura e condi\u00e7\u00f5es de ensino das Escolas da Rede Municipal de Petrolina - Blog do Farn\u00e9sio\" \/>\n<meta property=\"og:description\" content=\"Demonstrando seu compromisso com a oferta de um ensino de qualidade na rede municipal, a Prefeitura de Petrolina, atrav\u00e9s da Secretaria de Educa\u00e7\u00e3o, Cultura e Esportes, vem promovendo desde o in\u00edcio da gest\u00e3o, obras de manuten\u00e7\u00e3o e revitaliza\u00e7\u00e3o em pr\u00e9dios escolares de diversas comunidades. As melhorias das Unidades de Ensino fazem parte do planejamento estrat\u00e9gico da administra\u00e7\u00e3o, que pensa numa educa\u00e7\u00e3o cada vez mais humana, inclusiva e moderna. No bairro Pedra Linda, por exemplo, est\u00e3o sendo finalizadas as obras de reforma e amplia\u00e7\u00e3o da Escola Municipal Anete Rolim de Alburquerque Gomes, resultado de um investimento de R$1,6 milh\u00e3o, com recursos pr\u00f3prios. A Unidade est\u00e1 sendo beneficiada com a amplia\u00e7\u00e3o da cozinha, refeit\u00f3rio, p\u00e1tio, banheiros, reforma do piso da quadra, troca&hellip;\" \/>\n<meta property=\"og:url\" content=\"https:\/\/blogdofarnesio.com.br\/?p=291729\" \/>\n<meta property=\"og:site_name\" content=\"Blog do Farn\u00e9sio\" \/>\n<meta property=\"article:publisher\" content=\"https:\/\/www.facebook.com\/BlogQuerSaberPolitica\/\" \/>\n<meta property=\"article:published_time\" content=\"2021-07-27T18:23:48+00:00\" \/>\n<meta property=\"og:image\" content=\"https:\/\/blogdofarnesio.com.br\/wp-content\/uploads\/2021\/07\/Escola-Anete-Rolim-2-e1627402052616.jpeg\" \/>\n\t<meta property=\"og:image:width\" content=\"668\" \/>\n\t<meta property=\"og:image:height\" content=\"445\" \/>\n\t<meta property=\"og:image:type\" content=\"image\/jpeg\" \/>\n<meta name=\"author\" content=\"Farn\u00e9sio\" \/>\n<meta name=\"twitter:card\" content=\"summary_large_image\" \/>\n<meta name=\"twitter:label1\" content=\"Escrito por\" \/>\n\t<meta name=\"twitter:data1\" content=\"Farn\u00e9sio\" \/>\n\t<meta name=\"twitter:label2\" content=\"Est. tempo de leitura\" \/>\n\t<meta name=\"twitter:data2\" content=\"2 minutos\" \/>\n<script type=\"application\/ld+json\" class=\"yoast-schema-graph\">{\"@context\":\"https:\\\/\\\/schema.org\",\"@graph\":[{\"@type\":\"Article\",\"@id\":\"https:\\\/\\\/blogdofarnesio.com.br\\\/?p=291729#article\",\"isPartOf\":{\"@id\":\"https:\\\/\\\/blogdofarnesio.com.br\\\/?p=291729\"},\"author\":{\"name\":\"Farn\u00e9sio\",\"@id\":\"https:\\\/\\\/blogdofarnesio.com.br\\\/#\\\/schema\\\/person\\\/301c4acf522bccbfdb45af95b5b906a1\"},\"headline\":\"Investimentos melhoram infraestrutura e condi\u00e7\u00f5es de ensino das Escolas da Rede Municipal de Petrolina\",\"datePublished\":\"2021-07-27T18:23:48+00:00\",\"mainEntityOfPage\":{\"@id\":\"https:\\\/\\\/blogdofarnesio.com.br\\\/?p=291729\"},\"wordCount\":502,\"publisher\":{\"@id\":\"https:\\\/\\\/blogdofarnesio.com.br\\\/#organization\"},\"image\":{\"@id\":\"https:\\\/\\\/blogdofarnesio.com.br\\\/?p=291729#primaryimage\"},\"thumbnailUrl\":\"https:\\\/\\\/blogdofarnesio.com.br\\\/wp-content\\\/uploads\\\/2021\\\/07\\\/Escola-Anete-Rolim-2-e1627402052616.jpeg\",\"articleSection\":[\"Administra\u00e7\u00e3o\"],\"inLanguage\":\"pt-BR\"},{\"@type\":\"WebPage\",\"@id\":\"https:\\\/\\\/blogdofarnesio.com.br\\\/?p=291729\",\"url\":\"https:\\\/\\\/blogdofarnesio.com.br\\\/?p=291729\",\"name\":\"Investimentos melhoram infraestrutura e condi\u00e7\u00f5es de ensino das Escolas da Rede Municipal de Petrolina - Blog do Farn\u00e9sio\",\"isPartOf\":{\"@id\":\"https:\\\/\\\/blogdofarnesio.com.br\\\/#website\"},\"primaryImageOfPage\":{\"@id\":\"https:\\\/\\\/blogdofarnesio.com.br\\\/?p=291729#primaryimage\"},\"image\":{\"@id\":\"https:\\\/\\\/blogdofarnesio.com.br\\\/?p=291729#primaryimage\"},\"thumbnailUrl\":\"https:\\\/\\\/blogdofarnesio.com.br\\\/wp-content\\\/uploads\\\/2021\\\/07\\\/Escola-Anete-Rolim-2-e1627402052616.jpeg\",\"datePublished\":\"2021-07-27T18:23:48+00:00\",\"breadcrumb\":{\"@id\":\"https:\\\/\\\/blogdofarnesio.com.br\\\/?p=291729#breadcrumb\"},\"inLanguage\":\"pt-BR\",\"potentialAction\":[{\"@type\":\"ReadAction\",\"target\":[\"https:\\\/\\\/blogdofarnesio.com.br\\\/?p=291729\"]}]},{\"@type\":\"ImageObject\",\"inLanguage\":\"pt-BR\",\"@id\":\"https:\\\/\\\/blogdofarnesio.com.br\\\/?p=291729#primaryimage\",\"url\":\"https:\\\/\\\/blogdofarnesio.com.br\\\/wp-content\\\/uploads\\\/2021\\\/07\\\/Escola-Anete-Rolim-2-e1627402052616.jpeg\",\"contentUrl\":\"https:\\\/\\\/blogdofarnesio.com.br\\\/wp-content\\\/uploads\\\/2021\\\/07\\\/Escola-Anete-Rolim-2-e1627402052616.jpeg\",\"width\":668,\"height\":445},{\"@type\":\"BreadcrumbList\",\"@id\":\"https:\\\/\\\/blogdofarnesio.com.br\\\/?p=291729#breadcrumb\",\"itemListElement\":[{\"@type\":\"ListItem\",\"position\":1,\"name\":\"In\u00edcio\",\"item\":\"https:\\\/\\\/blogdofarnesio.com.br\\\/\"},{\"@type\":\"ListItem\",\"position\":2,\"name\":\"Investimentos melhoram infraestrutura e condi\u00e7\u00f5es de ensino das Escolas da Rede Municipal de Petrolina\"}]},{\"@type\":\"WebSite\",\"@id\":\"https:\\\/\\\/blogdofarnesio.com.br\\\/#website\",\"url\":\"https:\\\/\\\/blogdofarnesio.com.br\\\/\",\"name\":\"Blog do Farn\u00e9sio\",\"description\":\"Quer Saber Pol\u00edtica?\",\"publisher\":{\"@id\":\"https:\\\/\\\/blogdofarnesio.com.br\\\/#organization\"},\"potentialAction\":[{\"@type\":\"SearchAction\",\"target\":{\"@type\":\"EntryPoint\",\"urlTemplate\":\"https:\\\/\\\/blogdofarnesio.com.br\\\/?s={search_term_string}\"},\"query-input\":{\"@type\":\"PropertyValueSpecification\",\"valueRequired\":true,\"valueName\":\"search_term_string\"}}],\"inLanguage\":\"pt-BR\"},{\"@type\":\"Organization\",\"@id\":\"https:\\\/\\\/blogdofarnesio.com.br\\\/#organization\",\"name\":\"Blog do Farn\u00e9sio\",\"url\":\"https:\\\/\\\/blogdofarnesio.com.br\\\/\",\"logo\":{\"@type\":\"ImageObject\",\"inLanguage\":\"pt-BR\",\"@id\":\"https:\\\/\\\/blogdofarnesio.com.br\\\/#\\\/schema\\\/logo\\\/image\\\/\",\"url\":\"https:\\\/\\\/blogdofarnesio.com.br\\\/wp-content\\\/uploads\\\/2026\\\/03\\\/cropped-logo_new-1.png\",\"contentUrl\":\"https:\\\/\\\/blogdofarnesio.com.br\\\/wp-content\\\/uploads\\\/2026\\\/03\\\/cropped-logo_new-1.png\",\"width\":881,\"height\":685,\"caption\":\"Blog do Farn\u00e9sio\"},\"image\":{\"@id\":\"https:\\\/\\\/blogdofarnesio.com.br\\\/#\\\/schema\\\/logo\\\/image\\\/\"},\"sameAs\":[\"https:\\\/\\\/www.facebook.com\\\/BlogQuerSaberPolitica\\\/\"]},{\"@type\":\"Person\",\"@id\":\"https:\\\/\\\/blogdofarnesio.com.br\\\/#\\\/schema\\\/person\\\/301c4acf522bccbfdb45af95b5b906a1\",\"name\":\"Farn\u00e9sio\",\"image\":{\"@type\":\"ImageObject\",\"inLanguage\":\"pt-BR\",\"@id\":\"https:\\\/\\\/secure.gravatar.com\\\/avatar\\\/df0c9a14567c056f8ad6876ba5bbd1e3e2c48023eb6807342fc4663adf549f38?s=96&d=mm&r=g\",\"url\":\"https:\\\/\\\/secure.gravatar.com\\\/avatar\\\/df0c9a14567c056f8ad6876ba5bbd1e3e2c48023eb6807342fc4663adf549f38?s=96&d=mm&r=g\",\"contentUrl\":\"https:\\\/\\\/secure.gravatar.com\\\/avatar\\\/df0c9a14567c056f8ad6876ba5bbd1e3e2c48023eb6807342fc4663adf549f38?s=96&d=mm&r=g\",\"caption\":\"Farn\u00e9sio\"},\"sameAs\":[\"https:\\\/\\\/quersaberpolitica.com.br\"],\"url\":\"https:\\\/\\\/blogdofarnesio.com.br\\\/?author=1\"}]}<\/script>\n<!-- \/ Yoast SEO plugin. -->","yoast_head_json":{"title":"Investimentos melhoram infraestrutura e condi\u00e7\u00f5es de ensino das Escolas da Rede Municipal de Petrolina - Blog do Farn\u00e9sio","robots":{"index":"index","follow":"follow","max-snippet":"max-snippet:-1","max-image-preview":"max-image-preview:large","max-video-preview":"max-video-preview:-1"},"canonical":"https:\/\/blogdofarnesio.com.br\/?p=291729","og_locale":"pt_BR","og_type":"article","og_title":"Investimentos melhoram infraestrutura e condi\u00e7\u00f5es de ensino das Escolas da Rede Municipal de Petrolina - Blog do Farn\u00e9sio","og_description":"Demonstrando seu compromisso com a oferta de um ensino de qualidade na rede municipal, a Prefeitura de Petrolina, atrav\u00e9s da Secretaria de Educa\u00e7\u00e3o, Cultura e Esportes, vem promovendo desde o in\u00edcio da gest\u00e3o, obras de manuten\u00e7\u00e3o e revitaliza\u00e7\u00e3o em pr\u00e9dios escolares de diversas comunidades. As melhorias das Unidades de Ensino fazem parte do planejamento estrat\u00e9gico da administra\u00e7\u00e3o, que pensa numa educa\u00e7\u00e3o cada vez mais humana, inclusiva e moderna. No bairro Pedra Linda, por exemplo, est\u00e3o sendo finalizadas as obras de reforma e amplia\u00e7\u00e3o da Escola Municipal Anete Rolim de Alburquerque Gomes, resultado de um investimento de R$1,6 milh\u00e3o, com recursos pr\u00f3prios. A Unidade est\u00e1 sendo beneficiada com a amplia\u00e7\u00e3o da cozinha, refeit\u00f3rio, p\u00e1tio, banheiros, reforma do piso da quadra, troca&hellip;","og_url":"https:\/\/blogdofarnesio.com.br\/?p=291729","og_site_name":"Blog do Farn\u00e9sio","article_publisher":"https:\/\/www.facebook.com\/BlogQuerSaberPolitica\/","article_published_time":"2021-07-27T18:23:48+00:00","og_image":[{"width":668,"height":445,"url":"https:\/\/blogdofarnesio.com.br\/wp-content\/uploads\/2021\/07\/Escola-Anete-Rolim-2-e1627402052616.jpeg","type":"image\/jpeg"}],"author":"Farn\u00e9sio","twitter_card":"summary_large_image","twitter_misc":{"Escrito por":"Farn\u00e9sio","Est. tempo de leitura":"2 minutos"},"schema":{"@context":"https:\/\/schema.org","@graph":[{"@type":"Article","@id":"https:\/\/blogdofarnesio.com.br\/?p=291729#article","isPartOf":{"@id":"https:\/\/blogdofarnesio.com.br\/?p=291729"},"author":{"name":"Farn\u00e9sio","@id":"https:\/\/blogdofarnesio.com.br\/#\/schema\/person\/301c4acf522bccbfdb45af95b5b906a1"},"headline":"Investimentos melhoram infraestrutura e condi\u00e7\u00f5es de ensino das Escolas da Rede Municipal de Petrolina","datePublished":"2021-07-27T18:23:48+00:00","mainEntityOfPage":{"@id":"https:\/\/blogdofarnesio.com.br\/?p=291729"},"wordCount":502,"publisher":{"@id":"https:\/\/blogdofarnesio.com.br\/#organization"},"image":{"@id":"https:\/\/blogdofarnesio.com.br\/?p=291729#primaryimage"},"thumbnailUrl":"https:\/\/blogdofarnesio.com.br\/wp-content\/uploads\/2021\/07\/Escola-Anete-Rolim-2-e1627402052616.jpeg","articleSection":["Administra\u00e7\u00e3o"],"inLanguage":"pt-BR"},{"@type":"WebPage","@id":"https:\/\/blogdofarnesio.com.br\/?p=291729","url":"https:\/\/blogdofarnesio.com.br\/?p=291729","name":"Investimentos melhoram infraestrutura e condi\u00e7\u00f5es de ensino das Escolas da Rede Municipal de Petrolina - Blog do Farn\u00e9sio","isPartOf":{"@id":"https:\/\/blogdofarnesio.com.br\/#website"},"primaryImageOfPage":{"@id":"https:\/\/blogdofarnesio.com.br\/?p=291729#primaryimage"},"image":{"@id":"https:\/\/blogdofarnesio.com.br\/?p=291729#primaryimage"},"thumbnailUrl":"https:\/\/blogdofarnesio.com.br\/wp-content\/uploads\/2021\/07\/Escola-Anete-Rolim-2-e1627402052616.jpeg","datePublished":"2021-07-27T18:23:48+00:00","breadcrumb":{"@id":"https:\/\/blogdofarnesio.com.br\/?p=291729#breadcrumb"},"inLanguage":"pt-BR","potentialAction":[{"@type":"ReadAction","target":["https:\/\/blogdofarnesio.com.br\/?p=291729"]}]},{"@type":"ImageObject","inLanguage":"pt-BR","@id":"https:\/\/blogdofarnesio.com.br\/?p=291729#primaryimage","url":"https:\/\/blogdofarnesio.com.br\/wp-content\/uploads\/2021\/07\/Escola-Anete-Rolim-2-e1627402052616.jpeg","contentUrl":"https:\/\/blogdofarnesio.com.br\/wp-content\/uploads\/2021\/07\/Escola-Anete-Rolim-2-e1627402052616.jpeg","width":668,"height":445},{"@type":"BreadcrumbList","@id":"https:\/\/blogdofarnesio.com.br\/?p=291729#breadcrumb","itemListElement":[{"@type":"ListItem","position":1,"name":"In\u00edcio","item":"https:\/\/blogdofarnesio.com.br\/"},{"@type":"ListItem","position":2,"name":"Investimentos melhoram infraestrutura e condi\u00e7\u00f5es de ensino das Escolas da Rede Municipal de Petrolina"}]},{"@type":"WebSite","@id":"https:\/\/blogdofarnesio.com.br\/#website","url":"https:\/\/blogdofarnesio.com.br\/","name":"Blog do Farn\u00e9sio","description":"Quer Saber Pol\u00edtica?","publisher":{"@id":"https:\/\/blogdofarnesio.com.br\/#organization"},"potentialAction":[{"@type":"SearchAction","target":{"@type":"EntryPoint","urlTemplate":"https:\/\/blogdofarnesio.com.br\/?s={search_term_string}"},"query-input":{"@type":"PropertyValueSpecification","valueRequired":true,"valueName":"search_term_string"}}],"inLanguage":"pt-BR"},{"@type":"Organization","@id":"https:\/\/blogdofarnesio.com.br\/#organization","name":"Blog do Farn\u00e9sio","url":"https:\/\/blogdofarnesio.com.br\/","logo":{"@type":"ImageObject","inLanguage":"pt-BR","@id":"https:\/\/blogdofarnesio.com.br\/#\/schema\/logo\/image\/","url":"https:\/\/blogdofarnesio.com.br\/wp-content\/uploads\/2026\/03\/cropped-logo_new-1.png","contentUrl":"https:\/\/blogdofarnesio.com.br\/wp-content\/uploads\/2026\/03\/cropped-logo_new-1.png","width":881,"height":685,"caption":"Blog do Farn\u00e9sio"},"image":{"@id":"https:\/\/blogdofarnesio.com.br\/#\/schema\/logo\/image\/"},"sameAs":["https:\/\/www.facebook.com\/BlogQuerSaberPolitica\/"]},{"@type":"Person","@id":"https:\/\/blogdofarnesio.com.br\/#\/schema\/person\/301c4acf522bccbfdb45af95b5b906a1","name":"Farn\u00e9sio","image":{"@type":"ImageObject","inLanguage":"pt-BR","@id":"https:\/\/secure.gravatar.com\/avatar\/df0c9a14567c056f8ad6876ba5bbd1e3e2c48023eb6807342fc4663adf549f38?s=96&d=mm&r=g","url":"https:\/\/secure.gravatar.com\/avatar\/df0c9a14567c056f8ad6876ba5bbd1e3e2c48023eb6807342fc4663adf549f38?s=96&d=mm&r=g","contentUrl":"https:\/\/secure.gravatar.com\/avatar\/df0c9a14567c056f8ad6876ba5bbd1e3e2c48023eb6807342fc4663adf549f38?s=96&d=mm&r=g","caption":"Farn\u00e9sio"},"sameAs":["https:\/\/quersaberpolitica.com.br"],"url":"https:\/\/blogdofarnesio.com.br\/?author=1"}]}},"_links":{"self":[{"href":"https:\/\/blogdofarnesio.com.br\/index.php?rest_route=\/wp\/v2\/posts\/291729","targetHints":{"allow":["GET"]}}],"collection":[{"href":"https:\/\/blogdofarnesio.com.br\/index.php?rest_route=\/wp\/v2\/posts"}],"about":[{"href":"https:\/\/blogdofarnesio.com.br\/index.php?rest_route=\/wp\/v2\/types\/post"}],"author":[{"embeddable":true,"href":"https:\/\/blogdofarnesio.com.br\/index.php?rest_route=\/wp\/v2\/users\/1"}],"replies":[{"embeddable":true,"href":"https:\/\/blogdofarnesio.com.br\/index.php?rest_route=%2Fwp%2Fv2%2Fcomments&post=291729"}],"version-history":[{"count":0,"href":"https:\/\/blogdofarnesio.com.br\/index.php?rest_route=\/wp\/v2\/posts\/291729\/revisions"}],"wp:featuredmedia":[{"embeddable":true,"href":"https:\/\/blogdofarnesio.com.br\/index.php?rest_route=\/wp\/v2\/media\/291731"}],"wp:attachment":[{"href":"https:\/\/blogdofarnesio.com.br\/index.php?rest_route=%2Fwp%2Fv2%2Fmedia&parent=291729"}],"wp:term":[{"taxonomy":"category","embeddable":true,"href":"https:\/\/blogdofarnesio.com.br\/index.php?rest_route=%2Fwp%2Fv2%2Fcategories&post=291729"},{"taxonomy":"post_tag","embeddable":true,"href":"https:\/\/blogdofarnesio.com.br\/index.php?rest_route=%2Fwp%2Fv2%2Ftags&post=291729"}],"curies":[{"name":"wp","href":"https:\/\/api.w.org\/{rel}","templated":true}]}}