{"id":291702,"date":"2021-07-27T14:00:28","date_gmt":"2021-07-27T17:00:28","guid":{"rendered":"https:\/\/quersaberpolitica.com.br\/?p=291702"},"modified":"2021-07-27T10:21:34","modified_gmt":"2021-07-27T13:21:34","slug":"prefeitura-de-juazeiro-e-uneb-ampliam-cobertura-do-programa-universidade-para-todos-na-area-rural-do-municipio","status":"publish","type":"post","link":"https:\/\/blogdofarnesio.com.br\/?p=291702","title":{"rendered":"Prefeitura de Juazeiro e Uneb ampliam cobertura do Programa Universidade para Todos na \u00e1rea rural do munic\u00edpio"},"content":{"rendered":"<p>A Prefeitura de Juazeiro, atrav\u00e9s da Secretaria de Educa\u00e7\u00e3o e Juventude (Seduc), \u00a0em parceria com a Universidade do Estado da Bahia (Uneb) ampliou em toda \u00e1rea rural do munic\u00edpio, o n\u00famero de turmas que ser\u00e3o atendidas no segundo semestre de 2021, pelo Programa Universidade para Todos (UPT).<\/p>\n<p>Com a amplia\u00e7\u00e3o, al\u00e9m do distrito de Junco (\u00fanica turma da \u00e1rea rural onde funcionava a iniciativa), Mani\u00e7oba, Mandacaru, Carna\u00edba, Itamotinga, Juremal, Ab\u00f3bora, Pinh\u00f5es e Massaroca tamb\u00e9m ter\u00e3o turmas em funcionamento, com previs\u00e3o para in\u00edcio j\u00e1 na segunda quinzena de agosto.<\/p>\n<p>O UPT visa fortalecer a pol\u00edtica de acesso \u00e0 Educa\u00e7\u00e3o Superior, voltada para estudantes concluintes do ensino m\u00e9dio ou t\u00e9cnico, e egressos do ensino m\u00e9dio, ambos da rede p\u00fablica, por meio de curso pr\u00e9-vestibular gratuito.<\/p>\n<p>O munic\u00edpio de Juazeiro participa da a\u00e7\u00e3o com a disponibiliza\u00e7\u00e3o de pr\u00e9dios das escolas municipais e de profissionais para dar suporte \u00e0s atividades administrativas.<\/p>\n<p>Devido \u00e0 pandemia, o Programa acontece de forma remota, e no segundo semestre, com turmas unificadas, sendo: Carna\u00edba e Juremal (sede em Juremal), Ab\u00f3bora, Pinh\u00f5es e Massaroca (sede em Massaroca), Mani\u00e7oba, Itamotinga e Mandacaru (sede em Mani\u00e7oba), e Junco (sede na comunidade quilombola Alagadi\u00e7o, Baixo Salitre).<\/p>\n<p>Cada turma ser\u00e1 composta por 70 alunos, que participar\u00e3o de aulas s\u00edncronas e ass\u00edncronas, nas plataformas digitais Google Meet e Moodle Ava Uneb, respectivamente.<\/p>\n<p>\u201cFortalecemos o conv\u00eanio com a amplia\u00e7\u00e3o dessas turmas, trazendo para todo o interior mais uma pol\u00edtica p\u00fablica que valoriza a Educa\u00e7\u00e3o em nosso munic\u00edpio. Essa parceria com a Uneb \u00e9 mais uma iniciativa bem sucedida, que com certeza ir\u00e1 trazer bons frutos para o interior\u201d, destacou a prefeita de Juazeiro, Suzana Ramos.<\/p>\n<p>A diretora do Departamento de Ci\u00eancias Humanas (DCH-Uneb), Edonilce da Rocha, destacou a import\u00e2ncia da iniciativa de amplia\u00e7\u00e3o, pelo munic\u00edpio. \u201cA parceria com as prefeituras \u00e9 de fundamental import\u00e2ncia para o fortalecimento do projeto nos munic\u00edpios.<\/p>\n<p>Neste sentido, analiso a atitude da prefeita Suzana Ramos important\u00edssima e altamente qualificada, ao demandar da Uneb a abertura de novas turmas da UPT em Juazeiro\u201d, afirmou a Edonilce.<\/p>\n<p><strong>Oportunidades<\/strong><\/p>\n<p>Para a secret\u00e1ria de Educa\u00e7\u00e3o e Juventude, Normeide Almeida, a amplia\u00e7\u00e3o da oferta no interior, \u00e9 mais uma forma de trazer novas oportunidades para a juventude juazeirense.<\/p>\n<p>\u201cPromover a\u00e7\u00f5es que contribuam para a inser\u00e7\u00e3o dos jovens nas universidades, \u00e9 oportunizar a juventude um futuro melhor. A Educa\u00e7\u00e3o \u00e9 transformadora e garantir o acesso a todos \u00e9 mais um passo para promover essa transforma\u00e7\u00e3o\u201d, finalizou a secret\u00e1ria de Educa\u00e7\u00e3o e Juventude, Normeide Almeida.<\/p>\n<p>Brena Souza \u2013 Assessora de Imprensa da Seduc\/PMJ<\/p>\n","protected":false},"excerpt":{"rendered":"<p>A Prefeitura de Juazeiro, atrav\u00e9s da Secretaria de Educa\u00e7\u00e3o e Juventude (Seduc), \u00a0em parceria com a Universidade do Estado da Bahia (Uneb) ampliou em toda \u00e1rea rural do munic\u00edpio, o n\u00famero de turmas que ser\u00e3o atendidas no segundo semestre de 2021, pelo Programa Universidade para Todos (UPT). Com a amplia\u00e7\u00e3o, al\u00e9m do distrito de Junco (\u00fanica turma da \u00e1rea rural onde funcionava a iniciativa), Mani\u00e7oba, Mandacaru, Carna\u00edba, Itamotinga, Juremal, Ab\u00f3bora, Pinh\u00f5es e Massaroca tamb\u00e9m ter\u00e3o turmas em funcionamento, com previs\u00e3o para in\u00edcio j\u00e1 na segunda quinzena de agosto. O UPT visa fortalecer a pol\u00edtica de acesso \u00e0 Educa\u00e7\u00e3o Superior, voltada para estudantes concluintes do ensino m\u00e9dio ou t\u00e9cnico, e egressos do ensino m\u00e9dio, ambos da rede p\u00fablica, por meio de&hellip; <\/p>\n","protected":false},"author":1,"featured_media":125928,"comment_status":"closed","ping_status":"closed","sticky":false,"template":"","format":"standard","meta":{"_acf_changed":false,"footnotes":""},"categories":[44],"tags":[],"class_list":["post-291702","post","type-post","status-publish","format-standard","has-post-thumbnail","hentry","category-administracao"],"acf":[],"yoast_head":"<!-- This site is optimized with the Yoast SEO plugin v27.4 - https:\/\/yoast.com\/product\/yoast-seo-wordpress\/ -->\n<title>Prefeitura de Juazeiro e Uneb ampliam cobertura do Programa Universidade para Todos na \u00e1rea rural do munic\u00edpio - Blog do Farn\u00e9sio<\/title>\n<meta name=\"robots\" content=\"index, follow, max-snippet:-1, max-image-preview:large, max-video-preview:-1\" \/>\n<link rel=\"canonical\" href=\"https:\/\/blogdofarnesio.com.br\/?p=291702\" \/>\n<meta property=\"og:locale\" content=\"pt_BR\" \/>\n<meta property=\"og:type\" content=\"article\" \/>\n<meta property=\"og:title\" content=\"Prefeitura de Juazeiro e Uneb ampliam cobertura do Programa Universidade para Todos na \u00e1rea rural do munic\u00edpio - Blog do Farn\u00e9sio\" \/>\n<meta property=\"og:description\" content=\"A Prefeitura de Juazeiro, atrav\u00e9s da Secretaria de Educa\u00e7\u00e3o e Juventude (Seduc), \u00a0em parceria com a Universidade do Estado da Bahia (Uneb) ampliou em toda \u00e1rea rural do munic\u00edpio, o n\u00famero de turmas que ser\u00e3o atendidas no segundo semestre de 2021, pelo Programa Universidade para Todos (UPT). Com a amplia\u00e7\u00e3o, al\u00e9m do distrito de Junco (\u00fanica turma da \u00e1rea rural onde funcionava a iniciativa), Mani\u00e7oba, Mandacaru, Carna\u00edba, Itamotinga, Juremal, Ab\u00f3bora, Pinh\u00f5es e Massaroca tamb\u00e9m ter\u00e3o turmas em funcionamento, com previs\u00e3o para in\u00edcio j\u00e1 na segunda quinzena de agosto. O UPT visa fortalecer a pol\u00edtica de acesso \u00e0 Educa\u00e7\u00e3o Superior, voltada para estudantes concluintes do ensino m\u00e9dio ou t\u00e9cnico, e egressos do ensino m\u00e9dio, ambos da rede p\u00fablica, por meio de&hellip;\" \/>\n<meta property=\"og:url\" content=\"https:\/\/blogdofarnesio.com.br\/?p=291702\" \/>\n<meta property=\"og:site_name\" content=\"Blog do Farn\u00e9sio\" \/>\n<meta property=\"article:publisher\" content=\"https:\/\/www.facebook.com\/BlogQuerSaberPolitica\/\" \/>\n<meta property=\"article:published_time\" content=\"2021-07-27T17:00:28+00:00\" \/>\n<meta property=\"og:image\" content=\"https:\/\/blogdofarnesio.com.br\/wp-content\/uploads\/2015\/06\/blogqsp-universidade-para-todos.jpg\" \/>\n\t<meta property=\"og:image:width\" content=\"460\" \/>\n\t<meta property=\"og:image:height\" content=\"300\" \/>\n\t<meta property=\"og:image:type\" content=\"image\/jpeg\" \/>\n<meta name=\"author\" content=\"Farn\u00e9sio\" \/>\n<meta name=\"twitter:card\" content=\"summary_large_image\" \/>\n<meta name=\"twitter:label1\" content=\"Escrito por\" \/>\n\t<meta name=\"twitter:data1\" content=\"Farn\u00e9sio\" \/>\n\t<meta name=\"twitter:label2\" content=\"Est. tempo de leitura\" \/>\n\t<meta name=\"twitter:data2\" content=\"2 minutos\" \/>\n<script type=\"application\/ld+json\" class=\"yoast-schema-graph\">{\"@context\":\"https:\\\/\\\/schema.org\",\"@graph\":[{\"@type\":\"Article\",\"@id\":\"https:\\\/\\\/blogdofarnesio.com.br\\\/?p=291702#article\",\"isPartOf\":{\"@id\":\"https:\\\/\\\/blogdofarnesio.com.br\\\/?p=291702\"},\"author\":{\"name\":\"Farn\u00e9sio\",\"@id\":\"https:\\\/\\\/blogdofarnesio.com.br\\\/#\\\/schema\\\/person\\\/301c4acf522bccbfdb45af95b5b906a1\"},\"headline\":\"Prefeitura de Juazeiro e Uneb ampliam cobertura do Programa Universidade para Todos na \u00e1rea rural do munic\u00edpio\",\"datePublished\":\"2021-07-27T17:00:28+00:00\",\"mainEntityOfPage\":{\"@id\":\"https:\\\/\\\/blogdofarnesio.com.br\\\/?p=291702\"},\"wordCount\":480,\"publisher\":{\"@id\":\"https:\\\/\\\/blogdofarnesio.com.br\\\/#organization\"},\"image\":{\"@id\":\"https:\\\/\\\/blogdofarnesio.com.br\\\/?p=291702#primaryimage\"},\"thumbnailUrl\":\"https:\\\/\\\/blogdofarnesio.com.br\\\/wp-content\\\/uploads\\\/2015\\\/06\\\/blogqsp-universidade-para-todos.jpg\",\"articleSection\":[\"Administra\u00e7\u00e3o\"],\"inLanguage\":\"pt-BR\"},{\"@type\":\"WebPage\",\"@id\":\"https:\\\/\\\/blogdofarnesio.com.br\\\/?p=291702\",\"url\":\"https:\\\/\\\/blogdofarnesio.com.br\\\/?p=291702\",\"name\":\"Prefeitura de Juazeiro e Uneb ampliam cobertura do Programa Universidade para Todos na \u00e1rea rural do munic\u00edpio - Blog do Farn\u00e9sio\",\"isPartOf\":{\"@id\":\"https:\\\/\\\/blogdofarnesio.com.br\\\/#website\"},\"primaryImageOfPage\":{\"@id\":\"https:\\\/\\\/blogdofarnesio.com.br\\\/?p=291702#primaryimage\"},\"image\":{\"@id\":\"https:\\\/\\\/blogdofarnesio.com.br\\\/?p=291702#primaryimage\"},\"thumbnailUrl\":\"https:\\\/\\\/blogdofarnesio.com.br\\\/wp-content\\\/uploads\\\/2015\\\/06\\\/blogqsp-universidade-para-todos.jpg\",\"datePublished\":\"2021-07-27T17:00:28+00:00\",\"breadcrumb\":{\"@id\":\"https:\\\/\\\/blogdofarnesio.com.br\\\/?p=291702#breadcrumb\"},\"inLanguage\":\"pt-BR\",\"potentialAction\":[{\"@type\":\"ReadAction\",\"target\":[\"https:\\\/\\\/blogdofarnesio.com.br\\\/?p=291702\"]}]},{\"@type\":\"ImageObject\",\"inLanguage\":\"pt-BR\",\"@id\":\"https:\\\/\\\/blogdofarnesio.com.br\\\/?p=291702#primaryimage\",\"url\":\"https:\\\/\\\/blogdofarnesio.com.br\\\/wp-content\\\/uploads\\\/2015\\\/06\\\/blogqsp-universidade-para-todos.jpg\",\"contentUrl\":\"https:\\\/\\\/blogdofarnesio.com.br\\\/wp-content\\\/uploads\\\/2015\\\/06\\\/blogqsp-universidade-para-todos.jpg\",\"width\":460,\"height\":300},{\"@type\":\"BreadcrumbList\",\"@id\":\"https:\\\/\\\/blogdofarnesio.com.br\\\/?p=291702#breadcrumb\",\"itemListElement\":[{\"@type\":\"ListItem\",\"position\":1,\"name\":\"In\u00edcio\",\"item\":\"https:\\\/\\\/blogdofarnesio.com.br\\\/\"},{\"@type\":\"ListItem\",\"position\":2,\"name\":\"Prefeitura de Juazeiro e Uneb ampliam cobertura do Programa Universidade para Todos na \u00e1rea rural do munic\u00edpio\"}]},{\"@type\":\"WebSite\",\"@id\":\"https:\\\/\\\/blogdofarnesio.com.br\\\/#website\",\"url\":\"https:\\\/\\\/blogdofarnesio.com.br\\\/\",\"name\":\"Blog do Farn\u00e9sio\",\"description\":\"Quer Saber Pol\u00edtica?\",\"publisher\":{\"@id\":\"https:\\\/\\\/blogdofarnesio.com.br\\\/#organization\"},\"potentialAction\":[{\"@type\":\"SearchAction\",\"target\":{\"@type\":\"EntryPoint\",\"urlTemplate\":\"https:\\\/\\\/blogdofarnesio.com.br\\\/?s={search_term_string}\"},\"query-input\":{\"@type\":\"PropertyValueSpecification\",\"valueRequired\":true,\"valueName\":\"search_term_string\"}}],\"inLanguage\":\"pt-BR\"},{\"@type\":\"Organization\",\"@id\":\"https:\\\/\\\/blogdofarnesio.com.br\\\/#organization\",\"name\":\"Blog do Farn\u00e9sio\",\"url\":\"https:\\\/\\\/blogdofarnesio.com.br\\\/\",\"logo\":{\"@type\":\"ImageObject\",\"inLanguage\":\"pt-BR\",\"@id\":\"https:\\\/\\\/blogdofarnesio.com.br\\\/#\\\/schema\\\/logo\\\/image\\\/\",\"url\":\"https:\\\/\\\/blogdofarnesio.com.br\\\/wp-content\\\/uploads\\\/2026\\\/03\\\/cropped-logo_new-1.png\",\"contentUrl\":\"https:\\\/\\\/blogdofarnesio.com.br\\\/wp-content\\\/uploads\\\/2026\\\/03\\\/cropped-logo_new-1.png\",\"width\":881,\"height\":685,\"caption\":\"Blog do Farn\u00e9sio\"},\"image\":{\"@id\":\"https:\\\/\\\/blogdofarnesio.com.br\\\/#\\\/schema\\\/logo\\\/image\\\/\"},\"sameAs\":[\"https:\\\/\\\/www.facebook.com\\\/BlogQuerSaberPolitica\\\/\"]},{\"@type\":\"Person\",\"@id\":\"https:\\\/\\\/blogdofarnesio.com.br\\\/#\\\/schema\\\/person\\\/301c4acf522bccbfdb45af95b5b906a1\",\"name\":\"Farn\u00e9sio\",\"image\":{\"@type\":\"ImageObject\",\"inLanguage\":\"pt-BR\",\"@id\":\"https:\\\/\\\/secure.gravatar.com\\\/avatar\\\/df0c9a14567c056f8ad6876ba5bbd1e3e2c48023eb6807342fc4663adf549f38?s=96&d=mm&r=g\",\"url\":\"https:\\\/\\\/secure.gravatar.com\\\/avatar\\\/df0c9a14567c056f8ad6876ba5bbd1e3e2c48023eb6807342fc4663adf549f38?s=96&d=mm&r=g\",\"contentUrl\":\"https:\\\/\\\/secure.gravatar.com\\\/avatar\\\/df0c9a14567c056f8ad6876ba5bbd1e3e2c48023eb6807342fc4663adf549f38?s=96&d=mm&r=g\",\"caption\":\"Farn\u00e9sio\"},\"sameAs\":[\"https:\\\/\\\/quersaberpolitica.com.br\"],\"url\":\"https:\\\/\\\/blogdofarnesio.com.br\\\/?author=1\"}]}<\/script>\n<!-- \/ Yoast SEO plugin. -->","yoast_head_json":{"title":"Prefeitura de Juazeiro e Uneb ampliam cobertura do Programa Universidade para Todos na \u00e1rea rural do munic\u00edpio - Blog do Farn\u00e9sio","robots":{"index":"index","follow":"follow","max-snippet":"max-snippet:-1","max-image-preview":"max-image-preview:large","max-video-preview":"max-video-preview:-1"},"canonical":"https:\/\/blogdofarnesio.com.br\/?p=291702","og_locale":"pt_BR","og_type":"article","og_title":"Prefeitura de Juazeiro e Uneb ampliam cobertura do Programa Universidade para Todos na \u00e1rea rural do munic\u00edpio - Blog do Farn\u00e9sio","og_description":"A Prefeitura de Juazeiro, atrav\u00e9s da Secretaria de Educa\u00e7\u00e3o e Juventude (Seduc), \u00a0em parceria com a Universidade do Estado da Bahia (Uneb) ampliou em toda \u00e1rea rural do munic\u00edpio, o n\u00famero de turmas que ser\u00e3o atendidas no segundo semestre de 2021, pelo Programa Universidade para Todos (UPT). Com a amplia\u00e7\u00e3o, al\u00e9m do distrito de Junco (\u00fanica turma da \u00e1rea rural onde funcionava a iniciativa), Mani\u00e7oba, Mandacaru, Carna\u00edba, Itamotinga, Juremal, Ab\u00f3bora, Pinh\u00f5es e Massaroca tamb\u00e9m ter\u00e3o turmas em funcionamento, com previs\u00e3o para in\u00edcio j\u00e1 na segunda quinzena de agosto. O UPT visa fortalecer a pol\u00edtica de acesso \u00e0 Educa\u00e7\u00e3o Superior, voltada para estudantes concluintes do ensino m\u00e9dio ou t\u00e9cnico, e egressos do ensino m\u00e9dio, ambos da rede p\u00fablica, por meio de&hellip;","og_url":"https:\/\/blogdofarnesio.com.br\/?p=291702","og_site_name":"Blog do Farn\u00e9sio","article_publisher":"https:\/\/www.facebook.com\/BlogQuerSaberPolitica\/","article_published_time":"2021-07-27T17:00:28+00:00","og_image":[{"width":460,"height":300,"url":"https:\/\/blogdofarnesio.com.br\/wp-content\/uploads\/2015\/06\/blogqsp-universidade-para-todos.jpg","type":"image\/jpeg"}],"author":"Farn\u00e9sio","twitter_card":"summary_large_image","twitter_misc":{"Escrito por":"Farn\u00e9sio","Est. tempo de leitura":"2 minutos"},"schema":{"@context":"https:\/\/schema.org","@graph":[{"@type":"Article","@id":"https:\/\/blogdofarnesio.com.br\/?p=291702#article","isPartOf":{"@id":"https:\/\/blogdofarnesio.com.br\/?p=291702"},"author":{"name":"Farn\u00e9sio","@id":"https:\/\/blogdofarnesio.com.br\/#\/schema\/person\/301c4acf522bccbfdb45af95b5b906a1"},"headline":"Prefeitura de Juazeiro e Uneb ampliam cobertura do Programa Universidade para Todos na \u00e1rea rural do munic\u00edpio","datePublished":"2021-07-27T17:00:28+00:00","mainEntityOfPage":{"@id":"https:\/\/blogdofarnesio.com.br\/?p=291702"},"wordCount":480,"publisher":{"@id":"https:\/\/blogdofarnesio.com.br\/#organization"},"image":{"@id":"https:\/\/blogdofarnesio.com.br\/?p=291702#primaryimage"},"thumbnailUrl":"https:\/\/blogdofarnesio.com.br\/wp-content\/uploads\/2015\/06\/blogqsp-universidade-para-todos.jpg","articleSection":["Administra\u00e7\u00e3o"],"inLanguage":"pt-BR"},{"@type":"WebPage","@id":"https:\/\/blogdofarnesio.com.br\/?p=291702","url":"https:\/\/blogdofarnesio.com.br\/?p=291702","name":"Prefeitura de Juazeiro e Uneb ampliam cobertura do Programa Universidade para Todos na \u00e1rea rural do munic\u00edpio - Blog do Farn\u00e9sio","isPartOf":{"@id":"https:\/\/blogdofarnesio.com.br\/#website"},"primaryImageOfPage":{"@id":"https:\/\/blogdofarnesio.com.br\/?p=291702#primaryimage"},"image":{"@id":"https:\/\/blogdofarnesio.com.br\/?p=291702#primaryimage"},"thumbnailUrl":"https:\/\/blogdofarnesio.com.br\/wp-content\/uploads\/2015\/06\/blogqsp-universidade-para-todos.jpg","datePublished":"2021-07-27T17:00:28+00:00","breadcrumb":{"@id":"https:\/\/blogdofarnesio.com.br\/?p=291702#breadcrumb"},"inLanguage":"pt-BR","potentialAction":[{"@type":"ReadAction","target":["https:\/\/blogdofarnesio.com.br\/?p=291702"]}]},{"@type":"ImageObject","inLanguage":"pt-BR","@id":"https:\/\/blogdofarnesio.com.br\/?p=291702#primaryimage","url":"https:\/\/blogdofarnesio.com.br\/wp-content\/uploads\/2015\/06\/blogqsp-universidade-para-todos.jpg","contentUrl":"https:\/\/blogdofarnesio.com.br\/wp-content\/uploads\/2015\/06\/blogqsp-universidade-para-todos.jpg","width":460,"height":300},{"@type":"BreadcrumbList","@id":"https:\/\/blogdofarnesio.com.br\/?p=291702#breadcrumb","itemListElement":[{"@type":"ListItem","position":1,"name":"In\u00edcio","item":"https:\/\/blogdofarnesio.com.br\/"},{"@type":"ListItem","position":2,"name":"Prefeitura de Juazeiro e Uneb ampliam cobertura do Programa Universidade para Todos na \u00e1rea rural do munic\u00edpio"}]},{"@type":"WebSite","@id":"https:\/\/blogdofarnesio.com.br\/#website","url":"https:\/\/blogdofarnesio.com.br\/","name":"Blog do Farn\u00e9sio","description":"Quer Saber Pol\u00edtica?","publisher":{"@id":"https:\/\/blogdofarnesio.com.br\/#organization"},"potentialAction":[{"@type":"SearchAction","target":{"@type":"EntryPoint","urlTemplate":"https:\/\/blogdofarnesio.com.br\/?s={search_term_string}"},"query-input":{"@type":"PropertyValueSpecification","valueRequired":true,"valueName":"search_term_string"}}],"inLanguage":"pt-BR"},{"@type":"Organization","@id":"https:\/\/blogdofarnesio.com.br\/#organization","name":"Blog do Farn\u00e9sio","url":"https:\/\/blogdofarnesio.com.br\/","logo":{"@type":"ImageObject","inLanguage":"pt-BR","@id":"https:\/\/blogdofarnesio.com.br\/#\/schema\/logo\/image\/","url":"https:\/\/blogdofarnesio.com.br\/wp-content\/uploads\/2026\/03\/cropped-logo_new-1.png","contentUrl":"https:\/\/blogdofarnesio.com.br\/wp-content\/uploads\/2026\/03\/cropped-logo_new-1.png","width":881,"height":685,"caption":"Blog do Farn\u00e9sio"},"image":{"@id":"https:\/\/blogdofarnesio.com.br\/#\/schema\/logo\/image\/"},"sameAs":["https:\/\/www.facebook.com\/BlogQuerSaberPolitica\/"]},{"@type":"Person","@id":"https:\/\/blogdofarnesio.com.br\/#\/schema\/person\/301c4acf522bccbfdb45af95b5b906a1","name":"Farn\u00e9sio","image":{"@type":"ImageObject","inLanguage":"pt-BR","@id":"https:\/\/secure.gravatar.com\/avatar\/df0c9a14567c056f8ad6876ba5bbd1e3e2c48023eb6807342fc4663adf549f38?s=96&d=mm&r=g","url":"https:\/\/secure.gravatar.com\/avatar\/df0c9a14567c056f8ad6876ba5bbd1e3e2c48023eb6807342fc4663adf549f38?s=96&d=mm&r=g","contentUrl":"https:\/\/secure.gravatar.com\/avatar\/df0c9a14567c056f8ad6876ba5bbd1e3e2c48023eb6807342fc4663adf549f38?s=96&d=mm&r=g","caption":"Farn\u00e9sio"},"sameAs":["https:\/\/quersaberpolitica.com.br"],"url":"https:\/\/blogdofarnesio.com.br\/?author=1"}]}},"_links":{"self":[{"href":"https:\/\/blogdofarnesio.com.br\/index.php?rest_route=\/wp\/v2\/posts\/291702","targetHints":{"allow":["GET"]}}],"collection":[{"href":"https:\/\/blogdofarnesio.com.br\/index.php?rest_route=\/wp\/v2\/posts"}],"about":[{"href":"https:\/\/blogdofarnesio.com.br\/index.php?rest_route=\/wp\/v2\/types\/post"}],"author":[{"embeddable":true,"href":"https:\/\/blogdofarnesio.com.br\/index.php?rest_route=\/wp\/v2\/users\/1"}],"replies":[{"embeddable":true,"href":"https:\/\/blogdofarnesio.com.br\/index.php?rest_route=%2Fwp%2Fv2%2Fcomments&post=291702"}],"version-history":[{"count":0,"href":"https:\/\/blogdofarnesio.com.br\/index.php?rest_route=\/wp\/v2\/posts\/291702\/revisions"}],"wp:featuredmedia":[{"embeddable":true,"href":"https:\/\/blogdofarnesio.com.br\/index.php?rest_route=\/wp\/v2\/media\/125928"}],"wp:attachment":[{"href":"https:\/\/blogdofarnesio.com.br\/index.php?rest_route=%2Fwp%2Fv2%2Fmedia&parent=291702"}],"wp:term":[{"taxonomy":"category","embeddable":true,"href":"https:\/\/blogdofarnesio.com.br\/index.php?rest_route=%2Fwp%2Fv2%2Fcategories&post=291702"},{"taxonomy":"post_tag","embeddable":true,"href":"https:\/\/blogdofarnesio.com.br\/index.php?rest_route=%2Fwp%2Fv2%2Ftags&post=291702"}],"curies":[{"name":"wp","href":"https:\/\/api.w.org\/{rel}","templated":true}]}}