{"id":291698,"date":"2021-07-27T14:22:45","date_gmt":"2021-07-27T17:22:45","guid":{"rendered":"https:\/\/quersaberpolitica.com.br\/?p=291698"},"modified":"2021-07-27T10:23:54","modified_gmt":"2021-07-27T13:23:54","slug":"castramovel-retorna-para-o-loteamento-recife-para-castracoes-os-animais-de-rua","status":"publish","type":"post","link":"https:\/\/blogdofarnesio.com.br\/?p=291698","title":{"rendered":"Castram\u00f3vel retorna para o Loteamento Recife para castra\u00e7\u00f5es os animais de rua"},"content":{"rendered":"<p>Nesta ter\u00e7a-feira (27), seguindo o cronograma de castra\u00e7\u00f5es montado pelo Centro de Controle das Zoonoses (CCZ), o Castram\u00f3vel retorna para o bairro Loteamento Recife.<\/p>\n<p>O objetivo \u00e9 fazer a castra\u00e7\u00e3o de oito animais de rua por dia. Ap\u00f3s o procedimento, eles ser\u00e3o direcionados para o CCZ, onde ficar\u00e3o para os cuidados p\u00f3s-cir\u00fargicos.<\/p>\n<p>Al\u00e9m disso, um dia ser\u00e1 diponibilizado um dia para realizar oito procedimentos em c\u00e3es e gatos que foram resgatados das ruas por protetores ou ONG&#8217;s.<\/p>\n<p>Nestes casos, a responsabilidade com cuidados p\u00f3s-cir\u00fargicos ficar\u00e1 com os cuidadores. Para esta a\u00e7\u00e3o, est\u00e1 sendo montado um planejamento e n\u00e3o ser\u00e1 demanda livre, os protetores e as institui\u00e7\u00f5es s\u00f3 ser\u00e3o atendidas mediante agendamento.<\/p>\n<p>As castra\u00e7\u00f5es visam evitar o crescimento populacional dos animais, bem como a prolifera\u00e7\u00e3o de doen\u00e7as. \u201cEstamos com as a\u00e7\u00f5es do Castram\u00f3vel desde o come\u00e7o do m\u00eas, iniciamos no Loteamento Recife e vamos concluir esta segunda etapa l\u00e1 mesmo.<\/p>\n<p>Na primeira castramos 25 animais, destes, dois foram adotados e os demais n\u00f3s levamos de volta para o bairro. Pedimos \u00e0s pessoas que gostam de animais e que queiram adotar, que \u00e9 s\u00f3 ir at\u00e9 o CCZ. \u201d, explicou o diretor da Vigil\u00e2ncia Sanit\u00e1ria, Marcelo Gama.<\/p>\n<p>Castram\u00f3vel<\/p>\n<p>Para a realiza\u00e7\u00e3o dos procedimentos, dois m\u00e9dicos veterin\u00e1rios atuam na unidade. O ve\u00edculo est\u00e1 equipado com autoclave, geladeira para vacinas, kits de cirurgia, cilindro de oxig\u00eanio e aparelho de anestesia inalat\u00f3ria. O Castram\u00f3vel tem estrutura para realiza\u00e7\u00e3o de at\u00e9 50 procedimentos por semana.<\/p>\n<p>_______________________<\/p>\n<p>Fotos: Jonas Santos<\/p>\n<p>Texto: D\u00e9bora Sousa \u2013 Assessoria de Comunica\u00e7\u00e3o da Secretaria de Sa\u00fade<\/p>\n","protected":false},"excerpt":{"rendered":"<p>Nesta ter\u00e7a-feira (27), seguindo o cronograma de castra\u00e7\u00f5es montado pelo Centro de Controle das Zoonoses (CCZ), o Castram\u00f3vel retorna para o bairro Loteamento Recife. O objetivo \u00e9 fazer a castra\u00e7\u00e3o de oito animais de rua por dia. Ap\u00f3s o procedimento, eles ser\u00e3o direcionados para o CCZ, onde ficar\u00e3o para os cuidados p\u00f3s-cir\u00fargicos. Al\u00e9m disso, um dia ser\u00e1 diponibilizado um dia para realizar oito procedimentos em c\u00e3es e gatos que foram resgatados das ruas por protetores ou ONG&#8217;s. Nestes casos, a responsabilidade com cuidados p\u00f3s-cir\u00fargicos ficar\u00e1 com os cuidadores. Para esta a\u00e7\u00e3o, est\u00e1 sendo montado um planejamento e n\u00e3o ser\u00e1 demanda livre, os protetores e as institui\u00e7\u00f5es s\u00f3 ser\u00e3o atendidas mediante agendamento. As castra\u00e7\u00f5es visam evitar o crescimento populacional dos animais,&hellip; <\/p>\n","protected":false},"author":1,"featured_media":290143,"comment_status":"closed","ping_status":"closed","sticky":false,"template":"","format":"standard","meta":{"_acf_changed":false,"footnotes":""},"categories":[1],"tags":[],"class_list":["post-291698","post","type-post","status-publish","format-standard","has-post-thumbnail","hentry","category-politica"],"acf":[],"yoast_head":"<!-- This site is optimized with the Yoast SEO plugin v27.4 - https:\/\/yoast.com\/product\/yoast-seo-wordpress\/ -->\n<title>Castram\u00f3vel retorna para o Loteamento Recife para castra\u00e7\u00f5es os animais de rua - Blog do Farn\u00e9sio<\/title>\n<meta name=\"robots\" content=\"index, follow, max-snippet:-1, max-image-preview:large, max-video-preview:-1\" \/>\n<link rel=\"canonical\" href=\"https:\/\/blogdofarnesio.com.br\/?p=291698\" \/>\n<meta property=\"og:locale\" content=\"pt_BR\" \/>\n<meta property=\"og:type\" content=\"article\" \/>\n<meta property=\"og:title\" content=\"Castram\u00f3vel retorna para o Loteamento Recife para castra\u00e7\u00f5es os animais de rua - Blog do Farn\u00e9sio\" \/>\n<meta property=\"og:description\" content=\"Nesta ter\u00e7a-feira (27), seguindo o cronograma de castra\u00e7\u00f5es montado pelo Centro de Controle das Zoonoses (CCZ), o Castram\u00f3vel retorna para o bairro Loteamento Recife. O objetivo \u00e9 fazer a castra\u00e7\u00e3o de oito animais de rua por dia. Ap\u00f3s o procedimento, eles ser\u00e3o direcionados para o CCZ, onde ficar\u00e3o para os cuidados p\u00f3s-cir\u00fargicos. Al\u00e9m disso, um dia ser\u00e1 diponibilizado um dia para realizar oito procedimentos em c\u00e3es e gatos que foram resgatados das ruas por protetores ou ONG&#8217;s. Nestes casos, a responsabilidade com cuidados p\u00f3s-cir\u00fargicos ficar\u00e1 com os cuidadores. Para esta a\u00e7\u00e3o, est\u00e1 sendo montado um planejamento e n\u00e3o ser\u00e1 demanda livre, os protetores e as institui\u00e7\u00f5es s\u00f3 ser\u00e3o atendidas mediante agendamento. As castra\u00e7\u00f5es visam evitar o crescimento populacional dos animais,&hellip;\" \/>\n<meta property=\"og:url\" content=\"https:\/\/blogdofarnesio.com.br\/?p=291698\" \/>\n<meta property=\"og:site_name\" content=\"Blog do Farn\u00e9sio\" \/>\n<meta property=\"article:publisher\" content=\"https:\/\/www.facebook.com\/BlogQuerSaberPolitica\/\" \/>\n<meta property=\"article:published_time\" content=\"2021-07-27T17:22:45+00:00\" \/>\n<meta property=\"og:image\" content=\"https:\/\/blogdofarnesio.com.br\/wp-content\/uploads\/2021\/07\/Castramovel-3-e1679419592622.jpeg\" \/>\n\t<meta property=\"og:image:width\" content=\"680\" \/>\n\t<meta property=\"og:image:height\" content=\"383\" \/>\n\t<meta property=\"og:image:type\" content=\"image\/jpeg\" \/>\n<meta name=\"author\" content=\"Farn\u00e9sio\" \/>\n<meta name=\"twitter:card\" content=\"summary_large_image\" \/>\n<meta name=\"twitter:label1\" content=\"Escrito por\" \/>\n\t<meta name=\"twitter:data1\" content=\"Farn\u00e9sio\" \/>\n\t<meta name=\"twitter:label2\" content=\"Est. tempo de leitura\" \/>\n\t<meta name=\"twitter:data2\" content=\"1 minuto\" \/>\n<script type=\"application\/ld+json\" class=\"yoast-schema-graph\">{\"@context\":\"https:\\\/\\\/schema.org\",\"@graph\":[{\"@type\":\"Article\",\"@id\":\"https:\\\/\\\/blogdofarnesio.com.br\\\/?p=291698#article\",\"isPartOf\":{\"@id\":\"https:\\\/\\\/blogdofarnesio.com.br\\\/?p=291698\"},\"author\":{\"name\":\"Farn\u00e9sio\",\"@id\":\"https:\\\/\\\/blogdofarnesio.com.br\\\/#\\\/schema\\\/person\\\/301c4acf522bccbfdb45af95b5b906a1\"},\"headline\":\"Castram\u00f3vel retorna para o Loteamento Recife para castra\u00e7\u00f5es os animais de rua\",\"datePublished\":\"2021-07-27T17:22:45+00:00\",\"mainEntityOfPage\":{\"@id\":\"https:\\\/\\\/blogdofarnesio.com.br\\\/?p=291698\"},\"wordCount\":300,\"publisher\":{\"@id\":\"https:\\\/\\\/blogdofarnesio.com.br\\\/#organization\"},\"image\":{\"@id\":\"https:\\\/\\\/blogdofarnesio.com.br\\\/?p=291698#primaryimage\"},\"thumbnailUrl\":\"https:\\\/\\\/blogdofarnesio.com.br\\\/wp-content\\\/uploads\\\/2021\\\/07\\\/Castramovel-3-e1679419592622.jpeg\",\"articleSection\":[\"Pol\u00edtica\"],\"inLanguage\":\"pt-BR\"},{\"@type\":\"WebPage\",\"@id\":\"https:\\\/\\\/blogdofarnesio.com.br\\\/?p=291698\",\"url\":\"https:\\\/\\\/blogdofarnesio.com.br\\\/?p=291698\",\"name\":\"Castram\u00f3vel retorna para o Loteamento Recife para castra\u00e7\u00f5es os animais de rua - Blog do Farn\u00e9sio\",\"isPartOf\":{\"@id\":\"https:\\\/\\\/blogdofarnesio.com.br\\\/#website\"},\"primaryImageOfPage\":{\"@id\":\"https:\\\/\\\/blogdofarnesio.com.br\\\/?p=291698#primaryimage\"},\"image\":{\"@id\":\"https:\\\/\\\/blogdofarnesio.com.br\\\/?p=291698#primaryimage\"},\"thumbnailUrl\":\"https:\\\/\\\/blogdofarnesio.com.br\\\/wp-content\\\/uploads\\\/2021\\\/07\\\/Castramovel-3-e1679419592622.jpeg\",\"datePublished\":\"2021-07-27T17:22:45+00:00\",\"breadcrumb\":{\"@id\":\"https:\\\/\\\/blogdofarnesio.com.br\\\/?p=291698#breadcrumb\"},\"inLanguage\":\"pt-BR\",\"potentialAction\":[{\"@type\":\"ReadAction\",\"target\":[\"https:\\\/\\\/blogdofarnesio.com.br\\\/?p=291698\"]}]},{\"@type\":\"ImageObject\",\"inLanguage\":\"pt-BR\",\"@id\":\"https:\\\/\\\/blogdofarnesio.com.br\\\/?p=291698#primaryimage\",\"url\":\"https:\\\/\\\/blogdofarnesio.com.br\\\/wp-content\\\/uploads\\\/2021\\\/07\\\/Castramovel-3-e1679419592622.jpeg\",\"contentUrl\":\"https:\\\/\\\/blogdofarnesio.com.br\\\/wp-content\\\/uploads\\\/2021\\\/07\\\/Castramovel-3-e1679419592622.jpeg\",\"width\":680,\"height\":383,\"caption\":\"Imagem Ilustrativa\"},{\"@type\":\"BreadcrumbList\",\"@id\":\"https:\\\/\\\/blogdofarnesio.com.br\\\/?p=291698#breadcrumb\",\"itemListElement\":[{\"@type\":\"ListItem\",\"position\":1,\"name\":\"In\u00edcio\",\"item\":\"https:\\\/\\\/blogdofarnesio.com.br\\\/\"},{\"@type\":\"ListItem\",\"position\":2,\"name\":\"Castram\u00f3vel retorna para o Loteamento Recife para castra\u00e7\u00f5es os animais de rua\"}]},{\"@type\":\"WebSite\",\"@id\":\"https:\\\/\\\/blogdofarnesio.com.br\\\/#website\",\"url\":\"https:\\\/\\\/blogdofarnesio.com.br\\\/\",\"name\":\"Blog do Farn\u00e9sio\",\"description\":\"Quer Saber Pol\u00edtica?\",\"publisher\":{\"@id\":\"https:\\\/\\\/blogdofarnesio.com.br\\\/#organization\"},\"potentialAction\":[{\"@type\":\"SearchAction\",\"target\":{\"@type\":\"EntryPoint\",\"urlTemplate\":\"https:\\\/\\\/blogdofarnesio.com.br\\\/?s={search_term_string}\"},\"query-input\":{\"@type\":\"PropertyValueSpecification\",\"valueRequired\":true,\"valueName\":\"search_term_string\"}}],\"inLanguage\":\"pt-BR\"},{\"@type\":\"Organization\",\"@id\":\"https:\\\/\\\/blogdofarnesio.com.br\\\/#organization\",\"name\":\"Blog do Farn\u00e9sio\",\"url\":\"https:\\\/\\\/blogdofarnesio.com.br\\\/\",\"logo\":{\"@type\":\"ImageObject\",\"inLanguage\":\"pt-BR\",\"@id\":\"https:\\\/\\\/blogdofarnesio.com.br\\\/#\\\/schema\\\/logo\\\/image\\\/\",\"url\":\"https:\\\/\\\/blogdofarnesio.com.br\\\/wp-content\\\/uploads\\\/2026\\\/03\\\/cropped-logo_new-1.png\",\"contentUrl\":\"https:\\\/\\\/blogdofarnesio.com.br\\\/wp-content\\\/uploads\\\/2026\\\/03\\\/cropped-logo_new-1.png\",\"width\":881,\"height\":685,\"caption\":\"Blog do Farn\u00e9sio\"},\"image\":{\"@id\":\"https:\\\/\\\/blogdofarnesio.com.br\\\/#\\\/schema\\\/logo\\\/image\\\/\"},\"sameAs\":[\"https:\\\/\\\/www.facebook.com\\\/BlogQuerSaberPolitica\\\/\"]},{\"@type\":\"Person\",\"@id\":\"https:\\\/\\\/blogdofarnesio.com.br\\\/#\\\/schema\\\/person\\\/301c4acf522bccbfdb45af95b5b906a1\",\"name\":\"Farn\u00e9sio\",\"image\":{\"@type\":\"ImageObject\",\"inLanguage\":\"pt-BR\",\"@id\":\"https:\\\/\\\/secure.gravatar.com\\\/avatar\\\/df0c9a14567c056f8ad6876ba5bbd1e3e2c48023eb6807342fc4663adf549f38?s=96&d=mm&r=g\",\"url\":\"https:\\\/\\\/secure.gravatar.com\\\/avatar\\\/df0c9a14567c056f8ad6876ba5bbd1e3e2c48023eb6807342fc4663adf549f38?s=96&d=mm&r=g\",\"contentUrl\":\"https:\\\/\\\/secure.gravatar.com\\\/avatar\\\/df0c9a14567c056f8ad6876ba5bbd1e3e2c48023eb6807342fc4663adf549f38?s=96&d=mm&r=g\",\"caption\":\"Farn\u00e9sio\"},\"sameAs\":[\"https:\\\/\\\/quersaberpolitica.com.br\"],\"url\":\"https:\\\/\\\/blogdofarnesio.com.br\\\/?author=1\"}]}<\/script>\n<!-- \/ Yoast SEO plugin. -->","yoast_head_json":{"title":"Castram\u00f3vel retorna para o Loteamento Recife para castra\u00e7\u00f5es os animais de rua - Blog do Farn\u00e9sio","robots":{"index":"index","follow":"follow","max-snippet":"max-snippet:-1","max-image-preview":"max-image-preview:large","max-video-preview":"max-video-preview:-1"},"canonical":"https:\/\/blogdofarnesio.com.br\/?p=291698","og_locale":"pt_BR","og_type":"article","og_title":"Castram\u00f3vel retorna para o Loteamento Recife para castra\u00e7\u00f5es os animais de rua - Blog do Farn\u00e9sio","og_description":"Nesta ter\u00e7a-feira (27), seguindo o cronograma de castra\u00e7\u00f5es montado pelo Centro de Controle das Zoonoses (CCZ), o Castram\u00f3vel retorna para o bairro Loteamento Recife. O objetivo \u00e9 fazer a castra\u00e7\u00e3o de oito animais de rua por dia. Ap\u00f3s o procedimento, eles ser\u00e3o direcionados para o CCZ, onde ficar\u00e3o para os cuidados p\u00f3s-cir\u00fargicos. Al\u00e9m disso, um dia ser\u00e1 diponibilizado um dia para realizar oito procedimentos em c\u00e3es e gatos que foram resgatados das ruas por protetores ou ONG&#8217;s. Nestes casos, a responsabilidade com cuidados p\u00f3s-cir\u00fargicos ficar\u00e1 com os cuidadores. Para esta a\u00e7\u00e3o, est\u00e1 sendo montado um planejamento e n\u00e3o ser\u00e1 demanda livre, os protetores e as institui\u00e7\u00f5es s\u00f3 ser\u00e3o atendidas mediante agendamento. As castra\u00e7\u00f5es visam evitar o crescimento populacional dos animais,&hellip;","og_url":"https:\/\/blogdofarnesio.com.br\/?p=291698","og_site_name":"Blog do Farn\u00e9sio","article_publisher":"https:\/\/www.facebook.com\/BlogQuerSaberPolitica\/","article_published_time":"2021-07-27T17:22:45+00:00","og_image":[{"width":680,"height":383,"url":"https:\/\/blogdofarnesio.com.br\/wp-content\/uploads\/2021\/07\/Castramovel-3-e1679419592622.jpeg","type":"image\/jpeg"}],"author":"Farn\u00e9sio","twitter_card":"summary_large_image","twitter_misc":{"Escrito por":"Farn\u00e9sio","Est. tempo de leitura":"1 minuto"},"schema":{"@context":"https:\/\/schema.org","@graph":[{"@type":"Article","@id":"https:\/\/blogdofarnesio.com.br\/?p=291698#article","isPartOf":{"@id":"https:\/\/blogdofarnesio.com.br\/?p=291698"},"author":{"name":"Farn\u00e9sio","@id":"https:\/\/blogdofarnesio.com.br\/#\/schema\/person\/301c4acf522bccbfdb45af95b5b906a1"},"headline":"Castram\u00f3vel retorna para o Loteamento Recife para castra\u00e7\u00f5es os animais de rua","datePublished":"2021-07-27T17:22:45+00:00","mainEntityOfPage":{"@id":"https:\/\/blogdofarnesio.com.br\/?p=291698"},"wordCount":300,"publisher":{"@id":"https:\/\/blogdofarnesio.com.br\/#organization"},"image":{"@id":"https:\/\/blogdofarnesio.com.br\/?p=291698#primaryimage"},"thumbnailUrl":"https:\/\/blogdofarnesio.com.br\/wp-content\/uploads\/2021\/07\/Castramovel-3-e1679419592622.jpeg","articleSection":["Pol\u00edtica"],"inLanguage":"pt-BR"},{"@type":"WebPage","@id":"https:\/\/blogdofarnesio.com.br\/?p=291698","url":"https:\/\/blogdofarnesio.com.br\/?p=291698","name":"Castram\u00f3vel retorna para o Loteamento Recife para castra\u00e7\u00f5es os animais de rua - Blog do Farn\u00e9sio","isPartOf":{"@id":"https:\/\/blogdofarnesio.com.br\/#website"},"primaryImageOfPage":{"@id":"https:\/\/blogdofarnesio.com.br\/?p=291698#primaryimage"},"image":{"@id":"https:\/\/blogdofarnesio.com.br\/?p=291698#primaryimage"},"thumbnailUrl":"https:\/\/blogdofarnesio.com.br\/wp-content\/uploads\/2021\/07\/Castramovel-3-e1679419592622.jpeg","datePublished":"2021-07-27T17:22:45+00:00","breadcrumb":{"@id":"https:\/\/blogdofarnesio.com.br\/?p=291698#breadcrumb"},"inLanguage":"pt-BR","potentialAction":[{"@type":"ReadAction","target":["https:\/\/blogdofarnesio.com.br\/?p=291698"]}]},{"@type":"ImageObject","inLanguage":"pt-BR","@id":"https:\/\/blogdofarnesio.com.br\/?p=291698#primaryimage","url":"https:\/\/blogdofarnesio.com.br\/wp-content\/uploads\/2021\/07\/Castramovel-3-e1679419592622.jpeg","contentUrl":"https:\/\/blogdofarnesio.com.br\/wp-content\/uploads\/2021\/07\/Castramovel-3-e1679419592622.jpeg","width":680,"height":383,"caption":"Imagem Ilustrativa"},{"@type":"BreadcrumbList","@id":"https:\/\/blogdofarnesio.com.br\/?p=291698#breadcrumb","itemListElement":[{"@type":"ListItem","position":1,"name":"In\u00edcio","item":"https:\/\/blogdofarnesio.com.br\/"},{"@type":"ListItem","position":2,"name":"Castram\u00f3vel retorna para o Loteamento Recife para castra\u00e7\u00f5es os animais de rua"}]},{"@type":"WebSite","@id":"https:\/\/blogdofarnesio.com.br\/#website","url":"https:\/\/blogdofarnesio.com.br\/","name":"Blog do Farn\u00e9sio","description":"Quer Saber Pol\u00edtica?","publisher":{"@id":"https:\/\/blogdofarnesio.com.br\/#organization"},"potentialAction":[{"@type":"SearchAction","target":{"@type":"EntryPoint","urlTemplate":"https:\/\/blogdofarnesio.com.br\/?s={search_term_string}"},"query-input":{"@type":"PropertyValueSpecification","valueRequired":true,"valueName":"search_term_string"}}],"inLanguage":"pt-BR"},{"@type":"Organization","@id":"https:\/\/blogdofarnesio.com.br\/#organization","name":"Blog do Farn\u00e9sio","url":"https:\/\/blogdofarnesio.com.br\/","logo":{"@type":"ImageObject","inLanguage":"pt-BR","@id":"https:\/\/blogdofarnesio.com.br\/#\/schema\/logo\/image\/","url":"https:\/\/blogdofarnesio.com.br\/wp-content\/uploads\/2026\/03\/cropped-logo_new-1.png","contentUrl":"https:\/\/blogdofarnesio.com.br\/wp-content\/uploads\/2026\/03\/cropped-logo_new-1.png","width":881,"height":685,"caption":"Blog do Farn\u00e9sio"},"image":{"@id":"https:\/\/blogdofarnesio.com.br\/#\/schema\/logo\/image\/"},"sameAs":["https:\/\/www.facebook.com\/BlogQuerSaberPolitica\/"]},{"@type":"Person","@id":"https:\/\/blogdofarnesio.com.br\/#\/schema\/person\/301c4acf522bccbfdb45af95b5b906a1","name":"Farn\u00e9sio","image":{"@type":"ImageObject","inLanguage":"pt-BR","@id":"https:\/\/secure.gravatar.com\/avatar\/df0c9a14567c056f8ad6876ba5bbd1e3e2c48023eb6807342fc4663adf549f38?s=96&d=mm&r=g","url":"https:\/\/secure.gravatar.com\/avatar\/df0c9a14567c056f8ad6876ba5bbd1e3e2c48023eb6807342fc4663adf549f38?s=96&d=mm&r=g","contentUrl":"https:\/\/secure.gravatar.com\/avatar\/df0c9a14567c056f8ad6876ba5bbd1e3e2c48023eb6807342fc4663adf549f38?s=96&d=mm&r=g","caption":"Farn\u00e9sio"},"sameAs":["https:\/\/quersaberpolitica.com.br"],"url":"https:\/\/blogdofarnesio.com.br\/?author=1"}]}},"_links":{"self":[{"href":"https:\/\/blogdofarnesio.com.br\/index.php?rest_route=\/wp\/v2\/posts\/291698","targetHints":{"allow":["GET"]}}],"collection":[{"href":"https:\/\/blogdofarnesio.com.br\/index.php?rest_route=\/wp\/v2\/posts"}],"about":[{"href":"https:\/\/blogdofarnesio.com.br\/index.php?rest_route=\/wp\/v2\/types\/post"}],"author":[{"embeddable":true,"href":"https:\/\/blogdofarnesio.com.br\/index.php?rest_route=\/wp\/v2\/users\/1"}],"replies":[{"embeddable":true,"href":"https:\/\/blogdofarnesio.com.br\/index.php?rest_route=%2Fwp%2Fv2%2Fcomments&post=291698"}],"version-history":[{"count":0,"href":"https:\/\/blogdofarnesio.com.br\/index.php?rest_route=\/wp\/v2\/posts\/291698\/revisions"}],"wp:featuredmedia":[{"embeddable":true,"href":"https:\/\/blogdofarnesio.com.br\/index.php?rest_route=\/wp\/v2\/media\/290143"}],"wp:attachment":[{"href":"https:\/\/blogdofarnesio.com.br\/index.php?rest_route=%2Fwp%2Fv2%2Fmedia&parent=291698"}],"wp:term":[{"taxonomy":"category","embeddable":true,"href":"https:\/\/blogdofarnesio.com.br\/index.php?rest_route=%2Fwp%2Fv2%2Fcategories&post=291698"},{"taxonomy":"post_tag","embeddable":true,"href":"https:\/\/blogdofarnesio.com.br\/index.php?rest_route=%2Fwp%2Fv2%2Ftags&post=291698"}],"curies":[{"name":"wp","href":"https:\/\/api.w.org\/{rel}","templated":true}]}}