{"id":291647,"date":"2021-07-27T14:42:20","date_gmt":"2021-07-27T17:42:20","guid":{"rendered":"https:\/\/quersaberpolitica.com.br\/?p=291647"},"modified":"2021-07-27T10:27:32","modified_gmt":"2021-07-27T13:27:32","slug":"avancam-obras-de-construcao-da-escola-tecnica-estadual-de-cabrobo","status":"publish","type":"post","link":"https:\/\/blogdofarnesio.com.br\/?p=291647","title":{"rendered":"Avan\u00e7am obras de constru\u00e7\u00e3o da Escola T\u00e9cnica Estadual de Cabrob\u00f3"},"content":{"rendered":"<header class=\"entry-header\"><\/header>\n<div class=\"entry-content clearfix\">\n<p>As obras de constru\u00e7\u00e3o da Escola T\u00e9cnica Estadual (ETE) Professora Maria Am\u00e9lia est\u00e3o avan\u00e7ando em Cabrob\u00f3. Mais da metade foi conclu\u00edda sete meses ap\u00f3s a assinatura da ordem de servi\u00e7o. No \u00faltimo s\u00e1bado, 24, o secret\u00e1rio de Ci\u00eancia, Tecnologia e Inova\u00e7\u00e3o de Pernambuco, Lucas Ramos, vistoriou o andamento dos trabalhos.<\/p>\n<p>\u201cEstamos garantindo todas as condi\u00e7\u00f5es econ\u00f4micas e financeiras para que a empresa antecipe o cronograma de entrega e a escola seja inaugurada ainda em 2021, com a presen\u00e7a do governador Paulo C\u00e2mara, no m\u00eas de dezembro. Isso permitir\u00e1 ampliar a oferta de cursos e a quantidade de alunos matriculados j\u00e1 no in\u00edcio do pr\u00f3ximo ano\u201d, afirmou Lucas.<\/p>\n<p>\u201cQueremos ir al\u00e9m. Com a acelera\u00e7\u00e3o dos servi\u00e7os e a conclus\u00e3o antecipada, a unidade poder\u00e1 contar com 540 alunos at\u00e9 o final de 2022 e poderemos trazer novos cursos para sua grade curricular, como Administra\u00e7\u00e3o e Energias Renov\u00e1veis\u201d, completou.<\/p>\n<p>Ascom<\/p>\n<\/div>\n","protected":false},"excerpt":{"rendered":"<p>As obras de constru\u00e7\u00e3o da Escola T\u00e9cnica Estadual (ETE) Professora Maria Am\u00e9lia est\u00e3o avan\u00e7ando em Cabrob\u00f3. Mais da metade foi conclu\u00edda sete meses ap\u00f3s a assinatura da ordem de servi\u00e7o. No \u00faltimo s\u00e1bado, 24, o secret\u00e1rio de Ci\u00eancia, Tecnologia e Inova\u00e7\u00e3o de Pernambuco, Lucas Ramos, vistoriou o andamento dos trabalhos. \u201cEstamos garantindo todas as condi\u00e7\u00f5es econ\u00f4micas e financeiras para que a empresa antecipe o cronograma de entrega e a escola seja inaugurada ainda em 2021, com a presen\u00e7a do governador Paulo C\u00e2mara, no m\u00eas de dezembro. Isso permitir\u00e1 ampliar a oferta de cursos e a quantidade de alunos matriculados j\u00e1 no in\u00edcio do pr\u00f3ximo ano\u201d, afirmou Lucas. \u201cQueremos ir al\u00e9m. Com a acelera\u00e7\u00e3o dos servi\u00e7os e a conclus\u00e3o antecipada, a&hellip; <\/p>\n","protected":false},"author":1,"featured_media":291724,"comment_status":"closed","ping_status":"closed","sticky":false,"template":"","format":"standard","meta":{"_acf_changed":false,"footnotes":""},"categories":[27],"tags":[],"class_list":["post-291647","post","type-post","status-publish","format-standard","has-post-thumbnail","hentry","category-cidades"],"acf":[],"yoast_head":"<!-- This site is optimized with the Yoast SEO plugin v27.4 - https:\/\/yoast.com\/product\/yoast-seo-wordpress\/ -->\n<title>Avan\u00e7am obras de constru\u00e7\u00e3o da Escola T\u00e9cnica Estadual de Cabrob\u00f3 - Blog do Farn\u00e9sio<\/title>\n<meta name=\"robots\" content=\"index, follow, max-snippet:-1, max-image-preview:large, max-video-preview:-1\" \/>\n<link rel=\"canonical\" href=\"https:\/\/blogdofarnesio.com.br\/?p=291647\" \/>\n<meta property=\"og:locale\" content=\"pt_BR\" \/>\n<meta property=\"og:type\" content=\"article\" \/>\n<meta property=\"og:title\" content=\"Avan\u00e7am obras de constru\u00e7\u00e3o da Escola T\u00e9cnica Estadual de Cabrob\u00f3 - Blog do Farn\u00e9sio\" \/>\n<meta property=\"og:description\" content=\"As obras de constru\u00e7\u00e3o da Escola T\u00e9cnica Estadual (ETE) Professora Maria Am\u00e9lia est\u00e3o avan\u00e7ando em Cabrob\u00f3. Mais da metade foi conclu\u00edda sete meses ap\u00f3s a assinatura da ordem de servi\u00e7o. No \u00faltimo s\u00e1bado, 24, o secret\u00e1rio de Ci\u00eancia, Tecnologia e Inova\u00e7\u00e3o de Pernambuco, Lucas Ramos, vistoriou o andamento dos trabalhos. \u201cEstamos garantindo todas as condi\u00e7\u00f5es econ\u00f4micas e financeiras para que a empresa antecipe o cronograma de entrega e a escola seja inaugurada ainda em 2021, com a presen\u00e7a do governador Paulo C\u00e2mara, no m\u00eas de dezembro. Isso permitir\u00e1 ampliar a oferta de cursos e a quantidade de alunos matriculados j\u00e1 no in\u00edcio do pr\u00f3ximo ano\u201d, afirmou Lucas. \u201cQueremos ir al\u00e9m. Com a acelera\u00e7\u00e3o dos servi\u00e7os e a conclus\u00e3o antecipada, a&hellip;\" \/>\n<meta property=\"og:url\" content=\"https:\/\/blogdofarnesio.com.br\/?p=291647\" \/>\n<meta property=\"og:site_name\" content=\"Blog do Farn\u00e9sio\" \/>\n<meta property=\"article:publisher\" content=\"https:\/\/www.facebook.com\/BlogQuerSaberPolitica\/\" \/>\n<meta property=\"article:published_time\" content=\"2021-07-27T17:42:20+00:00\" \/>\n<meta property=\"og:image\" content=\"https:\/\/blogdofarnesio.com.br\/wp-content\/uploads\/2021\/07\/blogqsp-ETE-Cabrobo-escola-tecnica.jpeg\" \/>\n\t<meta property=\"og:image:width\" content=\"450\" \/>\n\t<meta property=\"og:image:height\" content=\"253\" \/>\n\t<meta property=\"og:image:type\" content=\"image\/jpeg\" \/>\n<meta name=\"author\" content=\"Farn\u00e9sio\" \/>\n<meta name=\"twitter:card\" content=\"summary_large_image\" \/>\n<meta name=\"twitter:label1\" content=\"Escrito por\" \/>\n\t<meta name=\"twitter:data1\" content=\"Farn\u00e9sio\" \/>\n\t<meta name=\"twitter:label2\" content=\"Est. tempo de leitura\" \/>\n\t<meta name=\"twitter:data2\" content=\"1 minuto\" \/>\n<script type=\"application\/ld+json\" class=\"yoast-schema-graph\">{\"@context\":\"https:\\\/\\\/schema.org\",\"@graph\":[{\"@type\":\"Article\",\"@id\":\"https:\\\/\\\/blogdofarnesio.com.br\\\/?p=291647#article\",\"isPartOf\":{\"@id\":\"https:\\\/\\\/blogdofarnesio.com.br\\\/?p=291647\"},\"author\":{\"name\":\"Farn\u00e9sio\",\"@id\":\"https:\\\/\\\/blogdofarnesio.com.br\\\/#\\\/schema\\\/person\\\/301c4acf522bccbfdb45af95b5b906a1\"},\"headline\":\"Avan\u00e7am obras de constru\u00e7\u00e3o da Escola T\u00e9cnica Estadual de Cabrob\u00f3\",\"datePublished\":\"2021-07-27T17:42:20+00:00\",\"mainEntityOfPage\":{\"@id\":\"https:\\\/\\\/blogdofarnesio.com.br\\\/?p=291647\"},\"wordCount\":181,\"publisher\":{\"@id\":\"https:\\\/\\\/blogdofarnesio.com.br\\\/#organization\"},\"image\":{\"@id\":\"https:\\\/\\\/blogdofarnesio.com.br\\\/?p=291647#primaryimage\"},\"thumbnailUrl\":\"https:\\\/\\\/blogdofarnesio.com.br\\\/wp-content\\\/uploads\\\/2021\\\/07\\\/blogqsp-ETE-Cabrobo-escola-tecnica.jpeg\",\"articleSection\":[\"Cidades\"],\"inLanguage\":\"pt-BR\"},{\"@type\":\"WebPage\",\"@id\":\"https:\\\/\\\/blogdofarnesio.com.br\\\/?p=291647\",\"url\":\"https:\\\/\\\/blogdofarnesio.com.br\\\/?p=291647\",\"name\":\"Avan\u00e7am obras de constru\u00e7\u00e3o da Escola T\u00e9cnica Estadual de Cabrob\u00f3 - Blog do Farn\u00e9sio\",\"isPartOf\":{\"@id\":\"https:\\\/\\\/blogdofarnesio.com.br\\\/#website\"},\"primaryImageOfPage\":{\"@id\":\"https:\\\/\\\/blogdofarnesio.com.br\\\/?p=291647#primaryimage\"},\"image\":{\"@id\":\"https:\\\/\\\/blogdofarnesio.com.br\\\/?p=291647#primaryimage\"},\"thumbnailUrl\":\"https:\\\/\\\/blogdofarnesio.com.br\\\/wp-content\\\/uploads\\\/2021\\\/07\\\/blogqsp-ETE-Cabrobo-escola-tecnica.jpeg\",\"datePublished\":\"2021-07-27T17:42:20+00:00\",\"breadcrumb\":{\"@id\":\"https:\\\/\\\/blogdofarnesio.com.br\\\/?p=291647#breadcrumb\"},\"inLanguage\":\"pt-BR\",\"potentialAction\":[{\"@type\":\"ReadAction\",\"target\":[\"https:\\\/\\\/blogdofarnesio.com.br\\\/?p=291647\"]}]},{\"@type\":\"ImageObject\",\"inLanguage\":\"pt-BR\",\"@id\":\"https:\\\/\\\/blogdofarnesio.com.br\\\/?p=291647#primaryimage\",\"url\":\"https:\\\/\\\/blogdofarnesio.com.br\\\/wp-content\\\/uploads\\\/2021\\\/07\\\/blogqsp-ETE-Cabrobo-escola-tecnica.jpeg\",\"contentUrl\":\"https:\\\/\\\/blogdofarnesio.com.br\\\/wp-content\\\/uploads\\\/2021\\\/07\\\/blogqsp-ETE-Cabrobo-escola-tecnica.jpeg\",\"width\":450,\"height\":253},{\"@type\":\"BreadcrumbList\",\"@id\":\"https:\\\/\\\/blogdofarnesio.com.br\\\/?p=291647#breadcrumb\",\"itemListElement\":[{\"@type\":\"ListItem\",\"position\":1,\"name\":\"In\u00edcio\",\"item\":\"https:\\\/\\\/blogdofarnesio.com.br\\\/\"},{\"@type\":\"ListItem\",\"position\":2,\"name\":\"Avan\u00e7am obras de constru\u00e7\u00e3o da Escola T\u00e9cnica Estadual de Cabrob\u00f3\"}]},{\"@type\":\"WebSite\",\"@id\":\"https:\\\/\\\/blogdofarnesio.com.br\\\/#website\",\"url\":\"https:\\\/\\\/blogdofarnesio.com.br\\\/\",\"name\":\"Blog do Farn\u00e9sio\",\"description\":\"Quer Saber Pol\u00edtica?\",\"publisher\":{\"@id\":\"https:\\\/\\\/blogdofarnesio.com.br\\\/#organization\"},\"potentialAction\":[{\"@type\":\"SearchAction\",\"target\":{\"@type\":\"EntryPoint\",\"urlTemplate\":\"https:\\\/\\\/blogdofarnesio.com.br\\\/?s={search_term_string}\"},\"query-input\":{\"@type\":\"PropertyValueSpecification\",\"valueRequired\":true,\"valueName\":\"search_term_string\"}}],\"inLanguage\":\"pt-BR\"},{\"@type\":\"Organization\",\"@id\":\"https:\\\/\\\/blogdofarnesio.com.br\\\/#organization\",\"name\":\"Blog do Farn\u00e9sio\",\"url\":\"https:\\\/\\\/blogdofarnesio.com.br\\\/\",\"logo\":{\"@type\":\"ImageObject\",\"inLanguage\":\"pt-BR\",\"@id\":\"https:\\\/\\\/blogdofarnesio.com.br\\\/#\\\/schema\\\/logo\\\/image\\\/\",\"url\":\"https:\\\/\\\/blogdofarnesio.com.br\\\/wp-content\\\/uploads\\\/2026\\\/03\\\/cropped-logo_new-1.png\",\"contentUrl\":\"https:\\\/\\\/blogdofarnesio.com.br\\\/wp-content\\\/uploads\\\/2026\\\/03\\\/cropped-logo_new-1.png\",\"width\":881,\"height\":685,\"caption\":\"Blog do Farn\u00e9sio\"},\"image\":{\"@id\":\"https:\\\/\\\/blogdofarnesio.com.br\\\/#\\\/schema\\\/logo\\\/image\\\/\"},\"sameAs\":[\"https:\\\/\\\/www.facebook.com\\\/BlogQuerSaberPolitica\\\/\"]},{\"@type\":\"Person\",\"@id\":\"https:\\\/\\\/blogdofarnesio.com.br\\\/#\\\/schema\\\/person\\\/301c4acf522bccbfdb45af95b5b906a1\",\"name\":\"Farn\u00e9sio\",\"image\":{\"@type\":\"ImageObject\",\"inLanguage\":\"pt-BR\",\"@id\":\"https:\\\/\\\/secure.gravatar.com\\\/avatar\\\/df0c9a14567c056f8ad6876ba5bbd1e3e2c48023eb6807342fc4663adf549f38?s=96&d=mm&r=g\",\"url\":\"https:\\\/\\\/secure.gravatar.com\\\/avatar\\\/df0c9a14567c056f8ad6876ba5bbd1e3e2c48023eb6807342fc4663adf549f38?s=96&d=mm&r=g\",\"contentUrl\":\"https:\\\/\\\/secure.gravatar.com\\\/avatar\\\/df0c9a14567c056f8ad6876ba5bbd1e3e2c48023eb6807342fc4663adf549f38?s=96&d=mm&r=g\",\"caption\":\"Farn\u00e9sio\"},\"sameAs\":[\"https:\\\/\\\/quersaberpolitica.com.br\"],\"url\":\"https:\\\/\\\/blogdofarnesio.com.br\\\/?author=1\"}]}<\/script>\n<!-- \/ Yoast SEO plugin. -->","yoast_head_json":{"title":"Avan\u00e7am obras de constru\u00e7\u00e3o da Escola T\u00e9cnica Estadual de Cabrob\u00f3 - Blog do Farn\u00e9sio","robots":{"index":"index","follow":"follow","max-snippet":"max-snippet:-1","max-image-preview":"max-image-preview:large","max-video-preview":"max-video-preview:-1"},"canonical":"https:\/\/blogdofarnesio.com.br\/?p=291647","og_locale":"pt_BR","og_type":"article","og_title":"Avan\u00e7am obras de constru\u00e7\u00e3o da Escola T\u00e9cnica Estadual de Cabrob\u00f3 - Blog do Farn\u00e9sio","og_description":"As obras de constru\u00e7\u00e3o da Escola T\u00e9cnica Estadual (ETE) Professora Maria Am\u00e9lia est\u00e3o avan\u00e7ando em Cabrob\u00f3. Mais da metade foi conclu\u00edda sete meses ap\u00f3s a assinatura da ordem de servi\u00e7o. No \u00faltimo s\u00e1bado, 24, o secret\u00e1rio de Ci\u00eancia, Tecnologia e Inova\u00e7\u00e3o de Pernambuco, Lucas Ramos, vistoriou o andamento dos trabalhos. \u201cEstamos garantindo todas as condi\u00e7\u00f5es econ\u00f4micas e financeiras para que a empresa antecipe o cronograma de entrega e a escola seja inaugurada ainda em 2021, com a presen\u00e7a do governador Paulo C\u00e2mara, no m\u00eas de dezembro. Isso permitir\u00e1 ampliar a oferta de cursos e a quantidade de alunos matriculados j\u00e1 no in\u00edcio do pr\u00f3ximo ano\u201d, afirmou Lucas. \u201cQueremos ir al\u00e9m. Com a acelera\u00e7\u00e3o dos servi\u00e7os e a conclus\u00e3o antecipada, a&hellip;","og_url":"https:\/\/blogdofarnesio.com.br\/?p=291647","og_site_name":"Blog do Farn\u00e9sio","article_publisher":"https:\/\/www.facebook.com\/BlogQuerSaberPolitica\/","article_published_time":"2021-07-27T17:42:20+00:00","og_image":[{"width":450,"height":253,"url":"https:\/\/blogdofarnesio.com.br\/wp-content\/uploads\/2021\/07\/blogqsp-ETE-Cabrobo-escola-tecnica.jpeg","type":"image\/jpeg"}],"author":"Farn\u00e9sio","twitter_card":"summary_large_image","twitter_misc":{"Escrito por":"Farn\u00e9sio","Est. tempo de leitura":"1 minuto"},"schema":{"@context":"https:\/\/schema.org","@graph":[{"@type":"Article","@id":"https:\/\/blogdofarnesio.com.br\/?p=291647#article","isPartOf":{"@id":"https:\/\/blogdofarnesio.com.br\/?p=291647"},"author":{"name":"Farn\u00e9sio","@id":"https:\/\/blogdofarnesio.com.br\/#\/schema\/person\/301c4acf522bccbfdb45af95b5b906a1"},"headline":"Avan\u00e7am obras de constru\u00e7\u00e3o da Escola T\u00e9cnica Estadual de Cabrob\u00f3","datePublished":"2021-07-27T17:42:20+00:00","mainEntityOfPage":{"@id":"https:\/\/blogdofarnesio.com.br\/?p=291647"},"wordCount":181,"publisher":{"@id":"https:\/\/blogdofarnesio.com.br\/#organization"},"image":{"@id":"https:\/\/blogdofarnesio.com.br\/?p=291647#primaryimage"},"thumbnailUrl":"https:\/\/blogdofarnesio.com.br\/wp-content\/uploads\/2021\/07\/blogqsp-ETE-Cabrobo-escola-tecnica.jpeg","articleSection":["Cidades"],"inLanguage":"pt-BR"},{"@type":"WebPage","@id":"https:\/\/blogdofarnesio.com.br\/?p=291647","url":"https:\/\/blogdofarnesio.com.br\/?p=291647","name":"Avan\u00e7am obras de constru\u00e7\u00e3o da Escola T\u00e9cnica Estadual de Cabrob\u00f3 - Blog do Farn\u00e9sio","isPartOf":{"@id":"https:\/\/blogdofarnesio.com.br\/#website"},"primaryImageOfPage":{"@id":"https:\/\/blogdofarnesio.com.br\/?p=291647#primaryimage"},"image":{"@id":"https:\/\/blogdofarnesio.com.br\/?p=291647#primaryimage"},"thumbnailUrl":"https:\/\/blogdofarnesio.com.br\/wp-content\/uploads\/2021\/07\/blogqsp-ETE-Cabrobo-escola-tecnica.jpeg","datePublished":"2021-07-27T17:42:20+00:00","breadcrumb":{"@id":"https:\/\/blogdofarnesio.com.br\/?p=291647#breadcrumb"},"inLanguage":"pt-BR","potentialAction":[{"@type":"ReadAction","target":["https:\/\/blogdofarnesio.com.br\/?p=291647"]}]},{"@type":"ImageObject","inLanguage":"pt-BR","@id":"https:\/\/blogdofarnesio.com.br\/?p=291647#primaryimage","url":"https:\/\/blogdofarnesio.com.br\/wp-content\/uploads\/2021\/07\/blogqsp-ETE-Cabrobo-escola-tecnica.jpeg","contentUrl":"https:\/\/blogdofarnesio.com.br\/wp-content\/uploads\/2021\/07\/blogqsp-ETE-Cabrobo-escola-tecnica.jpeg","width":450,"height":253},{"@type":"BreadcrumbList","@id":"https:\/\/blogdofarnesio.com.br\/?p=291647#breadcrumb","itemListElement":[{"@type":"ListItem","position":1,"name":"In\u00edcio","item":"https:\/\/blogdofarnesio.com.br\/"},{"@type":"ListItem","position":2,"name":"Avan\u00e7am obras de constru\u00e7\u00e3o da Escola T\u00e9cnica Estadual de Cabrob\u00f3"}]},{"@type":"WebSite","@id":"https:\/\/blogdofarnesio.com.br\/#website","url":"https:\/\/blogdofarnesio.com.br\/","name":"Blog do Farn\u00e9sio","description":"Quer Saber Pol\u00edtica?","publisher":{"@id":"https:\/\/blogdofarnesio.com.br\/#organization"},"potentialAction":[{"@type":"SearchAction","target":{"@type":"EntryPoint","urlTemplate":"https:\/\/blogdofarnesio.com.br\/?s={search_term_string}"},"query-input":{"@type":"PropertyValueSpecification","valueRequired":true,"valueName":"search_term_string"}}],"inLanguage":"pt-BR"},{"@type":"Organization","@id":"https:\/\/blogdofarnesio.com.br\/#organization","name":"Blog do Farn\u00e9sio","url":"https:\/\/blogdofarnesio.com.br\/","logo":{"@type":"ImageObject","inLanguage":"pt-BR","@id":"https:\/\/blogdofarnesio.com.br\/#\/schema\/logo\/image\/","url":"https:\/\/blogdofarnesio.com.br\/wp-content\/uploads\/2026\/03\/cropped-logo_new-1.png","contentUrl":"https:\/\/blogdofarnesio.com.br\/wp-content\/uploads\/2026\/03\/cropped-logo_new-1.png","width":881,"height":685,"caption":"Blog do Farn\u00e9sio"},"image":{"@id":"https:\/\/blogdofarnesio.com.br\/#\/schema\/logo\/image\/"},"sameAs":["https:\/\/www.facebook.com\/BlogQuerSaberPolitica\/"]},{"@type":"Person","@id":"https:\/\/blogdofarnesio.com.br\/#\/schema\/person\/301c4acf522bccbfdb45af95b5b906a1","name":"Farn\u00e9sio","image":{"@type":"ImageObject","inLanguage":"pt-BR","@id":"https:\/\/secure.gravatar.com\/avatar\/df0c9a14567c056f8ad6876ba5bbd1e3e2c48023eb6807342fc4663adf549f38?s=96&d=mm&r=g","url":"https:\/\/secure.gravatar.com\/avatar\/df0c9a14567c056f8ad6876ba5bbd1e3e2c48023eb6807342fc4663adf549f38?s=96&d=mm&r=g","contentUrl":"https:\/\/secure.gravatar.com\/avatar\/df0c9a14567c056f8ad6876ba5bbd1e3e2c48023eb6807342fc4663adf549f38?s=96&d=mm&r=g","caption":"Farn\u00e9sio"},"sameAs":["https:\/\/quersaberpolitica.com.br"],"url":"https:\/\/blogdofarnesio.com.br\/?author=1"}]}},"_links":{"self":[{"href":"https:\/\/blogdofarnesio.com.br\/index.php?rest_route=\/wp\/v2\/posts\/291647","targetHints":{"allow":["GET"]}}],"collection":[{"href":"https:\/\/blogdofarnesio.com.br\/index.php?rest_route=\/wp\/v2\/posts"}],"about":[{"href":"https:\/\/blogdofarnesio.com.br\/index.php?rest_route=\/wp\/v2\/types\/post"}],"author":[{"embeddable":true,"href":"https:\/\/blogdofarnesio.com.br\/index.php?rest_route=\/wp\/v2\/users\/1"}],"replies":[{"embeddable":true,"href":"https:\/\/blogdofarnesio.com.br\/index.php?rest_route=%2Fwp%2Fv2%2Fcomments&post=291647"}],"version-history":[{"count":0,"href":"https:\/\/blogdofarnesio.com.br\/index.php?rest_route=\/wp\/v2\/posts\/291647\/revisions"}],"wp:featuredmedia":[{"embeddable":true,"href":"https:\/\/blogdofarnesio.com.br\/index.php?rest_route=\/wp\/v2\/media\/291724"}],"wp:attachment":[{"href":"https:\/\/blogdofarnesio.com.br\/index.php?rest_route=%2Fwp%2Fv2%2Fmedia&parent=291647"}],"wp:term":[{"taxonomy":"category","embeddable":true,"href":"https:\/\/blogdofarnesio.com.br\/index.php?rest_route=%2Fwp%2Fv2%2Fcategories&post=291647"},{"taxonomy":"post_tag","embeddable":true,"href":"https:\/\/blogdofarnesio.com.br\/index.php?rest_route=%2Fwp%2Fv2%2Ftags&post=291647"}],"curies":[{"name":"wp","href":"https:\/\/api.w.org\/{rel}","templated":true}]}}