{"id":291292,"date":"2021-07-22T06:52:27","date_gmt":"2021-07-22T09:52:27","guid":{"rendered":"https:\/\/quersaberpolitica.com.br\/?p=291292"},"modified":"2021-07-22T10:14:42","modified_gmt":"2021-07-22T13:14:42","slug":"tanta-saudade-de-mamae%ef%bb%bf","status":"publish","type":"post","link":"https:\/\/blogdofarnesio.com.br\/?p=291292","title":{"rendered":"Tanta saudade de mam\u00e3e\ufeff"},"content":{"rendered":"<p>Hoje, dia que estar\u00edamos comemorando seu anivers\u00e1rio, a saudade cala mais fundo em nossos cora\u00e7\u00f5es por sua aus\u00eancia corporal. Mas no meu cora\u00e7\u00e3o meu e de minhas seis irm\u00e3s, fica mais latente a certeza de que a senhora e papai, formaram uma grande fam\u00edlia, tendo cumprido os melhores des\u00edgnios de Deus, nos fazendo pessoas que se amam.<\/p>\n<div class=\"copy-text-wrapper\">\n<figure id=\"attachment_197551\" aria-describedby=\"caption-attachment-197551\" style=\"width: 800px\" class=\"wp-caption aligncenter\"><img loading=\"lazy\" decoding=\"async\" class=\"size-full wp-image-197551\" src=\"https:\/\/quersaberpolitica.com.br\/wp-content\/uploads\/2018\/05\/blogqspmamaefamilia.jpg\" alt=\"\" width=\"800\" height=\"506\" srcset=\"https:\/\/blogdofarnesio.com.br\/wp-content\/uploads\/2018\/05\/blogqspmamaefamilia.jpg 800w, https:\/\/blogdofarnesio.com.br\/wp-content\/uploads\/2018\/05\/blogqspmamaefamilia-300x190.jpg 300w, https:\/\/blogdofarnesio.com.br\/wp-content\/uploads\/2018\/05\/blogqspmamaefamilia-768x486.jpg 768w, https:\/\/blogdofarnesio.com.br\/wp-content\/uploads\/2018\/05\/blogqspmamaefamilia-360x228.jpg 360w, https:\/\/blogdofarnesio.com.br\/wp-content\/uploads\/2018\/05\/blogqspmamaefamilia-750x474.jpg 750w\" sizes=\"auto, (max-width: 800px) 100vw, 800px\" \/><figcaption id=\"caption-attachment-197551\" class=\"wp-caption-text\">Essa \u00e9 a minha: L\u00fa, Ciana, Neide, Lid, Liu e Keka. Lucimeire (in memorium) &#8211; Mam\u00e3e e o irm\u00e3o aben\u00e7oado<\/figcaption><\/figure>\n<p id=\"mensagem-9263\" class=\"copy-text\">M\u00e3e \u00e9 \u00fanica, insubstitu\u00edvel. Seu colo \u00e9 o mais confort\u00e1vel, seu carinho e amor incondicionais e uma certeza ao longo da vida, e a saudade que ela deixa quando parte desta vida \u00e9 inconsol\u00e1vel, eterna.<\/p>\n<p>\u00c9 uma saudade que pesa, que comprime, que sufoca, essa que eu sinto. \u00c9 uma saudade que jamais ser\u00e1 curada! N\u00e3o enquanto eu caminhar com meus p\u00e9s mortais, n\u00e3o enquanto respirar o ar da vida da sua aus\u00eancia, minha m\u00e3e.<\/p>\n<p>\u00c9 a saudade que chega violenta quando procuro e n\u00e3o encontro seu olhar compreensivo. Quando preciso e n\u00e3o tenho mais os seus bra\u00e7os quentes de amor. Quando preciso escutar suas palavras s\u00e1bias e carinhosas e apenas resta o sil\u00eancio.<\/p>\n<p>Eu a amo tanto, m\u00e3e; antes, hoje e para sempre! \u00c9 t\u00e3o grande o vazio que voc\u00ea deixou na minha vida depois que Deus chamou voc\u00ea para junto d&#8217;Ele, e t\u00e3o profunda a saudade que vive no meu peito.<\/p>\n<\/div>\n<p>Minha m\u00e3e, enquanto voc\u00ea viveu cultivou \u00e0 sua volta tanto amor, tanta bondade e beleza que nem mil vidas poder\u00e3o apagar a marca que voc\u00ea deixou. Eu tamb\u00e9m sou parte dessa marca, e sou o peda\u00e7o mais orgulhoso.<\/p>\n<p>Sinto muito a sua falta, do seu colo, das suas palavras s\u00e1bias, do seu carinho e amparo. Mas hoje a dor da sua partida virou serena saudade, uma saudade que eu sei ser\u00e1 eterna.<\/p>\n<p>Sei que tive muita sorte de ter tido voc\u00ea como m\u00e3e, de ter crescido e aprendido a viver pela m\u00e3o de uma mulher t\u00e3o fant\u00e1stica quanto voc\u00ea, e por isso sinto gratid\u00e3o.<\/p>\n<p>Amo voc\u00ea, hoje e para sempre, pois do meu cora\u00e7\u00e3o voc\u00ea jamais partir\u00e1!<\/p>\n<p>JFarnesio Silva<\/p>\n","protected":false},"excerpt":{"rendered":"<p>Hoje, dia que estar\u00edamos comemorando seu anivers\u00e1rio, a saudade cala mais fundo em nossos cora\u00e7\u00f5es por sua aus\u00eancia corporal. Mas no meu cora\u00e7\u00e3o meu e de minhas seis irm\u00e3s, fica mais latente a certeza de que a senhora e papai, formaram uma grande fam\u00edlia, tendo cumprido os melhores des\u00edgnios de Deus, nos fazendo pessoas que se amam. M\u00e3e \u00e9 \u00fanica, insubstitu\u00edvel. Seu colo \u00e9 o mais confort\u00e1vel, seu carinho e amor incondicionais e uma certeza ao longo da vida, e a saudade que ela deixa quando parte desta vida \u00e9 inconsol\u00e1vel, eterna. \u00c9 uma saudade que pesa, que comprime, que sufoca, essa que eu sinto. \u00c9 uma saudade que jamais ser\u00e1 curada! N\u00e3o enquanto eu caminhar com meus p\u00e9s mortais,&hellip; <\/p>\n","protected":false},"author":1,"featured_media":291294,"comment_status":"closed","ping_status":"closed","sticky":false,"template":"","format":"standard","meta":{"_acf_changed":false,"footnotes":""},"categories":[1],"tags":[],"class_list":["post-291292","post","type-post","status-publish","format-standard","has-post-thumbnail","hentry","category-politica"],"acf":[],"yoast_head":"<!-- This site is optimized with the Yoast SEO plugin v27.4 - https:\/\/yoast.com\/product\/yoast-seo-wordpress\/ -->\n<title>Tanta saudade de mam\u00e3e\ufeff - Blog do Farn\u00e9sio<\/title>\n<meta name=\"robots\" content=\"index, follow, max-snippet:-1, max-image-preview:large, max-video-preview:-1\" \/>\n<link rel=\"canonical\" href=\"https:\/\/blogdofarnesio.com.br\/?p=291292\" \/>\n<meta property=\"og:locale\" content=\"pt_BR\" \/>\n<meta property=\"og:type\" content=\"article\" \/>\n<meta property=\"og:title\" content=\"Tanta saudade de mam\u00e3e\ufeff - Blog do Farn\u00e9sio\" \/>\n<meta property=\"og:description\" content=\"Hoje, dia que estar\u00edamos comemorando seu anivers\u00e1rio, a saudade cala mais fundo em nossos cora\u00e7\u00f5es por sua aus\u00eancia corporal. Mas no meu cora\u00e7\u00e3o meu e de minhas seis irm\u00e3s, fica mais latente a certeza de que a senhora e papai, formaram uma grande fam\u00edlia, tendo cumprido os melhores des\u00edgnios de Deus, nos fazendo pessoas que se amam. M\u00e3e \u00e9 \u00fanica, insubstitu\u00edvel. Seu colo \u00e9 o mais confort\u00e1vel, seu carinho e amor incondicionais e uma certeza ao longo da vida, e a saudade que ela deixa quando parte desta vida \u00e9 inconsol\u00e1vel, eterna. \u00c9 uma saudade que pesa, que comprime, que sufoca, essa que eu sinto. \u00c9 uma saudade que jamais ser\u00e1 curada! N\u00e3o enquanto eu caminhar com meus p\u00e9s mortais,&hellip;\" \/>\n<meta property=\"og:url\" content=\"https:\/\/blogdofarnesio.com.br\/?p=291292\" \/>\n<meta property=\"og:site_name\" content=\"Blog do Farn\u00e9sio\" \/>\n<meta property=\"article:publisher\" content=\"https:\/\/www.facebook.com\/BlogQuerSaberPolitica\/\" \/>\n<meta property=\"article:published_time\" content=\"2021-07-22T09:52:27+00:00\" \/>\n<meta property=\"article:modified_time\" content=\"2021-07-22T13:14:42+00:00\" \/>\n<meta property=\"og:image\" content=\"https:\/\/blogdofarnesio.com.br\/wp-content\/uploads\/2021\/07\/IMG-20161231-WA0003-e1626898525876.jpg\" \/>\n\t<meta property=\"og:image:width\" content=\"560\" \/>\n\t<meta property=\"og:image:height\" content=\"539\" \/>\n\t<meta property=\"og:image:type\" content=\"image\/jpeg\" \/>\n<meta name=\"author\" content=\"Farn\u00e9sio\" \/>\n<meta name=\"twitter:card\" content=\"summary_large_image\" \/>\n<meta name=\"twitter:label1\" content=\"Escrito por\" \/>\n\t<meta name=\"twitter:data1\" content=\"Farn\u00e9sio\" \/>\n\t<meta name=\"twitter:label2\" content=\"Est. tempo de leitura\" \/>\n\t<meta name=\"twitter:data2\" content=\"2 minutos\" \/>\n<script type=\"application\/ld+json\" class=\"yoast-schema-graph\">{\"@context\":\"https:\\\/\\\/schema.org\",\"@graph\":[{\"@type\":\"Article\",\"@id\":\"https:\\\/\\\/blogdofarnesio.com.br\\\/?p=291292#article\",\"isPartOf\":{\"@id\":\"https:\\\/\\\/blogdofarnesio.com.br\\\/?p=291292\"},\"author\":{\"name\":\"Farn\u00e9sio\",\"@id\":\"https:\\\/\\\/blogdofarnesio.com.br\\\/#\\\/schema\\\/person\\\/301c4acf522bccbfdb45af95b5b906a1\"},\"headline\":\"Tanta saudade de mam\u00e3e\ufeff\",\"datePublished\":\"2021-07-22T09:52:27+00:00\",\"dateModified\":\"2021-07-22T13:14:42+00:00\",\"mainEntityOfPage\":{\"@id\":\"https:\\\/\\\/blogdofarnesio.com.br\\\/?p=291292\"},\"wordCount\":392,\"publisher\":{\"@id\":\"https:\\\/\\\/blogdofarnesio.com.br\\\/#organization\"},\"image\":{\"@id\":\"https:\\\/\\\/blogdofarnesio.com.br\\\/?p=291292#primaryimage\"},\"thumbnailUrl\":\"https:\\\/\\\/blogdofarnesio.com.br\\\/wp-content\\\/uploads\\\/2021\\\/07\\\/IMG-20161231-WA0003-e1626898525876.jpg\",\"articleSection\":[\"Pol\u00edtica\"],\"inLanguage\":\"pt-BR\"},{\"@type\":\"WebPage\",\"@id\":\"https:\\\/\\\/blogdofarnesio.com.br\\\/?p=291292\",\"url\":\"https:\\\/\\\/blogdofarnesio.com.br\\\/?p=291292\",\"name\":\"Tanta saudade de mam\u00e3e\ufeff - Blog do Farn\u00e9sio\",\"isPartOf\":{\"@id\":\"https:\\\/\\\/blogdofarnesio.com.br\\\/#website\"},\"primaryImageOfPage\":{\"@id\":\"https:\\\/\\\/blogdofarnesio.com.br\\\/?p=291292#primaryimage\"},\"image\":{\"@id\":\"https:\\\/\\\/blogdofarnesio.com.br\\\/?p=291292#primaryimage\"},\"thumbnailUrl\":\"https:\\\/\\\/blogdofarnesio.com.br\\\/wp-content\\\/uploads\\\/2021\\\/07\\\/IMG-20161231-WA0003-e1626898525876.jpg\",\"datePublished\":\"2021-07-22T09:52:27+00:00\",\"dateModified\":\"2021-07-22T13:14:42+00:00\",\"breadcrumb\":{\"@id\":\"https:\\\/\\\/blogdofarnesio.com.br\\\/?p=291292#breadcrumb\"},\"inLanguage\":\"pt-BR\",\"potentialAction\":[{\"@type\":\"ReadAction\",\"target\":[\"https:\\\/\\\/blogdofarnesio.com.br\\\/?p=291292\"]}]},{\"@type\":\"ImageObject\",\"inLanguage\":\"pt-BR\",\"@id\":\"https:\\\/\\\/blogdofarnesio.com.br\\\/?p=291292#primaryimage\",\"url\":\"https:\\\/\\\/blogdofarnesio.com.br\\\/wp-content\\\/uploads\\\/2021\\\/07\\\/IMG-20161231-WA0003-e1626898525876.jpg\",\"contentUrl\":\"https:\\\/\\\/blogdofarnesio.com.br\\\/wp-content\\\/uploads\\\/2021\\\/07\\\/IMG-20161231-WA0003-e1626898525876.jpg\",\"width\":560,\"height\":539},{\"@type\":\"BreadcrumbList\",\"@id\":\"https:\\\/\\\/blogdofarnesio.com.br\\\/?p=291292#breadcrumb\",\"itemListElement\":[{\"@type\":\"ListItem\",\"position\":1,\"name\":\"In\u00edcio\",\"item\":\"https:\\\/\\\/blogdofarnesio.com.br\\\/\"},{\"@type\":\"ListItem\",\"position\":2,\"name\":\"Tanta saudade de mam\u00e3e\ufeff\"}]},{\"@type\":\"WebSite\",\"@id\":\"https:\\\/\\\/blogdofarnesio.com.br\\\/#website\",\"url\":\"https:\\\/\\\/blogdofarnesio.com.br\\\/\",\"name\":\"Blog do Farn\u00e9sio\",\"description\":\"Quer Saber Pol\u00edtica?\",\"publisher\":{\"@id\":\"https:\\\/\\\/blogdofarnesio.com.br\\\/#organization\"},\"potentialAction\":[{\"@type\":\"SearchAction\",\"target\":{\"@type\":\"EntryPoint\",\"urlTemplate\":\"https:\\\/\\\/blogdofarnesio.com.br\\\/?s={search_term_string}\"},\"query-input\":{\"@type\":\"PropertyValueSpecification\",\"valueRequired\":true,\"valueName\":\"search_term_string\"}}],\"inLanguage\":\"pt-BR\"},{\"@type\":\"Organization\",\"@id\":\"https:\\\/\\\/blogdofarnesio.com.br\\\/#organization\",\"name\":\"Blog do Farn\u00e9sio\",\"url\":\"https:\\\/\\\/blogdofarnesio.com.br\\\/\",\"logo\":{\"@type\":\"ImageObject\",\"inLanguage\":\"pt-BR\",\"@id\":\"https:\\\/\\\/blogdofarnesio.com.br\\\/#\\\/schema\\\/logo\\\/image\\\/\",\"url\":\"https:\\\/\\\/blogdofarnesio.com.br\\\/wp-content\\\/uploads\\\/2026\\\/03\\\/cropped-logo_new-1.png\",\"contentUrl\":\"https:\\\/\\\/blogdofarnesio.com.br\\\/wp-content\\\/uploads\\\/2026\\\/03\\\/cropped-logo_new-1.png\",\"width\":881,\"height\":685,\"caption\":\"Blog do Farn\u00e9sio\"},\"image\":{\"@id\":\"https:\\\/\\\/blogdofarnesio.com.br\\\/#\\\/schema\\\/logo\\\/image\\\/\"},\"sameAs\":[\"https:\\\/\\\/www.facebook.com\\\/BlogQuerSaberPolitica\\\/\"]},{\"@type\":\"Person\",\"@id\":\"https:\\\/\\\/blogdofarnesio.com.br\\\/#\\\/schema\\\/person\\\/301c4acf522bccbfdb45af95b5b906a1\",\"name\":\"Farn\u00e9sio\",\"image\":{\"@type\":\"ImageObject\",\"inLanguage\":\"pt-BR\",\"@id\":\"https:\\\/\\\/secure.gravatar.com\\\/avatar\\\/df0c9a14567c056f8ad6876ba5bbd1e3e2c48023eb6807342fc4663adf549f38?s=96&d=mm&r=g\",\"url\":\"https:\\\/\\\/secure.gravatar.com\\\/avatar\\\/df0c9a14567c056f8ad6876ba5bbd1e3e2c48023eb6807342fc4663adf549f38?s=96&d=mm&r=g\",\"contentUrl\":\"https:\\\/\\\/secure.gravatar.com\\\/avatar\\\/df0c9a14567c056f8ad6876ba5bbd1e3e2c48023eb6807342fc4663adf549f38?s=96&d=mm&r=g\",\"caption\":\"Farn\u00e9sio\"},\"sameAs\":[\"https:\\\/\\\/quersaberpolitica.com.br\"],\"url\":\"https:\\\/\\\/blogdofarnesio.com.br\\\/?author=1\"}]}<\/script>\n<!-- \/ Yoast SEO plugin. -->","yoast_head_json":{"title":"Tanta saudade de mam\u00e3e\ufeff - Blog do Farn\u00e9sio","robots":{"index":"index","follow":"follow","max-snippet":"max-snippet:-1","max-image-preview":"max-image-preview:large","max-video-preview":"max-video-preview:-1"},"canonical":"https:\/\/blogdofarnesio.com.br\/?p=291292","og_locale":"pt_BR","og_type":"article","og_title":"Tanta saudade de mam\u00e3e\ufeff - Blog do Farn\u00e9sio","og_description":"Hoje, dia que estar\u00edamos comemorando seu anivers\u00e1rio, a saudade cala mais fundo em nossos cora\u00e7\u00f5es por sua aus\u00eancia corporal. Mas no meu cora\u00e7\u00e3o meu e de minhas seis irm\u00e3s, fica mais latente a certeza de que a senhora e papai, formaram uma grande fam\u00edlia, tendo cumprido os melhores des\u00edgnios de Deus, nos fazendo pessoas que se amam. M\u00e3e \u00e9 \u00fanica, insubstitu\u00edvel. Seu colo \u00e9 o mais confort\u00e1vel, seu carinho e amor incondicionais e uma certeza ao longo da vida, e a saudade que ela deixa quando parte desta vida \u00e9 inconsol\u00e1vel, eterna. \u00c9 uma saudade que pesa, que comprime, que sufoca, essa que eu sinto. \u00c9 uma saudade que jamais ser\u00e1 curada! N\u00e3o enquanto eu caminhar com meus p\u00e9s mortais,&hellip;","og_url":"https:\/\/blogdofarnesio.com.br\/?p=291292","og_site_name":"Blog do Farn\u00e9sio","article_publisher":"https:\/\/www.facebook.com\/BlogQuerSaberPolitica\/","article_published_time":"2021-07-22T09:52:27+00:00","article_modified_time":"2021-07-22T13:14:42+00:00","og_image":[{"width":560,"height":539,"url":"https:\/\/blogdofarnesio.com.br\/wp-content\/uploads\/2021\/07\/IMG-20161231-WA0003-e1626898525876.jpg","type":"image\/jpeg"}],"author":"Farn\u00e9sio","twitter_card":"summary_large_image","twitter_misc":{"Escrito por":"Farn\u00e9sio","Est. tempo de leitura":"2 minutos"},"schema":{"@context":"https:\/\/schema.org","@graph":[{"@type":"Article","@id":"https:\/\/blogdofarnesio.com.br\/?p=291292#article","isPartOf":{"@id":"https:\/\/blogdofarnesio.com.br\/?p=291292"},"author":{"name":"Farn\u00e9sio","@id":"https:\/\/blogdofarnesio.com.br\/#\/schema\/person\/301c4acf522bccbfdb45af95b5b906a1"},"headline":"Tanta saudade de mam\u00e3e\ufeff","datePublished":"2021-07-22T09:52:27+00:00","dateModified":"2021-07-22T13:14:42+00:00","mainEntityOfPage":{"@id":"https:\/\/blogdofarnesio.com.br\/?p=291292"},"wordCount":392,"publisher":{"@id":"https:\/\/blogdofarnesio.com.br\/#organization"},"image":{"@id":"https:\/\/blogdofarnesio.com.br\/?p=291292#primaryimage"},"thumbnailUrl":"https:\/\/blogdofarnesio.com.br\/wp-content\/uploads\/2021\/07\/IMG-20161231-WA0003-e1626898525876.jpg","articleSection":["Pol\u00edtica"],"inLanguage":"pt-BR"},{"@type":"WebPage","@id":"https:\/\/blogdofarnesio.com.br\/?p=291292","url":"https:\/\/blogdofarnesio.com.br\/?p=291292","name":"Tanta saudade de mam\u00e3e\ufeff - Blog do Farn\u00e9sio","isPartOf":{"@id":"https:\/\/blogdofarnesio.com.br\/#website"},"primaryImageOfPage":{"@id":"https:\/\/blogdofarnesio.com.br\/?p=291292#primaryimage"},"image":{"@id":"https:\/\/blogdofarnesio.com.br\/?p=291292#primaryimage"},"thumbnailUrl":"https:\/\/blogdofarnesio.com.br\/wp-content\/uploads\/2021\/07\/IMG-20161231-WA0003-e1626898525876.jpg","datePublished":"2021-07-22T09:52:27+00:00","dateModified":"2021-07-22T13:14:42+00:00","breadcrumb":{"@id":"https:\/\/blogdofarnesio.com.br\/?p=291292#breadcrumb"},"inLanguage":"pt-BR","potentialAction":[{"@type":"ReadAction","target":["https:\/\/blogdofarnesio.com.br\/?p=291292"]}]},{"@type":"ImageObject","inLanguage":"pt-BR","@id":"https:\/\/blogdofarnesio.com.br\/?p=291292#primaryimage","url":"https:\/\/blogdofarnesio.com.br\/wp-content\/uploads\/2021\/07\/IMG-20161231-WA0003-e1626898525876.jpg","contentUrl":"https:\/\/blogdofarnesio.com.br\/wp-content\/uploads\/2021\/07\/IMG-20161231-WA0003-e1626898525876.jpg","width":560,"height":539},{"@type":"BreadcrumbList","@id":"https:\/\/blogdofarnesio.com.br\/?p=291292#breadcrumb","itemListElement":[{"@type":"ListItem","position":1,"name":"In\u00edcio","item":"https:\/\/blogdofarnesio.com.br\/"},{"@type":"ListItem","position":2,"name":"Tanta saudade de mam\u00e3e\ufeff"}]},{"@type":"WebSite","@id":"https:\/\/blogdofarnesio.com.br\/#website","url":"https:\/\/blogdofarnesio.com.br\/","name":"Blog do Farn\u00e9sio","description":"Quer Saber Pol\u00edtica?","publisher":{"@id":"https:\/\/blogdofarnesio.com.br\/#organization"},"potentialAction":[{"@type":"SearchAction","target":{"@type":"EntryPoint","urlTemplate":"https:\/\/blogdofarnesio.com.br\/?s={search_term_string}"},"query-input":{"@type":"PropertyValueSpecification","valueRequired":true,"valueName":"search_term_string"}}],"inLanguage":"pt-BR"},{"@type":"Organization","@id":"https:\/\/blogdofarnesio.com.br\/#organization","name":"Blog do Farn\u00e9sio","url":"https:\/\/blogdofarnesio.com.br\/","logo":{"@type":"ImageObject","inLanguage":"pt-BR","@id":"https:\/\/blogdofarnesio.com.br\/#\/schema\/logo\/image\/","url":"https:\/\/blogdofarnesio.com.br\/wp-content\/uploads\/2026\/03\/cropped-logo_new-1.png","contentUrl":"https:\/\/blogdofarnesio.com.br\/wp-content\/uploads\/2026\/03\/cropped-logo_new-1.png","width":881,"height":685,"caption":"Blog do Farn\u00e9sio"},"image":{"@id":"https:\/\/blogdofarnesio.com.br\/#\/schema\/logo\/image\/"},"sameAs":["https:\/\/www.facebook.com\/BlogQuerSaberPolitica\/"]},{"@type":"Person","@id":"https:\/\/blogdofarnesio.com.br\/#\/schema\/person\/301c4acf522bccbfdb45af95b5b906a1","name":"Farn\u00e9sio","image":{"@type":"ImageObject","inLanguage":"pt-BR","@id":"https:\/\/secure.gravatar.com\/avatar\/df0c9a14567c056f8ad6876ba5bbd1e3e2c48023eb6807342fc4663adf549f38?s=96&d=mm&r=g","url":"https:\/\/secure.gravatar.com\/avatar\/df0c9a14567c056f8ad6876ba5bbd1e3e2c48023eb6807342fc4663adf549f38?s=96&d=mm&r=g","contentUrl":"https:\/\/secure.gravatar.com\/avatar\/df0c9a14567c056f8ad6876ba5bbd1e3e2c48023eb6807342fc4663adf549f38?s=96&d=mm&r=g","caption":"Farn\u00e9sio"},"sameAs":["https:\/\/quersaberpolitica.com.br"],"url":"https:\/\/blogdofarnesio.com.br\/?author=1"}]}},"_links":{"self":[{"href":"https:\/\/blogdofarnesio.com.br\/index.php?rest_route=\/wp\/v2\/posts\/291292","targetHints":{"allow":["GET"]}}],"collection":[{"href":"https:\/\/blogdofarnesio.com.br\/index.php?rest_route=\/wp\/v2\/posts"}],"about":[{"href":"https:\/\/blogdofarnesio.com.br\/index.php?rest_route=\/wp\/v2\/types\/post"}],"author":[{"embeddable":true,"href":"https:\/\/blogdofarnesio.com.br\/index.php?rest_route=\/wp\/v2\/users\/1"}],"replies":[{"embeddable":true,"href":"https:\/\/blogdofarnesio.com.br\/index.php?rest_route=%2Fwp%2Fv2%2Fcomments&post=291292"}],"version-history":[{"count":0,"href":"https:\/\/blogdofarnesio.com.br\/index.php?rest_route=\/wp\/v2\/posts\/291292\/revisions"}],"wp:featuredmedia":[{"embeddable":true,"href":"https:\/\/blogdofarnesio.com.br\/index.php?rest_route=\/wp\/v2\/media\/291294"}],"wp:attachment":[{"href":"https:\/\/blogdofarnesio.com.br\/index.php?rest_route=%2Fwp%2Fv2%2Fmedia&parent=291292"}],"wp:term":[{"taxonomy":"category","embeddable":true,"href":"https:\/\/blogdofarnesio.com.br\/index.php?rest_route=%2Fwp%2Fv2%2Fcategories&post=291292"},{"taxonomy":"post_tag","embeddable":true,"href":"https:\/\/blogdofarnesio.com.br\/index.php?rest_route=%2Fwp%2Fv2%2Ftags&post=291292"}],"curies":[{"name":"wp","href":"https:\/\/api.w.org\/{rel}","templated":true}]}}