{"id":291283,"date":"2021-07-21T17:22:58","date_gmt":"2021-07-21T20:22:58","guid":{"rendered":"https:\/\/quersaberpolitica.com.br\/?p=291283"},"modified":"2021-07-21T16:23:34","modified_gmt":"2021-07-21T19:23:34","slug":"prefeitura-de-petrolina-convoca-400-auxiliares-de-limpeza-aprovados-no-processo-seletivo-da-educacao","status":"publish","type":"post","link":"https:\/\/blogdofarnesio.com.br\/?p=291283","title":{"rendered":"Prefeitura de Petrolina convoca 400 auxiliares de limpeza aprovados no processo seletivo da Educa\u00e7\u00e3o"},"content":{"rendered":"<p style=\"font-weight: 400;\">A Prefeitura de Petrolina, atrav\u00e9s da Secretaria de Educa\u00e7\u00e3o, Cultura e Esportes, deu in\u00edcio a segunda convoca\u00e7\u00e3o do processo seletivo simplificado, destinado \u00e0 contrata\u00e7\u00e3o de profissionais em car\u00e1ter tempor\u00e1rio para atua\u00e7\u00e3o na rede municipal de ensino. Nesta etapa, 400 auxiliares de limpeza est\u00e3o sendo chamados para entregar a documenta\u00e7\u00e3o exigida at\u00e9 o dia 23 de julho.<\/p>\n<p style=\"font-weight: 400;\">De acordo com a secret\u00e1ria Executiva de Recursos Humanos, Paloma Castro, esse n\u00famero de profissionais convocados foi ampliado, diante da grande demanda e necessidade da Secretaria de Educa\u00e7\u00e3o atualmente. \u201c<em>Seguindo a Lei 14.151\/21, recentemente aprovada pelo Congresso, e em vigor desde maio, que garante \u00e0 gestante o direito de ser afastada do trabalho presencial sem preju\u00edzo da remunera\u00e7\u00e3o durante a pandemia, a Secretaria teve que ampliar o n\u00famero de pessoas convocadas na \u00e1rea de limpeza para que nenhuma unidade escolar fique desassistida nesse momento. Existe ainda a situa\u00e7\u00e3o das pessoas com comorbidades que n\u00e3o est\u00e3o podendo exercer suas atividades presenciais diante do momento atual<\/em>\u201d, explicou Paloma.<\/p>\n<p style=\"font-weight: 400;\">Aprovada no processo seletivo para o cargo de Auxiliar de Limpeza, Juliana de Oliveira, moradora do bairro S\u00e3o Gon\u00e7alo, elogiou a organiza\u00e7\u00e3o da Prefeitura e destacou sua vontade de fazer parte do corpo de servidores da Educa\u00e7\u00e3o de Petrolina. \u201c<em>Fiquei impressionada com o n\u00edvel de organiza\u00e7\u00e3o que vi nesse processo seletivo. J\u00e1 realizei tranquilamente a entrega e confer\u00eancia dos documentos. Estou muito feliz por poder come\u00e7ar a trabalhar e ter essa oportunidade nesse momento t\u00e3o dif\u00edcil que estamos vivendo com a pandemia<\/em>\u201d, ressaltou Juliana.<\/p>\n<p style=\"font-weight: 400;\">Para esse processo seletivo, ser\u00e3o convocados tamb\u00e9m os candidatos classificados para os cargos de professores substitutos do Ensino Fundamental; assistente educacional; motorista de carro leve; motorista de \u00f4nibus; motorista de micro-\u00f4nibus e barqueiro de transporte escolar. A convocat\u00f3ria est\u00e1 sendo feita de acordo com a necessidade da administra\u00e7\u00e3o, respeitando o crit\u00e9rio de ordem de coloca\u00e7\u00e3o do resultado.<\/p>\n<p style=\"font-weight: 400;\"><strong>Documenta\u00e7\u00e3o<\/strong><\/p>\n<p style=\"font-weight: 400;\">A entrega dos documentos comprobat\u00f3rios de t\u00edtulos e experi\u00eancia profissional dever\u00e1 ser feita das 8h30min \u00e0s 12h30min, no 1\u00ba piso da Secretaria de Educa\u00e7\u00e3o, Cultura e Esportes, localizada no Centro de Conven\u00e7\u00f5es Senador Nilo Coelho, Centro.\u00a0 Os candidatos devem apresentar toda a documenta\u00e7\u00e3o original e c\u00f3pias relacionadas no Anexo II do edital, para tratar da contrata\u00e7\u00e3o e localiza\u00e7\u00e3o das unidades escolares no qual atuar\u00e3o. A aus\u00eancia nas datas e hor\u00e1rios previstos acarretar\u00e1 na desclassifica\u00e7\u00e3o do candidato.<\/p>\n<p style=\"font-weight: 400;\">\n<p style=\"font-weight: 400;\">Elaine Barbosa &#8211; Assessora de Comunica\u00e7\u00e3o<\/p>\n","protected":false},"excerpt":{"rendered":"<p>A Prefeitura de Petrolina, atrav\u00e9s da Secretaria de Educa\u00e7\u00e3o, Cultura e Esportes, deu in\u00edcio a segunda convoca\u00e7\u00e3o do processo seletivo simplificado, destinado \u00e0 contrata\u00e7\u00e3o de profissionais em car\u00e1ter tempor\u00e1rio para atua\u00e7\u00e3o na rede municipal de ensino. Nesta etapa, 400 auxiliares de limpeza est\u00e3o sendo chamados para entregar a documenta\u00e7\u00e3o exigida at\u00e9 o dia 23 de julho. De acordo com a secret\u00e1ria Executiva de Recursos Humanos, Paloma Castro, esse n\u00famero de profissionais convocados foi ampliado, diante da grande demanda e necessidade da Secretaria de Educa\u00e7\u00e3o atualmente. \u201cSeguindo a Lei 14.151\/21, recentemente aprovada pelo Congresso, e em vigor desde maio, que garante \u00e0 gestante o direito de ser afastada do trabalho presencial sem preju\u00edzo da remunera\u00e7\u00e3o durante a pandemia, a Secretaria teve&hellip; <\/p>\n","protected":false},"author":1,"featured_media":124525,"comment_status":"closed","ping_status":"closed","sticky":false,"template":"","format":"standard","meta":{"_acf_changed":false,"footnotes":""},"categories":[1],"tags":[],"class_list":["post-291283","post","type-post","status-publish","format-standard","has-post-thumbnail","hentry","category-politica"],"acf":[],"yoast_head":"<!-- This site is optimized with the Yoast SEO plugin v27.4 - https:\/\/yoast.com\/product\/yoast-seo-wordpress\/ -->\n<title>Prefeitura de Petrolina convoca 400 auxiliares de limpeza aprovados no processo seletivo da Educa\u00e7\u00e3o - Blog do Farn\u00e9sio<\/title>\n<meta name=\"robots\" content=\"index, follow, max-snippet:-1, max-image-preview:large, max-video-preview:-1\" \/>\n<link rel=\"canonical\" href=\"https:\/\/blogdofarnesio.com.br\/?p=291283\" \/>\n<meta property=\"og:locale\" content=\"pt_BR\" \/>\n<meta property=\"og:type\" content=\"article\" \/>\n<meta property=\"og:title\" content=\"Prefeitura de Petrolina convoca 400 auxiliares de limpeza aprovados no processo seletivo da Educa\u00e7\u00e3o - Blog do Farn\u00e9sio\" \/>\n<meta property=\"og:description\" content=\"A Prefeitura de Petrolina, atrav\u00e9s da Secretaria de Educa\u00e7\u00e3o, Cultura e Esportes, deu in\u00edcio a segunda convoca\u00e7\u00e3o do processo seletivo simplificado, destinado \u00e0 contrata\u00e7\u00e3o de profissionais em car\u00e1ter tempor\u00e1rio para atua\u00e7\u00e3o na rede municipal de ensino. Nesta etapa, 400 auxiliares de limpeza est\u00e3o sendo chamados para entregar a documenta\u00e7\u00e3o exigida at\u00e9 o dia 23 de julho. De acordo com a secret\u00e1ria Executiva de Recursos Humanos, Paloma Castro, esse n\u00famero de profissionais convocados foi ampliado, diante da grande demanda e necessidade da Secretaria de Educa\u00e7\u00e3o atualmente. \u201cSeguindo a Lei 14.151\/21, recentemente aprovada pelo Congresso, e em vigor desde maio, que garante \u00e0 gestante o direito de ser afastada do trabalho presencial sem preju\u00edzo da remunera\u00e7\u00e3o durante a pandemia, a Secretaria teve&hellip;\" \/>\n<meta property=\"og:url\" content=\"https:\/\/blogdofarnesio.com.br\/?p=291283\" \/>\n<meta property=\"og:site_name\" content=\"Blog do Farn\u00e9sio\" \/>\n<meta property=\"article:publisher\" content=\"https:\/\/www.facebook.com\/BlogQuerSaberPolitica\/\" \/>\n<meta property=\"article:published_time\" content=\"2021-07-21T20:22:58+00:00\" \/>\n<meta property=\"og:image\" content=\"https:\/\/blogdofarnesio.com.br\/wp-content\/uploads\/2015\/06\/blogqspprefeiturapet0-Foto-Farn\u00e9sio-Silva2.jpg\" \/>\n\t<meta property=\"og:image:width\" content=\"448\" \/>\n\t<meta property=\"og:image:height\" content=\"299\" \/>\n\t<meta property=\"og:image:type\" content=\"image\/jpeg\" \/>\n<meta name=\"author\" content=\"Farn\u00e9sio\" \/>\n<meta name=\"twitter:card\" content=\"summary_large_image\" \/>\n<meta name=\"twitter:label1\" content=\"Escrito por\" \/>\n\t<meta name=\"twitter:data1\" content=\"Farn\u00e9sio\" \/>\n\t<meta name=\"twitter:label2\" content=\"Est. tempo de leitura\" \/>\n\t<meta name=\"twitter:data2\" content=\"2 minutos\" \/>\n<script type=\"application\/ld+json\" class=\"yoast-schema-graph\">{\"@context\":\"https:\\\/\\\/schema.org\",\"@graph\":[{\"@type\":\"Article\",\"@id\":\"https:\\\/\\\/blogdofarnesio.com.br\\\/?p=291283#article\",\"isPartOf\":{\"@id\":\"https:\\\/\\\/blogdofarnesio.com.br\\\/?p=291283\"},\"author\":{\"name\":\"Farn\u00e9sio\",\"@id\":\"https:\\\/\\\/blogdofarnesio.com.br\\\/#\\\/schema\\\/person\\\/301c4acf522bccbfdb45af95b5b906a1\"},\"headline\":\"Prefeitura de Petrolina convoca 400 auxiliares de limpeza aprovados no processo seletivo da Educa\u00e7\u00e3o\",\"datePublished\":\"2021-07-21T20:22:58+00:00\",\"mainEntityOfPage\":{\"@id\":\"https:\\\/\\\/blogdofarnesio.com.br\\\/?p=291283\"},\"wordCount\":447,\"publisher\":{\"@id\":\"https:\\\/\\\/blogdofarnesio.com.br\\\/#organization\"},\"image\":{\"@id\":\"https:\\\/\\\/blogdofarnesio.com.br\\\/?p=291283#primaryimage\"},\"thumbnailUrl\":\"https:\\\/\\\/blogdofarnesio.com.br\\\/wp-content\\\/uploads\\\/2015\\\/06\\\/blogqspprefeiturapet0-Foto-Farn\u00e9sio-Silva2.jpg\",\"articleSection\":[\"Pol\u00edtica\"],\"inLanguage\":\"pt-BR\"},{\"@type\":\"WebPage\",\"@id\":\"https:\\\/\\\/blogdofarnesio.com.br\\\/?p=291283\",\"url\":\"https:\\\/\\\/blogdofarnesio.com.br\\\/?p=291283\",\"name\":\"Prefeitura de Petrolina convoca 400 auxiliares de limpeza aprovados no processo seletivo da Educa\u00e7\u00e3o - Blog do Farn\u00e9sio\",\"isPartOf\":{\"@id\":\"https:\\\/\\\/blogdofarnesio.com.br\\\/#website\"},\"primaryImageOfPage\":{\"@id\":\"https:\\\/\\\/blogdofarnesio.com.br\\\/?p=291283#primaryimage\"},\"image\":{\"@id\":\"https:\\\/\\\/blogdofarnesio.com.br\\\/?p=291283#primaryimage\"},\"thumbnailUrl\":\"https:\\\/\\\/blogdofarnesio.com.br\\\/wp-content\\\/uploads\\\/2015\\\/06\\\/blogqspprefeiturapet0-Foto-Farn\u00e9sio-Silva2.jpg\",\"datePublished\":\"2021-07-21T20:22:58+00:00\",\"breadcrumb\":{\"@id\":\"https:\\\/\\\/blogdofarnesio.com.br\\\/?p=291283#breadcrumb\"},\"inLanguage\":\"pt-BR\",\"potentialAction\":[{\"@type\":\"ReadAction\",\"target\":[\"https:\\\/\\\/blogdofarnesio.com.br\\\/?p=291283\"]}]},{\"@type\":\"ImageObject\",\"inLanguage\":\"pt-BR\",\"@id\":\"https:\\\/\\\/blogdofarnesio.com.br\\\/?p=291283#primaryimage\",\"url\":\"https:\\\/\\\/blogdofarnesio.com.br\\\/wp-content\\\/uploads\\\/2015\\\/06\\\/blogqspprefeiturapet0-Foto-Farn\u00e9sio-Silva2.jpg\",\"contentUrl\":\"https:\\\/\\\/blogdofarnesio.com.br\\\/wp-content\\\/uploads\\\/2015\\\/06\\\/blogqspprefeiturapet0-Foto-Farn\u00e9sio-Silva2.jpg\",\"width\":448,\"height\":299,\"caption\":\"Prefeitura de Petrolina-Pe Foto Farn\u00e9sio Silva\"},{\"@type\":\"BreadcrumbList\",\"@id\":\"https:\\\/\\\/blogdofarnesio.com.br\\\/?p=291283#breadcrumb\",\"itemListElement\":[{\"@type\":\"ListItem\",\"position\":1,\"name\":\"In\u00edcio\",\"item\":\"https:\\\/\\\/blogdofarnesio.com.br\\\/\"},{\"@type\":\"ListItem\",\"position\":2,\"name\":\"Prefeitura de Petrolina convoca 400 auxiliares de limpeza aprovados no processo seletivo da Educa\u00e7\u00e3o\"}]},{\"@type\":\"WebSite\",\"@id\":\"https:\\\/\\\/blogdofarnesio.com.br\\\/#website\",\"url\":\"https:\\\/\\\/blogdofarnesio.com.br\\\/\",\"name\":\"Blog do Farn\u00e9sio\",\"description\":\"Quer Saber Pol\u00edtica?\",\"publisher\":{\"@id\":\"https:\\\/\\\/blogdofarnesio.com.br\\\/#organization\"},\"potentialAction\":[{\"@type\":\"SearchAction\",\"target\":{\"@type\":\"EntryPoint\",\"urlTemplate\":\"https:\\\/\\\/blogdofarnesio.com.br\\\/?s={search_term_string}\"},\"query-input\":{\"@type\":\"PropertyValueSpecification\",\"valueRequired\":true,\"valueName\":\"search_term_string\"}}],\"inLanguage\":\"pt-BR\"},{\"@type\":\"Organization\",\"@id\":\"https:\\\/\\\/blogdofarnesio.com.br\\\/#organization\",\"name\":\"Blog do Farn\u00e9sio\",\"url\":\"https:\\\/\\\/blogdofarnesio.com.br\\\/\",\"logo\":{\"@type\":\"ImageObject\",\"inLanguage\":\"pt-BR\",\"@id\":\"https:\\\/\\\/blogdofarnesio.com.br\\\/#\\\/schema\\\/logo\\\/image\\\/\",\"url\":\"https:\\\/\\\/blogdofarnesio.com.br\\\/wp-content\\\/uploads\\\/2026\\\/03\\\/cropped-logo_new-1.png\",\"contentUrl\":\"https:\\\/\\\/blogdofarnesio.com.br\\\/wp-content\\\/uploads\\\/2026\\\/03\\\/cropped-logo_new-1.png\",\"width\":881,\"height\":685,\"caption\":\"Blog do Farn\u00e9sio\"},\"image\":{\"@id\":\"https:\\\/\\\/blogdofarnesio.com.br\\\/#\\\/schema\\\/logo\\\/image\\\/\"},\"sameAs\":[\"https:\\\/\\\/www.facebook.com\\\/BlogQuerSaberPolitica\\\/\"]},{\"@type\":\"Person\",\"@id\":\"https:\\\/\\\/blogdofarnesio.com.br\\\/#\\\/schema\\\/person\\\/301c4acf522bccbfdb45af95b5b906a1\",\"name\":\"Farn\u00e9sio\",\"image\":{\"@type\":\"ImageObject\",\"inLanguage\":\"pt-BR\",\"@id\":\"https:\\\/\\\/secure.gravatar.com\\\/avatar\\\/df0c9a14567c056f8ad6876ba5bbd1e3e2c48023eb6807342fc4663adf549f38?s=96&d=mm&r=g\",\"url\":\"https:\\\/\\\/secure.gravatar.com\\\/avatar\\\/df0c9a14567c056f8ad6876ba5bbd1e3e2c48023eb6807342fc4663adf549f38?s=96&d=mm&r=g\",\"contentUrl\":\"https:\\\/\\\/secure.gravatar.com\\\/avatar\\\/df0c9a14567c056f8ad6876ba5bbd1e3e2c48023eb6807342fc4663adf549f38?s=96&d=mm&r=g\",\"caption\":\"Farn\u00e9sio\"},\"sameAs\":[\"https:\\\/\\\/quersaberpolitica.com.br\"],\"url\":\"https:\\\/\\\/blogdofarnesio.com.br\\\/?author=1\"}]}<\/script>\n<!-- \/ Yoast SEO plugin. -->","yoast_head_json":{"title":"Prefeitura de Petrolina convoca 400 auxiliares de limpeza aprovados no processo seletivo da Educa\u00e7\u00e3o - Blog do Farn\u00e9sio","robots":{"index":"index","follow":"follow","max-snippet":"max-snippet:-1","max-image-preview":"max-image-preview:large","max-video-preview":"max-video-preview:-1"},"canonical":"https:\/\/blogdofarnesio.com.br\/?p=291283","og_locale":"pt_BR","og_type":"article","og_title":"Prefeitura de Petrolina convoca 400 auxiliares de limpeza aprovados no processo seletivo da Educa\u00e7\u00e3o - Blog do Farn\u00e9sio","og_description":"A Prefeitura de Petrolina, atrav\u00e9s da Secretaria de Educa\u00e7\u00e3o, Cultura e Esportes, deu in\u00edcio a segunda convoca\u00e7\u00e3o do processo seletivo simplificado, destinado \u00e0 contrata\u00e7\u00e3o de profissionais em car\u00e1ter tempor\u00e1rio para atua\u00e7\u00e3o na rede municipal de ensino. Nesta etapa, 400 auxiliares de limpeza est\u00e3o sendo chamados para entregar a documenta\u00e7\u00e3o exigida at\u00e9 o dia 23 de julho. De acordo com a secret\u00e1ria Executiva de Recursos Humanos, Paloma Castro, esse n\u00famero de profissionais convocados foi ampliado, diante da grande demanda e necessidade da Secretaria de Educa\u00e7\u00e3o atualmente. \u201cSeguindo a Lei 14.151\/21, recentemente aprovada pelo Congresso, e em vigor desde maio, que garante \u00e0 gestante o direito de ser afastada do trabalho presencial sem preju\u00edzo da remunera\u00e7\u00e3o durante a pandemia, a Secretaria teve&hellip;","og_url":"https:\/\/blogdofarnesio.com.br\/?p=291283","og_site_name":"Blog do Farn\u00e9sio","article_publisher":"https:\/\/www.facebook.com\/BlogQuerSaberPolitica\/","article_published_time":"2021-07-21T20:22:58+00:00","og_image":[{"width":448,"height":299,"url":"https:\/\/blogdofarnesio.com.br\/wp-content\/uploads\/2015\/06\/blogqspprefeiturapet0-Foto-Farn\u00e9sio-Silva2.jpg","type":"image\/jpeg"}],"author":"Farn\u00e9sio","twitter_card":"summary_large_image","twitter_misc":{"Escrito por":"Farn\u00e9sio","Est. tempo de leitura":"2 minutos"},"schema":{"@context":"https:\/\/schema.org","@graph":[{"@type":"Article","@id":"https:\/\/blogdofarnesio.com.br\/?p=291283#article","isPartOf":{"@id":"https:\/\/blogdofarnesio.com.br\/?p=291283"},"author":{"name":"Farn\u00e9sio","@id":"https:\/\/blogdofarnesio.com.br\/#\/schema\/person\/301c4acf522bccbfdb45af95b5b906a1"},"headline":"Prefeitura de Petrolina convoca 400 auxiliares de limpeza aprovados no processo seletivo da Educa\u00e7\u00e3o","datePublished":"2021-07-21T20:22:58+00:00","mainEntityOfPage":{"@id":"https:\/\/blogdofarnesio.com.br\/?p=291283"},"wordCount":447,"publisher":{"@id":"https:\/\/blogdofarnesio.com.br\/#organization"},"image":{"@id":"https:\/\/blogdofarnesio.com.br\/?p=291283#primaryimage"},"thumbnailUrl":"https:\/\/blogdofarnesio.com.br\/wp-content\/uploads\/2015\/06\/blogqspprefeiturapet0-Foto-Farn\u00e9sio-Silva2.jpg","articleSection":["Pol\u00edtica"],"inLanguage":"pt-BR"},{"@type":"WebPage","@id":"https:\/\/blogdofarnesio.com.br\/?p=291283","url":"https:\/\/blogdofarnesio.com.br\/?p=291283","name":"Prefeitura de Petrolina convoca 400 auxiliares de limpeza aprovados no processo seletivo da Educa\u00e7\u00e3o - Blog do Farn\u00e9sio","isPartOf":{"@id":"https:\/\/blogdofarnesio.com.br\/#website"},"primaryImageOfPage":{"@id":"https:\/\/blogdofarnesio.com.br\/?p=291283#primaryimage"},"image":{"@id":"https:\/\/blogdofarnesio.com.br\/?p=291283#primaryimage"},"thumbnailUrl":"https:\/\/blogdofarnesio.com.br\/wp-content\/uploads\/2015\/06\/blogqspprefeiturapet0-Foto-Farn\u00e9sio-Silva2.jpg","datePublished":"2021-07-21T20:22:58+00:00","breadcrumb":{"@id":"https:\/\/blogdofarnesio.com.br\/?p=291283#breadcrumb"},"inLanguage":"pt-BR","potentialAction":[{"@type":"ReadAction","target":["https:\/\/blogdofarnesio.com.br\/?p=291283"]}]},{"@type":"ImageObject","inLanguage":"pt-BR","@id":"https:\/\/blogdofarnesio.com.br\/?p=291283#primaryimage","url":"https:\/\/blogdofarnesio.com.br\/wp-content\/uploads\/2015\/06\/blogqspprefeiturapet0-Foto-Farn\u00e9sio-Silva2.jpg","contentUrl":"https:\/\/blogdofarnesio.com.br\/wp-content\/uploads\/2015\/06\/blogqspprefeiturapet0-Foto-Farn\u00e9sio-Silva2.jpg","width":448,"height":299,"caption":"Prefeitura de Petrolina-Pe Foto Farn\u00e9sio Silva"},{"@type":"BreadcrumbList","@id":"https:\/\/blogdofarnesio.com.br\/?p=291283#breadcrumb","itemListElement":[{"@type":"ListItem","position":1,"name":"In\u00edcio","item":"https:\/\/blogdofarnesio.com.br\/"},{"@type":"ListItem","position":2,"name":"Prefeitura de Petrolina convoca 400 auxiliares de limpeza aprovados no processo seletivo da Educa\u00e7\u00e3o"}]},{"@type":"WebSite","@id":"https:\/\/blogdofarnesio.com.br\/#website","url":"https:\/\/blogdofarnesio.com.br\/","name":"Blog do Farn\u00e9sio","description":"Quer Saber Pol\u00edtica?","publisher":{"@id":"https:\/\/blogdofarnesio.com.br\/#organization"},"potentialAction":[{"@type":"SearchAction","target":{"@type":"EntryPoint","urlTemplate":"https:\/\/blogdofarnesio.com.br\/?s={search_term_string}"},"query-input":{"@type":"PropertyValueSpecification","valueRequired":true,"valueName":"search_term_string"}}],"inLanguage":"pt-BR"},{"@type":"Organization","@id":"https:\/\/blogdofarnesio.com.br\/#organization","name":"Blog do Farn\u00e9sio","url":"https:\/\/blogdofarnesio.com.br\/","logo":{"@type":"ImageObject","inLanguage":"pt-BR","@id":"https:\/\/blogdofarnesio.com.br\/#\/schema\/logo\/image\/","url":"https:\/\/blogdofarnesio.com.br\/wp-content\/uploads\/2026\/03\/cropped-logo_new-1.png","contentUrl":"https:\/\/blogdofarnesio.com.br\/wp-content\/uploads\/2026\/03\/cropped-logo_new-1.png","width":881,"height":685,"caption":"Blog do Farn\u00e9sio"},"image":{"@id":"https:\/\/blogdofarnesio.com.br\/#\/schema\/logo\/image\/"},"sameAs":["https:\/\/www.facebook.com\/BlogQuerSaberPolitica\/"]},{"@type":"Person","@id":"https:\/\/blogdofarnesio.com.br\/#\/schema\/person\/301c4acf522bccbfdb45af95b5b906a1","name":"Farn\u00e9sio","image":{"@type":"ImageObject","inLanguage":"pt-BR","@id":"https:\/\/secure.gravatar.com\/avatar\/df0c9a14567c056f8ad6876ba5bbd1e3e2c48023eb6807342fc4663adf549f38?s=96&d=mm&r=g","url":"https:\/\/secure.gravatar.com\/avatar\/df0c9a14567c056f8ad6876ba5bbd1e3e2c48023eb6807342fc4663adf549f38?s=96&d=mm&r=g","contentUrl":"https:\/\/secure.gravatar.com\/avatar\/df0c9a14567c056f8ad6876ba5bbd1e3e2c48023eb6807342fc4663adf549f38?s=96&d=mm&r=g","caption":"Farn\u00e9sio"},"sameAs":["https:\/\/quersaberpolitica.com.br"],"url":"https:\/\/blogdofarnesio.com.br\/?author=1"}]}},"_links":{"self":[{"href":"https:\/\/blogdofarnesio.com.br\/index.php?rest_route=\/wp\/v2\/posts\/291283","targetHints":{"allow":["GET"]}}],"collection":[{"href":"https:\/\/blogdofarnesio.com.br\/index.php?rest_route=\/wp\/v2\/posts"}],"about":[{"href":"https:\/\/blogdofarnesio.com.br\/index.php?rest_route=\/wp\/v2\/types\/post"}],"author":[{"embeddable":true,"href":"https:\/\/blogdofarnesio.com.br\/index.php?rest_route=\/wp\/v2\/users\/1"}],"replies":[{"embeddable":true,"href":"https:\/\/blogdofarnesio.com.br\/index.php?rest_route=%2Fwp%2Fv2%2Fcomments&post=291283"}],"version-history":[{"count":0,"href":"https:\/\/blogdofarnesio.com.br\/index.php?rest_route=\/wp\/v2\/posts\/291283\/revisions"}],"wp:featuredmedia":[{"embeddable":true,"href":"https:\/\/blogdofarnesio.com.br\/index.php?rest_route=\/wp\/v2\/media\/124525"}],"wp:attachment":[{"href":"https:\/\/blogdofarnesio.com.br\/index.php?rest_route=%2Fwp%2Fv2%2Fmedia&parent=291283"}],"wp:term":[{"taxonomy":"category","embeddable":true,"href":"https:\/\/blogdofarnesio.com.br\/index.php?rest_route=%2Fwp%2Fv2%2Fcategories&post=291283"},{"taxonomy":"post_tag","embeddable":true,"href":"https:\/\/blogdofarnesio.com.br\/index.php?rest_route=%2Fwp%2Fv2%2Ftags&post=291283"}],"curies":[{"name":"wp","href":"https:\/\/api.w.org\/{rel}","templated":true}]}}