{"id":291268,"date":"2021-07-21T17:02:20","date_gmt":"2021-07-21T20:02:20","guid":{"rendered":"https:\/\/quersaberpolitica.com.br\/?p=291268"},"modified":"2021-07-21T13:00:54","modified_gmt":"2021-07-21T16:00:54","slug":"senador-bolsonarista-pai-do-prefeito-de-petrolina-%ef%bb%bffernando-bezerra-descarta-retorno-de-alianca-com-grupo-de-paulo-camara","status":"publish","type":"post","link":"https:\/\/blogdofarnesio.com.br\/?p=291268","title":{"rendered":"Senador bolsonarista pai do prefeito de Petrolina, \ufeffFernando Bezerra, descarta retorno de alian\u00e7a com grupo de Paulo C\u00e2mara"},"content":{"rendered":"<p>Sobre as especula\u00e7\u00f5es para as elei\u00e7\u00f5es de 2022, o senador Fernando Bezerra Coelho(MDB) descartou a possibilidade do retorno da alian\u00e7a com o grupo politico do governador de Pernambuco, Paulo C\u00e2mara(PSB). A declara\u00e7\u00e3o foi feita durante entrevista exclusiva na <b>Petrolina FM<\/b>, ontem (20).<\/p>\n<p>De acordo com Fernando Bezerra, todo trabalho vem sendo realizado visando a candidatura do prefeito de Petrolina (PE), Miguel Coelho, para as elei\u00e7\u00f5es do governo do estado.<\/p>\n<p>\u201cO fato concreto \u00e9 que estamos atuando no campo da oposi\u00e7\u00e3o ao governador Paulo C\u00e2mara. A determina\u00e7\u00e3o do prefeito Miguel \u00e9 colocar o nome dele \u00e0 disposi\u00e7\u00e3o para as pr\u00f3ximas elei\u00e7\u00f5es de governador. Estamos discutindo essa quest\u00e3o dentro do MDB, houve um primeiro pronunciamento do deputado Raul Henry, senador Jarbas, no sentindo de manter o MDB dentro da Frente Popular, mas entendemos que isso \u00e9 ainda uma conversa inicial\u201d, destacou Fernando.<\/p>\n<p>O senador acredita que somente haver\u00e1 um posicionamento mais concreto do partido, ap\u00f3s defini\u00e7\u00e3o das discuss\u00f5es sobre a reforma politica eleitoral.<\/p>\n<p>\u201c\u00c9 importante a gente se dedicar nesses pr\u00f3ximos 30, 40 dias, quando a reforma politica eleitoral dever\u00e1 ter seus contornos definidos na C\u00e2mara e no Senado, para gente poder saber se essa postura do MDB \u00e9 definitiva ou se ainda existe espa\u00e7o para uma reavalia\u00e7\u00e3o de posicionamento tendo em vista os superiores interesses do MDB que \u00e9 ampliar a sua representa\u00e7\u00e3o na C\u00e2mara\u201d, avaliou o senador.<\/p>\n<p>\u201c\u00c9 evidente que uma candidatura de Miguel pelo MDB criaria a possibilidade de ter amplo apoio pelas for\u00e7as politicas de oposi\u00e7\u00e3o e certamente a forma\u00e7\u00e3o de uma chapa proporcional tanto para C\u00e2mara dos Deputados quanto para a Assembleia legislativa, ampliando o protagonismo do MDB. Prefiro acreditar que estamos nos momentos iniciais desse debate e teremos uma posi\u00e7\u00e3o mais clara ali no in\u00edcio de setembro\u201d, completou.<\/p>\n","protected":false},"excerpt":{"rendered":"<p>Sobre as especula\u00e7\u00f5es para as elei\u00e7\u00f5es de 2022, o senador Fernando Bezerra Coelho(MDB) descartou a possibilidade do retorno da alian\u00e7a com o grupo politico do governador de Pernambuco, Paulo C\u00e2mara(PSB). A declara\u00e7\u00e3o foi feita durante entrevista exclusiva na Petrolina FM, ontem (20). De acordo com Fernando Bezerra, todo trabalho vem sendo realizado visando a candidatura do prefeito de Petrolina (PE), Miguel Coelho, para as elei\u00e7\u00f5es do governo do estado. \u201cO fato concreto \u00e9 que estamos atuando no campo da oposi\u00e7\u00e3o ao governador Paulo C\u00e2mara. A determina\u00e7\u00e3o do prefeito Miguel \u00e9 colocar o nome dele \u00e0 disposi\u00e7\u00e3o para as pr\u00f3ximas elei\u00e7\u00f5es de governador. Estamos discutindo essa quest\u00e3o dentro do MDB, houve um primeiro pronunciamento do deputado Raul Henry, senador Jarbas, no&hellip; <\/p>\n","protected":false},"author":1,"featured_media":279332,"comment_status":"closed","ping_status":"closed","sticky":false,"template":"","format":"standard","meta":{"_acf_changed":false,"footnotes":""},"categories":[1],"tags":[],"class_list":["post-291268","post","type-post","status-publish","format-standard","has-post-thumbnail","hentry","category-politica"],"acf":[],"yoast_head":"<!-- This site is optimized with the Yoast SEO plugin v27.4 - https:\/\/yoast.com\/product\/yoast-seo-wordpress\/ -->\n<title>Senador bolsonarista pai do prefeito de Petrolina, \ufeffFernando Bezerra, descarta retorno de alian\u00e7a com grupo de Paulo C\u00e2mara - Blog do Farn\u00e9sio<\/title>\n<meta name=\"robots\" content=\"index, follow, max-snippet:-1, max-image-preview:large, max-video-preview:-1\" \/>\n<link rel=\"canonical\" href=\"https:\/\/blogdofarnesio.com.br\/?p=291268\" \/>\n<meta property=\"og:locale\" content=\"pt_BR\" \/>\n<meta property=\"og:type\" content=\"article\" \/>\n<meta property=\"og:title\" content=\"Senador bolsonarista pai do prefeito de Petrolina, \ufeffFernando Bezerra, descarta retorno de alian\u00e7a com grupo de Paulo C\u00e2mara - Blog do Farn\u00e9sio\" \/>\n<meta property=\"og:description\" content=\"Sobre as especula\u00e7\u00f5es para as elei\u00e7\u00f5es de 2022, o senador Fernando Bezerra Coelho(MDB) descartou a possibilidade do retorno da alian\u00e7a com o grupo politico do governador de Pernambuco, Paulo C\u00e2mara(PSB). A declara\u00e7\u00e3o foi feita durante entrevista exclusiva na Petrolina FM, ontem (20). De acordo com Fernando Bezerra, todo trabalho vem sendo realizado visando a candidatura do prefeito de Petrolina (PE), Miguel Coelho, para as elei\u00e7\u00f5es do governo do estado. \u201cO fato concreto \u00e9 que estamos atuando no campo da oposi\u00e7\u00e3o ao governador Paulo C\u00e2mara. A determina\u00e7\u00e3o do prefeito Miguel \u00e9 colocar o nome dele \u00e0 disposi\u00e7\u00e3o para as pr\u00f3ximas elei\u00e7\u00f5es de governador. Estamos discutindo essa quest\u00e3o dentro do MDB, houve um primeiro pronunciamento do deputado Raul Henry, senador Jarbas, no&hellip;\" \/>\n<meta property=\"og:url\" content=\"https:\/\/blogdofarnesio.com.br\/?p=291268\" \/>\n<meta property=\"og:site_name\" content=\"Blog do Farn\u00e9sio\" \/>\n<meta property=\"article:publisher\" content=\"https:\/\/www.facebook.com\/BlogQuerSaberPolitica\/\" \/>\n<meta property=\"article:published_time\" content=\"2021-07-21T20:02:20+00:00\" \/>\n<meta property=\"og:image\" content=\"https:\/\/blogdofarnesio.com.br\/wp-content\/uploads\/2021\/02\/blogqspFBC-Bolsonaro-miguel.jpeg\" \/>\n\t<meta property=\"og:image:width\" content=\"600\" \/>\n\t<meta property=\"og:image:height\" content=\"400\" \/>\n\t<meta property=\"og:image:type\" content=\"image\/jpeg\" \/>\n<meta name=\"author\" content=\"Farn\u00e9sio\" \/>\n<meta name=\"twitter:card\" content=\"summary_large_image\" \/>\n<meta name=\"twitter:label1\" content=\"Escrito por\" \/>\n\t<meta name=\"twitter:data1\" content=\"Farn\u00e9sio\" \/>\n\t<meta name=\"twitter:label2\" content=\"Est. tempo de leitura\" \/>\n\t<meta name=\"twitter:data2\" content=\"2 minutos\" \/>\n<script type=\"application\/ld+json\" class=\"yoast-schema-graph\">{\"@context\":\"https:\\\/\\\/schema.org\",\"@graph\":[{\"@type\":\"Article\",\"@id\":\"https:\\\/\\\/blogdofarnesio.com.br\\\/?p=291268#article\",\"isPartOf\":{\"@id\":\"https:\\\/\\\/blogdofarnesio.com.br\\\/?p=291268\"},\"author\":{\"name\":\"Farn\u00e9sio\",\"@id\":\"https:\\\/\\\/blogdofarnesio.com.br\\\/#\\\/schema\\\/person\\\/301c4acf522bccbfdb45af95b5b906a1\"},\"headline\":\"Senador bolsonarista pai do prefeito de Petrolina, \ufeffFernando Bezerra, descarta retorno de alian\u00e7a com grupo de Paulo C\u00e2mara\",\"datePublished\":\"2021-07-21T20:02:20+00:00\",\"mainEntityOfPage\":{\"@id\":\"https:\\\/\\\/blogdofarnesio.com.br\\\/?p=291268\"},\"wordCount\":330,\"publisher\":{\"@id\":\"https:\\\/\\\/blogdofarnesio.com.br\\\/#organization\"},\"image\":{\"@id\":\"https:\\\/\\\/blogdofarnesio.com.br\\\/?p=291268#primaryimage\"},\"thumbnailUrl\":\"https:\\\/\\\/blogdofarnesio.com.br\\\/wp-content\\\/uploads\\\/2021\\\/02\\\/blogqspFBC-Bolsonaro-miguel.jpeg\",\"articleSection\":[\"Pol\u00edtica\"],\"inLanguage\":\"pt-BR\"},{\"@type\":\"WebPage\",\"@id\":\"https:\\\/\\\/blogdofarnesio.com.br\\\/?p=291268\",\"url\":\"https:\\\/\\\/blogdofarnesio.com.br\\\/?p=291268\",\"name\":\"Senador bolsonarista pai do prefeito de Petrolina, \ufeffFernando Bezerra, descarta retorno de alian\u00e7a com grupo de Paulo C\u00e2mara - Blog do Farn\u00e9sio\",\"isPartOf\":{\"@id\":\"https:\\\/\\\/blogdofarnesio.com.br\\\/#website\"},\"primaryImageOfPage\":{\"@id\":\"https:\\\/\\\/blogdofarnesio.com.br\\\/?p=291268#primaryimage\"},\"image\":{\"@id\":\"https:\\\/\\\/blogdofarnesio.com.br\\\/?p=291268#primaryimage\"},\"thumbnailUrl\":\"https:\\\/\\\/blogdofarnesio.com.br\\\/wp-content\\\/uploads\\\/2021\\\/02\\\/blogqspFBC-Bolsonaro-miguel.jpeg\",\"datePublished\":\"2021-07-21T20:02:20+00:00\",\"breadcrumb\":{\"@id\":\"https:\\\/\\\/blogdofarnesio.com.br\\\/?p=291268#breadcrumb\"},\"inLanguage\":\"pt-BR\",\"potentialAction\":[{\"@type\":\"ReadAction\",\"target\":[\"https:\\\/\\\/blogdofarnesio.com.br\\\/?p=291268\"]}]},{\"@type\":\"ImageObject\",\"inLanguage\":\"pt-BR\",\"@id\":\"https:\\\/\\\/blogdofarnesio.com.br\\\/?p=291268#primaryimage\",\"url\":\"https:\\\/\\\/blogdofarnesio.com.br\\\/wp-content\\\/uploads\\\/2021\\\/02\\\/blogqspFBC-Bolsonaro-miguel.jpeg\",\"contentUrl\":\"https:\\\/\\\/blogdofarnesio.com.br\\\/wp-content\\\/uploads\\\/2021\\\/02\\\/blogqspFBC-Bolsonaro-miguel.jpeg\",\"width\":600,\"height\":400},{\"@type\":\"BreadcrumbList\",\"@id\":\"https:\\\/\\\/blogdofarnesio.com.br\\\/?p=291268#breadcrumb\",\"itemListElement\":[{\"@type\":\"ListItem\",\"position\":1,\"name\":\"In\u00edcio\",\"item\":\"https:\\\/\\\/blogdofarnesio.com.br\\\/\"},{\"@type\":\"ListItem\",\"position\":2,\"name\":\"Senador bolsonarista pai do prefeito de Petrolina, \ufeffFernando Bezerra, descarta retorno de alian\u00e7a com grupo de Paulo C\u00e2mara\"}]},{\"@type\":\"WebSite\",\"@id\":\"https:\\\/\\\/blogdofarnesio.com.br\\\/#website\",\"url\":\"https:\\\/\\\/blogdofarnesio.com.br\\\/\",\"name\":\"Blog do Farn\u00e9sio\",\"description\":\"Quer Saber Pol\u00edtica?\",\"publisher\":{\"@id\":\"https:\\\/\\\/blogdofarnesio.com.br\\\/#organization\"},\"potentialAction\":[{\"@type\":\"SearchAction\",\"target\":{\"@type\":\"EntryPoint\",\"urlTemplate\":\"https:\\\/\\\/blogdofarnesio.com.br\\\/?s={search_term_string}\"},\"query-input\":{\"@type\":\"PropertyValueSpecification\",\"valueRequired\":true,\"valueName\":\"search_term_string\"}}],\"inLanguage\":\"pt-BR\"},{\"@type\":\"Organization\",\"@id\":\"https:\\\/\\\/blogdofarnesio.com.br\\\/#organization\",\"name\":\"Blog do Farn\u00e9sio\",\"url\":\"https:\\\/\\\/blogdofarnesio.com.br\\\/\",\"logo\":{\"@type\":\"ImageObject\",\"inLanguage\":\"pt-BR\",\"@id\":\"https:\\\/\\\/blogdofarnesio.com.br\\\/#\\\/schema\\\/logo\\\/image\\\/\",\"url\":\"https:\\\/\\\/blogdofarnesio.com.br\\\/wp-content\\\/uploads\\\/2026\\\/03\\\/cropped-logo_new-1.png\",\"contentUrl\":\"https:\\\/\\\/blogdofarnesio.com.br\\\/wp-content\\\/uploads\\\/2026\\\/03\\\/cropped-logo_new-1.png\",\"width\":881,\"height\":685,\"caption\":\"Blog do Farn\u00e9sio\"},\"image\":{\"@id\":\"https:\\\/\\\/blogdofarnesio.com.br\\\/#\\\/schema\\\/logo\\\/image\\\/\"},\"sameAs\":[\"https:\\\/\\\/www.facebook.com\\\/BlogQuerSaberPolitica\\\/\"]},{\"@type\":\"Person\",\"@id\":\"https:\\\/\\\/blogdofarnesio.com.br\\\/#\\\/schema\\\/person\\\/301c4acf522bccbfdb45af95b5b906a1\",\"name\":\"Farn\u00e9sio\",\"image\":{\"@type\":\"ImageObject\",\"inLanguage\":\"pt-BR\",\"@id\":\"https:\\\/\\\/secure.gravatar.com\\\/avatar\\\/df0c9a14567c056f8ad6876ba5bbd1e3e2c48023eb6807342fc4663adf549f38?s=96&d=mm&r=g\",\"url\":\"https:\\\/\\\/secure.gravatar.com\\\/avatar\\\/df0c9a14567c056f8ad6876ba5bbd1e3e2c48023eb6807342fc4663adf549f38?s=96&d=mm&r=g\",\"contentUrl\":\"https:\\\/\\\/secure.gravatar.com\\\/avatar\\\/df0c9a14567c056f8ad6876ba5bbd1e3e2c48023eb6807342fc4663adf549f38?s=96&d=mm&r=g\",\"caption\":\"Farn\u00e9sio\"},\"sameAs\":[\"https:\\\/\\\/quersaberpolitica.com.br\"],\"url\":\"https:\\\/\\\/blogdofarnesio.com.br\\\/?author=1\"}]}<\/script>\n<!-- \/ Yoast SEO plugin. -->","yoast_head_json":{"title":"Senador bolsonarista pai do prefeito de Petrolina, \ufeffFernando Bezerra, descarta retorno de alian\u00e7a com grupo de Paulo C\u00e2mara - Blog do Farn\u00e9sio","robots":{"index":"index","follow":"follow","max-snippet":"max-snippet:-1","max-image-preview":"max-image-preview:large","max-video-preview":"max-video-preview:-1"},"canonical":"https:\/\/blogdofarnesio.com.br\/?p=291268","og_locale":"pt_BR","og_type":"article","og_title":"Senador bolsonarista pai do prefeito de Petrolina, \ufeffFernando Bezerra, descarta retorno de alian\u00e7a com grupo de Paulo C\u00e2mara - Blog do Farn\u00e9sio","og_description":"Sobre as especula\u00e7\u00f5es para as elei\u00e7\u00f5es de 2022, o senador Fernando Bezerra Coelho(MDB) descartou a possibilidade do retorno da alian\u00e7a com o grupo politico do governador de Pernambuco, Paulo C\u00e2mara(PSB). A declara\u00e7\u00e3o foi feita durante entrevista exclusiva na Petrolina FM, ontem (20). De acordo com Fernando Bezerra, todo trabalho vem sendo realizado visando a candidatura do prefeito de Petrolina (PE), Miguel Coelho, para as elei\u00e7\u00f5es do governo do estado. \u201cO fato concreto \u00e9 que estamos atuando no campo da oposi\u00e7\u00e3o ao governador Paulo C\u00e2mara. A determina\u00e7\u00e3o do prefeito Miguel \u00e9 colocar o nome dele \u00e0 disposi\u00e7\u00e3o para as pr\u00f3ximas elei\u00e7\u00f5es de governador. Estamos discutindo essa quest\u00e3o dentro do MDB, houve um primeiro pronunciamento do deputado Raul Henry, senador Jarbas, no&hellip;","og_url":"https:\/\/blogdofarnesio.com.br\/?p=291268","og_site_name":"Blog do Farn\u00e9sio","article_publisher":"https:\/\/www.facebook.com\/BlogQuerSaberPolitica\/","article_published_time":"2021-07-21T20:02:20+00:00","og_image":[{"width":600,"height":400,"url":"https:\/\/blogdofarnesio.com.br\/wp-content\/uploads\/2021\/02\/blogqspFBC-Bolsonaro-miguel.jpeg","type":"image\/jpeg"}],"author":"Farn\u00e9sio","twitter_card":"summary_large_image","twitter_misc":{"Escrito por":"Farn\u00e9sio","Est. tempo de leitura":"2 minutos"},"schema":{"@context":"https:\/\/schema.org","@graph":[{"@type":"Article","@id":"https:\/\/blogdofarnesio.com.br\/?p=291268#article","isPartOf":{"@id":"https:\/\/blogdofarnesio.com.br\/?p=291268"},"author":{"name":"Farn\u00e9sio","@id":"https:\/\/blogdofarnesio.com.br\/#\/schema\/person\/301c4acf522bccbfdb45af95b5b906a1"},"headline":"Senador bolsonarista pai do prefeito de Petrolina, \ufeffFernando Bezerra, descarta retorno de alian\u00e7a com grupo de Paulo C\u00e2mara","datePublished":"2021-07-21T20:02:20+00:00","mainEntityOfPage":{"@id":"https:\/\/blogdofarnesio.com.br\/?p=291268"},"wordCount":330,"publisher":{"@id":"https:\/\/blogdofarnesio.com.br\/#organization"},"image":{"@id":"https:\/\/blogdofarnesio.com.br\/?p=291268#primaryimage"},"thumbnailUrl":"https:\/\/blogdofarnesio.com.br\/wp-content\/uploads\/2021\/02\/blogqspFBC-Bolsonaro-miguel.jpeg","articleSection":["Pol\u00edtica"],"inLanguage":"pt-BR"},{"@type":"WebPage","@id":"https:\/\/blogdofarnesio.com.br\/?p=291268","url":"https:\/\/blogdofarnesio.com.br\/?p=291268","name":"Senador bolsonarista pai do prefeito de Petrolina, \ufeffFernando Bezerra, descarta retorno de alian\u00e7a com grupo de Paulo C\u00e2mara - Blog do Farn\u00e9sio","isPartOf":{"@id":"https:\/\/blogdofarnesio.com.br\/#website"},"primaryImageOfPage":{"@id":"https:\/\/blogdofarnesio.com.br\/?p=291268#primaryimage"},"image":{"@id":"https:\/\/blogdofarnesio.com.br\/?p=291268#primaryimage"},"thumbnailUrl":"https:\/\/blogdofarnesio.com.br\/wp-content\/uploads\/2021\/02\/blogqspFBC-Bolsonaro-miguel.jpeg","datePublished":"2021-07-21T20:02:20+00:00","breadcrumb":{"@id":"https:\/\/blogdofarnesio.com.br\/?p=291268#breadcrumb"},"inLanguage":"pt-BR","potentialAction":[{"@type":"ReadAction","target":["https:\/\/blogdofarnesio.com.br\/?p=291268"]}]},{"@type":"ImageObject","inLanguage":"pt-BR","@id":"https:\/\/blogdofarnesio.com.br\/?p=291268#primaryimage","url":"https:\/\/blogdofarnesio.com.br\/wp-content\/uploads\/2021\/02\/blogqspFBC-Bolsonaro-miguel.jpeg","contentUrl":"https:\/\/blogdofarnesio.com.br\/wp-content\/uploads\/2021\/02\/blogqspFBC-Bolsonaro-miguel.jpeg","width":600,"height":400},{"@type":"BreadcrumbList","@id":"https:\/\/blogdofarnesio.com.br\/?p=291268#breadcrumb","itemListElement":[{"@type":"ListItem","position":1,"name":"In\u00edcio","item":"https:\/\/blogdofarnesio.com.br\/"},{"@type":"ListItem","position":2,"name":"Senador bolsonarista pai do prefeito de Petrolina, \ufeffFernando Bezerra, descarta retorno de alian\u00e7a com grupo de Paulo C\u00e2mara"}]},{"@type":"WebSite","@id":"https:\/\/blogdofarnesio.com.br\/#website","url":"https:\/\/blogdofarnesio.com.br\/","name":"Blog do Farn\u00e9sio","description":"Quer Saber Pol\u00edtica?","publisher":{"@id":"https:\/\/blogdofarnesio.com.br\/#organization"},"potentialAction":[{"@type":"SearchAction","target":{"@type":"EntryPoint","urlTemplate":"https:\/\/blogdofarnesio.com.br\/?s={search_term_string}"},"query-input":{"@type":"PropertyValueSpecification","valueRequired":true,"valueName":"search_term_string"}}],"inLanguage":"pt-BR"},{"@type":"Organization","@id":"https:\/\/blogdofarnesio.com.br\/#organization","name":"Blog do Farn\u00e9sio","url":"https:\/\/blogdofarnesio.com.br\/","logo":{"@type":"ImageObject","inLanguage":"pt-BR","@id":"https:\/\/blogdofarnesio.com.br\/#\/schema\/logo\/image\/","url":"https:\/\/blogdofarnesio.com.br\/wp-content\/uploads\/2026\/03\/cropped-logo_new-1.png","contentUrl":"https:\/\/blogdofarnesio.com.br\/wp-content\/uploads\/2026\/03\/cropped-logo_new-1.png","width":881,"height":685,"caption":"Blog do Farn\u00e9sio"},"image":{"@id":"https:\/\/blogdofarnesio.com.br\/#\/schema\/logo\/image\/"},"sameAs":["https:\/\/www.facebook.com\/BlogQuerSaberPolitica\/"]},{"@type":"Person","@id":"https:\/\/blogdofarnesio.com.br\/#\/schema\/person\/301c4acf522bccbfdb45af95b5b906a1","name":"Farn\u00e9sio","image":{"@type":"ImageObject","inLanguage":"pt-BR","@id":"https:\/\/secure.gravatar.com\/avatar\/df0c9a14567c056f8ad6876ba5bbd1e3e2c48023eb6807342fc4663adf549f38?s=96&d=mm&r=g","url":"https:\/\/secure.gravatar.com\/avatar\/df0c9a14567c056f8ad6876ba5bbd1e3e2c48023eb6807342fc4663adf549f38?s=96&d=mm&r=g","contentUrl":"https:\/\/secure.gravatar.com\/avatar\/df0c9a14567c056f8ad6876ba5bbd1e3e2c48023eb6807342fc4663adf549f38?s=96&d=mm&r=g","caption":"Farn\u00e9sio"},"sameAs":["https:\/\/quersaberpolitica.com.br"],"url":"https:\/\/blogdofarnesio.com.br\/?author=1"}]}},"_links":{"self":[{"href":"https:\/\/blogdofarnesio.com.br\/index.php?rest_route=\/wp\/v2\/posts\/291268","targetHints":{"allow":["GET"]}}],"collection":[{"href":"https:\/\/blogdofarnesio.com.br\/index.php?rest_route=\/wp\/v2\/posts"}],"about":[{"href":"https:\/\/blogdofarnesio.com.br\/index.php?rest_route=\/wp\/v2\/types\/post"}],"author":[{"embeddable":true,"href":"https:\/\/blogdofarnesio.com.br\/index.php?rest_route=\/wp\/v2\/users\/1"}],"replies":[{"embeddable":true,"href":"https:\/\/blogdofarnesio.com.br\/index.php?rest_route=%2Fwp%2Fv2%2Fcomments&post=291268"}],"version-history":[{"count":0,"href":"https:\/\/blogdofarnesio.com.br\/index.php?rest_route=\/wp\/v2\/posts\/291268\/revisions"}],"wp:featuredmedia":[{"embeddable":true,"href":"https:\/\/blogdofarnesio.com.br\/index.php?rest_route=\/wp\/v2\/media\/279332"}],"wp:attachment":[{"href":"https:\/\/blogdofarnesio.com.br\/index.php?rest_route=%2Fwp%2Fv2%2Fmedia&parent=291268"}],"wp:term":[{"taxonomy":"category","embeddable":true,"href":"https:\/\/blogdofarnesio.com.br\/index.php?rest_route=%2Fwp%2Fv2%2Fcategories&post=291268"},{"taxonomy":"post_tag","embeddable":true,"href":"https:\/\/blogdofarnesio.com.br\/index.php?rest_route=%2Fwp%2Fv2%2Ftags&post=291268"}],"curies":[{"name":"wp","href":"https:\/\/api.w.org\/{rel}","templated":true}]}}