{"id":291205,"date":"2021-07-21T14:00:28","date_gmt":"2021-07-21T17:00:28","guid":{"rendered":"https:\/\/quersaberpolitica.com.br\/?p=291205"},"modified":"2021-07-21T11:07:43","modified_gmt":"2021-07-21T14:07:43","slug":"unidade-do-sac-movel-atendera-ate-esta-quinta-feira-em-juazeiro","status":"publish","type":"post","link":"https:\/\/blogdofarnesio.com.br\/?p=291205","title":{"rendered":"Unidade do SAC M\u00f3vel atender\u00e1 at\u00e9 esta quinta-feira em Juazeiro"},"content":{"rendered":"<p><strong>\u00a0<\/strong>O caminh\u00e3o do SAC M\u00f3vel, que est\u00e1 estacionado no Ju\u00e1 Garden Shopping, permanecer\u00e1 at\u00e9 esta quinta-feira (22) na cidade, oferecendo atendimento \u00e0 popula\u00e7\u00e3o.<\/p>\n<p>A a\u00e7\u00e3o \u00e9 organizada pela Secretaria de Administra\u00e7\u00e3o do Estado da Bahia (SAEB), com apoio da Prefeitura de Juazeiro.<\/p>\n<p>Os servi\u00e7os que est\u00e3o sendo oferecidos s\u00e3o emiss\u00e3o de Carteira de Identidade, Cadastro de Pessoa F\u00edsica (CPF), Antecedentes Criminais e aos servi\u00e7os da Ouvidoria Geral do Estado.<\/p>\n<p>Para ter acesso aos servi\u00e7os, \u00e9 necess\u00e1rio fazer agendamento, atrav\u00e9s do aplicativo SAC Digital ou acessando o endere\u00e7o\u00a0<a href=\"http:\/\/www.sacdigital.ba.gov.br\/\" data-saferedirecturl=\"https:\/\/www.google.com\/url?hl=pt-BR&amp;q=http:\/\/www.sacdigital.ba.gov.br&amp;source=gmail&amp;ust=1626904714087000&amp;usg=AFQjCNG2nckWGP8_7OTfgUqzJyjFe7aAhw\">www.sacdigital.ba.gov.br<\/a> na internet. O expediente de atendimento do SAC M\u00f3vel \u00e9 das 10h \u00e0s 17h.<\/p>\n<p>Durante o atendimento, a equipe organizadora est\u00e1 seguindo os protocolos sanit\u00e1rios. Est\u00e1 sendo disponibilizado \u00e1lcool a 70% e toda a \u00e1rea de espera, bem como as depend\u00eancias do caminh\u00e3o s\u00e3o higienizadas, para garantir seguran\u00e7a aos funcion\u00e1rios e cidad\u00e3os durante o atendimento.<\/p>\n<p>&nbsp;<\/p>\n<p>Fotos: Pedro Angelo<\/p>\n<p>&nbsp;<\/p>\n<p>Texto: Ed\u00edsia Santos\/ Ascom PMJ<\/p>\n","protected":false},"excerpt":{"rendered":"<p>\u00a0O caminh\u00e3o do SAC M\u00f3vel, que est\u00e1 estacionado no Ju\u00e1 Garden Shopping, permanecer\u00e1 at\u00e9 esta quinta-feira (22) na cidade, oferecendo atendimento \u00e0 popula\u00e7\u00e3o. A a\u00e7\u00e3o \u00e9 organizada pela Secretaria de Administra\u00e7\u00e3o do Estado da Bahia (SAEB), com apoio da Prefeitura de Juazeiro. Os servi\u00e7os que est\u00e3o sendo oferecidos s\u00e3o emiss\u00e3o de Carteira de Identidade, Cadastro de Pessoa F\u00edsica (CPF), Antecedentes Criminais e aos servi\u00e7os da Ouvidoria Geral do Estado. Para ter acesso aos servi\u00e7os, \u00e9 necess\u00e1rio fazer agendamento, atrav\u00e9s do aplicativo SAC Digital ou acessando o endere\u00e7o\u00a0www.sacdigital.ba.gov.br na internet. O expediente de atendimento do SAC M\u00f3vel \u00e9 das 10h \u00e0s 17h. Durante o atendimento, a equipe organizadora est\u00e1 seguindo os protocolos sanit\u00e1rios. Est\u00e1 sendo disponibilizado \u00e1lcool a 70% e toda&hellip; <\/p>\n","protected":false},"author":1,"featured_media":291206,"comment_status":"closed","ping_status":"closed","sticky":false,"template":"","format":"standard","meta":{"_acf_changed":false,"footnotes":""},"categories":[1],"tags":[],"class_list":["post-291205","post","type-post","status-publish","format-standard","has-post-thumbnail","hentry","category-politica"],"acf":[],"yoast_head":"<!-- This site is optimized with the Yoast SEO plugin v27.4 - https:\/\/yoast.com\/product\/yoast-seo-wordpress\/ -->\n<title>Unidade do SAC M\u00f3vel atender\u00e1 at\u00e9 esta quinta-feira em Juazeiro - Blog do Farn\u00e9sio<\/title>\n<meta name=\"robots\" content=\"index, follow, max-snippet:-1, max-image-preview:large, max-video-preview:-1\" \/>\n<link rel=\"canonical\" href=\"https:\/\/blogdofarnesio.com.br\/?p=291205\" \/>\n<meta property=\"og:locale\" content=\"pt_BR\" \/>\n<meta property=\"og:type\" content=\"article\" \/>\n<meta property=\"og:title\" content=\"Unidade do SAC M\u00f3vel atender\u00e1 at\u00e9 esta quinta-feira em Juazeiro - Blog do Farn\u00e9sio\" \/>\n<meta property=\"og:description\" content=\"\u00a0O caminh\u00e3o do SAC M\u00f3vel, que est\u00e1 estacionado no Ju\u00e1 Garden Shopping, permanecer\u00e1 at\u00e9 esta quinta-feira (22) na cidade, oferecendo atendimento \u00e0 popula\u00e7\u00e3o. A a\u00e7\u00e3o \u00e9 organizada pela Secretaria de Administra\u00e7\u00e3o do Estado da Bahia (SAEB), com apoio da Prefeitura de Juazeiro. Os servi\u00e7os que est\u00e3o sendo oferecidos s\u00e3o emiss\u00e3o de Carteira de Identidade, Cadastro de Pessoa F\u00edsica (CPF), Antecedentes Criminais e aos servi\u00e7os da Ouvidoria Geral do Estado. Para ter acesso aos servi\u00e7os, \u00e9 necess\u00e1rio fazer agendamento, atrav\u00e9s do aplicativo SAC Digital ou acessando o endere\u00e7o\u00a0www.sacdigital.ba.gov.br na internet. O expediente de atendimento do SAC M\u00f3vel \u00e9 das 10h \u00e0s 17h. Durante o atendimento, a equipe organizadora est\u00e1 seguindo os protocolos sanit\u00e1rios. Est\u00e1 sendo disponibilizado \u00e1lcool a 70% e toda&hellip;\" \/>\n<meta property=\"og:url\" content=\"https:\/\/blogdofarnesio.com.br\/?p=291205\" \/>\n<meta property=\"og:site_name\" content=\"Blog do Farn\u00e9sio\" \/>\n<meta property=\"article:publisher\" content=\"https:\/\/www.facebook.com\/BlogQuerSaberPolitica\/\" \/>\n<meta property=\"article:published_time\" content=\"2021-07-21T17:00:28+00:00\" \/>\n<meta property=\"og:image\" content=\"https:\/\/blogdofarnesio.com.br\/wp-content\/uploads\/2021\/07\/SAC-Movel-em-Juazeiro-11-e1626818947376.jpeg\" \/>\n\t<meta property=\"og:image:width\" content=\"680\" \/>\n\t<meta property=\"og:image:height\" content=\"453\" \/>\n\t<meta property=\"og:image:type\" content=\"image\/jpeg\" \/>\n<meta name=\"author\" content=\"Farn\u00e9sio\" \/>\n<meta name=\"twitter:card\" content=\"summary_large_image\" \/>\n<meta name=\"twitter:label1\" content=\"Escrito por\" \/>\n\t<meta name=\"twitter:data1\" content=\"Farn\u00e9sio\" \/>\n\t<meta name=\"twitter:label2\" content=\"Est. tempo de leitura\" \/>\n\t<meta name=\"twitter:data2\" content=\"1 minuto\" \/>\n<script type=\"application\/ld+json\" class=\"yoast-schema-graph\">{\"@context\":\"https:\\\/\\\/schema.org\",\"@graph\":[{\"@type\":\"Article\",\"@id\":\"https:\\\/\\\/blogdofarnesio.com.br\\\/?p=291205#article\",\"isPartOf\":{\"@id\":\"https:\\\/\\\/blogdofarnesio.com.br\\\/?p=291205\"},\"author\":{\"name\":\"Farn\u00e9sio\",\"@id\":\"https:\\\/\\\/blogdofarnesio.com.br\\\/#\\\/schema\\\/person\\\/301c4acf522bccbfdb45af95b5b906a1\"},\"headline\":\"Unidade do SAC M\u00f3vel atender\u00e1 at\u00e9 esta quinta-feira em Juazeiro\",\"datePublished\":\"2021-07-21T17:00:28+00:00\",\"mainEntityOfPage\":{\"@id\":\"https:\\\/\\\/blogdofarnesio.com.br\\\/?p=291205\"},\"wordCount\":186,\"publisher\":{\"@id\":\"https:\\\/\\\/blogdofarnesio.com.br\\\/#organization\"},\"image\":{\"@id\":\"https:\\\/\\\/blogdofarnesio.com.br\\\/?p=291205#primaryimage\"},\"thumbnailUrl\":\"https:\\\/\\\/blogdofarnesio.com.br\\\/wp-content\\\/uploads\\\/2021\\\/07\\\/SAC-Movel-em-Juazeiro-11-e1626818947376.jpeg\",\"articleSection\":[\"Pol\u00edtica\"],\"inLanguage\":\"pt-BR\"},{\"@type\":\"WebPage\",\"@id\":\"https:\\\/\\\/blogdofarnesio.com.br\\\/?p=291205\",\"url\":\"https:\\\/\\\/blogdofarnesio.com.br\\\/?p=291205\",\"name\":\"Unidade do SAC M\u00f3vel atender\u00e1 at\u00e9 esta quinta-feira em Juazeiro - Blog do Farn\u00e9sio\",\"isPartOf\":{\"@id\":\"https:\\\/\\\/blogdofarnesio.com.br\\\/#website\"},\"primaryImageOfPage\":{\"@id\":\"https:\\\/\\\/blogdofarnesio.com.br\\\/?p=291205#primaryimage\"},\"image\":{\"@id\":\"https:\\\/\\\/blogdofarnesio.com.br\\\/?p=291205#primaryimage\"},\"thumbnailUrl\":\"https:\\\/\\\/blogdofarnesio.com.br\\\/wp-content\\\/uploads\\\/2021\\\/07\\\/SAC-Movel-em-Juazeiro-11-e1626818947376.jpeg\",\"datePublished\":\"2021-07-21T17:00:28+00:00\",\"breadcrumb\":{\"@id\":\"https:\\\/\\\/blogdofarnesio.com.br\\\/?p=291205#breadcrumb\"},\"inLanguage\":\"pt-BR\",\"potentialAction\":[{\"@type\":\"ReadAction\",\"target\":[\"https:\\\/\\\/blogdofarnesio.com.br\\\/?p=291205\"]}]},{\"@type\":\"ImageObject\",\"inLanguage\":\"pt-BR\",\"@id\":\"https:\\\/\\\/blogdofarnesio.com.br\\\/?p=291205#primaryimage\",\"url\":\"https:\\\/\\\/blogdofarnesio.com.br\\\/wp-content\\\/uploads\\\/2021\\\/07\\\/SAC-Movel-em-Juazeiro-11-e1626818947376.jpeg\",\"contentUrl\":\"https:\\\/\\\/blogdofarnesio.com.br\\\/wp-content\\\/uploads\\\/2021\\\/07\\\/SAC-Movel-em-Juazeiro-11-e1626818947376.jpeg\",\"width\":680,\"height\":453},{\"@type\":\"BreadcrumbList\",\"@id\":\"https:\\\/\\\/blogdofarnesio.com.br\\\/?p=291205#breadcrumb\",\"itemListElement\":[{\"@type\":\"ListItem\",\"position\":1,\"name\":\"In\u00edcio\",\"item\":\"https:\\\/\\\/blogdofarnesio.com.br\\\/\"},{\"@type\":\"ListItem\",\"position\":2,\"name\":\"Unidade do SAC M\u00f3vel atender\u00e1 at\u00e9 esta quinta-feira em Juazeiro\"}]},{\"@type\":\"WebSite\",\"@id\":\"https:\\\/\\\/blogdofarnesio.com.br\\\/#website\",\"url\":\"https:\\\/\\\/blogdofarnesio.com.br\\\/\",\"name\":\"Blog do Farn\u00e9sio\",\"description\":\"Quer Saber Pol\u00edtica?\",\"publisher\":{\"@id\":\"https:\\\/\\\/blogdofarnesio.com.br\\\/#organization\"},\"potentialAction\":[{\"@type\":\"SearchAction\",\"target\":{\"@type\":\"EntryPoint\",\"urlTemplate\":\"https:\\\/\\\/blogdofarnesio.com.br\\\/?s={search_term_string}\"},\"query-input\":{\"@type\":\"PropertyValueSpecification\",\"valueRequired\":true,\"valueName\":\"search_term_string\"}}],\"inLanguage\":\"pt-BR\"},{\"@type\":\"Organization\",\"@id\":\"https:\\\/\\\/blogdofarnesio.com.br\\\/#organization\",\"name\":\"Blog do Farn\u00e9sio\",\"url\":\"https:\\\/\\\/blogdofarnesio.com.br\\\/\",\"logo\":{\"@type\":\"ImageObject\",\"inLanguage\":\"pt-BR\",\"@id\":\"https:\\\/\\\/blogdofarnesio.com.br\\\/#\\\/schema\\\/logo\\\/image\\\/\",\"url\":\"https:\\\/\\\/blogdofarnesio.com.br\\\/wp-content\\\/uploads\\\/2026\\\/03\\\/cropped-logo_new-1.png\",\"contentUrl\":\"https:\\\/\\\/blogdofarnesio.com.br\\\/wp-content\\\/uploads\\\/2026\\\/03\\\/cropped-logo_new-1.png\",\"width\":881,\"height\":685,\"caption\":\"Blog do Farn\u00e9sio\"},\"image\":{\"@id\":\"https:\\\/\\\/blogdofarnesio.com.br\\\/#\\\/schema\\\/logo\\\/image\\\/\"},\"sameAs\":[\"https:\\\/\\\/www.facebook.com\\\/BlogQuerSaberPolitica\\\/\"]},{\"@type\":\"Person\",\"@id\":\"https:\\\/\\\/blogdofarnesio.com.br\\\/#\\\/schema\\\/person\\\/301c4acf522bccbfdb45af95b5b906a1\",\"name\":\"Farn\u00e9sio\",\"image\":{\"@type\":\"ImageObject\",\"inLanguage\":\"pt-BR\",\"@id\":\"https:\\\/\\\/secure.gravatar.com\\\/avatar\\\/df0c9a14567c056f8ad6876ba5bbd1e3e2c48023eb6807342fc4663adf549f38?s=96&d=mm&r=g\",\"url\":\"https:\\\/\\\/secure.gravatar.com\\\/avatar\\\/df0c9a14567c056f8ad6876ba5bbd1e3e2c48023eb6807342fc4663adf549f38?s=96&d=mm&r=g\",\"contentUrl\":\"https:\\\/\\\/secure.gravatar.com\\\/avatar\\\/df0c9a14567c056f8ad6876ba5bbd1e3e2c48023eb6807342fc4663adf549f38?s=96&d=mm&r=g\",\"caption\":\"Farn\u00e9sio\"},\"sameAs\":[\"https:\\\/\\\/quersaberpolitica.com.br\"],\"url\":\"https:\\\/\\\/blogdofarnesio.com.br\\\/?author=1\"}]}<\/script>\n<!-- \/ Yoast SEO plugin. -->","yoast_head_json":{"title":"Unidade do SAC M\u00f3vel atender\u00e1 at\u00e9 esta quinta-feira em Juazeiro - Blog do Farn\u00e9sio","robots":{"index":"index","follow":"follow","max-snippet":"max-snippet:-1","max-image-preview":"max-image-preview:large","max-video-preview":"max-video-preview:-1"},"canonical":"https:\/\/blogdofarnesio.com.br\/?p=291205","og_locale":"pt_BR","og_type":"article","og_title":"Unidade do SAC M\u00f3vel atender\u00e1 at\u00e9 esta quinta-feira em Juazeiro - Blog do Farn\u00e9sio","og_description":"\u00a0O caminh\u00e3o do SAC M\u00f3vel, que est\u00e1 estacionado no Ju\u00e1 Garden Shopping, permanecer\u00e1 at\u00e9 esta quinta-feira (22) na cidade, oferecendo atendimento \u00e0 popula\u00e7\u00e3o. A a\u00e7\u00e3o \u00e9 organizada pela Secretaria de Administra\u00e7\u00e3o do Estado da Bahia (SAEB), com apoio da Prefeitura de Juazeiro. Os servi\u00e7os que est\u00e3o sendo oferecidos s\u00e3o emiss\u00e3o de Carteira de Identidade, Cadastro de Pessoa F\u00edsica (CPF), Antecedentes Criminais e aos servi\u00e7os da Ouvidoria Geral do Estado. Para ter acesso aos servi\u00e7os, \u00e9 necess\u00e1rio fazer agendamento, atrav\u00e9s do aplicativo SAC Digital ou acessando o endere\u00e7o\u00a0www.sacdigital.ba.gov.br na internet. O expediente de atendimento do SAC M\u00f3vel \u00e9 das 10h \u00e0s 17h. Durante o atendimento, a equipe organizadora est\u00e1 seguindo os protocolos sanit\u00e1rios. Est\u00e1 sendo disponibilizado \u00e1lcool a 70% e toda&hellip;","og_url":"https:\/\/blogdofarnesio.com.br\/?p=291205","og_site_name":"Blog do Farn\u00e9sio","article_publisher":"https:\/\/www.facebook.com\/BlogQuerSaberPolitica\/","article_published_time":"2021-07-21T17:00:28+00:00","og_image":[{"width":680,"height":453,"url":"https:\/\/blogdofarnesio.com.br\/wp-content\/uploads\/2021\/07\/SAC-Movel-em-Juazeiro-11-e1626818947376.jpeg","type":"image\/jpeg"}],"author":"Farn\u00e9sio","twitter_card":"summary_large_image","twitter_misc":{"Escrito por":"Farn\u00e9sio","Est. tempo de leitura":"1 minuto"},"schema":{"@context":"https:\/\/schema.org","@graph":[{"@type":"Article","@id":"https:\/\/blogdofarnesio.com.br\/?p=291205#article","isPartOf":{"@id":"https:\/\/blogdofarnesio.com.br\/?p=291205"},"author":{"name":"Farn\u00e9sio","@id":"https:\/\/blogdofarnesio.com.br\/#\/schema\/person\/301c4acf522bccbfdb45af95b5b906a1"},"headline":"Unidade do SAC M\u00f3vel atender\u00e1 at\u00e9 esta quinta-feira em Juazeiro","datePublished":"2021-07-21T17:00:28+00:00","mainEntityOfPage":{"@id":"https:\/\/blogdofarnesio.com.br\/?p=291205"},"wordCount":186,"publisher":{"@id":"https:\/\/blogdofarnesio.com.br\/#organization"},"image":{"@id":"https:\/\/blogdofarnesio.com.br\/?p=291205#primaryimage"},"thumbnailUrl":"https:\/\/blogdofarnesio.com.br\/wp-content\/uploads\/2021\/07\/SAC-Movel-em-Juazeiro-11-e1626818947376.jpeg","articleSection":["Pol\u00edtica"],"inLanguage":"pt-BR"},{"@type":"WebPage","@id":"https:\/\/blogdofarnesio.com.br\/?p=291205","url":"https:\/\/blogdofarnesio.com.br\/?p=291205","name":"Unidade do SAC M\u00f3vel atender\u00e1 at\u00e9 esta quinta-feira em Juazeiro - Blog do Farn\u00e9sio","isPartOf":{"@id":"https:\/\/blogdofarnesio.com.br\/#website"},"primaryImageOfPage":{"@id":"https:\/\/blogdofarnesio.com.br\/?p=291205#primaryimage"},"image":{"@id":"https:\/\/blogdofarnesio.com.br\/?p=291205#primaryimage"},"thumbnailUrl":"https:\/\/blogdofarnesio.com.br\/wp-content\/uploads\/2021\/07\/SAC-Movel-em-Juazeiro-11-e1626818947376.jpeg","datePublished":"2021-07-21T17:00:28+00:00","breadcrumb":{"@id":"https:\/\/blogdofarnesio.com.br\/?p=291205#breadcrumb"},"inLanguage":"pt-BR","potentialAction":[{"@type":"ReadAction","target":["https:\/\/blogdofarnesio.com.br\/?p=291205"]}]},{"@type":"ImageObject","inLanguage":"pt-BR","@id":"https:\/\/blogdofarnesio.com.br\/?p=291205#primaryimage","url":"https:\/\/blogdofarnesio.com.br\/wp-content\/uploads\/2021\/07\/SAC-Movel-em-Juazeiro-11-e1626818947376.jpeg","contentUrl":"https:\/\/blogdofarnesio.com.br\/wp-content\/uploads\/2021\/07\/SAC-Movel-em-Juazeiro-11-e1626818947376.jpeg","width":680,"height":453},{"@type":"BreadcrumbList","@id":"https:\/\/blogdofarnesio.com.br\/?p=291205#breadcrumb","itemListElement":[{"@type":"ListItem","position":1,"name":"In\u00edcio","item":"https:\/\/blogdofarnesio.com.br\/"},{"@type":"ListItem","position":2,"name":"Unidade do SAC M\u00f3vel atender\u00e1 at\u00e9 esta quinta-feira em Juazeiro"}]},{"@type":"WebSite","@id":"https:\/\/blogdofarnesio.com.br\/#website","url":"https:\/\/blogdofarnesio.com.br\/","name":"Blog do Farn\u00e9sio","description":"Quer Saber Pol\u00edtica?","publisher":{"@id":"https:\/\/blogdofarnesio.com.br\/#organization"},"potentialAction":[{"@type":"SearchAction","target":{"@type":"EntryPoint","urlTemplate":"https:\/\/blogdofarnesio.com.br\/?s={search_term_string}"},"query-input":{"@type":"PropertyValueSpecification","valueRequired":true,"valueName":"search_term_string"}}],"inLanguage":"pt-BR"},{"@type":"Organization","@id":"https:\/\/blogdofarnesio.com.br\/#organization","name":"Blog do Farn\u00e9sio","url":"https:\/\/blogdofarnesio.com.br\/","logo":{"@type":"ImageObject","inLanguage":"pt-BR","@id":"https:\/\/blogdofarnesio.com.br\/#\/schema\/logo\/image\/","url":"https:\/\/blogdofarnesio.com.br\/wp-content\/uploads\/2026\/03\/cropped-logo_new-1.png","contentUrl":"https:\/\/blogdofarnesio.com.br\/wp-content\/uploads\/2026\/03\/cropped-logo_new-1.png","width":881,"height":685,"caption":"Blog do Farn\u00e9sio"},"image":{"@id":"https:\/\/blogdofarnesio.com.br\/#\/schema\/logo\/image\/"},"sameAs":["https:\/\/www.facebook.com\/BlogQuerSaberPolitica\/"]},{"@type":"Person","@id":"https:\/\/blogdofarnesio.com.br\/#\/schema\/person\/301c4acf522bccbfdb45af95b5b906a1","name":"Farn\u00e9sio","image":{"@type":"ImageObject","inLanguage":"pt-BR","@id":"https:\/\/secure.gravatar.com\/avatar\/df0c9a14567c056f8ad6876ba5bbd1e3e2c48023eb6807342fc4663adf549f38?s=96&d=mm&r=g","url":"https:\/\/secure.gravatar.com\/avatar\/df0c9a14567c056f8ad6876ba5bbd1e3e2c48023eb6807342fc4663adf549f38?s=96&d=mm&r=g","contentUrl":"https:\/\/secure.gravatar.com\/avatar\/df0c9a14567c056f8ad6876ba5bbd1e3e2c48023eb6807342fc4663adf549f38?s=96&d=mm&r=g","caption":"Farn\u00e9sio"},"sameAs":["https:\/\/quersaberpolitica.com.br"],"url":"https:\/\/blogdofarnesio.com.br\/?author=1"}]}},"_links":{"self":[{"href":"https:\/\/blogdofarnesio.com.br\/index.php?rest_route=\/wp\/v2\/posts\/291205","targetHints":{"allow":["GET"]}}],"collection":[{"href":"https:\/\/blogdofarnesio.com.br\/index.php?rest_route=\/wp\/v2\/posts"}],"about":[{"href":"https:\/\/blogdofarnesio.com.br\/index.php?rest_route=\/wp\/v2\/types\/post"}],"author":[{"embeddable":true,"href":"https:\/\/blogdofarnesio.com.br\/index.php?rest_route=\/wp\/v2\/users\/1"}],"replies":[{"embeddable":true,"href":"https:\/\/blogdofarnesio.com.br\/index.php?rest_route=%2Fwp%2Fv2%2Fcomments&post=291205"}],"version-history":[{"count":0,"href":"https:\/\/blogdofarnesio.com.br\/index.php?rest_route=\/wp\/v2\/posts\/291205\/revisions"}],"wp:featuredmedia":[{"embeddable":true,"href":"https:\/\/blogdofarnesio.com.br\/index.php?rest_route=\/wp\/v2\/media\/291206"}],"wp:attachment":[{"href":"https:\/\/blogdofarnesio.com.br\/index.php?rest_route=%2Fwp%2Fv2%2Fmedia&parent=291205"}],"wp:term":[{"taxonomy":"category","embeddable":true,"href":"https:\/\/blogdofarnesio.com.br\/index.php?rest_route=%2Fwp%2Fv2%2Fcategories&post=291205"},{"taxonomy":"post_tag","embeddable":true,"href":"https:\/\/blogdofarnesio.com.br\/index.php?rest_route=%2Fwp%2Fv2%2Ftags&post=291205"}],"curies":[{"name":"wp","href":"https:\/\/api.w.org\/{rel}","templated":true}]}}