{"id":291196,"date":"2021-07-21T16:03:38","date_gmt":"2021-07-21T19:03:38","guid":{"rendered":"https:\/\/quersaberpolitica.com.br\/?p=291196"},"modified":"2021-07-21T12:49:07","modified_gmt":"2021-07-21T15:49:07","slug":"comunidades-rurais-de-petrolina-recebem-mutiroes-de-limpeza-e-zeladoria-do-cidade-mais-limpa","status":"publish","type":"post","link":"https:\/\/blogdofarnesio.com.br\/?p=291196","title":{"rendered":"Comunidades rurais de Petrolina recebem mutir\u00f5es de limpeza e zeladoria do Cidade Mais Limpa"},"content":{"rendered":"<p>\u00c1rvores podadas, meio-fio pintado, ruas limpas e espa\u00e7os p\u00fablicos mais agrad\u00e1veis para os moradores das localidades de Bebedouro e Tapera, no interior de Petrolina. Atrav\u00e9s das a\u00e7\u00f5es do programa Cidade Mais Limpa, a gest\u00e3o municipal tem levado os servi\u00e7os de zeladoria permanente para o interior e sede do munic\u00edpio<\/p>\n<p>Na \u00faltima semana, as rotinas tranquilas dos moradores das duas comunidades foram interrompidas, mas por um bom motivo. Cerca de 70 profissionais de setor de limpeza urbana da Secretaria de Infraestrutura, Mobilidade e Servi\u00e7os P\u00fablicos (SEINFRA), foram designados para realizar servi\u00e7os de poda, capina manual e mecanizada, pintura de meio-fio, entre outras a\u00e7\u00f5es nas duas localidades.<\/p>\n<p>Ainda no interior do munic\u00edpio, foi realizado tamb\u00e9m um mutir\u00e3o na lagoa de estabiliza\u00e7\u00e3o do distrito de Nova Descoberta. Cerca de 25 colaboradores foram escalados para a for\u00e7a-tarefa. Em breve, a lagoa ser\u00e1 ativada.<\/p>\n<p><strong>Cronograma semanal &#8211;\u00a0<\/strong>A Prefeitura de Petrolina tamb\u00e9m realiza nesta semana a\u00e7\u00f5es na zona urbana do munic\u00edpio atrav\u00e9s do programa Cidade Mais Limpa. At\u00e9 o pr\u00f3ximo s\u00e1bado (24), ser\u00e3o visitados os bairros Cohab VI, S\u00e3o Jos\u00e9, Jatob\u00e1 e Henrique Leite.<\/p>\n<p>Adailma Gomes<\/p>\n","protected":false},"excerpt":{"rendered":"<p>\u00c1rvores podadas, meio-fio pintado, ruas limpas e espa\u00e7os p\u00fablicos mais agrad\u00e1veis para os moradores das localidades de Bebedouro e Tapera, no interior de Petrolina. Atrav\u00e9s das a\u00e7\u00f5es do programa Cidade Mais Limpa, a gest\u00e3o municipal tem levado os servi\u00e7os de zeladoria permanente para o interior e sede do munic\u00edpio Na \u00faltima semana, as rotinas tranquilas dos moradores das duas comunidades foram interrompidas, mas por um bom motivo. Cerca de 70 profissionais de setor de limpeza urbana da Secretaria de Infraestrutura, Mobilidade e Servi\u00e7os P\u00fablicos (SEINFRA), foram designados para realizar servi\u00e7os de poda, capina manual e mecanizada, pintura de meio-fio, entre outras a\u00e7\u00f5es nas duas localidades. Ainda no interior do munic\u00edpio, foi realizado tamb\u00e9m um mutir\u00e3o na lagoa de estabiliza\u00e7\u00e3o do&hellip; <\/p>\n","protected":false},"author":1,"featured_media":291197,"comment_status":"closed","ping_status":"closed","sticky":false,"template":"","format":"standard","meta":{"_acf_changed":false,"footnotes":""},"categories":[44],"tags":[],"class_list":["post-291196","post","type-post","status-publish","format-standard","has-post-thumbnail","hentry","category-administracao"],"acf":[],"yoast_head":"<!-- This site is optimized with the Yoast SEO plugin v27.4 - https:\/\/yoast.com\/product\/yoast-seo-wordpress\/ -->\n<title>Comunidades rurais de Petrolina recebem mutir\u00f5es de limpeza e zeladoria do Cidade Mais Limpa - Blog do Farn\u00e9sio<\/title>\n<meta name=\"robots\" content=\"index, follow, max-snippet:-1, max-image-preview:large, max-video-preview:-1\" \/>\n<link rel=\"canonical\" href=\"https:\/\/blogdofarnesio.com.br\/?p=291196\" \/>\n<meta property=\"og:locale\" content=\"pt_BR\" \/>\n<meta property=\"og:type\" content=\"article\" \/>\n<meta property=\"og:title\" content=\"Comunidades rurais de Petrolina recebem mutir\u00f5es de limpeza e zeladoria do Cidade Mais Limpa - Blog do Farn\u00e9sio\" \/>\n<meta property=\"og:description\" content=\"\u00c1rvores podadas, meio-fio pintado, ruas limpas e espa\u00e7os p\u00fablicos mais agrad\u00e1veis para os moradores das localidades de Bebedouro e Tapera, no interior de Petrolina. Atrav\u00e9s das a\u00e7\u00f5es do programa Cidade Mais Limpa, a gest\u00e3o municipal tem levado os servi\u00e7os de zeladoria permanente para o interior e sede do munic\u00edpio Na \u00faltima semana, as rotinas tranquilas dos moradores das duas comunidades foram interrompidas, mas por um bom motivo. Cerca de 70 profissionais de setor de limpeza urbana da Secretaria de Infraestrutura, Mobilidade e Servi\u00e7os P\u00fablicos (SEINFRA), foram designados para realizar servi\u00e7os de poda, capina manual e mecanizada, pintura de meio-fio, entre outras a\u00e7\u00f5es nas duas localidades. Ainda no interior do munic\u00edpio, foi realizado tamb\u00e9m um mutir\u00e3o na lagoa de estabiliza\u00e7\u00e3o do&hellip;\" \/>\n<meta property=\"og:url\" content=\"https:\/\/blogdofarnesio.com.br\/?p=291196\" \/>\n<meta property=\"og:site_name\" content=\"Blog do Farn\u00e9sio\" \/>\n<meta property=\"article:publisher\" content=\"https:\/\/www.facebook.com\/BlogQuerSaberPolitica\/\" \/>\n<meta property=\"article:published_time\" content=\"2021-07-21T19:03:38+00:00\" \/>\n<meta property=\"og:image\" content=\"https:\/\/blogdofarnesio.com.br\/wp-content\/uploads\/2021\/07\/Mutirao-interior-Petrolina-II-e1626817724724.jpeg\" \/>\n\t<meta property=\"og:image:width\" content=\"680\" \/>\n\t<meta property=\"og:image:height\" content=\"353\" \/>\n\t<meta property=\"og:image:type\" content=\"image\/jpeg\" \/>\n<meta name=\"author\" content=\"Farn\u00e9sio\" \/>\n<meta name=\"twitter:card\" content=\"summary_large_image\" \/>\n<meta name=\"twitter:label1\" content=\"Escrito por\" \/>\n\t<meta name=\"twitter:data1\" content=\"Farn\u00e9sio\" \/>\n\t<meta name=\"twitter:label2\" content=\"Est. tempo de leitura\" \/>\n\t<meta name=\"twitter:data2\" content=\"1 minuto\" \/>\n<script type=\"application\/ld+json\" class=\"yoast-schema-graph\">{\"@context\":\"https:\\\/\\\/schema.org\",\"@graph\":[{\"@type\":\"Article\",\"@id\":\"https:\\\/\\\/blogdofarnesio.com.br\\\/?p=291196#article\",\"isPartOf\":{\"@id\":\"https:\\\/\\\/blogdofarnesio.com.br\\\/?p=291196\"},\"author\":{\"name\":\"Farn\u00e9sio\",\"@id\":\"https:\\\/\\\/blogdofarnesio.com.br\\\/#\\\/schema\\\/person\\\/301c4acf522bccbfdb45af95b5b906a1\"},\"headline\":\"Comunidades rurais de Petrolina recebem mutir\u00f5es de limpeza e zeladoria do Cidade Mais Limpa\",\"datePublished\":\"2021-07-21T19:03:38+00:00\",\"mainEntityOfPage\":{\"@id\":\"https:\\\/\\\/blogdofarnesio.com.br\\\/?p=291196\"},\"wordCount\":218,\"publisher\":{\"@id\":\"https:\\\/\\\/blogdofarnesio.com.br\\\/#organization\"},\"image\":{\"@id\":\"https:\\\/\\\/blogdofarnesio.com.br\\\/?p=291196#primaryimage\"},\"thumbnailUrl\":\"https:\\\/\\\/blogdofarnesio.com.br\\\/wp-content\\\/uploads\\\/2021\\\/07\\\/Mutirao-interior-Petrolina-II-e1626817724724.jpeg\",\"articleSection\":[\"Administra\u00e7\u00e3o\"],\"inLanguage\":\"pt-BR\"},{\"@type\":\"WebPage\",\"@id\":\"https:\\\/\\\/blogdofarnesio.com.br\\\/?p=291196\",\"url\":\"https:\\\/\\\/blogdofarnesio.com.br\\\/?p=291196\",\"name\":\"Comunidades rurais de Petrolina recebem mutir\u00f5es de limpeza e zeladoria do Cidade Mais Limpa - Blog do Farn\u00e9sio\",\"isPartOf\":{\"@id\":\"https:\\\/\\\/blogdofarnesio.com.br\\\/#website\"},\"primaryImageOfPage\":{\"@id\":\"https:\\\/\\\/blogdofarnesio.com.br\\\/?p=291196#primaryimage\"},\"image\":{\"@id\":\"https:\\\/\\\/blogdofarnesio.com.br\\\/?p=291196#primaryimage\"},\"thumbnailUrl\":\"https:\\\/\\\/blogdofarnesio.com.br\\\/wp-content\\\/uploads\\\/2021\\\/07\\\/Mutirao-interior-Petrolina-II-e1626817724724.jpeg\",\"datePublished\":\"2021-07-21T19:03:38+00:00\",\"breadcrumb\":{\"@id\":\"https:\\\/\\\/blogdofarnesio.com.br\\\/?p=291196#breadcrumb\"},\"inLanguage\":\"pt-BR\",\"potentialAction\":[{\"@type\":\"ReadAction\",\"target\":[\"https:\\\/\\\/blogdofarnesio.com.br\\\/?p=291196\"]}]},{\"@type\":\"ImageObject\",\"inLanguage\":\"pt-BR\",\"@id\":\"https:\\\/\\\/blogdofarnesio.com.br\\\/?p=291196#primaryimage\",\"url\":\"https:\\\/\\\/blogdofarnesio.com.br\\\/wp-content\\\/uploads\\\/2021\\\/07\\\/Mutirao-interior-Petrolina-II-e1626817724724.jpeg\",\"contentUrl\":\"https:\\\/\\\/blogdofarnesio.com.br\\\/wp-content\\\/uploads\\\/2021\\\/07\\\/Mutirao-interior-Petrolina-II-e1626817724724.jpeg\",\"width\":680,\"height\":353},{\"@type\":\"BreadcrumbList\",\"@id\":\"https:\\\/\\\/blogdofarnesio.com.br\\\/?p=291196#breadcrumb\",\"itemListElement\":[{\"@type\":\"ListItem\",\"position\":1,\"name\":\"In\u00edcio\",\"item\":\"https:\\\/\\\/blogdofarnesio.com.br\\\/\"},{\"@type\":\"ListItem\",\"position\":2,\"name\":\"Comunidades rurais de Petrolina recebem mutir\u00f5es de limpeza e zeladoria do Cidade Mais Limpa\"}]},{\"@type\":\"WebSite\",\"@id\":\"https:\\\/\\\/blogdofarnesio.com.br\\\/#website\",\"url\":\"https:\\\/\\\/blogdofarnesio.com.br\\\/\",\"name\":\"Blog do Farn\u00e9sio\",\"description\":\"Quer Saber Pol\u00edtica?\",\"publisher\":{\"@id\":\"https:\\\/\\\/blogdofarnesio.com.br\\\/#organization\"},\"potentialAction\":[{\"@type\":\"SearchAction\",\"target\":{\"@type\":\"EntryPoint\",\"urlTemplate\":\"https:\\\/\\\/blogdofarnesio.com.br\\\/?s={search_term_string}\"},\"query-input\":{\"@type\":\"PropertyValueSpecification\",\"valueRequired\":true,\"valueName\":\"search_term_string\"}}],\"inLanguage\":\"pt-BR\"},{\"@type\":\"Organization\",\"@id\":\"https:\\\/\\\/blogdofarnesio.com.br\\\/#organization\",\"name\":\"Blog do Farn\u00e9sio\",\"url\":\"https:\\\/\\\/blogdofarnesio.com.br\\\/\",\"logo\":{\"@type\":\"ImageObject\",\"inLanguage\":\"pt-BR\",\"@id\":\"https:\\\/\\\/blogdofarnesio.com.br\\\/#\\\/schema\\\/logo\\\/image\\\/\",\"url\":\"https:\\\/\\\/blogdofarnesio.com.br\\\/wp-content\\\/uploads\\\/2026\\\/03\\\/cropped-logo_new-1.png\",\"contentUrl\":\"https:\\\/\\\/blogdofarnesio.com.br\\\/wp-content\\\/uploads\\\/2026\\\/03\\\/cropped-logo_new-1.png\",\"width\":881,\"height\":685,\"caption\":\"Blog do Farn\u00e9sio\"},\"image\":{\"@id\":\"https:\\\/\\\/blogdofarnesio.com.br\\\/#\\\/schema\\\/logo\\\/image\\\/\"},\"sameAs\":[\"https:\\\/\\\/www.facebook.com\\\/BlogQuerSaberPolitica\\\/\"]},{\"@type\":\"Person\",\"@id\":\"https:\\\/\\\/blogdofarnesio.com.br\\\/#\\\/schema\\\/person\\\/301c4acf522bccbfdb45af95b5b906a1\",\"name\":\"Farn\u00e9sio\",\"image\":{\"@type\":\"ImageObject\",\"inLanguage\":\"pt-BR\",\"@id\":\"https:\\\/\\\/secure.gravatar.com\\\/avatar\\\/df0c9a14567c056f8ad6876ba5bbd1e3e2c48023eb6807342fc4663adf549f38?s=96&d=mm&r=g\",\"url\":\"https:\\\/\\\/secure.gravatar.com\\\/avatar\\\/df0c9a14567c056f8ad6876ba5bbd1e3e2c48023eb6807342fc4663adf549f38?s=96&d=mm&r=g\",\"contentUrl\":\"https:\\\/\\\/secure.gravatar.com\\\/avatar\\\/df0c9a14567c056f8ad6876ba5bbd1e3e2c48023eb6807342fc4663adf549f38?s=96&d=mm&r=g\",\"caption\":\"Farn\u00e9sio\"},\"sameAs\":[\"https:\\\/\\\/quersaberpolitica.com.br\"],\"url\":\"https:\\\/\\\/blogdofarnesio.com.br\\\/?author=1\"}]}<\/script>\n<!-- \/ Yoast SEO plugin. -->","yoast_head_json":{"title":"Comunidades rurais de Petrolina recebem mutir\u00f5es de limpeza e zeladoria do Cidade Mais Limpa - Blog do Farn\u00e9sio","robots":{"index":"index","follow":"follow","max-snippet":"max-snippet:-1","max-image-preview":"max-image-preview:large","max-video-preview":"max-video-preview:-1"},"canonical":"https:\/\/blogdofarnesio.com.br\/?p=291196","og_locale":"pt_BR","og_type":"article","og_title":"Comunidades rurais de Petrolina recebem mutir\u00f5es de limpeza e zeladoria do Cidade Mais Limpa - Blog do Farn\u00e9sio","og_description":"\u00c1rvores podadas, meio-fio pintado, ruas limpas e espa\u00e7os p\u00fablicos mais agrad\u00e1veis para os moradores das localidades de Bebedouro e Tapera, no interior de Petrolina. Atrav\u00e9s das a\u00e7\u00f5es do programa Cidade Mais Limpa, a gest\u00e3o municipal tem levado os servi\u00e7os de zeladoria permanente para o interior e sede do munic\u00edpio Na \u00faltima semana, as rotinas tranquilas dos moradores das duas comunidades foram interrompidas, mas por um bom motivo. Cerca de 70 profissionais de setor de limpeza urbana da Secretaria de Infraestrutura, Mobilidade e Servi\u00e7os P\u00fablicos (SEINFRA), foram designados para realizar servi\u00e7os de poda, capina manual e mecanizada, pintura de meio-fio, entre outras a\u00e7\u00f5es nas duas localidades. Ainda no interior do munic\u00edpio, foi realizado tamb\u00e9m um mutir\u00e3o na lagoa de estabiliza\u00e7\u00e3o do&hellip;","og_url":"https:\/\/blogdofarnesio.com.br\/?p=291196","og_site_name":"Blog do Farn\u00e9sio","article_publisher":"https:\/\/www.facebook.com\/BlogQuerSaberPolitica\/","article_published_time":"2021-07-21T19:03:38+00:00","og_image":[{"width":680,"height":353,"url":"https:\/\/blogdofarnesio.com.br\/wp-content\/uploads\/2021\/07\/Mutirao-interior-Petrolina-II-e1626817724724.jpeg","type":"image\/jpeg"}],"author":"Farn\u00e9sio","twitter_card":"summary_large_image","twitter_misc":{"Escrito por":"Farn\u00e9sio","Est. tempo de leitura":"1 minuto"},"schema":{"@context":"https:\/\/schema.org","@graph":[{"@type":"Article","@id":"https:\/\/blogdofarnesio.com.br\/?p=291196#article","isPartOf":{"@id":"https:\/\/blogdofarnesio.com.br\/?p=291196"},"author":{"name":"Farn\u00e9sio","@id":"https:\/\/blogdofarnesio.com.br\/#\/schema\/person\/301c4acf522bccbfdb45af95b5b906a1"},"headline":"Comunidades rurais de Petrolina recebem mutir\u00f5es de limpeza e zeladoria do Cidade Mais Limpa","datePublished":"2021-07-21T19:03:38+00:00","mainEntityOfPage":{"@id":"https:\/\/blogdofarnesio.com.br\/?p=291196"},"wordCount":218,"publisher":{"@id":"https:\/\/blogdofarnesio.com.br\/#organization"},"image":{"@id":"https:\/\/blogdofarnesio.com.br\/?p=291196#primaryimage"},"thumbnailUrl":"https:\/\/blogdofarnesio.com.br\/wp-content\/uploads\/2021\/07\/Mutirao-interior-Petrolina-II-e1626817724724.jpeg","articleSection":["Administra\u00e7\u00e3o"],"inLanguage":"pt-BR"},{"@type":"WebPage","@id":"https:\/\/blogdofarnesio.com.br\/?p=291196","url":"https:\/\/blogdofarnesio.com.br\/?p=291196","name":"Comunidades rurais de Petrolina recebem mutir\u00f5es de limpeza e zeladoria do Cidade Mais Limpa - Blog do Farn\u00e9sio","isPartOf":{"@id":"https:\/\/blogdofarnesio.com.br\/#website"},"primaryImageOfPage":{"@id":"https:\/\/blogdofarnesio.com.br\/?p=291196#primaryimage"},"image":{"@id":"https:\/\/blogdofarnesio.com.br\/?p=291196#primaryimage"},"thumbnailUrl":"https:\/\/blogdofarnesio.com.br\/wp-content\/uploads\/2021\/07\/Mutirao-interior-Petrolina-II-e1626817724724.jpeg","datePublished":"2021-07-21T19:03:38+00:00","breadcrumb":{"@id":"https:\/\/blogdofarnesio.com.br\/?p=291196#breadcrumb"},"inLanguage":"pt-BR","potentialAction":[{"@type":"ReadAction","target":["https:\/\/blogdofarnesio.com.br\/?p=291196"]}]},{"@type":"ImageObject","inLanguage":"pt-BR","@id":"https:\/\/blogdofarnesio.com.br\/?p=291196#primaryimage","url":"https:\/\/blogdofarnesio.com.br\/wp-content\/uploads\/2021\/07\/Mutirao-interior-Petrolina-II-e1626817724724.jpeg","contentUrl":"https:\/\/blogdofarnesio.com.br\/wp-content\/uploads\/2021\/07\/Mutirao-interior-Petrolina-II-e1626817724724.jpeg","width":680,"height":353},{"@type":"BreadcrumbList","@id":"https:\/\/blogdofarnesio.com.br\/?p=291196#breadcrumb","itemListElement":[{"@type":"ListItem","position":1,"name":"In\u00edcio","item":"https:\/\/blogdofarnesio.com.br\/"},{"@type":"ListItem","position":2,"name":"Comunidades rurais de Petrolina recebem mutir\u00f5es de limpeza e zeladoria do Cidade Mais Limpa"}]},{"@type":"WebSite","@id":"https:\/\/blogdofarnesio.com.br\/#website","url":"https:\/\/blogdofarnesio.com.br\/","name":"Blog do Farn\u00e9sio","description":"Quer Saber Pol\u00edtica?","publisher":{"@id":"https:\/\/blogdofarnesio.com.br\/#organization"},"potentialAction":[{"@type":"SearchAction","target":{"@type":"EntryPoint","urlTemplate":"https:\/\/blogdofarnesio.com.br\/?s={search_term_string}"},"query-input":{"@type":"PropertyValueSpecification","valueRequired":true,"valueName":"search_term_string"}}],"inLanguage":"pt-BR"},{"@type":"Organization","@id":"https:\/\/blogdofarnesio.com.br\/#organization","name":"Blog do Farn\u00e9sio","url":"https:\/\/blogdofarnesio.com.br\/","logo":{"@type":"ImageObject","inLanguage":"pt-BR","@id":"https:\/\/blogdofarnesio.com.br\/#\/schema\/logo\/image\/","url":"https:\/\/blogdofarnesio.com.br\/wp-content\/uploads\/2026\/03\/cropped-logo_new-1.png","contentUrl":"https:\/\/blogdofarnesio.com.br\/wp-content\/uploads\/2026\/03\/cropped-logo_new-1.png","width":881,"height":685,"caption":"Blog do Farn\u00e9sio"},"image":{"@id":"https:\/\/blogdofarnesio.com.br\/#\/schema\/logo\/image\/"},"sameAs":["https:\/\/www.facebook.com\/BlogQuerSaberPolitica\/"]},{"@type":"Person","@id":"https:\/\/blogdofarnesio.com.br\/#\/schema\/person\/301c4acf522bccbfdb45af95b5b906a1","name":"Farn\u00e9sio","image":{"@type":"ImageObject","inLanguage":"pt-BR","@id":"https:\/\/secure.gravatar.com\/avatar\/df0c9a14567c056f8ad6876ba5bbd1e3e2c48023eb6807342fc4663adf549f38?s=96&d=mm&r=g","url":"https:\/\/secure.gravatar.com\/avatar\/df0c9a14567c056f8ad6876ba5bbd1e3e2c48023eb6807342fc4663adf549f38?s=96&d=mm&r=g","contentUrl":"https:\/\/secure.gravatar.com\/avatar\/df0c9a14567c056f8ad6876ba5bbd1e3e2c48023eb6807342fc4663adf549f38?s=96&d=mm&r=g","caption":"Farn\u00e9sio"},"sameAs":["https:\/\/quersaberpolitica.com.br"],"url":"https:\/\/blogdofarnesio.com.br\/?author=1"}]}},"_links":{"self":[{"href":"https:\/\/blogdofarnesio.com.br\/index.php?rest_route=\/wp\/v2\/posts\/291196","targetHints":{"allow":["GET"]}}],"collection":[{"href":"https:\/\/blogdofarnesio.com.br\/index.php?rest_route=\/wp\/v2\/posts"}],"about":[{"href":"https:\/\/blogdofarnesio.com.br\/index.php?rest_route=\/wp\/v2\/types\/post"}],"author":[{"embeddable":true,"href":"https:\/\/blogdofarnesio.com.br\/index.php?rest_route=\/wp\/v2\/users\/1"}],"replies":[{"embeddable":true,"href":"https:\/\/blogdofarnesio.com.br\/index.php?rest_route=%2Fwp%2Fv2%2Fcomments&post=291196"}],"version-history":[{"count":0,"href":"https:\/\/blogdofarnesio.com.br\/index.php?rest_route=\/wp\/v2\/posts\/291196\/revisions"}],"wp:featuredmedia":[{"embeddable":true,"href":"https:\/\/blogdofarnesio.com.br\/index.php?rest_route=\/wp\/v2\/media\/291197"}],"wp:attachment":[{"href":"https:\/\/blogdofarnesio.com.br\/index.php?rest_route=%2Fwp%2Fv2%2Fmedia&parent=291196"}],"wp:term":[{"taxonomy":"category","embeddable":true,"href":"https:\/\/blogdofarnesio.com.br\/index.php?rest_route=%2Fwp%2Fv2%2Fcategories&post=291196"},{"taxonomy":"post_tag","embeddable":true,"href":"https:\/\/blogdofarnesio.com.br\/index.php?rest_route=%2Fwp%2Fv2%2Ftags&post=291196"}],"curies":[{"name":"wp","href":"https:\/\/api.w.org\/{rel}","templated":true}]}}