{"id":290535,"date":"2021-07-13T10:43:00","date_gmt":"2021-07-13T13:43:00","guid":{"rendered":"https:\/\/quersaberpolitica.com.br\/?p=290535"},"modified":"2021-07-13T09:18:36","modified_gmt":"2021-07-13T12:18:36","slug":"vice-prefeito-de-petrolina-discute-recuperacao-de-estradas-vicinais-do-municipio","status":"publish","type":"post","link":"https:\/\/blogdofarnesio.com.br\/?p=290535","title":{"rendered":"Vice-prefeito de Petrolina discute recupera\u00e7\u00e3o de estradas vicinais do munic\u00edpio"},"content":{"rendered":"<p style=\"font-weight: 400;\">Petrolina \u00e9 conhecida nacionalmente pelo grande potencial na \u00e1rea de fruticultura. Pensando em melhorar a qualidade de vida das pessoas que trabalham com a produ\u00e7\u00e3o agr\u00edcola, o vice-prefeito, Sim\u00e3o Durante, se reuniu na \u00faltima semana com autoridades para discutir melhorias das estradas vicinais. Estiveram presentes no encontro o secret\u00e1rio de Infraestrutura e Mobilidade, Fred Machado, o gerente executivo do DINC, Paulo Sales e representantes da Codevasf.<\/p>\n<p style=\"font-weight: 400;\">Na oportunidade, foram apresentadas algumas propostas de interven\u00e7\u00e3o que podem ser feitas em trechos estrat\u00e9gicos das estradas. Ser\u00e1 feito um levantamento sobre as principais demandas das vias de escoamento da produ\u00e7\u00e3o da regi\u00e3o irrigada. Ap\u00f3s a identifica\u00e7\u00e3o das necessidades, ser\u00e1 preparado um relat\u00f3rio com propostas de melhorias.<\/p>\n<p style=\"font-weight: 400;\">O vice-prefeito, Sim\u00e3o Durando, ressalta que as vias s\u00e3o de responsabilidade do Governo do Estado, mas mesmo assim a gest\u00e3o vai realizar reparos para melhorar a qualidade de vida dos petrolinenses da \u00e1rea rural. &#8220;Mesmo n\u00e3o sendo de responsabilidade da gest\u00e3o municipal, o prefeito Miguel Coelho n\u00e3o vai deixar os produtores e nem as fam\u00edlias esquecidas. Essa popula\u00e7\u00e3o, que tanto faz pelo Vale de S\u00e3o Francisco, n\u00e3o pode ficar com dificuldade de escoar a sua produ\u00e7\u00e3o\u201d, conclui.<\/p>\n<p>&#8212;<\/p>\n<p>Atenciosamente,<\/p>\n<p><strong>Assessoria de Imprensa de Sim\u00e3o Durando<\/strong><\/p>\n","protected":false},"excerpt":{"rendered":"<p>Petrolina \u00e9 conhecida nacionalmente pelo grande potencial na \u00e1rea de fruticultura. Pensando em melhorar a qualidade de vida das pessoas que trabalham com a produ\u00e7\u00e3o agr\u00edcola, o vice-prefeito, Sim\u00e3o Durante, se reuniu na \u00faltima semana com autoridades para discutir melhorias das estradas vicinais. Estiveram presentes no encontro o secret\u00e1rio de Infraestrutura e Mobilidade, Fred Machado, o gerente executivo do DINC, Paulo Sales e representantes da Codevasf. Na oportunidade, foram apresentadas algumas propostas de interven\u00e7\u00e3o que podem ser feitas em trechos estrat\u00e9gicos das estradas. Ser\u00e1 feito um levantamento sobre as principais demandas das vias de escoamento da produ\u00e7\u00e3o da regi\u00e3o irrigada. Ap\u00f3s a identifica\u00e7\u00e3o das necessidades, ser\u00e1 preparado um relat\u00f3rio com propostas de melhorias. O vice-prefeito, Sim\u00e3o Durando, ressalta que as&hellip; <\/p>\n","protected":false},"author":1,"featured_media":290536,"comment_status":"closed","ping_status":"closed","sticky":false,"template":"","format":"standard","meta":{"_acf_changed":false,"footnotes":""},"categories":[17],"tags":[],"class_list":["post-290535","post","type-post","status-publish","format-standard","has-post-thumbnail","hentry","category-estradas"],"acf":[],"yoast_head":"<!-- This site is optimized with the Yoast SEO plugin v27.4 - https:\/\/yoast.com\/product\/yoast-seo-wordpress\/ -->\n<title>Vice-prefeito de Petrolina discute recupera\u00e7\u00e3o de estradas vicinais do munic\u00edpio - Blog do Farn\u00e9sio<\/title>\n<meta name=\"robots\" content=\"index, follow, max-snippet:-1, max-image-preview:large, max-video-preview:-1\" \/>\n<link rel=\"canonical\" href=\"https:\/\/blogdofarnesio.com.br\/?p=290535\" \/>\n<meta property=\"og:locale\" content=\"pt_BR\" \/>\n<meta property=\"og:type\" content=\"article\" \/>\n<meta property=\"og:title\" content=\"Vice-prefeito de Petrolina discute recupera\u00e7\u00e3o de estradas vicinais do munic\u00edpio - Blog do Farn\u00e9sio\" \/>\n<meta property=\"og:description\" content=\"Petrolina \u00e9 conhecida nacionalmente pelo grande potencial na \u00e1rea de fruticultura. Pensando em melhorar a qualidade de vida das pessoas que trabalham com a produ\u00e7\u00e3o agr\u00edcola, o vice-prefeito, Sim\u00e3o Durante, se reuniu na \u00faltima semana com autoridades para discutir melhorias das estradas vicinais. Estiveram presentes no encontro o secret\u00e1rio de Infraestrutura e Mobilidade, Fred Machado, o gerente executivo do DINC, Paulo Sales e representantes da Codevasf. Na oportunidade, foram apresentadas algumas propostas de interven\u00e7\u00e3o que podem ser feitas em trechos estrat\u00e9gicos das estradas. Ser\u00e1 feito um levantamento sobre as principais demandas das vias de escoamento da produ\u00e7\u00e3o da regi\u00e3o irrigada. Ap\u00f3s a identifica\u00e7\u00e3o das necessidades, ser\u00e1 preparado um relat\u00f3rio com propostas de melhorias. O vice-prefeito, Sim\u00e3o Durando, ressalta que as&hellip;\" \/>\n<meta property=\"og:url\" content=\"https:\/\/blogdofarnesio.com.br\/?p=290535\" \/>\n<meta property=\"og:site_name\" content=\"Blog do Farn\u00e9sio\" \/>\n<meta property=\"article:publisher\" content=\"https:\/\/www.facebook.com\/BlogQuerSaberPolitica\/\" \/>\n<meta property=\"article:published_time\" content=\"2021-07-13T13:43:00+00:00\" \/>\n<meta property=\"og:image\" content=\"https:\/\/blogdofarnesio.com.br\/wp-content\/uploads\/2021\/07\/blogqsppet-simao-durando-DINC-e1626127665647.jpeg\" \/>\n\t<meta property=\"og:image:width\" content=\"680\" \/>\n\t<meta property=\"og:image:height\" content=\"453\" \/>\n\t<meta property=\"og:image:type\" content=\"image\/jpeg\" \/>\n<meta name=\"author\" content=\"Farn\u00e9sio\" \/>\n<meta name=\"twitter:card\" content=\"summary_large_image\" \/>\n<meta name=\"twitter:label1\" content=\"Escrito por\" \/>\n\t<meta name=\"twitter:data1\" content=\"Farn\u00e9sio\" \/>\n\t<meta name=\"twitter:label2\" content=\"Est. tempo de leitura\" \/>\n\t<meta name=\"twitter:data2\" content=\"1 minuto\" \/>\n<script type=\"application\/ld+json\" class=\"yoast-schema-graph\">{\"@context\":\"https:\\\/\\\/schema.org\",\"@graph\":[{\"@type\":\"Article\",\"@id\":\"https:\\\/\\\/blogdofarnesio.com.br\\\/?p=290535#article\",\"isPartOf\":{\"@id\":\"https:\\\/\\\/blogdofarnesio.com.br\\\/?p=290535\"},\"author\":{\"name\":\"Farn\u00e9sio\",\"@id\":\"https:\\\/\\\/blogdofarnesio.com.br\\\/#\\\/schema\\\/person\\\/301c4acf522bccbfdb45af95b5b906a1\"},\"headline\":\"Vice-prefeito de Petrolina discute recupera\u00e7\u00e3o de estradas vicinais do munic\u00edpio\",\"datePublished\":\"2021-07-13T13:43:00+00:00\",\"mainEntityOfPage\":{\"@id\":\"https:\\\/\\\/blogdofarnesio.com.br\\\/?p=290535\"},\"wordCount\":232,\"publisher\":{\"@id\":\"https:\\\/\\\/blogdofarnesio.com.br\\\/#organization\"},\"image\":{\"@id\":\"https:\\\/\\\/blogdofarnesio.com.br\\\/?p=290535#primaryimage\"},\"thumbnailUrl\":\"https:\\\/\\\/blogdofarnesio.com.br\\\/wp-content\\\/uploads\\\/2021\\\/07\\\/blogqsppet-simao-durando-DINC-e1626127665647.jpeg\",\"articleSection\":[\"Estradas\"],\"inLanguage\":\"pt-BR\"},{\"@type\":\"WebPage\",\"@id\":\"https:\\\/\\\/blogdofarnesio.com.br\\\/?p=290535\",\"url\":\"https:\\\/\\\/blogdofarnesio.com.br\\\/?p=290535\",\"name\":\"Vice-prefeito de Petrolina discute recupera\u00e7\u00e3o de estradas vicinais do munic\u00edpio - Blog do Farn\u00e9sio\",\"isPartOf\":{\"@id\":\"https:\\\/\\\/blogdofarnesio.com.br\\\/#website\"},\"primaryImageOfPage\":{\"@id\":\"https:\\\/\\\/blogdofarnesio.com.br\\\/?p=290535#primaryimage\"},\"image\":{\"@id\":\"https:\\\/\\\/blogdofarnesio.com.br\\\/?p=290535#primaryimage\"},\"thumbnailUrl\":\"https:\\\/\\\/blogdofarnesio.com.br\\\/wp-content\\\/uploads\\\/2021\\\/07\\\/blogqsppet-simao-durando-DINC-e1626127665647.jpeg\",\"datePublished\":\"2021-07-13T13:43:00+00:00\",\"breadcrumb\":{\"@id\":\"https:\\\/\\\/blogdofarnesio.com.br\\\/?p=290535#breadcrumb\"},\"inLanguage\":\"pt-BR\",\"potentialAction\":[{\"@type\":\"ReadAction\",\"target\":[\"https:\\\/\\\/blogdofarnesio.com.br\\\/?p=290535\"]}]},{\"@type\":\"ImageObject\",\"inLanguage\":\"pt-BR\",\"@id\":\"https:\\\/\\\/blogdofarnesio.com.br\\\/?p=290535#primaryimage\",\"url\":\"https:\\\/\\\/blogdofarnesio.com.br\\\/wp-content\\\/uploads\\\/2021\\\/07\\\/blogqsppet-simao-durando-DINC-e1626127665647.jpeg\",\"contentUrl\":\"https:\\\/\\\/blogdofarnesio.com.br\\\/wp-content\\\/uploads\\\/2021\\\/07\\\/blogqsppet-simao-durando-DINC-e1626127665647.jpeg\",\"width\":680,\"height\":453},{\"@type\":\"BreadcrumbList\",\"@id\":\"https:\\\/\\\/blogdofarnesio.com.br\\\/?p=290535#breadcrumb\",\"itemListElement\":[{\"@type\":\"ListItem\",\"position\":1,\"name\":\"In\u00edcio\",\"item\":\"https:\\\/\\\/blogdofarnesio.com.br\\\/\"},{\"@type\":\"ListItem\",\"position\":2,\"name\":\"Vice-prefeito de Petrolina discute recupera\u00e7\u00e3o de estradas vicinais do munic\u00edpio\"}]},{\"@type\":\"WebSite\",\"@id\":\"https:\\\/\\\/blogdofarnesio.com.br\\\/#website\",\"url\":\"https:\\\/\\\/blogdofarnesio.com.br\\\/\",\"name\":\"Blog do Farn\u00e9sio\",\"description\":\"Quer Saber Pol\u00edtica?\",\"publisher\":{\"@id\":\"https:\\\/\\\/blogdofarnesio.com.br\\\/#organization\"},\"potentialAction\":[{\"@type\":\"SearchAction\",\"target\":{\"@type\":\"EntryPoint\",\"urlTemplate\":\"https:\\\/\\\/blogdofarnesio.com.br\\\/?s={search_term_string}\"},\"query-input\":{\"@type\":\"PropertyValueSpecification\",\"valueRequired\":true,\"valueName\":\"search_term_string\"}}],\"inLanguage\":\"pt-BR\"},{\"@type\":\"Organization\",\"@id\":\"https:\\\/\\\/blogdofarnesio.com.br\\\/#organization\",\"name\":\"Blog do Farn\u00e9sio\",\"url\":\"https:\\\/\\\/blogdofarnesio.com.br\\\/\",\"logo\":{\"@type\":\"ImageObject\",\"inLanguage\":\"pt-BR\",\"@id\":\"https:\\\/\\\/blogdofarnesio.com.br\\\/#\\\/schema\\\/logo\\\/image\\\/\",\"url\":\"https:\\\/\\\/blogdofarnesio.com.br\\\/wp-content\\\/uploads\\\/2026\\\/03\\\/cropped-logo_new-1.png\",\"contentUrl\":\"https:\\\/\\\/blogdofarnesio.com.br\\\/wp-content\\\/uploads\\\/2026\\\/03\\\/cropped-logo_new-1.png\",\"width\":881,\"height\":685,\"caption\":\"Blog do Farn\u00e9sio\"},\"image\":{\"@id\":\"https:\\\/\\\/blogdofarnesio.com.br\\\/#\\\/schema\\\/logo\\\/image\\\/\"},\"sameAs\":[\"https:\\\/\\\/www.facebook.com\\\/BlogQuerSaberPolitica\\\/\"]},{\"@type\":\"Person\",\"@id\":\"https:\\\/\\\/blogdofarnesio.com.br\\\/#\\\/schema\\\/person\\\/301c4acf522bccbfdb45af95b5b906a1\",\"name\":\"Farn\u00e9sio\",\"image\":{\"@type\":\"ImageObject\",\"inLanguage\":\"pt-BR\",\"@id\":\"https:\\\/\\\/secure.gravatar.com\\\/avatar\\\/df0c9a14567c056f8ad6876ba5bbd1e3e2c48023eb6807342fc4663adf549f38?s=96&d=mm&r=g\",\"url\":\"https:\\\/\\\/secure.gravatar.com\\\/avatar\\\/df0c9a14567c056f8ad6876ba5bbd1e3e2c48023eb6807342fc4663adf549f38?s=96&d=mm&r=g\",\"contentUrl\":\"https:\\\/\\\/secure.gravatar.com\\\/avatar\\\/df0c9a14567c056f8ad6876ba5bbd1e3e2c48023eb6807342fc4663adf549f38?s=96&d=mm&r=g\",\"caption\":\"Farn\u00e9sio\"},\"sameAs\":[\"https:\\\/\\\/quersaberpolitica.com.br\"],\"url\":\"https:\\\/\\\/blogdofarnesio.com.br\\\/?author=1\"}]}<\/script>\n<!-- \/ Yoast SEO plugin. -->","yoast_head_json":{"title":"Vice-prefeito de Petrolina discute recupera\u00e7\u00e3o de estradas vicinais do munic\u00edpio - Blog do Farn\u00e9sio","robots":{"index":"index","follow":"follow","max-snippet":"max-snippet:-1","max-image-preview":"max-image-preview:large","max-video-preview":"max-video-preview:-1"},"canonical":"https:\/\/blogdofarnesio.com.br\/?p=290535","og_locale":"pt_BR","og_type":"article","og_title":"Vice-prefeito de Petrolina discute recupera\u00e7\u00e3o de estradas vicinais do munic\u00edpio - Blog do Farn\u00e9sio","og_description":"Petrolina \u00e9 conhecida nacionalmente pelo grande potencial na \u00e1rea de fruticultura. Pensando em melhorar a qualidade de vida das pessoas que trabalham com a produ\u00e7\u00e3o agr\u00edcola, o vice-prefeito, Sim\u00e3o Durante, se reuniu na \u00faltima semana com autoridades para discutir melhorias das estradas vicinais. Estiveram presentes no encontro o secret\u00e1rio de Infraestrutura e Mobilidade, Fred Machado, o gerente executivo do DINC, Paulo Sales e representantes da Codevasf. Na oportunidade, foram apresentadas algumas propostas de interven\u00e7\u00e3o que podem ser feitas em trechos estrat\u00e9gicos das estradas. Ser\u00e1 feito um levantamento sobre as principais demandas das vias de escoamento da produ\u00e7\u00e3o da regi\u00e3o irrigada. Ap\u00f3s a identifica\u00e7\u00e3o das necessidades, ser\u00e1 preparado um relat\u00f3rio com propostas de melhorias. O vice-prefeito, Sim\u00e3o Durando, ressalta que as&hellip;","og_url":"https:\/\/blogdofarnesio.com.br\/?p=290535","og_site_name":"Blog do Farn\u00e9sio","article_publisher":"https:\/\/www.facebook.com\/BlogQuerSaberPolitica\/","article_published_time":"2021-07-13T13:43:00+00:00","og_image":[{"width":680,"height":453,"url":"https:\/\/blogdofarnesio.com.br\/wp-content\/uploads\/2021\/07\/blogqsppet-simao-durando-DINC-e1626127665647.jpeg","type":"image\/jpeg"}],"author":"Farn\u00e9sio","twitter_card":"summary_large_image","twitter_misc":{"Escrito por":"Farn\u00e9sio","Est. tempo de leitura":"1 minuto"},"schema":{"@context":"https:\/\/schema.org","@graph":[{"@type":"Article","@id":"https:\/\/blogdofarnesio.com.br\/?p=290535#article","isPartOf":{"@id":"https:\/\/blogdofarnesio.com.br\/?p=290535"},"author":{"name":"Farn\u00e9sio","@id":"https:\/\/blogdofarnesio.com.br\/#\/schema\/person\/301c4acf522bccbfdb45af95b5b906a1"},"headline":"Vice-prefeito de Petrolina discute recupera\u00e7\u00e3o de estradas vicinais do munic\u00edpio","datePublished":"2021-07-13T13:43:00+00:00","mainEntityOfPage":{"@id":"https:\/\/blogdofarnesio.com.br\/?p=290535"},"wordCount":232,"publisher":{"@id":"https:\/\/blogdofarnesio.com.br\/#organization"},"image":{"@id":"https:\/\/blogdofarnesio.com.br\/?p=290535#primaryimage"},"thumbnailUrl":"https:\/\/blogdofarnesio.com.br\/wp-content\/uploads\/2021\/07\/blogqsppet-simao-durando-DINC-e1626127665647.jpeg","articleSection":["Estradas"],"inLanguage":"pt-BR"},{"@type":"WebPage","@id":"https:\/\/blogdofarnesio.com.br\/?p=290535","url":"https:\/\/blogdofarnesio.com.br\/?p=290535","name":"Vice-prefeito de Petrolina discute recupera\u00e7\u00e3o de estradas vicinais do munic\u00edpio - Blog do Farn\u00e9sio","isPartOf":{"@id":"https:\/\/blogdofarnesio.com.br\/#website"},"primaryImageOfPage":{"@id":"https:\/\/blogdofarnesio.com.br\/?p=290535#primaryimage"},"image":{"@id":"https:\/\/blogdofarnesio.com.br\/?p=290535#primaryimage"},"thumbnailUrl":"https:\/\/blogdofarnesio.com.br\/wp-content\/uploads\/2021\/07\/blogqsppet-simao-durando-DINC-e1626127665647.jpeg","datePublished":"2021-07-13T13:43:00+00:00","breadcrumb":{"@id":"https:\/\/blogdofarnesio.com.br\/?p=290535#breadcrumb"},"inLanguage":"pt-BR","potentialAction":[{"@type":"ReadAction","target":["https:\/\/blogdofarnesio.com.br\/?p=290535"]}]},{"@type":"ImageObject","inLanguage":"pt-BR","@id":"https:\/\/blogdofarnesio.com.br\/?p=290535#primaryimage","url":"https:\/\/blogdofarnesio.com.br\/wp-content\/uploads\/2021\/07\/blogqsppet-simao-durando-DINC-e1626127665647.jpeg","contentUrl":"https:\/\/blogdofarnesio.com.br\/wp-content\/uploads\/2021\/07\/blogqsppet-simao-durando-DINC-e1626127665647.jpeg","width":680,"height":453},{"@type":"BreadcrumbList","@id":"https:\/\/blogdofarnesio.com.br\/?p=290535#breadcrumb","itemListElement":[{"@type":"ListItem","position":1,"name":"In\u00edcio","item":"https:\/\/blogdofarnesio.com.br\/"},{"@type":"ListItem","position":2,"name":"Vice-prefeito de Petrolina discute recupera\u00e7\u00e3o de estradas vicinais do munic\u00edpio"}]},{"@type":"WebSite","@id":"https:\/\/blogdofarnesio.com.br\/#website","url":"https:\/\/blogdofarnesio.com.br\/","name":"Blog do Farn\u00e9sio","description":"Quer Saber Pol\u00edtica?","publisher":{"@id":"https:\/\/blogdofarnesio.com.br\/#organization"},"potentialAction":[{"@type":"SearchAction","target":{"@type":"EntryPoint","urlTemplate":"https:\/\/blogdofarnesio.com.br\/?s={search_term_string}"},"query-input":{"@type":"PropertyValueSpecification","valueRequired":true,"valueName":"search_term_string"}}],"inLanguage":"pt-BR"},{"@type":"Organization","@id":"https:\/\/blogdofarnesio.com.br\/#organization","name":"Blog do Farn\u00e9sio","url":"https:\/\/blogdofarnesio.com.br\/","logo":{"@type":"ImageObject","inLanguage":"pt-BR","@id":"https:\/\/blogdofarnesio.com.br\/#\/schema\/logo\/image\/","url":"https:\/\/blogdofarnesio.com.br\/wp-content\/uploads\/2026\/03\/cropped-logo_new-1.png","contentUrl":"https:\/\/blogdofarnesio.com.br\/wp-content\/uploads\/2026\/03\/cropped-logo_new-1.png","width":881,"height":685,"caption":"Blog do Farn\u00e9sio"},"image":{"@id":"https:\/\/blogdofarnesio.com.br\/#\/schema\/logo\/image\/"},"sameAs":["https:\/\/www.facebook.com\/BlogQuerSaberPolitica\/"]},{"@type":"Person","@id":"https:\/\/blogdofarnesio.com.br\/#\/schema\/person\/301c4acf522bccbfdb45af95b5b906a1","name":"Farn\u00e9sio","image":{"@type":"ImageObject","inLanguage":"pt-BR","@id":"https:\/\/secure.gravatar.com\/avatar\/df0c9a14567c056f8ad6876ba5bbd1e3e2c48023eb6807342fc4663adf549f38?s=96&d=mm&r=g","url":"https:\/\/secure.gravatar.com\/avatar\/df0c9a14567c056f8ad6876ba5bbd1e3e2c48023eb6807342fc4663adf549f38?s=96&d=mm&r=g","contentUrl":"https:\/\/secure.gravatar.com\/avatar\/df0c9a14567c056f8ad6876ba5bbd1e3e2c48023eb6807342fc4663adf549f38?s=96&d=mm&r=g","caption":"Farn\u00e9sio"},"sameAs":["https:\/\/quersaberpolitica.com.br"],"url":"https:\/\/blogdofarnesio.com.br\/?author=1"}]}},"_links":{"self":[{"href":"https:\/\/blogdofarnesio.com.br\/index.php?rest_route=\/wp\/v2\/posts\/290535","targetHints":{"allow":["GET"]}}],"collection":[{"href":"https:\/\/blogdofarnesio.com.br\/index.php?rest_route=\/wp\/v2\/posts"}],"about":[{"href":"https:\/\/blogdofarnesio.com.br\/index.php?rest_route=\/wp\/v2\/types\/post"}],"author":[{"embeddable":true,"href":"https:\/\/blogdofarnesio.com.br\/index.php?rest_route=\/wp\/v2\/users\/1"}],"replies":[{"embeddable":true,"href":"https:\/\/blogdofarnesio.com.br\/index.php?rest_route=%2Fwp%2Fv2%2Fcomments&post=290535"}],"version-history":[{"count":0,"href":"https:\/\/blogdofarnesio.com.br\/index.php?rest_route=\/wp\/v2\/posts\/290535\/revisions"}],"wp:featuredmedia":[{"embeddable":true,"href":"https:\/\/blogdofarnesio.com.br\/index.php?rest_route=\/wp\/v2\/media\/290536"}],"wp:attachment":[{"href":"https:\/\/blogdofarnesio.com.br\/index.php?rest_route=%2Fwp%2Fv2%2Fmedia&parent=290535"}],"wp:term":[{"taxonomy":"category","embeddable":true,"href":"https:\/\/blogdofarnesio.com.br\/index.php?rest_route=%2Fwp%2Fv2%2Fcategories&post=290535"},{"taxonomy":"post_tag","embeddable":true,"href":"https:\/\/blogdofarnesio.com.br\/index.php?rest_route=%2Fwp%2Fv2%2Ftags&post=290535"}],"curies":[{"name":"wp","href":"https:\/\/api.w.org\/{rel}","templated":true}]}}