{"id":289770,"date":"2021-07-04T10:31:53","date_gmt":"2021-07-04T13:31:53","guid":{"rendered":"https:\/\/quersaberpolitica.com.br\/?p=289770"},"modified":"2021-07-04T09:20:19","modified_gmt":"2021-07-04T12:20:19","slug":"transposicao-do-rio-sao-francisco-avanca-mais-um-trecho-na-cidade-de-floresta%ef%bb%bf","status":"publish","type":"post","link":"https:\/\/blogdofarnesio.com.br\/?p=289770","title":{"rendered":"Transposi\u00e7\u00e3o do Rio S\u00e3o Francisco avan\u00e7a mais um trecho na cidade de Floresta\ufeff"},"content":{"rendered":"<p>O Minist\u00e9rio do Desenvolvimento Regional (MDR) liberou \u00e1gua do Reservat\u00f3rio Muqu\u00e9m para a Barragem do Ju\u00e1, ambas no munic\u00edpio de Floresta, em Pernambuco. As \u00e1guas do Eixo Leste do Projeto de Integra\u00e7\u00e3o do Rio S\u00e3o Francisco v\u00e3o beneficiar cerca de 800 propriedades do sistema Reservat\u00f3rio Barra do Ju\u00e1-Riacho do Navio.<\/p>\n<p>\u201cAs \u00e1guas liberadas pela barragem ser\u00e3o utilizadas no uso difuso e irriga\u00e7\u00e3o, contribuindo para a gera\u00e7\u00e3o de renda e emprego na bacia hidrogr\u00e1fica beneficiada\u201d, destaca o secret\u00e1rio nacional de Seguran\u00e7a H\u00eddrica substituto, Francisco Igor Aires Nunes.<\/p>\n<p>A libera\u00e7\u00e3o das \u00e1guas ocorrer\u00e1 de forma gradual \u2013 at\u00e9 3m\u00b3\/s \u2013 por per\u00edodo aproximado de 90 dias, para minimizar as perdas em tr\u00e2nsito. A manobra permitir\u00e1, ainda, que o Riacho do Navio, marcado h\u00e1 anos pela seca, volte a escoar \u00e1gua.<\/p>\n<p>Esta \u00e9 mais uma etapa conclu\u00edda do Projeto de Integra\u00e7\u00e3o do Rio S\u00e3o Francisco. No Eixo Leste, mais de 57 munic\u00edpios \u2013 21 em Pernambuco e 36 na Para\u00edba \u2013 j\u00e1 recebem as \u00e1guas do Rio S\u00e3o Francisco desde 2017. Seu funcionamento, mesmo em pr\u00e9-opera\u00e7\u00e3o, evitou que a cidade paraibana de Campina Grande entrasse em colapso h\u00eddrico \u00e0 \u00e9poca em fun\u00e7\u00e3o da maior seca j\u00e1 registrada nos \u00faltimos 100 anos.<\/p>\n<p>A \u00e1gua do \u2018Velho Chico\u2019 tem percorrido os 217 quil\u00f4metros dos canais e demais estruturas de engenharia, que a conduzem desde Floresta (PE) at\u00e9 o leito do Rio Para\u00edba, em Monteiro (PB). O trecho \u00e9 composto por seis esta\u00e7\u00f5es de bombeamento, cinco aquedutos, um t\u00fanel, uma adutora e 12 reservat\u00f3rios.<\/p>\n<p>A libera\u00e7\u00e3o de \u00e1gua do reservat\u00f3rio ocorre durante a fase de pr\u00e9-opera\u00e7\u00e3o, de acordo com solicita\u00e7\u00e3o da operadora estadual e previs\u00e3o do Plano de Gest\u00e3o Anual (PGA) 2021.<\/p>\n","protected":false},"excerpt":{"rendered":"<p>O Minist\u00e9rio do Desenvolvimento Regional (MDR) liberou \u00e1gua do Reservat\u00f3rio Muqu\u00e9m para a Barragem do Ju\u00e1, ambas no munic\u00edpio de Floresta, em Pernambuco. As \u00e1guas do Eixo Leste do Projeto de Integra\u00e7\u00e3o do Rio S\u00e3o Francisco v\u00e3o beneficiar cerca de 800 propriedades do sistema Reservat\u00f3rio Barra do Ju\u00e1-Riacho do Navio. \u201cAs \u00e1guas liberadas pela barragem ser\u00e3o utilizadas no uso difuso e irriga\u00e7\u00e3o, contribuindo para a gera\u00e7\u00e3o de renda e emprego na bacia hidrogr\u00e1fica beneficiada\u201d, destaca o secret\u00e1rio nacional de Seguran\u00e7a H\u00eddrica substituto, Francisco Igor Aires Nunes. A libera\u00e7\u00e3o das \u00e1guas ocorrer\u00e1 de forma gradual \u2013 at\u00e9 3m\u00b3\/s \u2013 por per\u00edodo aproximado de 90 dias, para minimizar as perdas em tr\u00e2nsito. A manobra permitir\u00e1, ainda, que o Riacho do Navio, marcado&hellip; <\/p>\n","protected":false},"author":1,"featured_media":289771,"comment_status":"closed","ping_status":"closed","sticky":false,"template":"","format":"standard","meta":{"_acf_changed":false,"footnotes":""},"categories":[56],"tags":[],"class_list":["post-289770","post","type-post","status-publish","format-standard","has-post-thumbnail","hentry","category-agua"],"acf":[],"yoast_head":"<!-- This site is optimized with the Yoast SEO plugin v27.4 - https:\/\/yoast.com\/product\/yoast-seo-wordpress\/ -->\n<title>Transposi\u00e7\u00e3o do Rio S\u00e3o Francisco avan\u00e7a mais um trecho na cidade de Floresta\ufeff - Blog do Farn\u00e9sio<\/title>\n<meta name=\"robots\" content=\"index, follow, max-snippet:-1, max-image-preview:large, max-video-preview:-1\" \/>\n<link rel=\"canonical\" href=\"http:\/\/blogdofarnesio.com.br\/?p=289770\" \/>\n<meta property=\"og:locale\" content=\"pt_BR\" \/>\n<meta property=\"og:type\" content=\"article\" \/>\n<meta property=\"og:title\" content=\"Transposi\u00e7\u00e3o do Rio S\u00e3o Francisco avan\u00e7a mais um trecho na cidade de Floresta\ufeff - Blog do Farn\u00e9sio\" \/>\n<meta property=\"og:description\" content=\"O Minist\u00e9rio do Desenvolvimento Regional (MDR) liberou \u00e1gua do Reservat\u00f3rio Muqu\u00e9m para a Barragem do Ju\u00e1, ambas no munic\u00edpio de Floresta, em Pernambuco. As \u00e1guas do Eixo Leste do Projeto de Integra\u00e7\u00e3o do Rio S\u00e3o Francisco v\u00e3o beneficiar cerca de 800 propriedades do sistema Reservat\u00f3rio Barra do Ju\u00e1-Riacho do Navio. \u201cAs \u00e1guas liberadas pela barragem ser\u00e3o utilizadas no uso difuso e irriga\u00e7\u00e3o, contribuindo para a gera\u00e7\u00e3o de renda e emprego na bacia hidrogr\u00e1fica beneficiada\u201d, destaca o secret\u00e1rio nacional de Seguran\u00e7a H\u00eddrica substituto, Francisco Igor Aires Nunes. A libera\u00e7\u00e3o das \u00e1guas ocorrer\u00e1 de forma gradual \u2013 at\u00e9 3m\u00b3\/s \u2013 por per\u00edodo aproximado de 90 dias, para minimizar as perdas em tr\u00e2nsito. A manobra permitir\u00e1, ainda, que o Riacho do Navio, marcado&hellip;\" \/>\n<meta property=\"og:url\" content=\"http:\/\/blogdofarnesio.com.br\/?p=289770\" \/>\n<meta property=\"og:site_name\" content=\"Blog do Farn\u00e9sio\" \/>\n<meta property=\"article:publisher\" content=\"https:\/\/www.facebook.com\/BlogQuerSaberPolitica\/\" \/>\n<meta property=\"article:published_time\" content=\"2021-07-04T13:31:53+00:00\" \/>\n<meta property=\"og:image\" content=\"http:\/\/blogdofarnesio.com.br\/wp-content\/uploads\/2021\/07\/blogqspfloresta-barragem-muquem.jpeg\" \/>\n\t<meta property=\"og:image:width\" content=\"533\" \/>\n\t<meta property=\"og:image:height\" content=\"400\" \/>\n\t<meta property=\"og:image:type\" content=\"image\/jpeg\" \/>\n<meta name=\"author\" content=\"Farn\u00e9sio\" \/>\n<meta name=\"twitter:card\" content=\"summary_large_image\" \/>\n<meta name=\"twitter:label1\" content=\"Escrito por\" \/>\n\t<meta name=\"twitter:data1\" content=\"Farn\u00e9sio\" \/>\n\t<meta name=\"twitter:label2\" content=\"Est. tempo de leitura\" \/>\n\t<meta name=\"twitter:data2\" content=\"2 minutos\" \/>\n<script type=\"application\/ld+json\" class=\"yoast-schema-graph\">{\"@context\":\"https:\\\/\\\/schema.org\",\"@graph\":[{\"@type\":\"Article\",\"@id\":\"http:\\\/\\\/blogdofarnesio.com.br\\\/?p=289770#article\",\"isPartOf\":{\"@id\":\"http:\\\/\\\/blogdofarnesio.com.br\\\/?p=289770\"},\"author\":{\"name\":\"Farn\u00e9sio\",\"@id\":\"https:\\\/\\\/blogdofarnesio.com.br\\\/#\\\/schema\\\/person\\\/301c4acf522bccbfdb45af95b5b906a1\"},\"headline\":\"Transposi\u00e7\u00e3o do Rio S\u00e3o Francisco avan\u00e7a mais um trecho na cidade de Floresta\ufeff\",\"datePublished\":\"2021-07-04T13:31:53+00:00\",\"mainEntityOfPage\":{\"@id\":\"http:\\\/\\\/blogdofarnesio.com.br\\\/?p=289770\"},\"wordCount\":317,\"publisher\":{\"@id\":\"https:\\\/\\\/blogdofarnesio.com.br\\\/#organization\"},\"image\":{\"@id\":\"http:\\\/\\\/blogdofarnesio.com.br\\\/?p=289770#primaryimage\"},\"thumbnailUrl\":\"https:\\\/\\\/blogdofarnesio.com.br\\\/wp-content\\\/uploads\\\/2021\\\/07\\\/blogqspfloresta-barragem-muquem.jpeg\",\"articleSection\":[\"\u00c1gua\"],\"inLanguage\":\"pt-BR\"},{\"@type\":\"WebPage\",\"@id\":\"http:\\\/\\\/blogdofarnesio.com.br\\\/?p=289770\",\"url\":\"http:\\\/\\\/blogdofarnesio.com.br\\\/?p=289770\",\"name\":\"Transposi\u00e7\u00e3o do Rio S\u00e3o Francisco avan\u00e7a mais um trecho na cidade de Floresta\ufeff - Blog do Farn\u00e9sio\",\"isPartOf\":{\"@id\":\"https:\\\/\\\/blogdofarnesio.com.br\\\/#website\"},\"primaryImageOfPage\":{\"@id\":\"http:\\\/\\\/blogdofarnesio.com.br\\\/?p=289770#primaryimage\"},\"image\":{\"@id\":\"http:\\\/\\\/blogdofarnesio.com.br\\\/?p=289770#primaryimage\"},\"thumbnailUrl\":\"https:\\\/\\\/blogdofarnesio.com.br\\\/wp-content\\\/uploads\\\/2021\\\/07\\\/blogqspfloresta-barragem-muquem.jpeg\",\"datePublished\":\"2021-07-04T13:31:53+00:00\",\"breadcrumb\":{\"@id\":\"http:\\\/\\\/blogdofarnesio.com.br\\\/?p=289770#breadcrumb\"},\"inLanguage\":\"pt-BR\",\"potentialAction\":[{\"@type\":\"ReadAction\",\"target\":[\"http:\\\/\\\/blogdofarnesio.com.br\\\/?p=289770\"]}]},{\"@type\":\"ImageObject\",\"inLanguage\":\"pt-BR\",\"@id\":\"http:\\\/\\\/blogdofarnesio.com.br\\\/?p=289770#primaryimage\",\"url\":\"https:\\\/\\\/blogdofarnesio.com.br\\\/wp-content\\\/uploads\\\/2021\\\/07\\\/blogqspfloresta-barragem-muquem.jpeg\",\"contentUrl\":\"https:\\\/\\\/blogdofarnesio.com.br\\\/wp-content\\\/uploads\\\/2021\\\/07\\\/blogqspfloresta-barragem-muquem.jpeg\",\"width\":533,\"height\":400},{\"@type\":\"BreadcrumbList\",\"@id\":\"http:\\\/\\\/blogdofarnesio.com.br\\\/?p=289770#breadcrumb\",\"itemListElement\":[{\"@type\":\"ListItem\",\"position\":1,\"name\":\"In\u00edcio\",\"item\":\"https:\\\/\\\/blogdofarnesio.com.br\\\/\"},{\"@type\":\"ListItem\",\"position\":2,\"name\":\"Transposi\u00e7\u00e3o do Rio S\u00e3o Francisco avan\u00e7a mais um trecho na cidade de Floresta\ufeff\"}]},{\"@type\":\"WebSite\",\"@id\":\"https:\\\/\\\/blogdofarnesio.com.br\\\/#website\",\"url\":\"https:\\\/\\\/blogdofarnesio.com.br\\\/\",\"name\":\"Blog do Farn\u00e9sio\",\"description\":\"Quer Saber Pol\u00edtica?\",\"publisher\":{\"@id\":\"https:\\\/\\\/blogdofarnesio.com.br\\\/#organization\"},\"potentialAction\":[{\"@type\":\"SearchAction\",\"target\":{\"@type\":\"EntryPoint\",\"urlTemplate\":\"https:\\\/\\\/blogdofarnesio.com.br\\\/?s={search_term_string}\"},\"query-input\":{\"@type\":\"PropertyValueSpecification\",\"valueRequired\":true,\"valueName\":\"search_term_string\"}}],\"inLanguage\":\"pt-BR\"},{\"@type\":\"Organization\",\"@id\":\"https:\\\/\\\/blogdofarnesio.com.br\\\/#organization\",\"name\":\"Blog do Farn\u00e9sio\",\"url\":\"https:\\\/\\\/blogdofarnesio.com.br\\\/\",\"logo\":{\"@type\":\"ImageObject\",\"inLanguage\":\"pt-BR\",\"@id\":\"https:\\\/\\\/blogdofarnesio.com.br\\\/#\\\/schema\\\/logo\\\/image\\\/\",\"url\":\"https:\\\/\\\/blogdofarnesio.com.br\\\/wp-content\\\/uploads\\\/2026\\\/03\\\/cropped-logo_new-1.png\",\"contentUrl\":\"https:\\\/\\\/blogdofarnesio.com.br\\\/wp-content\\\/uploads\\\/2026\\\/03\\\/cropped-logo_new-1.png\",\"width\":881,\"height\":685,\"caption\":\"Blog do Farn\u00e9sio\"},\"image\":{\"@id\":\"https:\\\/\\\/blogdofarnesio.com.br\\\/#\\\/schema\\\/logo\\\/image\\\/\"},\"sameAs\":[\"https:\\\/\\\/www.facebook.com\\\/BlogQuerSaberPolitica\\\/\"]},{\"@type\":\"Person\",\"@id\":\"https:\\\/\\\/blogdofarnesio.com.br\\\/#\\\/schema\\\/person\\\/301c4acf522bccbfdb45af95b5b906a1\",\"name\":\"Farn\u00e9sio\",\"image\":{\"@type\":\"ImageObject\",\"inLanguage\":\"pt-BR\",\"@id\":\"https:\\\/\\\/secure.gravatar.com\\\/avatar\\\/df0c9a14567c056f8ad6876ba5bbd1e3e2c48023eb6807342fc4663adf549f38?s=96&d=mm&r=g\",\"url\":\"https:\\\/\\\/secure.gravatar.com\\\/avatar\\\/df0c9a14567c056f8ad6876ba5bbd1e3e2c48023eb6807342fc4663adf549f38?s=96&d=mm&r=g\",\"contentUrl\":\"https:\\\/\\\/secure.gravatar.com\\\/avatar\\\/df0c9a14567c056f8ad6876ba5bbd1e3e2c48023eb6807342fc4663adf549f38?s=96&d=mm&r=g\",\"caption\":\"Farn\u00e9sio\"},\"sameAs\":[\"https:\\\/\\\/quersaberpolitica.com.br\"],\"url\":\"https:\\\/\\\/blogdofarnesio.com.br\\\/?author=1\"}]}<\/script>\n<!-- \/ Yoast SEO plugin. -->","yoast_head_json":{"title":"Transposi\u00e7\u00e3o do Rio S\u00e3o Francisco avan\u00e7a mais um trecho na cidade de Floresta\ufeff - Blog do Farn\u00e9sio","robots":{"index":"index","follow":"follow","max-snippet":"max-snippet:-1","max-image-preview":"max-image-preview:large","max-video-preview":"max-video-preview:-1"},"canonical":"http:\/\/blogdofarnesio.com.br\/?p=289770","og_locale":"pt_BR","og_type":"article","og_title":"Transposi\u00e7\u00e3o do Rio S\u00e3o Francisco avan\u00e7a mais um trecho na cidade de Floresta\ufeff - Blog do Farn\u00e9sio","og_description":"O Minist\u00e9rio do Desenvolvimento Regional (MDR) liberou \u00e1gua do Reservat\u00f3rio Muqu\u00e9m para a Barragem do Ju\u00e1, ambas no munic\u00edpio de Floresta, em Pernambuco. As \u00e1guas do Eixo Leste do Projeto de Integra\u00e7\u00e3o do Rio S\u00e3o Francisco v\u00e3o beneficiar cerca de 800 propriedades do sistema Reservat\u00f3rio Barra do Ju\u00e1-Riacho do Navio. \u201cAs \u00e1guas liberadas pela barragem ser\u00e3o utilizadas no uso difuso e irriga\u00e7\u00e3o, contribuindo para a gera\u00e7\u00e3o de renda e emprego na bacia hidrogr\u00e1fica beneficiada\u201d, destaca o secret\u00e1rio nacional de Seguran\u00e7a H\u00eddrica substituto, Francisco Igor Aires Nunes. A libera\u00e7\u00e3o das \u00e1guas ocorrer\u00e1 de forma gradual \u2013 at\u00e9 3m\u00b3\/s \u2013 por per\u00edodo aproximado de 90 dias, para minimizar as perdas em tr\u00e2nsito. A manobra permitir\u00e1, ainda, que o Riacho do Navio, marcado&hellip;","og_url":"http:\/\/blogdofarnesio.com.br\/?p=289770","og_site_name":"Blog do Farn\u00e9sio","article_publisher":"https:\/\/www.facebook.com\/BlogQuerSaberPolitica\/","article_published_time":"2021-07-04T13:31:53+00:00","og_image":[{"width":533,"height":400,"url":"http:\/\/blogdofarnesio.com.br\/wp-content\/uploads\/2021\/07\/blogqspfloresta-barragem-muquem.jpeg","type":"image\/jpeg"}],"author":"Farn\u00e9sio","twitter_card":"summary_large_image","twitter_misc":{"Escrito por":"Farn\u00e9sio","Est. tempo de leitura":"2 minutos"},"schema":{"@context":"https:\/\/schema.org","@graph":[{"@type":"Article","@id":"http:\/\/blogdofarnesio.com.br\/?p=289770#article","isPartOf":{"@id":"http:\/\/blogdofarnesio.com.br\/?p=289770"},"author":{"name":"Farn\u00e9sio","@id":"https:\/\/blogdofarnesio.com.br\/#\/schema\/person\/301c4acf522bccbfdb45af95b5b906a1"},"headline":"Transposi\u00e7\u00e3o do Rio S\u00e3o Francisco avan\u00e7a mais um trecho na cidade de Floresta\ufeff","datePublished":"2021-07-04T13:31:53+00:00","mainEntityOfPage":{"@id":"http:\/\/blogdofarnesio.com.br\/?p=289770"},"wordCount":317,"publisher":{"@id":"https:\/\/blogdofarnesio.com.br\/#organization"},"image":{"@id":"http:\/\/blogdofarnesio.com.br\/?p=289770#primaryimage"},"thumbnailUrl":"https:\/\/blogdofarnesio.com.br\/wp-content\/uploads\/2021\/07\/blogqspfloresta-barragem-muquem.jpeg","articleSection":["\u00c1gua"],"inLanguage":"pt-BR"},{"@type":"WebPage","@id":"http:\/\/blogdofarnesio.com.br\/?p=289770","url":"http:\/\/blogdofarnesio.com.br\/?p=289770","name":"Transposi\u00e7\u00e3o do Rio S\u00e3o Francisco avan\u00e7a mais um trecho na cidade de Floresta\ufeff - Blog do Farn\u00e9sio","isPartOf":{"@id":"https:\/\/blogdofarnesio.com.br\/#website"},"primaryImageOfPage":{"@id":"http:\/\/blogdofarnesio.com.br\/?p=289770#primaryimage"},"image":{"@id":"http:\/\/blogdofarnesio.com.br\/?p=289770#primaryimage"},"thumbnailUrl":"https:\/\/blogdofarnesio.com.br\/wp-content\/uploads\/2021\/07\/blogqspfloresta-barragem-muquem.jpeg","datePublished":"2021-07-04T13:31:53+00:00","breadcrumb":{"@id":"http:\/\/blogdofarnesio.com.br\/?p=289770#breadcrumb"},"inLanguage":"pt-BR","potentialAction":[{"@type":"ReadAction","target":["http:\/\/blogdofarnesio.com.br\/?p=289770"]}]},{"@type":"ImageObject","inLanguage":"pt-BR","@id":"http:\/\/blogdofarnesio.com.br\/?p=289770#primaryimage","url":"https:\/\/blogdofarnesio.com.br\/wp-content\/uploads\/2021\/07\/blogqspfloresta-barragem-muquem.jpeg","contentUrl":"https:\/\/blogdofarnesio.com.br\/wp-content\/uploads\/2021\/07\/blogqspfloresta-barragem-muquem.jpeg","width":533,"height":400},{"@type":"BreadcrumbList","@id":"http:\/\/blogdofarnesio.com.br\/?p=289770#breadcrumb","itemListElement":[{"@type":"ListItem","position":1,"name":"In\u00edcio","item":"https:\/\/blogdofarnesio.com.br\/"},{"@type":"ListItem","position":2,"name":"Transposi\u00e7\u00e3o do Rio S\u00e3o Francisco avan\u00e7a mais um trecho na cidade de Floresta\ufeff"}]},{"@type":"WebSite","@id":"https:\/\/blogdofarnesio.com.br\/#website","url":"https:\/\/blogdofarnesio.com.br\/","name":"Blog do Farn\u00e9sio","description":"Quer Saber Pol\u00edtica?","publisher":{"@id":"https:\/\/blogdofarnesio.com.br\/#organization"},"potentialAction":[{"@type":"SearchAction","target":{"@type":"EntryPoint","urlTemplate":"https:\/\/blogdofarnesio.com.br\/?s={search_term_string}"},"query-input":{"@type":"PropertyValueSpecification","valueRequired":true,"valueName":"search_term_string"}}],"inLanguage":"pt-BR"},{"@type":"Organization","@id":"https:\/\/blogdofarnesio.com.br\/#organization","name":"Blog do Farn\u00e9sio","url":"https:\/\/blogdofarnesio.com.br\/","logo":{"@type":"ImageObject","inLanguage":"pt-BR","@id":"https:\/\/blogdofarnesio.com.br\/#\/schema\/logo\/image\/","url":"https:\/\/blogdofarnesio.com.br\/wp-content\/uploads\/2026\/03\/cropped-logo_new-1.png","contentUrl":"https:\/\/blogdofarnesio.com.br\/wp-content\/uploads\/2026\/03\/cropped-logo_new-1.png","width":881,"height":685,"caption":"Blog do Farn\u00e9sio"},"image":{"@id":"https:\/\/blogdofarnesio.com.br\/#\/schema\/logo\/image\/"},"sameAs":["https:\/\/www.facebook.com\/BlogQuerSaberPolitica\/"]},{"@type":"Person","@id":"https:\/\/blogdofarnesio.com.br\/#\/schema\/person\/301c4acf522bccbfdb45af95b5b906a1","name":"Farn\u00e9sio","image":{"@type":"ImageObject","inLanguage":"pt-BR","@id":"https:\/\/secure.gravatar.com\/avatar\/df0c9a14567c056f8ad6876ba5bbd1e3e2c48023eb6807342fc4663adf549f38?s=96&d=mm&r=g","url":"https:\/\/secure.gravatar.com\/avatar\/df0c9a14567c056f8ad6876ba5bbd1e3e2c48023eb6807342fc4663adf549f38?s=96&d=mm&r=g","contentUrl":"https:\/\/secure.gravatar.com\/avatar\/df0c9a14567c056f8ad6876ba5bbd1e3e2c48023eb6807342fc4663adf549f38?s=96&d=mm&r=g","caption":"Farn\u00e9sio"},"sameAs":["https:\/\/quersaberpolitica.com.br"],"url":"https:\/\/blogdofarnesio.com.br\/?author=1"}]}},"_links":{"self":[{"href":"https:\/\/blogdofarnesio.com.br\/index.php?rest_route=\/wp\/v2\/posts\/289770","targetHints":{"allow":["GET"]}}],"collection":[{"href":"https:\/\/blogdofarnesio.com.br\/index.php?rest_route=\/wp\/v2\/posts"}],"about":[{"href":"https:\/\/blogdofarnesio.com.br\/index.php?rest_route=\/wp\/v2\/types\/post"}],"author":[{"embeddable":true,"href":"https:\/\/blogdofarnesio.com.br\/index.php?rest_route=\/wp\/v2\/users\/1"}],"replies":[{"embeddable":true,"href":"https:\/\/blogdofarnesio.com.br\/index.php?rest_route=%2Fwp%2Fv2%2Fcomments&post=289770"}],"version-history":[{"count":0,"href":"https:\/\/blogdofarnesio.com.br\/index.php?rest_route=\/wp\/v2\/posts\/289770\/revisions"}],"wp:featuredmedia":[{"embeddable":true,"href":"https:\/\/blogdofarnesio.com.br\/index.php?rest_route=\/wp\/v2\/media\/289771"}],"wp:attachment":[{"href":"https:\/\/blogdofarnesio.com.br\/index.php?rest_route=%2Fwp%2Fv2%2Fmedia&parent=289770"}],"wp:term":[{"taxonomy":"category","embeddable":true,"href":"https:\/\/blogdofarnesio.com.br\/index.php?rest_route=%2Fwp%2Fv2%2Fcategories&post=289770"},{"taxonomy":"post_tag","embeddable":true,"href":"https:\/\/blogdofarnesio.com.br\/index.php?rest_route=%2Fwp%2Fv2%2Ftags&post=289770"}],"curies":[{"name":"wp","href":"https:\/\/api.w.org\/{rel}","templated":true}]}}