{"id":289767,"date":"2021-07-04T09:03:14","date_gmt":"2021-07-04T12:03:14","guid":{"rendered":"https:\/\/quersaberpolitica.com.br\/?p=289767"},"modified":"2021-07-04T09:03:14","modified_gmt":"2021-07-04T12:03:14","slug":"praca-dede-caxias-foi-palco-para-o-fora-bolsonaro-em-juazeiro","status":"publish","type":"post","link":"https:\/\/blogdofarnesio.com.br\/?p=289767","title":{"rendered":"Pra\u00e7a Ded\u00e9 Caxias foi palco para o &#8216;Fora Bolsonaro&#8217; em Juazeiro"},"content":{"rendered":"<div class=\"box-title\">\n<h2><img decoding=\"async\" class=\"img-center img-responsive\" style=\"font-size: 16px;\" src=\"https:\/\/www.bahianoticias.com.br\/fotos\/municipios_noticias\/26152\/IMAGEM_NOTICIA_5.jpg?checksum=1625393036\" alt=\"Atos contra Bolsonaro ocorrem em Feira, Ilh\u00e9us, Juazeiro, Alagoinhas e Barreiras\" \/><\/h2>\n<\/div>\n<div class=\"box-body\" data-io-article-url=\"https:\/\/www.bahianoticias.com.br\/\">\n<div class=\"text-center\">\n<div class=\"box-img\">\n<div class=\"img-legenda\">Em Juazeiro, a concentra\u00e7\u00e3o\u00a0foi na Pra\u00e7a Ded\u00e9 Caxias, no Centro da cidade. J\u00e1 em Barreiras, a manifesta\u00e7\u00e3o contou com a presen\u00e7a de estudantes e professores, que protestaram contra a volta das aulas presenciais sem vacina\u00e7\u00e3o.<\/div>\n<\/div>\n<\/div>\n<div class=\"text-descricao\">\n<p>Manifestantes tamb\u00e9m protestaram contra o governo Bolsonaro em cidades do interior baiano neste s\u00e1bado (3). Al\u00e9m de Vit\u00f3ria da Conquista, houve atos em Feira de Santana, Ilh\u00e9us, no Litoral Sul; Juazeiro, no Sert\u00e3o do S\u00e3o Francisco, Alagoinhas, no Agreste, e em Barreiras, no Extremo Oeste.<\/p>\n<p>&nbsp;<\/p>\n<p>Em Feira de Santana, a concentra\u00e7\u00e3o come\u00e7ou na Avenida Get\u00falio Vargas, em frente \u00e0 prefeitura, por volta das 9h. Depois, o grupo saiu em caminhada pelo centro do munic\u00edpio, finalizando o ato \u00e0s 12h. Estiveram presentes \u00a0estudantes, professores, servidores p\u00fablicos, ativistas de movimentos sociais.<\/p>\n<p>&nbsp;<\/p>\n<p>Dezenas de pessoas foram \u00e0s ruas de Alagoinhas para pedir a sa\u00edda do presidente Jair Bolsonaro e do vice Hamilton Mour\u00e3o. O ato teve inicio na Pra\u00e7a Ruy Barbosa, \u00e0s 9h. Depois, os participantes \u00a0percorreram as ruas do centro da cidade. O ato foi conclu\u00eddo \u00e0s 12h.<\/p>\n<p>&nbsp;<\/p>\n<p><img decoding=\"async\" src=\"https:\/\/www.bahianoticias.com.br\/fotos\/municipios_noticias\/26152\/mg\/ato%20em%20alagoinhas%2003%2004.jpg\" alt=\"\" \/><\/p>\n<p><em>Ato em Alagoinhas \/ Foto: Divulga\u00e7\u00e3o<\/em><\/p>\n<p>&nbsp;<\/p>\n<p>No caso de Ilh\u00e9us, os manifestantes andaram pelas principais ruas da cidade e pararam na Pra\u00e7a Cair\u00fa, na regi\u00e3o central da cidade.<\/p>\n<p>&nbsp;<\/p>\n<p><img decoding=\"async\" src=\"https:\/\/www.bahianoticias.com.br\/fotos\/municipios_noticias\/26152\/mg\/ato%20em%20juazeiro%2003%2004.jpg\" alt=\"\" \/><\/p>\n<p><em>Juazeiro \/ Foto: Reprodu\u00e7\u00e3o \/ TV Bahia<\/em><\/p>\n<p>Em Juazeiro, a concentra\u00e7\u00e3o\u00a0foi na Pra\u00e7a Ded\u00e9 Caxias, no Centro da cidade. J\u00e1 em Barreiras, a manifesta\u00e7\u00e3o contou com a presen\u00e7a de estudantes e professores, que protestaram contra a volta das aulas presenciais sem vacina\u00e7\u00e3o.<\/p>\n<p><img decoding=\"async\" src=\"https:\/\/www.bahianoticias.com.br\/fotos\/municipios_noticias\/26152\/mg\/ato%20em%20barreiras%2003%2004.jpg\" alt=\"\" \/><\/p>\n<p><em>Foto: Reprodu\u00e7\u00e3o \/ TV Bahia<\/em><\/p>\n<\/div>\n<\/div>\n","protected":false},"excerpt":{"rendered":"<p>Em Juazeiro, a concentra\u00e7\u00e3o\u00a0foi na Pra\u00e7a Ded\u00e9 Caxias, no Centro da cidade. J\u00e1 em Barreiras, a manifesta\u00e7\u00e3o contou com a presen\u00e7a de estudantes e professores, que protestaram contra a volta das aulas presenciais sem vacina\u00e7\u00e3o. Manifestantes tamb\u00e9m protestaram contra o governo Bolsonaro em cidades do interior baiano neste s\u00e1bado (3). Al\u00e9m de Vit\u00f3ria da Conquista, houve atos em Feira de Santana, Ilh\u00e9us, no Litoral Sul; Juazeiro, no Sert\u00e3o do S\u00e3o Francisco, Alagoinhas, no Agreste, e em Barreiras, no Extremo Oeste. &nbsp; Em Feira de Santana, a concentra\u00e7\u00e3o come\u00e7ou na Avenida Get\u00falio Vargas, em frente \u00e0 prefeitura, por volta das 9h. Depois, o grupo saiu em caminhada pelo centro do munic\u00edpio, finalizando o ato \u00e0s 12h. Estiveram presentes \u00a0estudantes, professores, servidores&hellip; <\/p>\n","protected":false},"author":1,"featured_media":289768,"comment_status":"closed","ping_status":"closed","sticky":false,"template":"","format":"standard","meta":{"_acf_changed":false,"footnotes":""},"categories":[1],"tags":[],"class_list":["post-289767","post","type-post","status-publish","format-standard","has-post-thumbnail","hentry","category-politica"],"acf":[],"yoast_head":"<!-- This site is optimized with the Yoast SEO plugin v27.4 - https:\/\/yoast.com\/product\/yoast-seo-wordpress\/ -->\n<title>Pra\u00e7a Ded\u00e9 Caxias foi palco para o &#039;Fora Bolsonaro&#039; em Juazeiro - Blog do Farn\u00e9sio<\/title>\n<meta name=\"robots\" content=\"index, follow, max-snippet:-1, max-image-preview:large, max-video-preview:-1\" \/>\n<link rel=\"canonical\" href=\"http:\/\/blogdofarnesio.com.br\/?p=289767\" \/>\n<meta property=\"og:locale\" content=\"pt_BR\" \/>\n<meta property=\"og:type\" content=\"article\" \/>\n<meta property=\"og:title\" content=\"Pra\u00e7a Ded\u00e9 Caxias foi palco para o &#039;Fora Bolsonaro&#039; em Juazeiro - Blog do Farn\u00e9sio\" \/>\n<meta property=\"og:description\" content=\"Em Juazeiro, a concentra\u00e7\u00e3o\u00a0foi na Pra\u00e7a Ded\u00e9 Caxias, no Centro da cidade. J\u00e1 em Barreiras, a manifesta\u00e7\u00e3o contou com a presen\u00e7a de estudantes e professores, que protestaram contra a volta das aulas presenciais sem vacina\u00e7\u00e3o. Manifestantes tamb\u00e9m protestaram contra o governo Bolsonaro em cidades do interior baiano neste s\u00e1bado (3). Al\u00e9m de Vit\u00f3ria da Conquista, houve atos em Feira de Santana, Ilh\u00e9us, no Litoral Sul; Juazeiro, no Sert\u00e3o do S\u00e3o Francisco, Alagoinhas, no Agreste, e em Barreiras, no Extremo Oeste. &nbsp; Em Feira de Santana, a concentra\u00e7\u00e3o come\u00e7ou na Avenida Get\u00falio Vargas, em frente \u00e0 prefeitura, por volta das 9h. Depois, o grupo saiu em caminhada pelo centro do munic\u00edpio, finalizando o ato \u00e0s 12h. Estiveram presentes \u00a0estudantes, professores, servidores&hellip;\" \/>\n<meta property=\"og:url\" content=\"http:\/\/blogdofarnesio.com.br\/?p=289767\" \/>\n<meta property=\"og:site_name\" content=\"Blog do Farn\u00e9sio\" \/>\n<meta property=\"article:publisher\" content=\"https:\/\/www.facebook.com\/BlogQuerSaberPolitica\/\" \/>\n<meta property=\"article:published_time\" content=\"2021-07-04T12:03:14+00:00\" \/>\n<meta property=\"og:image\" content=\"http:\/\/blogdofarnesio.com.br\/wp-content\/uploads\/2021\/07\/blogqspjua-fora-bolso-ato-em-juazeiro-03-04.jpg\" \/>\n\t<meta property=\"og:image:width\" content=\"984\" \/>\n\t<meta property=\"og:image:height\" content=\"616\" \/>\n\t<meta property=\"og:image:type\" content=\"image\/jpeg\" \/>\n<meta name=\"author\" content=\"Farn\u00e9sio\" \/>\n<meta name=\"twitter:card\" content=\"summary_large_image\" \/>\n<meta name=\"twitter:label1\" content=\"Escrito por\" \/>\n\t<meta name=\"twitter:data1\" content=\"Farn\u00e9sio\" \/>\n\t<meta name=\"twitter:label2\" content=\"Est. tempo de leitura\" \/>\n\t<meta name=\"twitter:data2\" content=\"1 minuto\" \/>\n<script type=\"application\/ld+json\" class=\"yoast-schema-graph\">{\"@context\":\"https:\\\/\\\/schema.org\",\"@graph\":[{\"@type\":\"Article\",\"@id\":\"http:\\\/\\\/blogdofarnesio.com.br\\\/?p=289767#article\",\"isPartOf\":{\"@id\":\"http:\\\/\\\/blogdofarnesio.com.br\\\/?p=289767\"},\"author\":{\"name\":\"Farn\u00e9sio\",\"@id\":\"https:\\\/\\\/blogdofarnesio.com.br\\\/#\\\/schema\\\/person\\\/301c4acf522bccbfdb45af95b5b906a1\"},\"headline\":\"Pra\u00e7a Ded\u00e9 Caxias foi palco para o &#8216;Fora Bolsonaro&#8217; em Juazeiro\",\"datePublished\":\"2021-07-04T12:03:14+00:00\",\"mainEntityOfPage\":{\"@id\":\"http:\\\/\\\/blogdofarnesio.com.br\\\/?p=289767\"},\"wordCount\":291,\"publisher\":{\"@id\":\"https:\\\/\\\/blogdofarnesio.com.br\\\/#organization\"},\"image\":{\"@id\":\"http:\\\/\\\/blogdofarnesio.com.br\\\/?p=289767#primaryimage\"},\"thumbnailUrl\":\"https:\\\/\\\/blogdofarnesio.com.br\\\/wp-content\\\/uploads\\\/2021\\\/07\\\/blogqspjua-fora-bolso-ato-em-juazeiro-03-04.jpg\",\"articleSection\":[\"Pol\u00edtica\"],\"inLanguage\":\"pt-BR\"},{\"@type\":\"WebPage\",\"@id\":\"http:\\\/\\\/blogdofarnesio.com.br\\\/?p=289767\",\"url\":\"http:\\\/\\\/blogdofarnesio.com.br\\\/?p=289767\",\"name\":\"Pra\u00e7a Ded\u00e9 Caxias foi palco para o 'Fora Bolsonaro' em Juazeiro - Blog do Farn\u00e9sio\",\"isPartOf\":{\"@id\":\"https:\\\/\\\/blogdofarnesio.com.br\\\/#website\"},\"primaryImageOfPage\":{\"@id\":\"http:\\\/\\\/blogdofarnesio.com.br\\\/?p=289767#primaryimage\"},\"image\":{\"@id\":\"http:\\\/\\\/blogdofarnesio.com.br\\\/?p=289767#primaryimage\"},\"thumbnailUrl\":\"https:\\\/\\\/blogdofarnesio.com.br\\\/wp-content\\\/uploads\\\/2021\\\/07\\\/blogqspjua-fora-bolso-ato-em-juazeiro-03-04.jpg\",\"datePublished\":\"2021-07-04T12:03:14+00:00\",\"breadcrumb\":{\"@id\":\"http:\\\/\\\/blogdofarnesio.com.br\\\/?p=289767#breadcrumb\"},\"inLanguage\":\"pt-BR\",\"potentialAction\":[{\"@type\":\"ReadAction\",\"target\":[\"http:\\\/\\\/blogdofarnesio.com.br\\\/?p=289767\"]}]},{\"@type\":\"ImageObject\",\"inLanguage\":\"pt-BR\",\"@id\":\"http:\\\/\\\/blogdofarnesio.com.br\\\/?p=289767#primaryimage\",\"url\":\"https:\\\/\\\/blogdofarnesio.com.br\\\/wp-content\\\/uploads\\\/2021\\\/07\\\/blogqspjua-fora-bolso-ato-em-juazeiro-03-04.jpg\",\"contentUrl\":\"https:\\\/\\\/blogdofarnesio.com.br\\\/wp-content\\\/uploads\\\/2021\\\/07\\\/blogqspjua-fora-bolso-ato-em-juazeiro-03-04.jpg\",\"width\":984,\"height\":616},{\"@type\":\"BreadcrumbList\",\"@id\":\"http:\\\/\\\/blogdofarnesio.com.br\\\/?p=289767#breadcrumb\",\"itemListElement\":[{\"@type\":\"ListItem\",\"position\":1,\"name\":\"In\u00edcio\",\"item\":\"https:\\\/\\\/blogdofarnesio.com.br\\\/\"},{\"@type\":\"ListItem\",\"position\":2,\"name\":\"Pra\u00e7a Ded\u00e9 Caxias foi palco para o &#8216;Fora Bolsonaro&#8217; em Juazeiro\"}]},{\"@type\":\"WebSite\",\"@id\":\"https:\\\/\\\/blogdofarnesio.com.br\\\/#website\",\"url\":\"https:\\\/\\\/blogdofarnesio.com.br\\\/\",\"name\":\"Blog do Farn\u00e9sio\",\"description\":\"Quer Saber Pol\u00edtica?\",\"publisher\":{\"@id\":\"https:\\\/\\\/blogdofarnesio.com.br\\\/#organization\"},\"potentialAction\":[{\"@type\":\"SearchAction\",\"target\":{\"@type\":\"EntryPoint\",\"urlTemplate\":\"https:\\\/\\\/blogdofarnesio.com.br\\\/?s={search_term_string}\"},\"query-input\":{\"@type\":\"PropertyValueSpecification\",\"valueRequired\":true,\"valueName\":\"search_term_string\"}}],\"inLanguage\":\"pt-BR\"},{\"@type\":\"Organization\",\"@id\":\"https:\\\/\\\/blogdofarnesio.com.br\\\/#organization\",\"name\":\"Blog do Farn\u00e9sio\",\"url\":\"https:\\\/\\\/blogdofarnesio.com.br\\\/\",\"logo\":{\"@type\":\"ImageObject\",\"inLanguage\":\"pt-BR\",\"@id\":\"https:\\\/\\\/blogdofarnesio.com.br\\\/#\\\/schema\\\/logo\\\/image\\\/\",\"url\":\"https:\\\/\\\/blogdofarnesio.com.br\\\/wp-content\\\/uploads\\\/2026\\\/03\\\/cropped-logo_new-1.png\",\"contentUrl\":\"https:\\\/\\\/blogdofarnesio.com.br\\\/wp-content\\\/uploads\\\/2026\\\/03\\\/cropped-logo_new-1.png\",\"width\":881,\"height\":685,\"caption\":\"Blog do Farn\u00e9sio\"},\"image\":{\"@id\":\"https:\\\/\\\/blogdofarnesio.com.br\\\/#\\\/schema\\\/logo\\\/image\\\/\"},\"sameAs\":[\"https:\\\/\\\/www.facebook.com\\\/BlogQuerSaberPolitica\\\/\"]},{\"@type\":\"Person\",\"@id\":\"https:\\\/\\\/blogdofarnesio.com.br\\\/#\\\/schema\\\/person\\\/301c4acf522bccbfdb45af95b5b906a1\",\"name\":\"Farn\u00e9sio\",\"image\":{\"@type\":\"ImageObject\",\"inLanguage\":\"pt-BR\",\"@id\":\"https:\\\/\\\/secure.gravatar.com\\\/avatar\\\/df0c9a14567c056f8ad6876ba5bbd1e3e2c48023eb6807342fc4663adf549f38?s=96&d=mm&r=g\",\"url\":\"https:\\\/\\\/secure.gravatar.com\\\/avatar\\\/df0c9a14567c056f8ad6876ba5bbd1e3e2c48023eb6807342fc4663adf549f38?s=96&d=mm&r=g\",\"contentUrl\":\"https:\\\/\\\/secure.gravatar.com\\\/avatar\\\/df0c9a14567c056f8ad6876ba5bbd1e3e2c48023eb6807342fc4663adf549f38?s=96&d=mm&r=g\",\"caption\":\"Farn\u00e9sio\"},\"sameAs\":[\"https:\\\/\\\/quersaberpolitica.com.br\"],\"url\":\"https:\\\/\\\/blogdofarnesio.com.br\\\/?author=1\"}]}<\/script>\n<!-- \/ Yoast SEO plugin. -->","yoast_head_json":{"title":"Pra\u00e7a Ded\u00e9 Caxias foi palco para o 'Fora Bolsonaro' em Juazeiro - Blog do Farn\u00e9sio","robots":{"index":"index","follow":"follow","max-snippet":"max-snippet:-1","max-image-preview":"max-image-preview:large","max-video-preview":"max-video-preview:-1"},"canonical":"http:\/\/blogdofarnesio.com.br\/?p=289767","og_locale":"pt_BR","og_type":"article","og_title":"Pra\u00e7a Ded\u00e9 Caxias foi palco para o 'Fora Bolsonaro' em Juazeiro - Blog do Farn\u00e9sio","og_description":"Em Juazeiro, a concentra\u00e7\u00e3o\u00a0foi na Pra\u00e7a Ded\u00e9 Caxias, no Centro da cidade. J\u00e1 em Barreiras, a manifesta\u00e7\u00e3o contou com a presen\u00e7a de estudantes e professores, que protestaram contra a volta das aulas presenciais sem vacina\u00e7\u00e3o. Manifestantes tamb\u00e9m protestaram contra o governo Bolsonaro em cidades do interior baiano neste s\u00e1bado (3). Al\u00e9m de Vit\u00f3ria da Conquista, houve atos em Feira de Santana, Ilh\u00e9us, no Litoral Sul; Juazeiro, no Sert\u00e3o do S\u00e3o Francisco, Alagoinhas, no Agreste, e em Barreiras, no Extremo Oeste. &nbsp; Em Feira de Santana, a concentra\u00e7\u00e3o come\u00e7ou na Avenida Get\u00falio Vargas, em frente \u00e0 prefeitura, por volta das 9h. Depois, o grupo saiu em caminhada pelo centro do munic\u00edpio, finalizando o ato \u00e0s 12h. Estiveram presentes \u00a0estudantes, professores, servidores&hellip;","og_url":"http:\/\/blogdofarnesio.com.br\/?p=289767","og_site_name":"Blog do Farn\u00e9sio","article_publisher":"https:\/\/www.facebook.com\/BlogQuerSaberPolitica\/","article_published_time":"2021-07-04T12:03:14+00:00","og_image":[{"width":984,"height":616,"url":"http:\/\/blogdofarnesio.com.br\/wp-content\/uploads\/2021\/07\/blogqspjua-fora-bolso-ato-em-juazeiro-03-04.jpg","type":"image\/jpeg"}],"author":"Farn\u00e9sio","twitter_card":"summary_large_image","twitter_misc":{"Escrito por":"Farn\u00e9sio","Est. tempo de leitura":"1 minuto"},"schema":{"@context":"https:\/\/schema.org","@graph":[{"@type":"Article","@id":"http:\/\/blogdofarnesio.com.br\/?p=289767#article","isPartOf":{"@id":"http:\/\/blogdofarnesio.com.br\/?p=289767"},"author":{"name":"Farn\u00e9sio","@id":"https:\/\/blogdofarnesio.com.br\/#\/schema\/person\/301c4acf522bccbfdb45af95b5b906a1"},"headline":"Pra\u00e7a Ded\u00e9 Caxias foi palco para o &#8216;Fora Bolsonaro&#8217; em Juazeiro","datePublished":"2021-07-04T12:03:14+00:00","mainEntityOfPage":{"@id":"http:\/\/blogdofarnesio.com.br\/?p=289767"},"wordCount":291,"publisher":{"@id":"https:\/\/blogdofarnesio.com.br\/#organization"},"image":{"@id":"http:\/\/blogdofarnesio.com.br\/?p=289767#primaryimage"},"thumbnailUrl":"https:\/\/blogdofarnesio.com.br\/wp-content\/uploads\/2021\/07\/blogqspjua-fora-bolso-ato-em-juazeiro-03-04.jpg","articleSection":["Pol\u00edtica"],"inLanguage":"pt-BR"},{"@type":"WebPage","@id":"http:\/\/blogdofarnesio.com.br\/?p=289767","url":"http:\/\/blogdofarnesio.com.br\/?p=289767","name":"Pra\u00e7a Ded\u00e9 Caxias foi palco para o 'Fora Bolsonaro' em Juazeiro - Blog do Farn\u00e9sio","isPartOf":{"@id":"https:\/\/blogdofarnesio.com.br\/#website"},"primaryImageOfPage":{"@id":"http:\/\/blogdofarnesio.com.br\/?p=289767#primaryimage"},"image":{"@id":"http:\/\/blogdofarnesio.com.br\/?p=289767#primaryimage"},"thumbnailUrl":"https:\/\/blogdofarnesio.com.br\/wp-content\/uploads\/2021\/07\/blogqspjua-fora-bolso-ato-em-juazeiro-03-04.jpg","datePublished":"2021-07-04T12:03:14+00:00","breadcrumb":{"@id":"http:\/\/blogdofarnesio.com.br\/?p=289767#breadcrumb"},"inLanguage":"pt-BR","potentialAction":[{"@type":"ReadAction","target":["http:\/\/blogdofarnesio.com.br\/?p=289767"]}]},{"@type":"ImageObject","inLanguage":"pt-BR","@id":"http:\/\/blogdofarnesio.com.br\/?p=289767#primaryimage","url":"https:\/\/blogdofarnesio.com.br\/wp-content\/uploads\/2021\/07\/blogqspjua-fora-bolso-ato-em-juazeiro-03-04.jpg","contentUrl":"https:\/\/blogdofarnesio.com.br\/wp-content\/uploads\/2021\/07\/blogqspjua-fora-bolso-ato-em-juazeiro-03-04.jpg","width":984,"height":616},{"@type":"BreadcrumbList","@id":"http:\/\/blogdofarnesio.com.br\/?p=289767#breadcrumb","itemListElement":[{"@type":"ListItem","position":1,"name":"In\u00edcio","item":"https:\/\/blogdofarnesio.com.br\/"},{"@type":"ListItem","position":2,"name":"Pra\u00e7a Ded\u00e9 Caxias foi palco para o &#8216;Fora Bolsonaro&#8217; em Juazeiro"}]},{"@type":"WebSite","@id":"https:\/\/blogdofarnesio.com.br\/#website","url":"https:\/\/blogdofarnesio.com.br\/","name":"Blog do Farn\u00e9sio","description":"Quer Saber Pol\u00edtica?","publisher":{"@id":"https:\/\/blogdofarnesio.com.br\/#organization"},"potentialAction":[{"@type":"SearchAction","target":{"@type":"EntryPoint","urlTemplate":"https:\/\/blogdofarnesio.com.br\/?s={search_term_string}"},"query-input":{"@type":"PropertyValueSpecification","valueRequired":true,"valueName":"search_term_string"}}],"inLanguage":"pt-BR"},{"@type":"Organization","@id":"https:\/\/blogdofarnesio.com.br\/#organization","name":"Blog do Farn\u00e9sio","url":"https:\/\/blogdofarnesio.com.br\/","logo":{"@type":"ImageObject","inLanguage":"pt-BR","@id":"https:\/\/blogdofarnesio.com.br\/#\/schema\/logo\/image\/","url":"https:\/\/blogdofarnesio.com.br\/wp-content\/uploads\/2026\/03\/cropped-logo_new-1.png","contentUrl":"https:\/\/blogdofarnesio.com.br\/wp-content\/uploads\/2026\/03\/cropped-logo_new-1.png","width":881,"height":685,"caption":"Blog do Farn\u00e9sio"},"image":{"@id":"https:\/\/blogdofarnesio.com.br\/#\/schema\/logo\/image\/"},"sameAs":["https:\/\/www.facebook.com\/BlogQuerSaberPolitica\/"]},{"@type":"Person","@id":"https:\/\/blogdofarnesio.com.br\/#\/schema\/person\/301c4acf522bccbfdb45af95b5b906a1","name":"Farn\u00e9sio","image":{"@type":"ImageObject","inLanguage":"pt-BR","@id":"https:\/\/secure.gravatar.com\/avatar\/df0c9a14567c056f8ad6876ba5bbd1e3e2c48023eb6807342fc4663adf549f38?s=96&d=mm&r=g","url":"https:\/\/secure.gravatar.com\/avatar\/df0c9a14567c056f8ad6876ba5bbd1e3e2c48023eb6807342fc4663adf549f38?s=96&d=mm&r=g","contentUrl":"https:\/\/secure.gravatar.com\/avatar\/df0c9a14567c056f8ad6876ba5bbd1e3e2c48023eb6807342fc4663adf549f38?s=96&d=mm&r=g","caption":"Farn\u00e9sio"},"sameAs":["https:\/\/quersaberpolitica.com.br"],"url":"https:\/\/blogdofarnesio.com.br\/?author=1"}]}},"_links":{"self":[{"href":"https:\/\/blogdofarnesio.com.br\/index.php?rest_route=\/wp\/v2\/posts\/289767","targetHints":{"allow":["GET"]}}],"collection":[{"href":"https:\/\/blogdofarnesio.com.br\/index.php?rest_route=\/wp\/v2\/posts"}],"about":[{"href":"https:\/\/blogdofarnesio.com.br\/index.php?rest_route=\/wp\/v2\/types\/post"}],"author":[{"embeddable":true,"href":"https:\/\/blogdofarnesio.com.br\/index.php?rest_route=\/wp\/v2\/users\/1"}],"replies":[{"embeddable":true,"href":"https:\/\/blogdofarnesio.com.br\/index.php?rest_route=%2Fwp%2Fv2%2Fcomments&post=289767"}],"version-history":[{"count":0,"href":"https:\/\/blogdofarnesio.com.br\/index.php?rest_route=\/wp\/v2\/posts\/289767\/revisions"}],"wp:featuredmedia":[{"embeddable":true,"href":"https:\/\/blogdofarnesio.com.br\/index.php?rest_route=\/wp\/v2\/media\/289768"}],"wp:attachment":[{"href":"https:\/\/blogdofarnesio.com.br\/index.php?rest_route=%2Fwp%2Fv2%2Fmedia&parent=289767"}],"wp:term":[{"taxonomy":"category","embeddable":true,"href":"https:\/\/blogdofarnesio.com.br\/index.php?rest_route=%2Fwp%2Fv2%2Fcategories&post=289767"},{"taxonomy":"post_tag","embeddable":true,"href":"https:\/\/blogdofarnesio.com.br\/index.php?rest_route=%2Fwp%2Fv2%2Ftags&post=289767"}],"curies":[{"name":"wp","href":"https:\/\/api.w.org\/{rel}","templated":true}]}}