{"id":289742,"date":"2021-07-04T11:00:02","date_gmt":"2021-07-04T14:00:02","guid":{"rendered":"https:\/\/quersaberpolitica.com.br\/?p=289742"},"modified":"2021-07-04T09:23:55","modified_gmt":"2021-07-04T12:23:55","slug":"escolas-da-rede-municipal-recebem-premiacao-do-indice-de-desenvolvimento-de-pernambuco","status":"publish","type":"post","link":"https:\/\/blogdofarnesio.com.br\/?p=289742","title":{"rendered":"Escolas da Rede Municipal recebem premia\u00e7\u00e3o do \u00cdndice de Desenvolvimento de Pernambuco"},"content":{"rendered":"<p>Dez escolas da Rede Municipal de Ensino de Petrolina receberam, nesta quinta-feira (1), o pr\u00eamio do \u00cdndice de Desenvolvimento da Educa\u00e7\u00e3o de Pernambuco (IDEPE) referente ao ano de 2019. Atrav\u00e9s de um trabalho conjunto de a\u00e7\u00f5es e projetos nas unidades de ensino, o resultado vem para consolidar Petrolina em primeiro lugar entre os mun\u00edcipios pernambucanos com mais de 100 mil habitantes.<\/p>\n<p>Devido \u00e0 pandemia de covid-19, a cerim\u00f4nia de premia\u00e7\u00e3o foi realizada de forma online, e contou com a participa\u00e7\u00e3o de prefeitos e secret\u00e1rios de Educa\u00e7\u00e3o dos sete mun\u00edcipios que integram a Ger\u00eancia Regional de Educa\u00e7\u00e3o (GRE) do m\u00e9dio S\u00e3o Francisco.<\/p>\n<p>Na avalia\u00e7\u00e3o, Petrolina elevou a pontua\u00e7\u00e3o de 5,69 (em 2018) para 6,04 no desempenho de 2019 para os anos iniciais.<\/p>\n<p>Nos anos finais, a Escola Municipal Jos\u00e9 Fernandes Coelho, no Ro\u00e7ado, levou o 1\u00ba lugar no ranking de toda a regional, obtendo a nota 6 na avalia\u00e7\u00e3o dos alunos do 9\u00ba ano. J\u00e1 a Escola Jo\u00e3o Ferreira Gomes, de Rajada, obteve o 2\u00ba lugar.<\/p>\n<p>Outra coloca\u00e7\u00e3o bastante comemorada pela rede foi \u00e0 nota da Escola Manoel Janu\u00e1rio Rodrigues, tamb\u00e9m em Rajada, a unidade obteve nota de 7,63 na avalia\u00e7\u00e3o dos alunos do 5\u00ba ano e est\u00e1 em 1\u00ba lugar no ranking municipal.<\/p>\n<p>\u201cA educa\u00e7\u00e3o de Petrolina faz valer uma hist\u00f3ria de cuidado, zelo com os estudantes e com um munic\u00edpio cada vez melhor.<\/p>\n<p>Novamente superamos a meta, porque cada dia a gest\u00e3o municipal trabalha investindo na estrutura das escolas, no fazer pedag\u00f3gico, na forma\u00e7\u00e3o e valoriza\u00e7\u00e3o dos profissionais. Tudo isso repercute no mais importante que \u00e9 o aprendizado dos alunos\u201d, disse o secret\u00e1rio de Educa\u00e7\u00e3o, Pl\u00ednio Amorim.<\/p>\n<p>IDEPE \u2013 Os resultados do IDEPE s\u00e3o calculados com base no Sistema de Avalia\u00e7\u00e3o da Educa\u00e7\u00e3o B\u00e1sica de Pernambuco (SAEPE), que mede anualmente o grau de dom\u00ednio dos estudantes nas habilidades e compet\u00eancias consideradas essenciais em cada per\u00edodo de escolaridade avaliado, al\u00e9m de ser uma importante ferramenta para a gest\u00e3o escolar.\u00a0 Em 2020, o Sistema de Avalia\u00e7\u00e3o esteve suspenso em decorr\u00eancia da pandemia da Covid-19.<\/p>\n<p><strong>Confira a rela\u00e7\u00e3o das Escolas premiadas da Rede Municipal<\/strong><\/p>\n<p><strong>Anos Iniciais<\/strong><\/p>\n<p>1\u00ba lugar na cidade &#8211; Escola Manoel Janu\u00e1rio Rodrigues<\/p>\n<p>2\u00ba lugar na cidade- Escola de Tempo Integral S\u00e3o Domingos S\u00e1vio<\/p>\n<p>3\u00ba lugar na cidade- Escola Rubem Amorim<\/p>\n<p>4\u00ba lugar- Escola Maria Elza Mac\u00eado Queiroz<\/p>\n<p>Maior Crescimento Anos Iniciais<\/p>\n<p>1\u00ba lugar na cidade- Escola Manoel Nunes Barbosa<\/p>\n<p><strong>Anos Finais<\/strong><\/p>\n<p>1\u00ba lugar na cidade e regional- Escola Jos\u00e9 Fernandes Coelho<\/p>\n<p>2\u00ba lugar na cidade e regional- Escola Jo\u00e3o Ferreira Gomes<\/p>\n<p>3\u00ba lugar na cidade- Escola Olavo Bilac<\/p>\n<p><strong>Maior Crescimento Anos Finais<\/strong><\/p>\n<p>2\u00ba lugar na cidade- Escola Jo\u00e3o Rodrigues de Mac\u00eado<\/p>\n<p>&nbsp;<\/p>\n","protected":false},"excerpt":{"rendered":"<p>Dez escolas da Rede Municipal de Ensino de Petrolina receberam, nesta quinta-feira (1), o pr\u00eamio do \u00cdndice de Desenvolvimento da Educa\u00e7\u00e3o de Pernambuco (IDEPE) referente ao ano de 2019. Atrav\u00e9s de um trabalho conjunto de a\u00e7\u00f5es e projetos nas unidades de ensino, o resultado vem para consolidar Petrolina em primeiro lugar entre os mun\u00edcipios pernambucanos com mais de 100 mil habitantes. Devido \u00e0 pandemia de covid-19, a cerim\u00f4nia de premia\u00e7\u00e3o foi realizada de forma online, e contou com a participa\u00e7\u00e3o de prefeitos e secret\u00e1rios de Educa\u00e7\u00e3o dos sete mun\u00edcipios que integram a Ger\u00eancia Regional de Educa\u00e7\u00e3o (GRE) do m\u00e9dio S\u00e3o Francisco. Na avalia\u00e7\u00e3o, Petrolina elevou a pontua\u00e7\u00e3o de 5,69 (em 2018) para 6,04 no desempenho de 2019 para os anos&hellip; <\/p>\n","protected":false},"author":1,"featured_media":143393,"comment_status":"closed","ping_status":"closed","sticky":false,"template":"","format":"standard","meta":{"_acf_changed":false,"footnotes":""},"categories":[6],"tags":[],"class_list":["post-289742","post","type-post","status-publish","format-standard","has-post-thumbnail","hentry","category-educacao"],"acf":[],"yoast_head":"<!-- This site is optimized with the Yoast SEO plugin v27.4 - https:\/\/yoast.com\/product\/yoast-seo-wordpress\/ -->\n<title>Escolas da Rede Municipal recebem premia\u00e7\u00e3o do \u00cdndice de Desenvolvimento de Pernambuco - Blog do Farn\u00e9sio<\/title>\n<meta name=\"robots\" content=\"index, follow, max-snippet:-1, max-image-preview:large, max-video-preview:-1\" \/>\n<link rel=\"canonical\" href=\"http:\/\/blogdofarnesio.com.br\/?p=289742\" \/>\n<meta property=\"og:locale\" content=\"pt_BR\" \/>\n<meta property=\"og:type\" content=\"article\" \/>\n<meta property=\"og:title\" content=\"Escolas da Rede Municipal recebem premia\u00e7\u00e3o do \u00cdndice de Desenvolvimento de Pernambuco - Blog do Farn\u00e9sio\" \/>\n<meta property=\"og:description\" content=\"Dez escolas da Rede Municipal de Ensino de Petrolina receberam, nesta quinta-feira (1), o pr\u00eamio do \u00cdndice de Desenvolvimento da Educa\u00e7\u00e3o de Pernambuco (IDEPE) referente ao ano de 2019. Atrav\u00e9s de um trabalho conjunto de a\u00e7\u00f5es e projetos nas unidades de ensino, o resultado vem para consolidar Petrolina em primeiro lugar entre os mun\u00edcipios pernambucanos com mais de 100 mil habitantes. Devido \u00e0 pandemia de covid-19, a cerim\u00f4nia de premia\u00e7\u00e3o foi realizada de forma online, e contou com a participa\u00e7\u00e3o de prefeitos e secret\u00e1rios de Educa\u00e7\u00e3o dos sete mun\u00edcipios que integram a Ger\u00eancia Regional de Educa\u00e7\u00e3o (GRE) do m\u00e9dio S\u00e3o Francisco. Na avalia\u00e7\u00e3o, Petrolina elevou a pontua\u00e7\u00e3o de 5,69 (em 2018) para 6,04 no desempenho de 2019 para os anos&hellip;\" \/>\n<meta property=\"og:url\" content=\"http:\/\/blogdofarnesio.com.br\/?p=289742\" \/>\n<meta property=\"og:site_name\" content=\"Blog do Farn\u00e9sio\" \/>\n<meta property=\"article:publisher\" content=\"https:\/\/www.facebook.com\/BlogQuerSaberPolitica\/\" \/>\n<meta property=\"article:published_time\" content=\"2021-07-04T14:00:02+00:00\" \/>\n<meta property=\"og:image\" content=\"http:\/\/blogdofarnesio.com.br\/wp-content\/uploads\/2016\/06\/blogqsp-seduc-petrolina.jpg\" \/>\n\t<meta property=\"og:image:width\" content=\"437\" \/>\n\t<meta property=\"og:image:height\" content=\"446\" \/>\n\t<meta property=\"og:image:type\" content=\"image\/jpeg\" \/>\n<meta name=\"author\" content=\"Farn\u00e9sio\" \/>\n<meta name=\"twitter:card\" content=\"summary_large_image\" \/>\n<meta name=\"twitter:label1\" content=\"Escrito por\" \/>\n\t<meta name=\"twitter:data1\" content=\"Farn\u00e9sio\" \/>\n\t<meta name=\"twitter:label2\" content=\"Est. tempo de leitura\" \/>\n\t<meta name=\"twitter:data2\" content=\"2 minutos\" \/>\n<script type=\"application\/ld+json\" class=\"yoast-schema-graph\">{\"@context\":\"https:\\\/\\\/schema.org\",\"@graph\":[{\"@type\":\"Article\",\"@id\":\"http:\\\/\\\/blogdofarnesio.com.br\\\/?p=289742#article\",\"isPartOf\":{\"@id\":\"http:\\\/\\\/blogdofarnesio.com.br\\\/?p=289742\"},\"author\":{\"name\":\"Farn\u00e9sio\",\"@id\":\"https:\\\/\\\/blogdofarnesio.com.br\\\/#\\\/schema\\\/person\\\/301c4acf522bccbfdb45af95b5b906a1\"},\"headline\":\"Escolas da Rede Municipal recebem premia\u00e7\u00e3o do \u00cdndice de Desenvolvimento de Pernambuco\",\"datePublished\":\"2021-07-04T14:00:02+00:00\",\"mainEntityOfPage\":{\"@id\":\"http:\\\/\\\/blogdofarnesio.com.br\\\/?p=289742\"},\"wordCount\":471,\"publisher\":{\"@id\":\"https:\\\/\\\/blogdofarnesio.com.br\\\/#organization\"},\"image\":{\"@id\":\"http:\\\/\\\/blogdofarnesio.com.br\\\/?p=289742#primaryimage\"},\"thumbnailUrl\":\"https:\\\/\\\/blogdofarnesio.com.br\\\/wp-content\\\/uploads\\\/2016\\\/06\\\/blogqsp-seduc-petrolina.jpg\",\"articleSection\":[\"Educa\u00e7\u00e3o\"],\"inLanguage\":\"pt-BR\"},{\"@type\":\"WebPage\",\"@id\":\"http:\\\/\\\/blogdofarnesio.com.br\\\/?p=289742\",\"url\":\"http:\\\/\\\/blogdofarnesio.com.br\\\/?p=289742\",\"name\":\"Escolas da Rede Municipal recebem premia\u00e7\u00e3o do \u00cdndice de Desenvolvimento de Pernambuco - Blog do Farn\u00e9sio\",\"isPartOf\":{\"@id\":\"https:\\\/\\\/blogdofarnesio.com.br\\\/#website\"},\"primaryImageOfPage\":{\"@id\":\"http:\\\/\\\/blogdofarnesio.com.br\\\/?p=289742#primaryimage\"},\"image\":{\"@id\":\"http:\\\/\\\/blogdofarnesio.com.br\\\/?p=289742#primaryimage\"},\"thumbnailUrl\":\"https:\\\/\\\/blogdofarnesio.com.br\\\/wp-content\\\/uploads\\\/2016\\\/06\\\/blogqsp-seduc-petrolina.jpg\",\"datePublished\":\"2021-07-04T14:00:02+00:00\",\"breadcrumb\":{\"@id\":\"http:\\\/\\\/blogdofarnesio.com.br\\\/?p=289742#breadcrumb\"},\"inLanguage\":\"pt-BR\",\"potentialAction\":[{\"@type\":\"ReadAction\",\"target\":[\"http:\\\/\\\/blogdofarnesio.com.br\\\/?p=289742\"]}]},{\"@type\":\"ImageObject\",\"inLanguage\":\"pt-BR\",\"@id\":\"http:\\\/\\\/blogdofarnesio.com.br\\\/?p=289742#primaryimage\",\"url\":\"https:\\\/\\\/blogdofarnesio.com.br\\\/wp-content\\\/uploads\\\/2016\\\/06\\\/blogqsp-seduc-petrolina.jpg\",\"contentUrl\":\"https:\\\/\\\/blogdofarnesio.com.br\\\/wp-content\\\/uploads\\\/2016\\\/06\\\/blogqsp-seduc-petrolina.jpg\",\"width\":437,\"height\":446},{\"@type\":\"BreadcrumbList\",\"@id\":\"http:\\\/\\\/blogdofarnesio.com.br\\\/?p=289742#breadcrumb\",\"itemListElement\":[{\"@type\":\"ListItem\",\"position\":1,\"name\":\"In\u00edcio\",\"item\":\"https:\\\/\\\/blogdofarnesio.com.br\\\/\"},{\"@type\":\"ListItem\",\"position\":2,\"name\":\"Escolas da Rede Municipal recebem premia\u00e7\u00e3o do \u00cdndice de Desenvolvimento de Pernambuco\"}]},{\"@type\":\"WebSite\",\"@id\":\"https:\\\/\\\/blogdofarnesio.com.br\\\/#website\",\"url\":\"https:\\\/\\\/blogdofarnesio.com.br\\\/\",\"name\":\"Blog do Farn\u00e9sio\",\"description\":\"Quer Saber Pol\u00edtica?\",\"publisher\":{\"@id\":\"https:\\\/\\\/blogdofarnesio.com.br\\\/#organization\"},\"potentialAction\":[{\"@type\":\"SearchAction\",\"target\":{\"@type\":\"EntryPoint\",\"urlTemplate\":\"https:\\\/\\\/blogdofarnesio.com.br\\\/?s={search_term_string}\"},\"query-input\":{\"@type\":\"PropertyValueSpecification\",\"valueRequired\":true,\"valueName\":\"search_term_string\"}}],\"inLanguage\":\"pt-BR\"},{\"@type\":\"Organization\",\"@id\":\"https:\\\/\\\/blogdofarnesio.com.br\\\/#organization\",\"name\":\"Blog do Farn\u00e9sio\",\"url\":\"https:\\\/\\\/blogdofarnesio.com.br\\\/\",\"logo\":{\"@type\":\"ImageObject\",\"inLanguage\":\"pt-BR\",\"@id\":\"https:\\\/\\\/blogdofarnesio.com.br\\\/#\\\/schema\\\/logo\\\/image\\\/\",\"url\":\"https:\\\/\\\/blogdofarnesio.com.br\\\/wp-content\\\/uploads\\\/2026\\\/03\\\/cropped-logo_new-1.png\",\"contentUrl\":\"https:\\\/\\\/blogdofarnesio.com.br\\\/wp-content\\\/uploads\\\/2026\\\/03\\\/cropped-logo_new-1.png\",\"width\":881,\"height\":685,\"caption\":\"Blog do Farn\u00e9sio\"},\"image\":{\"@id\":\"https:\\\/\\\/blogdofarnesio.com.br\\\/#\\\/schema\\\/logo\\\/image\\\/\"},\"sameAs\":[\"https:\\\/\\\/www.facebook.com\\\/BlogQuerSaberPolitica\\\/\"]},{\"@type\":\"Person\",\"@id\":\"https:\\\/\\\/blogdofarnesio.com.br\\\/#\\\/schema\\\/person\\\/301c4acf522bccbfdb45af95b5b906a1\",\"name\":\"Farn\u00e9sio\",\"image\":{\"@type\":\"ImageObject\",\"inLanguage\":\"pt-BR\",\"@id\":\"https:\\\/\\\/secure.gravatar.com\\\/avatar\\\/df0c9a14567c056f8ad6876ba5bbd1e3e2c48023eb6807342fc4663adf549f38?s=96&d=mm&r=g\",\"url\":\"https:\\\/\\\/secure.gravatar.com\\\/avatar\\\/df0c9a14567c056f8ad6876ba5bbd1e3e2c48023eb6807342fc4663adf549f38?s=96&d=mm&r=g\",\"contentUrl\":\"https:\\\/\\\/secure.gravatar.com\\\/avatar\\\/df0c9a14567c056f8ad6876ba5bbd1e3e2c48023eb6807342fc4663adf549f38?s=96&d=mm&r=g\",\"caption\":\"Farn\u00e9sio\"},\"sameAs\":[\"https:\\\/\\\/quersaberpolitica.com.br\"],\"url\":\"https:\\\/\\\/blogdofarnesio.com.br\\\/?author=1\"}]}<\/script>\n<!-- \/ Yoast SEO plugin. -->","yoast_head_json":{"title":"Escolas da Rede Municipal recebem premia\u00e7\u00e3o do \u00cdndice de Desenvolvimento de Pernambuco - Blog do Farn\u00e9sio","robots":{"index":"index","follow":"follow","max-snippet":"max-snippet:-1","max-image-preview":"max-image-preview:large","max-video-preview":"max-video-preview:-1"},"canonical":"http:\/\/blogdofarnesio.com.br\/?p=289742","og_locale":"pt_BR","og_type":"article","og_title":"Escolas da Rede Municipal recebem premia\u00e7\u00e3o do \u00cdndice de Desenvolvimento de Pernambuco - Blog do Farn\u00e9sio","og_description":"Dez escolas da Rede Municipal de Ensino de Petrolina receberam, nesta quinta-feira (1), o pr\u00eamio do \u00cdndice de Desenvolvimento da Educa\u00e7\u00e3o de Pernambuco (IDEPE) referente ao ano de 2019. Atrav\u00e9s de um trabalho conjunto de a\u00e7\u00f5es e projetos nas unidades de ensino, o resultado vem para consolidar Petrolina em primeiro lugar entre os mun\u00edcipios pernambucanos com mais de 100 mil habitantes. Devido \u00e0 pandemia de covid-19, a cerim\u00f4nia de premia\u00e7\u00e3o foi realizada de forma online, e contou com a participa\u00e7\u00e3o de prefeitos e secret\u00e1rios de Educa\u00e7\u00e3o dos sete mun\u00edcipios que integram a Ger\u00eancia Regional de Educa\u00e7\u00e3o (GRE) do m\u00e9dio S\u00e3o Francisco. Na avalia\u00e7\u00e3o, Petrolina elevou a pontua\u00e7\u00e3o de 5,69 (em 2018) para 6,04 no desempenho de 2019 para os anos&hellip;","og_url":"http:\/\/blogdofarnesio.com.br\/?p=289742","og_site_name":"Blog do Farn\u00e9sio","article_publisher":"https:\/\/www.facebook.com\/BlogQuerSaberPolitica\/","article_published_time":"2021-07-04T14:00:02+00:00","og_image":[{"width":437,"height":446,"url":"http:\/\/blogdofarnesio.com.br\/wp-content\/uploads\/2016\/06\/blogqsp-seduc-petrolina.jpg","type":"image\/jpeg"}],"author":"Farn\u00e9sio","twitter_card":"summary_large_image","twitter_misc":{"Escrito por":"Farn\u00e9sio","Est. tempo de leitura":"2 minutos"},"schema":{"@context":"https:\/\/schema.org","@graph":[{"@type":"Article","@id":"http:\/\/blogdofarnesio.com.br\/?p=289742#article","isPartOf":{"@id":"http:\/\/blogdofarnesio.com.br\/?p=289742"},"author":{"name":"Farn\u00e9sio","@id":"https:\/\/blogdofarnesio.com.br\/#\/schema\/person\/301c4acf522bccbfdb45af95b5b906a1"},"headline":"Escolas da Rede Municipal recebem premia\u00e7\u00e3o do \u00cdndice de Desenvolvimento de Pernambuco","datePublished":"2021-07-04T14:00:02+00:00","mainEntityOfPage":{"@id":"http:\/\/blogdofarnesio.com.br\/?p=289742"},"wordCount":471,"publisher":{"@id":"https:\/\/blogdofarnesio.com.br\/#organization"},"image":{"@id":"http:\/\/blogdofarnesio.com.br\/?p=289742#primaryimage"},"thumbnailUrl":"https:\/\/blogdofarnesio.com.br\/wp-content\/uploads\/2016\/06\/blogqsp-seduc-petrolina.jpg","articleSection":["Educa\u00e7\u00e3o"],"inLanguage":"pt-BR"},{"@type":"WebPage","@id":"http:\/\/blogdofarnesio.com.br\/?p=289742","url":"http:\/\/blogdofarnesio.com.br\/?p=289742","name":"Escolas da Rede Municipal recebem premia\u00e7\u00e3o do \u00cdndice de Desenvolvimento de Pernambuco - Blog do Farn\u00e9sio","isPartOf":{"@id":"https:\/\/blogdofarnesio.com.br\/#website"},"primaryImageOfPage":{"@id":"http:\/\/blogdofarnesio.com.br\/?p=289742#primaryimage"},"image":{"@id":"http:\/\/blogdofarnesio.com.br\/?p=289742#primaryimage"},"thumbnailUrl":"https:\/\/blogdofarnesio.com.br\/wp-content\/uploads\/2016\/06\/blogqsp-seduc-petrolina.jpg","datePublished":"2021-07-04T14:00:02+00:00","breadcrumb":{"@id":"http:\/\/blogdofarnesio.com.br\/?p=289742#breadcrumb"},"inLanguage":"pt-BR","potentialAction":[{"@type":"ReadAction","target":["http:\/\/blogdofarnesio.com.br\/?p=289742"]}]},{"@type":"ImageObject","inLanguage":"pt-BR","@id":"http:\/\/blogdofarnesio.com.br\/?p=289742#primaryimage","url":"https:\/\/blogdofarnesio.com.br\/wp-content\/uploads\/2016\/06\/blogqsp-seduc-petrolina.jpg","contentUrl":"https:\/\/blogdofarnesio.com.br\/wp-content\/uploads\/2016\/06\/blogqsp-seduc-petrolina.jpg","width":437,"height":446},{"@type":"BreadcrumbList","@id":"http:\/\/blogdofarnesio.com.br\/?p=289742#breadcrumb","itemListElement":[{"@type":"ListItem","position":1,"name":"In\u00edcio","item":"https:\/\/blogdofarnesio.com.br\/"},{"@type":"ListItem","position":2,"name":"Escolas da Rede Municipal recebem premia\u00e7\u00e3o do \u00cdndice de Desenvolvimento de Pernambuco"}]},{"@type":"WebSite","@id":"https:\/\/blogdofarnesio.com.br\/#website","url":"https:\/\/blogdofarnesio.com.br\/","name":"Blog do Farn\u00e9sio","description":"Quer Saber Pol\u00edtica?","publisher":{"@id":"https:\/\/blogdofarnesio.com.br\/#organization"},"potentialAction":[{"@type":"SearchAction","target":{"@type":"EntryPoint","urlTemplate":"https:\/\/blogdofarnesio.com.br\/?s={search_term_string}"},"query-input":{"@type":"PropertyValueSpecification","valueRequired":true,"valueName":"search_term_string"}}],"inLanguage":"pt-BR"},{"@type":"Organization","@id":"https:\/\/blogdofarnesio.com.br\/#organization","name":"Blog do Farn\u00e9sio","url":"https:\/\/blogdofarnesio.com.br\/","logo":{"@type":"ImageObject","inLanguage":"pt-BR","@id":"https:\/\/blogdofarnesio.com.br\/#\/schema\/logo\/image\/","url":"https:\/\/blogdofarnesio.com.br\/wp-content\/uploads\/2026\/03\/cropped-logo_new-1.png","contentUrl":"https:\/\/blogdofarnesio.com.br\/wp-content\/uploads\/2026\/03\/cropped-logo_new-1.png","width":881,"height":685,"caption":"Blog do Farn\u00e9sio"},"image":{"@id":"https:\/\/blogdofarnesio.com.br\/#\/schema\/logo\/image\/"},"sameAs":["https:\/\/www.facebook.com\/BlogQuerSaberPolitica\/"]},{"@type":"Person","@id":"https:\/\/blogdofarnesio.com.br\/#\/schema\/person\/301c4acf522bccbfdb45af95b5b906a1","name":"Farn\u00e9sio","image":{"@type":"ImageObject","inLanguage":"pt-BR","@id":"https:\/\/secure.gravatar.com\/avatar\/df0c9a14567c056f8ad6876ba5bbd1e3e2c48023eb6807342fc4663adf549f38?s=96&d=mm&r=g","url":"https:\/\/secure.gravatar.com\/avatar\/df0c9a14567c056f8ad6876ba5bbd1e3e2c48023eb6807342fc4663adf549f38?s=96&d=mm&r=g","contentUrl":"https:\/\/secure.gravatar.com\/avatar\/df0c9a14567c056f8ad6876ba5bbd1e3e2c48023eb6807342fc4663adf549f38?s=96&d=mm&r=g","caption":"Farn\u00e9sio"},"sameAs":["https:\/\/quersaberpolitica.com.br"],"url":"https:\/\/blogdofarnesio.com.br\/?author=1"}]}},"_links":{"self":[{"href":"https:\/\/blogdofarnesio.com.br\/index.php?rest_route=\/wp\/v2\/posts\/289742","targetHints":{"allow":["GET"]}}],"collection":[{"href":"https:\/\/blogdofarnesio.com.br\/index.php?rest_route=\/wp\/v2\/posts"}],"about":[{"href":"https:\/\/blogdofarnesio.com.br\/index.php?rest_route=\/wp\/v2\/types\/post"}],"author":[{"embeddable":true,"href":"https:\/\/blogdofarnesio.com.br\/index.php?rest_route=\/wp\/v2\/users\/1"}],"replies":[{"embeddable":true,"href":"https:\/\/blogdofarnesio.com.br\/index.php?rest_route=%2Fwp%2Fv2%2Fcomments&post=289742"}],"version-history":[{"count":0,"href":"https:\/\/blogdofarnesio.com.br\/index.php?rest_route=\/wp\/v2\/posts\/289742\/revisions"}],"wp:featuredmedia":[{"embeddable":true,"href":"https:\/\/blogdofarnesio.com.br\/index.php?rest_route=\/wp\/v2\/media\/143393"}],"wp:attachment":[{"href":"https:\/\/blogdofarnesio.com.br\/index.php?rest_route=%2Fwp%2Fv2%2Fmedia&parent=289742"}],"wp:term":[{"taxonomy":"category","embeddable":true,"href":"https:\/\/blogdofarnesio.com.br\/index.php?rest_route=%2Fwp%2Fv2%2Fcategories&post=289742"},{"taxonomy":"post_tag","embeddable":true,"href":"https:\/\/blogdofarnesio.com.br\/index.php?rest_route=%2Fwp%2Fv2%2Ftags&post=289742"}],"curies":[{"name":"wp","href":"https:\/\/api.w.org\/{rel}","templated":true}]}}