{"id":289377,"date":"2021-06-30T08:42:03","date_gmt":"2021-06-30T11:42:03","guid":{"rendered":"https:\/\/quersaberpolitica.com.br\/?p=289377"},"modified":"2021-06-30T08:06:31","modified_gmt":"2021-06-30T11:06:31","slug":"casa-nova-gestao-nega-versao-do-mp-ba-de-que-o-prefeito-wilker-do-posto-teria-fraudado-venda-de-imovel","status":"publish","type":"post","link":"https:\/\/blogdofarnesio.com.br\/?p=289377","title":{"rendered":"Casa Nova: Gest\u00e3o nega vers\u00e3o do MP-BA de que o prefeito Wilker do Posto teria fraudado venda de im\u00f3vel"},"content":{"rendered":"<div class=\"box-title\"><\/div>\n<div class=\"box-body\" data-io-article-url=\"https:\/\/www.bahianoticias.com.br\/\">\n<div class=\"text-center\">\n<div class=\"box-img\">\n<div class=\"img-legenda\">Ap\u00f3s o \u00a0prefeito de Casa Nova, no Sert\u00e3o do S\u00e3o Francisco, Wilker de Oliveira Torres, ser denunciado pelo Minist\u00e9rio P\u00fablico da Bahia (MP-BA) de ter se beneficiado da aquisi\u00e7\u00e3o de um im\u00f3vel p\u00fablico municipal feito por uma pessoa, que teria sido usada como \u201claranja\u201d (<a href=\"https:\/\/www.bahianoticias.com.br\/municipios\/noticia\/26081-casa-nova-prefeito-e-acusado-de-fraude-em-venda-de-imovel-com-uso-de-laranja.html\" target=\"_blank\" rel=\"noopener\">relembre<\/a>), o gestor disse que, visando agregar recursos aos &#8216;combalidos cofres municipais&#8217;, a gest\u00e3o aprovou, na C\u00e2mara Municipal, projeto de lei que permitiu a venda do terreno.<\/div>\n<\/div>\n<\/div>\n<div class=\"text-descricao\">\n<p>Em nota de resposta encaminhada ao Bahia Not\u00edcias e assinada por Torres, o gestor defende que a transa\u00e7\u00e3o se deu de acordo com previs\u00e3o \u00a0legal aprovada em 2017 (Lei n\u00b0 259\/2017), no tocante \u00e0 publicidade e transpar\u00eancia ao processo de venda, tendo os recursos oriundos da transa\u00e7\u00e3o destinados \u00e0 constru\u00e7\u00e3o da \u201cFrente de Santana do Sobrado\u201d, obra j\u00e1 executada pelo munic\u00edpio.<br \/>\n<strong><br \/>\n<\/strong>De acordo com o posicionamento, o processo de concorr\u00eancia p\u00fablica atendeu a todas as exig\u00eancias legais e somente foi finalizado com \u00eaxito na terceira tentativa, tendo, as outras duas, consideradas desertas pela falta de interessados. &#8220;As alega\u00e7\u00f5es de que a administra\u00e7\u00e3o municipal sancionou a lei n\u00b0 259\/2017 com texto diferente do aprovado pelos legisladores n\u00e3o passam de uma tentativa de induzir o judici\u00e1rio e o MP a erro, haja vista que toda a documenta\u00e7\u00e3o est\u00e1 disponibilizada ao p\u00fablico e \u00e9 de f\u00e1cil verifica\u00e7\u00e3o. Para estipular o pre\u00e7o m\u00ednimo do objeto licitado (R$ 1.5 milh\u00e3o), foram elaborados tr\u00eas laudos de avalia\u00e7\u00e3o, baseados em m\u00e9todo comparativo de dados de mercado, que foram apresentados na oportunidade e tamb\u00e9m s\u00e3o p\u00fablicos e de f\u00e1cil acesso&#8221;, diz parte da nota.<br \/>\n<strong><br \/>\n<\/strong>Ainda de acordo com o prefeito, a modalidade adotada pelo munic\u00edpio, \u00a0de concorr\u00eancia p\u00fablica, segue pr\u00e1ticas legais e &#8220;largamente utilizadas pelo Governo do Estado da Bahia e a Prefeitura de Salvador, por exemplo. A arrematante do terreno cumpriu com todas as exig\u00eancias de habilita\u00e7\u00e3o no processo de compra. Posteriormente, veio a apresentar, sem qualquer desvio ou atraso, o pagamento de todas as parcelas fixadas no momento da assinatura do contrato. Por fim, refor\u00e7a que todos os documentos produzidos durante e ap\u00f3s a contrata\u00e7\u00e3o s\u00e3o p\u00fablicos e est\u00e3o \u00e0 disposi\u00e7\u00e3o para consulta&#8221;, finaliza o posicionamento.<br \/>\n<strong><br \/>\n<\/strong>De acordo com o MP-BA, o gestor alterou uma lei municipal, um dia ap\u00f3s o texto original ser aprovado na C\u00e2mara de Vereadores, em junho de 2017, que previa a autoriza\u00e7\u00e3o da venda do im\u00f3vel de 2,8 mil metros quadrados. O objetivo seria a constru\u00e7\u00e3o de um centro de ensino superior.<\/p>\n<\/div>\n<\/div>\n","protected":false},"excerpt":{"rendered":"<p>Ap\u00f3s o \u00a0prefeito de Casa Nova, no Sert\u00e3o do S\u00e3o Francisco, Wilker de Oliveira Torres, ser denunciado pelo Minist\u00e9rio P\u00fablico da Bahia (MP-BA) de ter se beneficiado da aquisi\u00e7\u00e3o de um im\u00f3vel p\u00fablico municipal feito por uma pessoa, que teria sido usada como \u201claranja\u201d (relembre), o gestor disse que, visando agregar recursos aos &#8216;combalidos cofres municipais&#8217;, a gest\u00e3o aprovou, na C\u00e2mara Municipal, projeto de lei que permitiu a venda do terreno. Em nota de resposta encaminhada ao Bahia Not\u00edcias e assinada por Torres, o gestor defende que a transa\u00e7\u00e3o se deu de acordo com previs\u00e3o \u00a0legal aprovada em 2017 (Lei n\u00b0 259\/2017), no tocante \u00e0 publicidade e transpar\u00eancia ao processo de venda, tendo os recursos oriundos da transa\u00e7\u00e3o destinados \u00e0&hellip; <\/p>\n","protected":false},"author":1,"featured_media":257579,"comment_status":"closed","ping_status":"closed","sticky":false,"template":"","format":"standard","meta":{"_acf_changed":false,"footnotes":""},"categories":[44],"tags":[],"class_list":["post-289377","post","type-post","status-publish","format-standard","has-post-thumbnail","hentry","category-administracao"],"acf":[],"yoast_head":"<!-- This site is optimized with the Yoast SEO plugin v27.4 - https:\/\/yoast.com\/product\/yoast-seo-wordpress\/ -->\n<title>Casa Nova: Gest\u00e3o nega vers\u00e3o do MP-BA de que o prefeito Wilker do Posto teria fraudado venda de im\u00f3vel - Blog do Farn\u00e9sio<\/title>\n<meta name=\"robots\" content=\"index, follow, max-snippet:-1, max-image-preview:large, max-video-preview:-1\" \/>\n<link rel=\"canonical\" href=\"https:\/\/blogdofarnesio.com.br\/?p=289377\" \/>\n<meta property=\"og:locale\" content=\"pt_BR\" \/>\n<meta property=\"og:type\" content=\"article\" \/>\n<meta property=\"og:title\" content=\"Casa Nova: Gest\u00e3o nega vers\u00e3o do MP-BA de que o prefeito Wilker do Posto teria fraudado venda de im\u00f3vel - Blog do Farn\u00e9sio\" \/>\n<meta property=\"og:description\" content=\"Ap\u00f3s o \u00a0prefeito de Casa Nova, no Sert\u00e3o do S\u00e3o Francisco, Wilker de Oliveira Torres, ser denunciado pelo Minist\u00e9rio P\u00fablico da Bahia (MP-BA) de ter se beneficiado da aquisi\u00e7\u00e3o de um im\u00f3vel p\u00fablico municipal feito por uma pessoa, que teria sido usada como \u201claranja\u201d (relembre), o gestor disse que, visando agregar recursos aos &#8216;combalidos cofres municipais&#8217;, a gest\u00e3o aprovou, na C\u00e2mara Municipal, projeto de lei que permitiu a venda do terreno. Em nota de resposta encaminhada ao Bahia Not\u00edcias e assinada por Torres, o gestor defende que a transa\u00e7\u00e3o se deu de acordo com previs\u00e3o \u00a0legal aprovada em 2017 (Lei n\u00b0 259\/2017), no tocante \u00e0 publicidade e transpar\u00eancia ao processo de venda, tendo os recursos oriundos da transa\u00e7\u00e3o destinados \u00e0&hellip;\" \/>\n<meta property=\"og:url\" content=\"https:\/\/blogdofarnesio.com.br\/?p=289377\" \/>\n<meta property=\"og:site_name\" content=\"Blog do Farn\u00e9sio\" \/>\n<meta property=\"article:publisher\" content=\"https:\/\/www.facebook.com\/BlogQuerSaberPolitica\/\" \/>\n<meta property=\"article:published_time\" content=\"2021-06-30T11:42:03+00:00\" \/>\n<meta property=\"og:image\" content=\"https:\/\/blogdofarnesio.com.br\/wp-content\/uploads\/2020\/05\/blogqspCasa-Nova-Pref-wilker-caso-de-COVID-e1590090679235.jpg\" \/>\n\t<meta property=\"og:image:width\" content=\"435\" \/>\n\t<meta property=\"og:image:height\" content=\"338\" \/>\n\t<meta property=\"og:image:type\" content=\"image\/jpeg\" \/>\n<meta name=\"author\" content=\"Farn\u00e9sio\" \/>\n<meta name=\"twitter:card\" content=\"summary_large_image\" \/>\n<meta name=\"twitter:label1\" content=\"Escrito por\" \/>\n\t<meta name=\"twitter:data1\" content=\"Farn\u00e9sio\" \/>\n\t<meta name=\"twitter:label2\" content=\"Est. tempo de leitura\" \/>\n\t<meta name=\"twitter:data2\" content=\"2 minutos\" \/>\n<script type=\"application\/ld+json\" class=\"yoast-schema-graph\">{\"@context\":\"https:\\\/\\\/schema.org\",\"@graph\":[{\"@type\":\"Article\",\"@id\":\"https:\\\/\\\/blogdofarnesio.com.br\\\/?p=289377#article\",\"isPartOf\":{\"@id\":\"https:\\\/\\\/blogdofarnesio.com.br\\\/?p=289377\"},\"author\":{\"name\":\"Farn\u00e9sio\",\"@id\":\"https:\\\/\\\/blogdofarnesio.com.br\\\/#\\\/schema\\\/person\\\/301c4acf522bccbfdb45af95b5b906a1\"},\"headline\":\"Casa Nova: Gest\u00e3o nega vers\u00e3o do MP-BA de que o prefeito Wilker do Posto teria fraudado venda de im\u00f3vel\",\"datePublished\":\"2021-06-30T11:42:03+00:00\",\"mainEntityOfPage\":{\"@id\":\"https:\\\/\\\/blogdofarnesio.com.br\\\/?p=289377\"},\"wordCount\":470,\"publisher\":{\"@id\":\"https:\\\/\\\/blogdofarnesio.com.br\\\/#organization\"},\"image\":{\"@id\":\"https:\\\/\\\/blogdofarnesio.com.br\\\/?p=289377#primaryimage\"},\"thumbnailUrl\":\"https:\\\/\\\/blogdofarnesio.com.br\\\/wp-content\\\/uploads\\\/2020\\\/05\\\/blogqspCasa-Nova-Pref-wilker-caso-de-COVID-e1590090679235.jpg\",\"articleSection\":[\"Administra\u00e7\u00e3o\"],\"inLanguage\":\"pt-BR\"},{\"@type\":\"WebPage\",\"@id\":\"https:\\\/\\\/blogdofarnesio.com.br\\\/?p=289377\",\"url\":\"https:\\\/\\\/blogdofarnesio.com.br\\\/?p=289377\",\"name\":\"Casa Nova: Gest\u00e3o nega vers\u00e3o do MP-BA de que o prefeito Wilker do Posto teria fraudado venda de im\u00f3vel - Blog do Farn\u00e9sio\",\"isPartOf\":{\"@id\":\"https:\\\/\\\/blogdofarnesio.com.br\\\/#website\"},\"primaryImageOfPage\":{\"@id\":\"https:\\\/\\\/blogdofarnesio.com.br\\\/?p=289377#primaryimage\"},\"image\":{\"@id\":\"https:\\\/\\\/blogdofarnesio.com.br\\\/?p=289377#primaryimage\"},\"thumbnailUrl\":\"https:\\\/\\\/blogdofarnesio.com.br\\\/wp-content\\\/uploads\\\/2020\\\/05\\\/blogqspCasa-Nova-Pref-wilker-caso-de-COVID-e1590090679235.jpg\",\"datePublished\":\"2021-06-30T11:42:03+00:00\",\"breadcrumb\":{\"@id\":\"https:\\\/\\\/blogdofarnesio.com.br\\\/?p=289377#breadcrumb\"},\"inLanguage\":\"pt-BR\",\"potentialAction\":[{\"@type\":\"ReadAction\",\"target\":[\"https:\\\/\\\/blogdofarnesio.com.br\\\/?p=289377\"]}]},{\"@type\":\"ImageObject\",\"inLanguage\":\"pt-BR\",\"@id\":\"https:\\\/\\\/blogdofarnesio.com.br\\\/?p=289377#primaryimage\",\"url\":\"https:\\\/\\\/blogdofarnesio.com.br\\\/wp-content\\\/uploads\\\/2020\\\/05\\\/blogqspCasa-Nova-Pref-wilker-caso-de-COVID-e1590090679235.jpg\",\"contentUrl\":\"https:\\\/\\\/blogdofarnesio.com.br\\\/wp-content\\\/uploads\\\/2020\\\/05\\\/blogqspCasa-Nova-Pref-wilker-caso-de-COVID-e1590090679235.jpg\",\"width\":435,\"height\":338},{\"@type\":\"BreadcrumbList\",\"@id\":\"https:\\\/\\\/blogdofarnesio.com.br\\\/?p=289377#breadcrumb\",\"itemListElement\":[{\"@type\":\"ListItem\",\"position\":1,\"name\":\"In\u00edcio\",\"item\":\"https:\\\/\\\/blogdofarnesio.com.br\\\/\"},{\"@type\":\"ListItem\",\"position\":2,\"name\":\"Casa Nova: Gest\u00e3o nega vers\u00e3o do MP-BA de que o prefeito Wilker do Posto teria fraudado venda de im\u00f3vel\"}]},{\"@type\":\"WebSite\",\"@id\":\"https:\\\/\\\/blogdofarnesio.com.br\\\/#website\",\"url\":\"https:\\\/\\\/blogdofarnesio.com.br\\\/\",\"name\":\"Blog do Farn\u00e9sio\",\"description\":\"Quer Saber Pol\u00edtica?\",\"publisher\":{\"@id\":\"https:\\\/\\\/blogdofarnesio.com.br\\\/#organization\"},\"potentialAction\":[{\"@type\":\"SearchAction\",\"target\":{\"@type\":\"EntryPoint\",\"urlTemplate\":\"https:\\\/\\\/blogdofarnesio.com.br\\\/?s={search_term_string}\"},\"query-input\":{\"@type\":\"PropertyValueSpecification\",\"valueRequired\":true,\"valueName\":\"search_term_string\"}}],\"inLanguage\":\"pt-BR\"},{\"@type\":\"Organization\",\"@id\":\"https:\\\/\\\/blogdofarnesio.com.br\\\/#organization\",\"name\":\"Blog do Farn\u00e9sio\",\"url\":\"https:\\\/\\\/blogdofarnesio.com.br\\\/\",\"logo\":{\"@type\":\"ImageObject\",\"inLanguage\":\"pt-BR\",\"@id\":\"https:\\\/\\\/blogdofarnesio.com.br\\\/#\\\/schema\\\/logo\\\/image\\\/\",\"url\":\"https:\\\/\\\/blogdofarnesio.com.br\\\/wp-content\\\/uploads\\\/2026\\\/03\\\/cropped-logo_new-1.png\",\"contentUrl\":\"https:\\\/\\\/blogdofarnesio.com.br\\\/wp-content\\\/uploads\\\/2026\\\/03\\\/cropped-logo_new-1.png\",\"width\":881,\"height\":685,\"caption\":\"Blog do Farn\u00e9sio\"},\"image\":{\"@id\":\"https:\\\/\\\/blogdofarnesio.com.br\\\/#\\\/schema\\\/logo\\\/image\\\/\"},\"sameAs\":[\"https:\\\/\\\/www.facebook.com\\\/BlogQuerSaberPolitica\\\/\"]},{\"@type\":\"Person\",\"@id\":\"https:\\\/\\\/blogdofarnesio.com.br\\\/#\\\/schema\\\/person\\\/301c4acf522bccbfdb45af95b5b906a1\",\"name\":\"Farn\u00e9sio\",\"image\":{\"@type\":\"ImageObject\",\"inLanguage\":\"pt-BR\",\"@id\":\"https:\\\/\\\/secure.gravatar.com\\\/avatar\\\/df0c9a14567c056f8ad6876ba5bbd1e3e2c48023eb6807342fc4663adf549f38?s=96&d=mm&r=g\",\"url\":\"https:\\\/\\\/secure.gravatar.com\\\/avatar\\\/df0c9a14567c056f8ad6876ba5bbd1e3e2c48023eb6807342fc4663adf549f38?s=96&d=mm&r=g\",\"contentUrl\":\"https:\\\/\\\/secure.gravatar.com\\\/avatar\\\/df0c9a14567c056f8ad6876ba5bbd1e3e2c48023eb6807342fc4663adf549f38?s=96&d=mm&r=g\",\"caption\":\"Farn\u00e9sio\"},\"sameAs\":[\"https:\\\/\\\/quersaberpolitica.com.br\"],\"url\":\"https:\\\/\\\/blogdofarnesio.com.br\\\/?author=1\"}]}<\/script>\n<!-- \/ Yoast SEO plugin. -->","yoast_head_json":{"title":"Casa Nova: Gest\u00e3o nega vers\u00e3o do MP-BA de que o prefeito Wilker do Posto teria fraudado venda de im\u00f3vel - Blog do Farn\u00e9sio","robots":{"index":"index","follow":"follow","max-snippet":"max-snippet:-1","max-image-preview":"max-image-preview:large","max-video-preview":"max-video-preview:-1"},"canonical":"https:\/\/blogdofarnesio.com.br\/?p=289377","og_locale":"pt_BR","og_type":"article","og_title":"Casa Nova: Gest\u00e3o nega vers\u00e3o do MP-BA de que o prefeito Wilker do Posto teria fraudado venda de im\u00f3vel - Blog do Farn\u00e9sio","og_description":"Ap\u00f3s o \u00a0prefeito de Casa Nova, no Sert\u00e3o do S\u00e3o Francisco, Wilker de Oliveira Torres, ser denunciado pelo Minist\u00e9rio P\u00fablico da Bahia (MP-BA) de ter se beneficiado da aquisi\u00e7\u00e3o de um im\u00f3vel p\u00fablico municipal feito por uma pessoa, que teria sido usada como \u201claranja\u201d (relembre), o gestor disse que, visando agregar recursos aos &#8216;combalidos cofres municipais&#8217;, a gest\u00e3o aprovou, na C\u00e2mara Municipal, projeto de lei que permitiu a venda do terreno. Em nota de resposta encaminhada ao Bahia Not\u00edcias e assinada por Torres, o gestor defende que a transa\u00e7\u00e3o se deu de acordo com previs\u00e3o \u00a0legal aprovada em 2017 (Lei n\u00b0 259\/2017), no tocante \u00e0 publicidade e transpar\u00eancia ao processo de venda, tendo os recursos oriundos da transa\u00e7\u00e3o destinados \u00e0&hellip;","og_url":"https:\/\/blogdofarnesio.com.br\/?p=289377","og_site_name":"Blog do Farn\u00e9sio","article_publisher":"https:\/\/www.facebook.com\/BlogQuerSaberPolitica\/","article_published_time":"2021-06-30T11:42:03+00:00","og_image":[{"width":435,"height":338,"url":"https:\/\/blogdofarnesio.com.br\/wp-content\/uploads\/2020\/05\/blogqspCasa-Nova-Pref-wilker-caso-de-COVID-e1590090679235.jpg","type":"image\/jpeg"}],"author":"Farn\u00e9sio","twitter_card":"summary_large_image","twitter_misc":{"Escrito por":"Farn\u00e9sio","Est. tempo de leitura":"2 minutos"},"schema":{"@context":"https:\/\/schema.org","@graph":[{"@type":"Article","@id":"https:\/\/blogdofarnesio.com.br\/?p=289377#article","isPartOf":{"@id":"https:\/\/blogdofarnesio.com.br\/?p=289377"},"author":{"name":"Farn\u00e9sio","@id":"https:\/\/blogdofarnesio.com.br\/#\/schema\/person\/301c4acf522bccbfdb45af95b5b906a1"},"headline":"Casa Nova: Gest\u00e3o nega vers\u00e3o do MP-BA de que o prefeito Wilker do Posto teria fraudado venda de im\u00f3vel","datePublished":"2021-06-30T11:42:03+00:00","mainEntityOfPage":{"@id":"https:\/\/blogdofarnesio.com.br\/?p=289377"},"wordCount":470,"publisher":{"@id":"https:\/\/blogdofarnesio.com.br\/#organization"},"image":{"@id":"https:\/\/blogdofarnesio.com.br\/?p=289377#primaryimage"},"thumbnailUrl":"https:\/\/blogdofarnesio.com.br\/wp-content\/uploads\/2020\/05\/blogqspCasa-Nova-Pref-wilker-caso-de-COVID-e1590090679235.jpg","articleSection":["Administra\u00e7\u00e3o"],"inLanguage":"pt-BR"},{"@type":"WebPage","@id":"https:\/\/blogdofarnesio.com.br\/?p=289377","url":"https:\/\/blogdofarnesio.com.br\/?p=289377","name":"Casa Nova: Gest\u00e3o nega vers\u00e3o do MP-BA de que o prefeito Wilker do Posto teria fraudado venda de im\u00f3vel - Blog do Farn\u00e9sio","isPartOf":{"@id":"https:\/\/blogdofarnesio.com.br\/#website"},"primaryImageOfPage":{"@id":"https:\/\/blogdofarnesio.com.br\/?p=289377#primaryimage"},"image":{"@id":"https:\/\/blogdofarnesio.com.br\/?p=289377#primaryimage"},"thumbnailUrl":"https:\/\/blogdofarnesio.com.br\/wp-content\/uploads\/2020\/05\/blogqspCasa-Nova-Pref-wilker-caso-de-COVID-e1590090679235.jpg","datePublished":"2021-06-30T11:42:03+00:00","breadcrumb":{"@id":"https:\/\/blogdofarnesio.com.br\/?p=289377#breadcrumb"},"inLanguage":"pt-BR","potentialAction":[{"@type":"ReadAction","target":["https:\/\/blogdofarnesio.com.br\/?p=289377"]}]},{"@type":"ImageObject","inLanguage":"pt-BR","@id":"https:\/\/blogdofarnesio.com.br\/?p=289377#primaryimage","url":"https:\/\/blogdofarnesio.com.br\/wp-content\/uploads\/2020\/05\/blogqspCasa-Nova-Pref-wilker-caso-de-COVID-e1590090679235.jpg","contentUrl":"https:\/\/blogdofarnesio.com.br\/wp-content\/uploads\/2020\/05\/blogqspCasa-Nova-Pref-wilker-caso-de-COVID-e1590090679235.jpg","width":435,"height":338},{"@type":"BreadcrumbList","@id":"https:\/\/blogdofarnesio.com.br\/?p=289377#breadcrumb","itemListElement":[{"@type":"ListItem","position":1,"name":"In\u00edcio","item":"https:\/\/blogdofarnesio.com.br\/"},{"@type":"ListItem","position":2,"name":"Casa Nova: Gest\u00e3o nega vers\u00e3o do MP-BA de que o prefeito Wilker do Posto teria fraudado venda de im\u00f3vel"}]},{"@type":"WebSite","@id":"https:\/\/blogdofarnesio.com.br\/#website","url":"https:\/\/blogdofarnesio.com.br\/","name":"Blog do Farn\u00e9sio","description":"Quer Saber Pol\u00edtica?","publisher":{"@id":"https:\/\/blogdofarnesio.com.br\/#organization"},"potentialAction":[{"@type":"SearchAction","target":{"@type":"EntryPoint","urlTemplate":"https:\/\/blogdofarnesio.com.br\/?s={search_term_string}"},"query-input":{"@type":"PropertyValueSpecification","valueRequired":true,"valueName":"search_term_string"}}],"inLanguage":"pt-BR"},{"@type":"Organization","@id":"https:\/\/blogdofarnesio.com.br\/#organization","name":"Blog do Farn\u00e9sio","url":"https:\/\/blogdofarnesio.com.br\/","logo":{"@type":"ImageObject","inLanguage":"pt-BR","@id":"https:\/\/blogdofarnesio.com.br\/#\/schema\/logo\/image\/","url":"https:\/\/blogdofarnesio.com.br\/wp-content\/uploads\/2026\/03\/cropped-logo_new-1.png","contentUrl":"https:\/\/blogdofarnesio.com.br\/wp-content\/uploads\/2026\/03\/cropped-logo_new-1.png","width":881,"height":685,"caption":"Blog do Farn\u00e9sio"},"image":{"@id":"https:\/\/blogdofarnesio.com.br\/#\/schema\/logo\/image\/"},"sameAs":["https:\/\/www.facebook.com\/BlogQuerSaberPolitica\/"]},{"@type":"Person","@id":"https:\/\/blogdofarnesio.com.br\/#\/schema\/person\/301c4acf522bccbfdb45af95b5b906a1","name":"Farn\u00e9sio","image":{"@type":"ImageObject","inLanguage":"pt-BR","@id":"https:\/\/secure.gravatar.com\/avatar\/df0c9a14567c056f8ad6876ba5bbd1e3e2c48023eb6807342fc4663adf549f38?s=96&d=mm&r=g","url":"https:\/\/secure.gravatar.com\/avatar\/df0c9a14567c056f8ad6876ba5bbd1e3e2c48023eb6807342fc4663adf549f38?s=96&d=mm&r=g","contentUrl":"https:\/\/secure.gravatar.com\/avatar\/df0c9a14567c056f8ad6876ba5bbd1e3e2c48023eb6807342fc4663adf549f38?s=96&d=mm&r=g","caption":"Farn\u00e9sio"},"sameAs":["https:\/\/quersaberpolitica.com.br"],"url":"https:\/\/blogdofarnesio.com.br\/?author=1"}]}},"_links":{"self":[{"href":"https:\/\/blogdofarnesio.com.br\/index.php?rest_route=\/wp\/v2\/posts\/289377","targetHints":{"allow":["GET"]}}],"collection":[{"href":"https:\/\/blogdofarnesio.com.br\/index.php?rest_route=\/wp\/v2\/posts"}],"about":[{"href":"https:\/\/blogdofarnesio.com.br\/index.php?rest_route=\/wp\/v2\/types\/post"}],"author":[{"embeddable":true,"href":"https:\/\/blogdofarnesio.com.br\/index.php?rest_route=\/wp\/v2\/users\/1"}],"replies":[{"embeddable":true,"href":"https:\/\/blogdofarnesio.com.br\/index.php?rest_route=%2Fwp%2Fv2%2Fcomments&post=289377"}],"version-history":[{"count":0,"href":"https:\/\/blogdofarnesio.com.br\/index.php?rest_route=\/wp\/v2\/posts\/289377\/revisions"}],"wp:featuredmedia":[{"embeddable":true,"href":"https:\/\/blogdofarnesio.com.br\/index.php?rest_route=\/wp\/v2\/media\/257579"}],"wp:attachment":[{"href":"https:\/\/blogdofarnesio.com.br\/index.php?rest_route=%2Fwp%2Fv2%2Fmedia&parent=289377"}],"wp:term":[{"taxonomy":"category","embeddable":true,"href":"https:\/\/blogdofarnesio.com.br\/index.php?rest_route=%2Fwp%2Fv2%2Fcategories&post=289377"},{"taxonomy":"post_tag","embeddable":true,"href":"https:\/\/blogdofarnesio.com.br\/index.php?rest_route=%2Fwp%2Fv2%2Ftags&post=289377"}],"curies":[{"name":"wp","href":"https:\/\/api.w.org\/{rel}","templated":true}]}}