{"id":28875,"date":"2013-02-23T16:23:17","date_gmt":"2013-02-23T19:23:17","guid":{"rendered":"http:\/\/www.quersaberpolitica.com.br\/?p=28875"},"modified":"2013-02-23T14:49:38","modified_gmt":"2013-02-23T17:49:38","slug":"mae-de-gilberto-gil-morre-aos-99-anos-em-salvador","status":"publish","type":"post","link":"https:\/\/blogdofarnesio.com.br\/?p=28875","title":{"rendered":"M\u00e3e de Gilberto Gil morre aos 99 anos em Salvador"},"content":{"rendered":"<h1 style=\"text-align: justify\"><img loading=\"lazy\" decoding=\"async\" class=\"alignleft\" title=\"claudina; m\u00e3e de gilberto gil (Foto: Reprodu\u00e7\u00e3o \/ Tv Bahia)\" alt=\"claudina; m\u00e3e de gilberto gil (Foto: Reprodu\u00e7\u00e3o \/ Tv Bahia)\" src=\"http:\/\/s2.glbimg.com\/kid2Zq_YyeCWN7qrJeYiVVSP7zUOurueEbm7a4jtFVlhQGFsweekMkZeZ3G5k9Wy\/s.glbimg.com\/jo\/g1\/f\/original\/2013\/02\/18\/dona_claudina.jpg\" width=\"300\" height=\"225\" \/><\/h1>\n<div id=\"materia-letra\" style=\"text-align: justify\">\n<p style=\"text-align: justify\">A m\u00e3e do m\u00fasico Gilberto Gil morreu por volta das 7h deste s\u00e1bado (23), no Hospital Portugu\u00eas, em\u00a0<a href=\"http:\/\/g1.globo.com\/ba\/bahia\/cidade\/salvador.html\">Salvador<\/a>. A informa\u00e7\u00e3o foi confirmada pela unidade hospitalar.<\/p>\n<p>Segundo Flora Gil, esposa do m\u00fasico baiano, Claudina Passos Gil morreu por fal\u00eancia m\u00faltipla de \u00f3rg\u00e3os. Ela estava\u00a0<a href=\"http:\/\/g1.globo.com\/bahia\/noticia\/2013\/02\/com-99-anos-mae-de-gilberto-gil-esta-internada-em-hospital-de-salvador.html\">internada<\/a>\u00a0na capital baiana h\u00e1 mais de 10 dias, na Unidade de Terapia Intensiva (UTI).<\/p>\n<p>Flora conta que Gilberto Gil, que est\u00e1 fora da Bahia, dever\u00e1 chegar a Salvador ainda neste s\u00e1bado. O sepultamento de dona Col\u00f3, como \u00e9 conhecida, acontecer\u00e1 no domingo (24), \u00e0s 10h, no Cemit\u00e9rio Jardim da Saudade.<\/p>\n<\/div>\n","protected":false},"excerpt":{"rendered":"<p>A m\u00e3e do m\u00fasico Gilberto Gil morreu por volta das 7h deste s\u00e1bado (23), no Hospital Portugu\u00eas, em\u00a0Salvador. A informa\u00e7\u00e3o foi confirmada pela unidade hospitalar. Segundo Flora Gil, esposa do m\u00fasico baiano, Claudina Passos Gil morreu por fal\u00eancia m\u00faltipla de \u00f3rg\u00e3os. Ela estava\u00a0internada\u00a0na capital baiana h\u00e1 mais de 10 dias, na Unidade de Terapia Intensiva (UTI). Flora conta que Gilberto Gil, que est\u00e1 fora da Bahia, dever\u00e1 chegar a Salvador ainda neste s\u00e1bado. O sepultamento de dona Col\u00f3, como \u00e9 conhecida, acontecer\u00e1 no domingo (24), \u00e0s 10h, no Cemit\u00e9rio Jardim da Saudade.<\/p>\n","protected":false},"author":3,"featured_media":0,"comment_status":"open","ping_status":"open","sticky":false,"template":"","format":"standard","meta":{"_acf_changed":false,"footnotes":""},"categories":[32],"tags":[],"class_list":["post-28875","post","type-post","status-publish","format-standard","hentry","category-costumes"],"acf":[],"yoast_head":"<!-- This site is optimized with the Yoast SEO plugin v27.4 - https:\/\/yoast.com\/product\/yoast-seo-wordpress\/ -->\n<title>M\u00e3e de Gilberto Gil morre aos 99 anos em Salvador - Blog do Farn\u00e9sio<\/title>\n<meta name=\"robots\" content=\"index, follow, max-snippet:-1, max-image-preview:large, max-video-preview:-1\" \/>\n<link rel=\"canonical\" href=\"https:\/\/blogdofarnesio.com.br\/?p=28875\" \/>\n<meta property=\"og:locale\" content=\"pt_BR\" \/>\n<meta property=\"og:type\" content=\"article\" \/>\n<meta property=\"og:title\" content=\"M\u00e3e de Gilberto Gil morre aos 99 anos em Salvador - Blog do Farn\u00e9sio\" \/>\n<meta property=\"og:description\" content=\"A m\u00e3e do m\u00fasico Gilberto Gil morreu por volta das 7h deste s\u00e1bado (23), no Hospital Portugu\u00eas, em\u00a0Salvador. A informa\u00e7\u00e3o foi confirmada pela unidade hospitalar. Segundo Flora Gil, esposa do m\u00fasico baiano, Claudina Passos Gil morreu por fal\u00eancia m\u00faltipla de \u00f3rg\u00e3os. Ela estava\u00a0internada\u00a0na capital baiana h\u00e1 mais de 10 dias, na Unidade de Terapia Intensiva (UTI). Flora conta que Gilberto Gil, que est\u00e1 fora da Bahia, dever\u00e1 chegar a Salvador ainda neste s\u00e1bado. O sepultamento de dona Col\u00f3, como \u00e9 conhecida, acontecer\u00e1 no domingo (24), \u00e0s 10h, no Cemit\u00e9rio Jardim da Saudade.\" \/>\n<meta property=\"og:url\" content=\"https:\/\/blogdofarnesio.com.br\/?p=28875\" \/>\n<meta property=\"og:site_name\" content=\"Blog do Farn\u00e9sio\" \/>\n<meta property=\"article:publisher\" content=\"https:\/\/www.facebook.com\/BlogQuerSaberPolitica\/\" \/>\n<meta property=\"article:published_time\" content=\"2013-02-23T19:23:17+00:00\" \/>\n<meta property=\"og:image\" content=\"http:\/\/s2.glbimg.com\/kid2Zq_YyeCWN7qrJeYiVVSP7zUOurueEbm7a4jtFVlhQGFsweekMkZeZ3G5k9Wy\/s.glbimg.com\/jo\/g1\/f\/original\/2013\/02\/18\/dona_claudina.jpg\" \/>\n<meta name=\"author\" content=\"teste\" \/>\n<meta name=\"twitter:card\" content=\"summary_large_image\" \/>\n<meta name=\"twitter:label1\" content=\"Escrito por\" \/>\n\t<meta name=\"twitter:data1\" content=\"teste\" \/>\n\t<meta name=\"twitter:label2\" content=\"Est. tempo de leitura\" \/>\n\t<meta name=\"twitter:data2\" content=\"1 minuto\" \/>\n<script type=\"application\/ld+json\" class=\"yoast-schema-graph\">{\"@context\":\"https:\\\/\\\/schema.org\",\"@graph\":[{\"@type\":\"Article\",\"@id\":\"https:\\\/\\\/blogdofarnesio.com.br\\\/?p=28875#article\",\"isPartOf\":{\"@id\":\"https:\\\/\\\/blogdofarnesio.com.br\\\/?p=28875\"},\"author\":{\"name\":\"teste\",\"@id\":\"https:\\\/\\\/blogdofarnesio.com.br\\\/#\\\/schema\\\/person\\\/dd1bf5eba40b687199ba45ca6b97dff9\"},\"headline\":\"M\u00e3e de Gilberto Gil morre aos 99 anos em Salvador\",\"datePublished\":\"2013-02-23T19:23:17+00:00\",\"mainEntityOfPage\":{\"@id\":\"https:\\\/\\\/blogdofarnesio.com.br\\\/?p=28875\"},\"wordCount\":112,\"commentCount\":0,\"publisher\":{\"@id\":\"https:\\\/\\\/blogdofarnesio.com.br\\\/#organization\"},\"image\":{\"@id\":\"https:\\\/\\\/blogdofarnesio.com.br\\\/?p=28875#primaryimage\"},\"thumbnailUrl\":\"http:\\\/\\\/s2.glbimg.com\\\/kid2Zq_YyeCWN7qrJeYiVVSP7zUOurueEbm7a4jtFVlhQGFsweekMkZeZ3G5k9Wy\\\/s.glbimg.com\\\/jo\\\/g1\\\/f\\\/original\\\/2013\\\/02\\\/18\\\/dona_claudina.jpg\",\"articleSection\":[\"Costumes\"],\"inLanguage\":\"pt-BR\",\"potentialAction\":[{\"@type\":\"CommentAction\",\"name\":\"Comment\",\"target\":[\"https:\\\/\\\/blogdofarnesio.com.br\\\/?p=28875#respond\"]}]},{\"@type\":\"WebPage\",\"@id\":\"https:\\\/\\\/blogdofarnesio.com.br\\\/?p=28875\",\"url\":\"https:\\\/\\\/blogdofarnesio.com.br\\\/?p=28875\",\"name\":\"M\u00e3e de Gilberto Gil morre aos 99 anos em Salvador - Blog do Farn\u00e9sio\",\"isPartOf\":{\"@id\":\"https:\\\/\\\/blogdofarnesio.com.br\\\/#website\"},\"primaryImageOfPage\":{\"@id\":\"https:\\\/\\\/blogdofarnesio.com.br\\\/?p=28875#primaryimage\"},\"image\":{\"@id\":\"https:\\\/\\\/blogdofarnesio.com.br\\\/?p=28875#primaryimage\"},\"thumbnailUrl\":\"http:\\\/\\\/s2.glbimg.com\\\/kid2Zq_YyeCWN7qrJeYiVVSP7zUOurueEbm7a4jtFVlhQGFsweekMkZeZ3G5k9Wy\\\/s.glbimg.com\\\/jo\\\/g1\\\/f\\\/original\\\/2013\\\/02\\\/18\\\/dona_claudina.jpg\",\"datePublished\":\"2013-02-23T19:23:17+00:00\",\"breadcrumb\":{\"@id\":\"https:\\\/\\\/blogdofarnesio.com.br\\\/?p=28875#breadcrumb\"},\"inLanguage\":\"pt-BR\",\"potentialAction\":[{\"@type\":\"ReadAction\",\"target\":[\"https:\\\/\\\/blogdofarnesio.com.br\\\/?p=28875\"]}]},{\"@type\":\"ImageObject\",\"inLanguage\":\"pt-BR\",\"@id\":\"https:\\\/\\\/blogdofarnesio.com.br\\\/?p=28875#primaryimage\",\"url\":\"http:\\\/\\\/s2.glbimg.com\\\/kid2Zq_YyeCWN7qrJeYiVVSP7zUOurueEbm7a4jtFVlhQGFsweekMkZeZ3G5k9Wy\\\/s.glbimg.com\\\/jo\\\/g1\\\/f\\\/original\\\/2013\\\/02\\\/18\\\/dona_claudina.jpg\",\"contentUrl\":\"http:\\\/\\\/s2.glbimg.com\\\/kid2Zq_YyeCWN7qrJeYiVVSP7zUOurueEbm7a4jtFVlhQGFsweekMkZeZ3G5k9Wy\\\/s.glbimg.com\\\/jo\\\/g1\\\/f\\\/original\\\/2013\\\/02\\\/18\\\/dona_claudina.jpg\"},{\"@type\":\"BreadcrumbList\",\"@id\":\"https:\\\/\\\/blogdofarnesio.com.br\\\/?p=28875#breadcrumb\",\"itemListElement\":[{\"@type\":\"ListItem\",\"position\":1,\"name\":\"In\u00edcio\",\"item\":\"https:\\\/\\\/blogdofarnesio.com.br\\\/\"},{\"@type\":\"ListItem\",\"position\":2,\"name\":\"M\u00e3e de Gilberto Gil morre aos 99 anos em Salvador\"}]},{\"@type\":\"WebSite\",\"@id\":\"https:\\\/\\\/blogdofarnesio.com.br\\\/#website\",\"url\":\"https:\\\/\\\/blogdofarnesio.com.br\\\/\",\"name\":\"Blog do Farn\u00e9sio\",\"description\":\"Quer Saber Pol\u00edtica?\",\"publisher\":{\"@id\":\"https:\\\/\\\/blogdofarnesio.com.br\\\/#organization\"},\"potentialAction\":[{\"@type\":\"SearchAction\",\"target\":{\"@type\":\"EntryPoint\",\"urlTemplate\":\"https:\\\/\\\/blogdofarnesio.com.br\\\/?s={search_term_string}\"},\"query-input\":{\"@type\":\"PropertyValueSpecification\",\"valueRequired\":true,\"valueName\":\"search_term_string\"}}],\"inLanguage\":\"pt-BR\"},{\"@type\":\"Organization\",\"@id\":\"https:\\\/\\\/blogdofarnesio.com.br\\\/#organization\",\"name\":\"Blog do Farn\u00e9sio\",\"url\":\"https:\\\/\\\/blogdofarnesio.com.br\\\/\",\"logo\":{\"@type\":\"ImageObject\",\"inLanguage\":\"pt-BR\",\"@id\":\"https:\\\/\\\/blogdofarnesio.com.br\\\/#\\\/schema\\\/logo\\\/image\\\/\",\"url\":\"https:\\\/\\\/blogdofarnesio.com.br\\\/wp-content\\\/uploads\\\/2026\\\/03\\\/cropped-logo_new-1.png\",\"contentUrl\":\"https:\\\/\\\/blogdofarnesio.com.br\\\/wp-content\\\/uploads\\\/2026\\\/03\\\/cropped-logo_new-1.png\",\"width\":881,\"height\":685,\"caption\":\"Blog do Farn\u00e9sio\"},\"image\":{\"@id\":\"https:\\\/\\\/blogdofarnesio.com.br\\\/#\\\/schema\\\/logo\\\/image\\\/\"},\"sameAs\":[\"https:\\\/\\\/www.facebook.com\\\/BlogQuerSaberPolitica\\\/\"]},{\"@type\":\"Person\",\"@id\":\"https:\\\/\\\/blogdofarnesio.com.br\\\/#\\\/schema\\\/person\\\/dd1bf5eba40b687199ba45ca6b97dff9\",\"name\":\"teste\",\"image\":{\"@type\":\"ImageObject\",\"inLanguage\":\"pt-BR\",\"@id\":\"https:\\\/\\\/secure.gravatar.com\\\/avatar\\\/2172498d4914b51e1d89a0f97957b035ac4938723a5cac208135d389b6972a6d?s=96&d=mm&r=g\",\"url\":\"https:\\\/\\\/secure.gravatar.com\\\/avatar\\\/2172498d4914b51e1d89a0f97957b035ac4938723a5cac208135d389b6972a6d?s=96&d=mm&r=g\",\"contentUrl\":\"https:\\\/\\\/secure.gravatar.com\\\/avatar\\\/2172498d4914b51e1d89a0f97957b035ac4938723a5cac208135d389b6972a6d?s=96&d=mm&r=g\",\"caption\":\"teste\"},\"url\":\"https:\\\/\\\/blogdofarnesio.com.br\\\/?author=3\"}]}<\/script>\n<!-- \/ Yoast SEO plugin. -->","yoast_head_json":{"title":"M\u00e3e de Gilberto Gil morre aos 99 anos em Salvador - Blog do Farn\u00e9sio","robots":{"index":"index","follow":"follow","max-snippet":"max-snippet:-1","max-image-preview":"max-image-preview:large","max-video-preview":"max-video-preview:-1"},"canonical":"https:\/\/blogdofarnesio.com.br\/?p=28875","og_locale":"pt_BR","og_type":"article","og_title":"M\u00e3e de Gilberto Gil morre aos 99 anos em Salvador - Blog do Farn\u00e9sio","og_description":"A m\u00e3e do m\u00fasico Gilberto Gil morreu por volta das 7h deste s\u00e1bado (23), no Hospital Portugu\u00eas, em\u00a0Salvador. A informa\u00e7\u00e3o foi confirmada pela unidade hospitalar. Segundo Flora Gil, esposa do m\u00fasico baiano, Claudina Passos Gil morreu por fal\u00eancia m\u00faltipla de \u00f3rg\u00e3os. Ela estava\u00a0internada\u00a0na capital baiana h\u00e1 mais de 10 dias, na Unidade de Terapia Intensiva (UTI). Flora conta que Gilberto Gil, que est\u00e1 fora da Bahia, dever\u00e1 chegar a Salvador ainda neste s\u00e1bado. O sepultamento de dona Col\u00f3, como \u00e9 conhecida, acontecer\u00e1 no domingo (24), \u00e0s 10h, no Cemit\u00e9rio Jardim da Saudade.","og_url":"https:\/\/blogdofarnesio.com.br\/?p=28875","og_site_name":"Blog do Farn\u00e9sio","article_publisher":"https:\/\/www.facebook.com\/BlogQuerSaberPolitica\/","article_published_time":"2013-02-23T19:23:17+00:00","og_image":[{"url":"http:\/\/s2.glbimg.com\/kid2Zq_YyeCWN7qrJeYiVVSP7zUOurueEbm7a4jtFVlhQGFsweekMkZeZ3G5k9Wy\/s.glbimg.com\/jo\/g1\/f\/original\/2013\/02\/18\/dona_claudina.jpg","type":"","width":"","height":""}],"author":"teste","twitter_card":"summary_large_image","twitter_misc":{"Escrito por":"teste","Est. tempo de leitura":"1 minuto"},"schema":{"@context":"https:\/\/schema.org","@graph":[{"@type":"Article","@id":"https:\/\/blogdofarnesio.com.br\/?p=28875#article","isPartOf":{"@id":"https:\/\/blogdofarnesio.com.br\/?p=28875"},"author":{"name":"teste","@id":"https:\/\/blogdofarnesio.com.br\/#\/schema\/person\/dd1bf5eba40b687199ba45ca6b97dff9"},"headline":"M\u00e3e de Gilberto Gil morre aos 99 anos em Salvador","datePublished":"2013-02-23T19:23:17+00:00","mainEntityOfPage":{"@id":"https:\/\/blogdofarnesio.com.br\/?p=28875"},"wordCount":112,"commentCount":0,"publisher":{"@id":"https:\/\/blogdofarnesio.com.br\/#organization"},"image":{"@id":"https:\/\/blogdofarnesio.com.br\/?p=28875#primaryimage"},"thumbnailUrl":"http:\/\/s2.glbimg.com\/kid2Zq_YyeCWN7qrJeYiVVSP7zUOurueEbm7a4jtFVlhQGFsweekMkZeZ3G5k9Wy\/s.glbimg.com\/jo\/g1\/f\/original\/2013\/02\/18\/dona_claudina.jpg","articleSection":["Costumes"],"inLanguage":"pt-BR","potentialAction":[{"@type":"CommentAction","name":"Comment","target":["https:\/\/blogdofarnesio.com.br\/?p=28875#respond"]}]},{"@type":"WebPage","@id":"https:\/\/blogdofarnesio.com.br\/?p=28875","url":"https:\/\/blogdofarnesio.com.br\/?p=28875","name":"M\u00e3e de Gilberto Gil morre aos 99 anos em Salvador - Blog do Farn\u00e9sio","isPartOf":{"@id":"https:\/\/blogdofarnesio.com.br\/#website"},"primaryImageOfPage":{"@id":"https:\/\/blogdofarnesio.com.br\/?p=28875#primaryimage"},"image":{"@id":"https:\/\/blogdofarnesio.com.br\/?p=28875#primaryimage"},"thumbnailUrl":"http:\/\/s2.glbimg.com\/kid2Zq_YyeCWN7qrJeYiVVSP7zUOurueEbm7a4jtFVlhQGFsweekMkZeZ3G5k9Wy\/s.glbimg.com\/jo\/g1\/f\/original\/2013\/02\/18\/dona_claudina.jpg","datePublished":"2013-02-23T19:23:17+00:00","breadcrumb":{"@id":"https:\/\/blogdofarnesio.com.br\/?p=28875#breadcrumb"},"inLanguage":"pt-BR","potentialAction":[{"@type":"ReadAction","target":["https:\/\/blogdofarnesio.com.br\/?p=28875"]}]},{"@type":"ImageObject","inLanguage":"pt-BR","@id":"https:\/\/blogdofarnesio.com.br\/?p=28875#primaryimage","url":"http:\/\/s2.glbimg.com\/kid2Zq_YyeCWN7qrJeYiVVSP7zUOurueEbm7a4jtFVlhQGFsweekMkZeZ3G5k9Wy\/s.glbimg.com\/jo\/g1\/f\/original\/2013\/02\/18\/dona_claudina.jpg","contentUrl":"http:\/\/s2.glbimg.com\/kid2Zq_YyeCWN7qrJeYiVVSP7zUOurueEbm7a4jtFVlhQGFsweekMkZeZ3G5k9Wy\/s.glbimg.com\/jo\/g1\/f\/original\/2013\/02\/18\/dona_claudina.jpg"},{"@type":"BreadcrumbList","@id":"https:\/\/blogdofarnesio.com.br\/?p=28875#breadcrumb","itemListElement":[{"@type":"ListItem","position":1,"name":"In\u00edcio","item":"https:\/\/blogdofarnesio.com.br\/"},{"@type":"ListItem","position":2,"name":"M\u00e3e de Gilberto Gil morre aos 99 anos em Salvador"}]},{"@type":"WebSite","@id":"https:\/\/blogdofarnesio.com.br\/#website","url":"https:\/\/blogdofarnesio.com.br\/","name":"Blog do Farn\u00e9sio","description":"Quer Saber Pol\u00edtica?","publisher":{"@id":"https:\/\/blogdofarnesio.com.br\/#organization"},"potentialAction":[{"@type":"SearchAction","target":{"@type":"EntryPoint","urlTemplate":"https:\/\/blogdofarnesio.com.br\/?s={search_term_string}"},"query-input":{"@type":"PropertyValueSpecification","valueRequired":true,"valueName":"search_term_string"}}],"inLanguage":"pt-BR"},{"@type":"Organization","@id":"https:\/\/blogdofarnesio.com.br\/#organization","name":"Blog do Farn\u00e9sio","url":"https:\/\/blogdofarnesio.com.br\/","logo":{"@type":"ImageObject","inLanguage":"pt-BR","@id":"https:\/\/blogdofarnesio.com.br\/#\/schema\/logo\/image\/","url":"https:\/\/blogdofarnesio.com.br\/wp-content\/uploads\/2026\/03\/cropped-logo_new-1.png","contentUrl":"https:\/\/blogdofarnesio.com.br\/wp-content\/uploads\/2026\/03\/cropped-logo_new-1.png","width":881,"height":685,"caption":"Blog do Farn\u00e9sio"},"image":{"@id":"https:\/\/blogdofarnesio.com.br\/#\/schema\/logo\/image\/"},"sameAs":["https:\/\/www.facebook.com\/BlogQuerSaberPolitica\/"]},{"@type":"Person","@id":"https:\/\/blogdofarnesio.com.br\/#\/schema\/person\/dd1bf5eba40b687199ba45ca6b97dff9","name":"teste","image":{"@type":"ImageObject","inLanguage":"pt-BR","@id":"https:\/\/secure.gravatar.com\/avatar\/2172498d4914b51e1d89a0f97957b035ac4938723a5cac208135d389b6972a6d?s=96&d=mm&r=g","url":"https:\/\/secure.gravatar.com\/avatar\/2172498d4914b51e1d89a0f97957b035ac4938723a5cac208135d389b6972a6d?s=96&d=mm&r=g","contentUrl":"https:\/\/secure.gravatar.com\/avatar\/2172498d4914b51e1d89a0f97957b035ac4938723a5cac208135d389b6972a6d?s=96&d=mm&r=g","caption":"teste"},"url":"https:\/\/blogdofarnesio.com.br\/?author=3"}]}},"_links":{"self":[{"href":"https:\/\/blogdofarnesio.com.br\/index.php?rest_route=\/wp\/v2\/posts\/28875","targetHints":{"allow":["GET"]}}],"collection":[{"href":"https:\/\/blogdofarnesio.com.br\/index.php?rest_route=\/wp\/v2\/posts"}],"about":[{"href":"https:\/\/blogdofarnesio.com.br\/index.php?rest_route=\/wp\/v2\/types\/post"}],"author":[{"embeddable":true,"href":"https:\/\/blogdofarnesio.com.br\/index.php?rest_route=\/wp\/v2\/users\/3"}],"replies":[{"embeddable":true,"href":"https:\/\/blogdofarnesio.com.br\/index.php?rest_route=%2Fwp%2Fv2%2Fcomments&post=28875"}],"version-history":[{"count":0,"href":"https:\/\/blogdofarnesio.com.br\/index.php?rest_route=\/wp\/v2\/posts\/28875\/revisions"}],"wp:attachment":[{"href":"https:\/\/blogdofarnesio.com.br\/index.php?rest_route=%2Fwp%2Fv2%2Fmedia&parent=28875"}],"wp:term":[{"taxonomy":"category","embeddable":true,"href":"https:\/\/blogdofarnesio.com.br\/index.php?rest_route=%2Fwp%2Fv2%2Fcategories&post=28875"},{"taxonomy":"post_tag","embeddable":true,"href":"https:\/\/blogdofarnesio.com.br\/index.php?rest_route=%2Fwp%2Fv2%2Ftags&post=28875"}],"curies":[{"name":"wp","href":"https:\/\/api.w.org\/{rel}","templated":true}]}}